{"id":7631,"date":"2023-09-11T12:08:27","date_gmt":"2023-09-11T12:08:27","guid":{"rendered":"https:\/\/unisale.com.br\/pastoral\/?p=7631"},"modified":"2023-09-11T12:08:27","modified_gmt":"2023-09-11T12:08:27","slug":"13-09-bem-aventurados","status":"publish","type":"post","link":"https:\/\/unisale.com.br\/pastoral\/13-09-bem-aventurados\/","title":{"rendered":"13\/09 &#8211; Bem-Aventurados&#8230;"},"content":{"rendered":"<p>Quarta-feira, 13 de Setembro de 2023.<\/p>\n<p>&nbsp;<\/p>\n<p>Evangelho (Lc 6,20-26)<\/p>\n<p>&nbsp;<\/p>\n<p><strong>\u201cBem-Aventurados&#8230;\u201d<\/strong><\/p>\n<p>&nbsp;<\/p>\n<p>Naquele tempo, <sup>20<\/sup>Jesus, levantando os olhos para os seus disc\u00edpulos, disse: \u201cBem-aventurados v\u00f3s, os pobres, porque vosso \u00e9 o Reino de Deus! <sup>21<\/sup>Bem-aventurados v\u00f3s que agora tendes fome, porque sereis saciados! Bem-aventurados v\u00f3s que agora chorais, porque havereis de rir! <sup>22<\/sup>Bem-aventurados sereis, quando os homens vos odiarem, vos expulsarem, vos insultarem e amaldi\u00e7oarem o vosso nome, por causa do Filho do Homem! <sup>23<\/sup>Alegrai-vos, nesse dia, e exultai pois ser\u00e1 grande a vossa recompensa no c\u00e9u; porque era assim que os antepassados deles tratavam os profetas. <sup>24<\/sup>Mas, ai de v\u00f3s, ricos, porque j\u00e1 tendes vossa consola\u00e7\u00e3o! <sup>25<\/sup>Ai de v\u00f3s que agora tendes fartura, porque passareis fome! Ai de v\u00f3s que agora rides, porque tereis luto e l\u00e1grimas! <sup>26<\/sup>Ai de v\u00f3s quando todos vos elogiam! Era assim que os antepassados deles tratavam os falsos profetas.<\/p>\n<p>&nbsp;<\/p>\n<p><strong>Reflex\u00e3o<\/strong><\/p>\n<p>&nbsp;<\/p>\n<p>Na vers\u00e3o de Lucas as Bem-Aventuran\u00e7as possui um detalhe extraordin\u00e1rio: <sup>20<\/sup>Jesus, levantando os olhos para os seus disc\u00edpulos, disse:\u201d \u00c9 justamente olhando os seus disc\u00edpulos que Jesus contempla os pobres, os esfomeados, os sofredores, os perseguidos. Jesus est\u00e1 nos ensinando que Ele \u00e9 aquele que v\u00ea a nossa pobreza, a minha fome, o meu sofrimento, a minha injusti\u00e7a. E justamente porque Ele v\u00ea \u00e9 que Ele pode enche-la de significado e transforma-la numa \u201cBem-Aventuran\u00e7a\u201d. De fato, podemos ser bem-aventurados aos olhos de Deus n\u00e3o porque somos sortudos, mas porque algo nos foi dado para viver, existe Algu\u00e9m que olha a nossa vida e a ama assim como \u00e9. Fora deste olhar n\u00f3s corremos o risco de entrarmos no mal engano que nos quer convencer de que n\u00e3o precisamos de ningu\u00e9m para sermos felizes. Bastar a si mesmo \u00e9 o grande lema do inferno, porque quem se basta a si mesmo est\u00e1 sempre sozinho, e quem \u00e9 sozinho est\u00e1 no inferno mesmo se ainda n\u00e3o o sabe. Eis porque \u00e0 compaix\u00e3o, Jesus une o seu discurso de reprova\u00e7\u00e3o: <sup>\u201c<\/sup>Mas, ai de v\u00f3s&#8230;\u201d Cada um de n\u00f3s enquanto disc\u00edpulo carregamos a possibilidade de um destino de bem-aventuran\u00e7a ou de perdi\u00e7\u00e3o. Devemos escolher como queremos viver a nossa vida: se como pessoas amadas, ou autossuficientes. O amor implica a aceita\u00e7\u00e3o de uma necessidade que temos dentro de n\u00f3s e que diz respeito a todos, ricos e pobres: \u00e9 a necessidade de sermos amados. Sem a aceita\u00e7\u00e3o desta necessidade que nos torna todos humildes e com as m\u00e3os abertas, poderemos viver uma vida sufocando esta necessidade, e buscando preenche-la com o que n\u00e3o \u00e9 realmente amor. Quem vive assim \u00e9 um desastre.<\/p>\n<p><strong>Pe. Paulo Eduardo J\u00e1como, sdb.<\/strong><\/p>\n","protected":false},"excerpt":{"rendered":"<p>Quarta-feira, 13 de Setembro de 2023. &nbsp; Evangelho (Lc 6,20-26) &nbsp; \u201cBem-Aventurados&#8230;\u201d &nbsp; Naquele tempo, 20Jesus, levantando os olhos para os seus disc\u00edpulos, disse: \u201cBem-aventurados&#8230;<\/p>\n","protected":false},"author":1,"featured_media":7632,"comment_status":"closed","ping_status":"closed","sticky":false,"template":"","format":"standard","meta":{"_acf_changed":false,"footnotes":""},"categories":[13],"tags":[],"class_list":["post-7631","post","type-post","status-publish","format-standard","has-post-thumbnail","hentry","category-reflexaodoevagelho"],"acf":[],"yoast_head":"<!-- This site is optimized with the Yoast SEO plugin v27.3 - https:\/\/yoast.com\/product\/yoast-seo-wordpress\/ -->\n<title>13\/09 - Bem-Aventurados... - Pastoral Universit\u00e1ria UniSALESIANO<\/title>\n<meta name=\"robots\" content=\"index, follow, max-snippet:-1, max-image-preview:large, max-video-preview:-1\" \/>\n<link rel=\"canonical\" href=\"https:\/\/unisale.com.br\/novo\/13-09-bem-aventurados\/\" \/>\n<meta property=\"og:locale\" content=\"pt_BR\" \/>\n<meta property=\"og:type\" content=\"article\" \/>\n<meta property=\"og:title\" content=\"13\/09 - Bem-Aventurados... - Pastoral Universit\u00e1ria UniSALESIANO\" \/>\n<meta property=\"og:description\" content=\"Quarta-feira, 13 de Setembro de 2023. &nbsp; Evangelho (Lc 6,20-26) &nbsp; \u201cBem-Aventurados&#8230;\u201d &nbsp; Naquele tempo, 20Jesus, levantando os olhos para os seus disc\u00edpulos, disse: \u201cBem-aventurados...\" \/>\n<meta property=\"og:url\" content=\"https:\/\/unisale.com.br\/novo\/13-09-bem-aventurados\/\" \/>\n<meta property=\"og:site_name\" content=\"Pastoral Universit\u00e1ria UniSALESIANO\" \/>\n<meta property=\"article:published_time\" content=\"2023-09-11T12:08:27+00:00\" \/>\n<meta name=\"author\" content=\"pastoral\" \/>\n<meta name=\"twitter:card\" content=\"summary_large_image\" \/>\n<meta name=\"twitter:label1\" content=\"Escrito por\" \/>\n\t<meta name=\"twitter:data1\" content=\"pastoral\" \/>\n\t<meta name=\"twitter:label2\" content=\"Est. tempo de leitura\" \/>\n\t<meta name=\"twitter:data2\" content=\"2 minutos\" \/>\n<script type=\"application\/ld+json\" class=\"yoast-schema-graph\">{\"@context\":\"https:\\\/\\\/schema.org\",\"@graph\":[{\"@type\":\"Article\",\"@id\":\"https:\\\/\\\/unisale.com.br\\\/novo\\\/13-09-bem-aventurados\\\/#article\",\"isPartOf\":{\"@id\":\"https:\\\/\\\/unisale.com.br\\\/novo\\\/13-09-bem-aventurados\\\/\"},\"author\":{\"name\":\"pastoral\",\"@id\":\"https:\\\/\\\/unisale.com.br\\\/pastoral\\\/#\\\/schema\\\/person\\\/a16ba711a0f7dec9cb6b44563144d5a3\"},\"headline\":\"13\\\/09 &#8211; Bem-Aventurados&#8230;\",\"datePublished\":\"2023-09-11T12:08:27+00:00\",\"mainEntityOfPage\":{\"@id\":\"https:\\\/\\\/unisale.com.br\\\/novo\\\/13-09-bem-aventurados\\\/\"},\"wordCount\":460,\"image\":{\"@id\":\"https:\\\/\\\/unisale.com.br\\\/novo\\\/13-09-bem-aventurados\\\/#primaryimage\"},\"thumbnailUrl\":\"https:\\\/\\\/unisale.com.br\\\/pastoral\\\/wp-content\\\/uploads\\\/2023\\\/09\\\/A.jpg\",\"articleSection\":[\"Reflex\u00e3o do Evangelho\"],\"inLanguage\":\"pt-BR\"},{\"@type\":\"WebPage\",\"@id\":\"https:\\\/\\\/unisale.com.br\\\/novo\\\/13-09-bem-aventurados\\\/\",\"url\":\"https:\\\/\\\/unisale.com.br\\\/novo\\\/13-09-bem-aventurados\\\/\",\"name\":\"13\\\/09 - Bem-Aventurados... - Pastoral Universit\u00e1ria UniSALESIANO\",\"isPartOf\":{\"@id\":\"https:\\\/\\\/unisale.com.br\\\/pastoral\\\/#website\"},\"primaryImageOfPage\":{\"@id\":\"https:\\\/\\\/unisale.com.br\\\/novo\\\/13-09-bem-aventurados\\\/#primaryimage\"},\"image\":{\"@id\":\"https:\\\/\\\/unisale.com.br\\\/novo\\\/13-09-bem-aventurados\\\/#primaryimage\"},\"thumbnailUrl\":\"https:\\\/\\\/unisale.com.br\\\/pastoral\\\/wp-content\\\/uploads\\\/2023\\\/09\\\/A.jpg\",\"datePublished\":\"2023-09-11T12:08:27+00:00\",\"author\":{\"@id\":\"https:\\\/\\\/unisale.com.br\\\/pastoral\\\/#\\\/schema\\\/person\\\/a16ba711a0f7dec9cb6b44563144d5a3\"},\"inLanguage\":\"pt-BR\",\"potentialAction\":[{\"@type\":\"ReadAction\",\"target\":[\"https:\\\/\\\/unisale.com.br\\\/novo\\\/13-09-bem-aventurados\\\/\"]}]},{\"@type\":\"ImageObject\",\"inLanguage\":\"pt-BR\",\"@id\":\"https:\\\/\\\/unisale.com.br\\\/novo\\\/13-09-bem-aventurados\\\/#primaryimage\",\"url\":\"https:\\\/\\\/unisale.com.br\\\/pastoral\\\/wp-content\\\/uploads\\\/2023\\\/09\\\/A.jpg\",\"contentUrl\":\"https:\\\/\\\/unisale.com.br\\\/pastoral\\\/wp-content\\\/uploads\\\/2023\\\/09\\\/A.jpg\",\"width\":350,\"height\":258},{\"@type\":\"WebSite\",\"@id\":\"https:\\\/\\\/unisale.com.br\\\/pastoral\\\/#website\",\"url\":\"https:\\\/\\\/unisale.com.br\\\/pastoral\\\/\",\"name\":\"Pastoral Universit\u00e1ria UniSALESIANO\",\"description\":\"Site da Pastoral Universit\u00e1ria do UniSALESIANO\",\"potentialAction\":[{\"@type\":\"SearchAction\",\"target\":{\"@type\":\"EntryPoint\",\"urlTemplate\":\"https:\\\/\\\/unisale.com.br\\\/pastoral\\\/?s={search_term_string}\"},\"query-input\":{\"@type\":\"PropertyValueSpecification\",\"valueRequired\":true,\"valueName\":\"search_term_string\"}}],\"inLanguage\":\"pt-BR\"},{\"@type\":\"Person\",\"@id\":\"https:\\\/\\\/unisale.com.br\\\/pastoral\\\/#\\\/schema\\\/person\\\/a16ba711a0f7dec9cb6b44563144d5a3\",\"name\":\"pastoral\",\"url\":\"https:\\\/\\\/unisale.com.br\\\/pastoral\\\/author\\\/pastoral\\\/\"}]}<\/script>\n<!-- \/ Yoast SEO plugin. -->","yoast_head_json":{"title":"13\/09 - Bem-Aventurados... - Pastoral Universit\u00e1ria UniSALESIANO","robots":{"index":"index","follow":"follow","max-snippet":"max-snippet:-1","max-image-preview":"max-image-preview:large","max-video-preview":"max-video-preview:-1"},"canonical":"https:\/\/unisale.com.br\/novo\/13-09-bem-aventurados\/","og_locale":"pt_BR","og_type":"article","og_title":"13\/09 - Bem-Aventurados... - Pastoral Universit\u00e1ria UniSALESIANO","og_description":"Quarta-feira, 13 de Setembro de 2023. &nbsp; Evangelho (Lc 6,20-26) &nbsp; \u201cBem-Aventurados&#8230;\u201d &nbsp; Naquele tempo, 20Jesus, levantando os olhos para os seus disc\u00edpulos, disse: \u201cBem-aventurados...","og_url":"https:\/\/unisale.com.br\/novo\/13-09-bem-aventurados\/","og_site_name":"Pastoral Universit\u00e1ria UniSALESIANO","article_published_time":"2023-09-11T12:08:27+00:00","author":"pastoral","twitter_card":"summary_large_image","twitter_misc":{"Escrito por":"pastoral","Est. tempo de leitura":"2 minutos"},"schema":{"@context":"https:\/\/schema.org","@graph":[{"@type":"Article","@id":"https:\/\/unisale.com.br\/novo\/13-09-bem-aventurados\/#article","isPartOf":{"@id":"https:\/\/unisale.com.br\/novo\/13-09-bem-aventurados\/"},"author":{"name":"pastoral","@id":"https:\/\/unisale.com.br\/pastoral\/#\/schema\/person\/a16ba711a0f7dec9cb6b44563144d5a3"},"headline":"13\/09 &#8211; Bem-Aventurados&#8230;","datePublished":"2023-09-11T12:08:27+00:00","mainEntityOfPage":{"@id":"https:\/\/unisale.com.br\/novo\/13-09-bem-aventurados\/"},"wordCount":460,"image":{"@id":"https:\/\/unisale.com.br\/novo\/13-09-bem-aventurados\/#primaryimage"},"thumbnailUrl":"https:\/\/unisale.com.br\/pastoral\/wp-content\/uploads\/2023\/09\/A.jpg","articleSection":["Reflex\u00e3o do Evangelho"],"inLanguage":"pt-BR"},{"@type":"WebPage","@id":"https:\/\/unisale.com.br\/novo\/13-09-bem-aventurados\/","url":"https:\/\/unisale.com.br\/novo\/13-09-bem-aventurados\/","name":"13\/09 - Bem-Aventurados... - Pastoral Universit\u00e1ria UniSALESIANO","isPartOf":{"@id":"https:\/\/unisale.com.br\/pastoral\/#website"},"primaryImageOfPage":{"@id":"https:\/\/unisale.com.br\/novo\/13-09-bem-aventurados\/#primaryimage"},"image":{"@id":"https:\/\/unisale.com.br\/novo\/13-09-bem-aventurados\/#primaryimage"},"thumbnailUrl":"https:\/\/unisale.com.br\/pastoral\/wp-content\/uploads\/2023\/09\/A.jpg","datePublished":"2023-09-11T12:08:27+00:00","author":{"@id":"https:\/\/unisale.com.br\/pastoral\/#\/schema\/person\/a16ba711a0f7dec9cb6b44563144d5a3"},"inLanguage":"pt-BR","potentialAction":[{"@type":"ReadAction","target":["https:\/\/unisale.com.br\/novo\/13-09-bem-aventurados\/"]}]},{"@type":"ImageObject","inLanguage":"pt-BR","@id":"https:\/\/unisale.com.br\/novo\/13-09-bem-aventurados\/#primaryimage","url":"https:\/\/unisale.com.br\/pastoral\/wp-content\/uploads\/2023\/09\/A.jpg","contentUrl":"https:\/\/unisale.com.br\/pastoral\/wp-content\/uploads\/2023\/09\/A.jpg","width":350,"height":258},{"@type":"WebSite","@id":"https:\/\/unisale.com.br\/pastoral\/#website","url":"https:\/\/unisale.com.br\/pastoral\/","name":"Pastoral Universit\u00e1ria UniSALESIANO","description":"Site da Pastoral Universit\u00e1ria do UniSALESIANO","potentialAction":[{"@type":"SearchAction","target":{"@type":"EntryPoint","urlTemplate":"https:\/\/unisale.com.br\/pastoral\/?s={search_term_string}"},"query-input":{"@type":"PropertyValueSpecification","valueRequired":true,"valueName":"search_term_string"}}],"inLanguage":"pt-BR"},{"@type":"Person","@id":"https:\/\/unisale.com.br\/pastoral\/#\/schema\/person\/a16ba711a0f7dec9cb6b44563144d5a3","name":"pastoral","url":"https:\/\/unisale.com.br\/pastoral\/author\/pastoral\/"}]}},"_links":{"self":[{"href":"https:\/\/unisale.com.br\/pastoral\/wp-json\/wp\/v2\/posts\/7631","targetHints":{"allow":["GET"]}}],"collection":[{"href":"https:\/\/unisale.com.br\/pastoral\/wp-json\/wp\/v2\/posts"}],"about":[{"href":"https:\/\/unisale.com.br\/pastoral\/wp-json\/wp\/v2\/types\/post"}],"author":[{"embeddable":true,"href":"https:\/\/unisale.com.br\/pastoral\/wp-json\/wp\/v2\/users\/1"}],"replies":[{"embeddable":true,"href":"https:\/\/unisale.com.br\/pastoral\/wp-json\/wp\/v2\/comments?post=7631"}],"version-history":[{"count":0,"href":"https:\/\/unisale.com.br\/pastoral\/wp-json\/wp\/v2\/posts\/7631\/revisions"}],"wp:featuredmedia":[{"embeddable":true,"href":"https:\/\/unisale.com.br\/pastoral\/wp-json\/wp\/v2\/media\/7632"}],"wp:attachment":[{"href":"https:\/\/unisale.com.br\/pastoral\/wp-json\/wp\/v2\/media?parent=7631"}],"wp:term":[{"taxonomy":"category","embeddable":true,"href":"https:\/\/unisale.com.br\/pastoral\/wp-json\/wp\/v2\/categories?post=7631"},{"taxonomy":"post_tag","embeddable":true,"href":"https:\/\/unisale.com.br\/pastoral\/wp-json\/wp\/v2\/tags?post=7631"}],"curies":[{"name":"wp","href":"https:\/\/api.w.org\/{rel}","templated":true}]}}