{"id":7634,"date":"2023-09-11T12:11:21","date_gmt":"2023-09-11T12:11:21","guid":{"rendered":"https:\/\/unisale.com.br\/pastoral\/?p=7634"},"modified":"2023-09-11T12:11:21","modified_gmt":"2023-09-11T12:11:21","slug":"14-09-deus-nao-enviou-seu-filho-ao-mundo-para-condenar-o-mundo-mas-para-que-o-mundo-seja-salvo-por-ele-2","status":"publish","type":"post","link":"https:\/\/unisale.com.br\/pastoral\/14-09-deus-nao-enviou-seu-filho-ao-mundo-para-condenar-o-mundo-mas-para-que-o-mundo-seja-salvo-por-ele-2\/","title":{"rendered":"14\/09 &#8211; Deus n\u00e3o enviou seu Filho ao mundo para condenar o mundo, mas para que o mundo seja salvo por ele."},"content":{"rendered":"<p>Quinta-feira, 14 de Setembro de 2023.<\/p>\n<p>&nbsp;<\/p>\n<p>Evangelho (Jo 3,13-17)<\/p>\n<p>&nbsp;<\/p>\n<p><strong>\u201cDeus n\u00e3o enviou seu Filho ao mundo para condenar o mundo, mas para que o mundo seja salvo por ele\u201d<\/strong><\/p>\n<p>&nbsp;<\/p>\n<p>Naquele tempo, disse Jesus a Nicodemos: <sup>13<\/sup>\u201cNingu\u00e9m subiu ao c\u00e9u, a n\u00e3o ser aquele que desceu do c\u00e9u, o Filho do Homem. <sup>14<\/sup>Do mesmo modo como Mois\u00e9s levantou a serpente no deserto, assim \u00e9 necess\u00e1rio que o Filho do Homem seja levantado, <sup>15<\/sup>para que todos os que nele crerem tenham a vida eterna. <sup>16<\/sup>Pois Deus amou tanto o mundo, que deu o seu Filho unig\u00eanito, para que n\u00e3o morra todo o que nele crer, mas tenha a vida eterna. <sup>17<\/sup>De fato, Deus n\u00e3o enviou o seu Filho ao mundo para condenar o mundo, mas para que o mundo seja salvo por ele\u201d.<\/p>\n<p>&nbsp;<\/p>\n<p><strong>Reflex\u00e3o<\/strong><\/p>\n<p>&nbsp;<\/p>\n<p>Hoje celebramos a Festa da Exalta\u00e7\u00e3o da Santa Cruz. Parece uma contradi\u00e7\u00e3o celebrar a Cruz, mas o mist\u00e9rio da cruz \u00e9 um mist\u00e9rio de Amor, um Amor que deu a vida por cada um de n\u00f3s. At\u00e9 que n\u00e3o sejamos contaminados pelo amor do Crucificado, a nossa vida n\u00e3o ser verdadeiramente salva. S\u00f3 se sentindo amado por um amor total, gratuito e que se doa totalmente por inteiro, \u00e9 que poderemos dizer que fomos salvos. A cruz n\u00e3o \u00e9 a pris\u00e3o de Cristo, n\u00e3o pode ser t\u00e3o pouco um sentimento de culpa. Deus nos ama sem pedir nada em troca. Ele ama e basta. Viver a vida transformada que \u00e9 fruto deste amor que se doa, s\u00f3 pode acontecer por nossa livre decis\u00e3o. Porque a Cruz \u00e9 Amor e s\u00f3 o amor nos torna pessoas livres. Por isso Deus nos amou por primeiro e nos chamou para sermos livres. Fazer acontecer o Amor de Cristo Crucificado em nossa vida significa experimentar que para al\u00e9m do que j\u00e1 vivemos e do vamos viver, n\u00f3s permanecemos livres. \u00c9 na Cruz que Jesus cumpre a obra de salva\u00e7\u00e3o, d\u00e1 aos homens a vida eterna. Portanto, a Cruz de Cristo n\u00e3o foi sua pris\u00e3o, como j\u00e1 afirmado anteriormente, mas \u00e9 s\u00edmbolo de vit\u00f3ria e de triunfo. N\u00e3o podemos esquecer que Cristo crucificado entra no mais profundo da nossa vida mediante os sacramentos, principalmente nos Sacramentos do Batismo e da Eucaristia. S\u00e3o Paulo testemunha sua experi\u00eancia pessoal em termos profundos e tocantes com o Crucificado: \u201cFui morto na cruz com Cristo. Eu vivo, mas j\u00e1 n\u00e3o sou eu que vivo, pois \u00e9 Cristo que vive em mim (Gl 2,19-20).<\/p>\n<p><strong>Pe. Paulo Eduardo J\u00e1como, sdb.<\/strong><\/p>\n","protected":false},"excerpt":{"rendered":"<p>Quinta-feira, 14 de Setembro de 2023. &nbsp; Evangelho (Jo 3,13-17) &nbsp; \u201cDeus n\u00e3o enviou seu Filho ao mundo para condenar o mundo, mas para que&#8230;<\/p>\n","protected":false},"author":1,"featured_media":7635,"comment_status":"closed","ping_status":"closed","sticky":false,"template":"","format":"standard","meta":{"_acf_changed":false,"footnotes":""},"categories":[13],"tags":[],"class_list":["post-7634","post","type-post","status-publish","format-standard","has-post-thumbnail","hentry","category-reflexaodoevagelho"],"acf":[],"yoast_head":"<!-- This site is optimized with the Yoast SEO plugin v27.3 - https:\/\/yoast.com\/product\/yoast-seo-wordpress\/ -->\n<title>14\/09 - Deus n\u00e3o enviou seu Filho ao mundo para condenar o mundo, mas para que o mundo seja salvo por ele. - Pastoral Universit\u00e1ria UniSALESIANO<\/title>\n<meta name=\"robots\" content=\"index, follow, max-snippet:-1, max-image-preview:large, max-video-preview:-1\" \/>\n<link rel=\"canonical\" href=\"https:\/\/unisale.com.br\/novo\/14-09-deus-nao-enviou-seu-filho-ao-mundo-para-condenar-o-mundo-mas-para-que-o-mundo-seja-salvo-por-ele-2\/\" \/>\n<meta property=\"og:locale\" content=\"pt_BR\" \/>\n<meta property=\"og:type\" content=\"article\" \/>\n<meta property=\"og:title\" content=\"14\/09 - Deus n\u00e3o enviou seu Filho ao mundo para condenar o mundo, mas para que o mundo seja salvo por ele. - Pastoral Universit\u00e1ria UniSALESIANO\" \/>\n<meta property=\"og:description\" content=\"Quinta-feira, 14 de Setembro de 2023. &nbsp; Evangelho (Jo 3,13-17) &nbsp; \u201cDeus n\u00e3o enviou seu Filho ao mundo para condenar o mundo, mas para que...\" \/>\n<meta property=\"og:url\" content=\"https:\/\/unisale.com.br\/novo\/14-09-deus-nao-enviou-seu-filho-ao-mundo-para-condenar-o-mundo-mas-para-que-o-mundo-seja-salvo-por-ele-2\/\" \/>\n<meta property=\"og:site_name\" content=\"Pastoral Universit\u00e1ria UniSALESIANO\" \/>\n<meta property=\"article:published_time\" content=\"2023-09-11T12:11:21+00:00\" \/>\n<meta name=\"author\" content=\"pastoral\" \/>\n<meta name=\"twitter:card\" content=\"summary_large_image\" \/>\n<meta name=\"twitter:label1\" content=\"Escrito por\" \/>\n\t<meta name=\"twitter:data1\" content=\"pastoral\" \/>\n\t<meta name=\"twitter:label2\" content=\"Est. tempo de leitura\" \/>\n\t<meta name=\"twitter:data2\" content=\"2 minutos\" \/>\n<script type=\"application\/ld+json\" class=\"yoast-schema-graph\">{\"@context\":\"https:\\\/\\\/schema.org\",\"@graph\":[{\"@type\":\"Article\",\"@id\":\"https:\\\/\\\/unisale.com.br\\\/novo\\\/14-09-deus-nao-enviou-seu-filho-ao-mundo-para-condenar-o-mundo-mas-para-que-o-mundo-seja-salvo-por-ele-2\\\/#article\",\"isPartOf\":{\"@id\":\"https:\\\/\\\/unisale.com.br\\\/novo\\\/14-09-deus-nao-enviou-seu-filho-ao-mundo-para-condenar-o-mundo-mas-para-que-o-mundo-seja-salvo-por-ele-2\\\/\"},\"author\":{\"name\":\"pastoral\",\"@id\":\"https:\\\/\\\/unisale.com.br\\\/pastoral\\\/#\\\/schema\\\/person\\\/a16ba711a0f7dec9cb6b44563144d5a3\"},\"headline\":\"14\\\/09 &#8211; Deus n\u00e3o enviou seu Filho ao mundo para condenar o mundo, mas para que o mundo seja salvo por ele.\",\"datePublished\":\"2023-09-11T12:11:21+00:00\",\"mainEntityOfPage\":{\"@id\":\"https:\\\/\\\/unisale.com.br\\\/novo\\\/14-09-deus-nao-enviou-seu-filho-ao-mundo-para-condenar-o-mundo-mas-para-que-o-mundo-seja-salvo-por-ele-2\\\/\"},\"wordCount\":462,\"image\":{\"@id\":\"https:\\\/\\\/unisale.com.br\\\/novo\\\/14-09-deus-nao-enviou-seu-filho-ao-mundo-para-condenar-o-mundo-mas-para-que-o-mundo-seja-salvo-por-ele-2\\\/#primaryimage\"},\"thumbnailUrl\":\"https:\\\/\\\/unisale.com.br\\\/pastoral\\\/wp-content\\\/uploads\\\/2023\\\/09\\\/E4uhpYWXwAEp-9K.jpg\",\"articleSection\":[\"Reflex\u00e3o do Evangelho\"],\"inLanguage\":\"pt-BR\"},{\"@type\":\"WebPage\",\"@id\":\"https:\\\/\\\/unisale.com.br\\\/novo\\\/14-09-deus-nao-enviou-seu-filho-ao-mundo-para-condenar-o-mundo-mas-para-que-o-mundo-seja-salvo-por-ele-2\\\/\",\"url\":\"https:\\\/\\\/unisale.com.br\\\/novo\\\/14-09-deus-nao-enviou-seu-filho-ao-mundo-para-condenar-o-mundo-mas-para-que-o-mundo-seja-salvo-por-ele-2\\\/\",\"name\":\"14\\\/09 - Deus n\u00e3o enviou seu Filho ao mundo para condenar o mundo, mas para que o mundo seja salvo por ele. - Pastoral Universit\u00e1ria UniSALESIANO\",\"isPartOf\":{\"@id\":\"https:\\\/\\\/unisale.com.br\\\/pastoral\\\/#website\"},\"primaryImageOfPage\":{\"@id\":\"https:\\\/\\\/unisale.com.br\\\/novo\\\/14-09-deus-nao-enviou-seu-filho-ao-mundo-para-condenar-o-mundo-mas-para-que-o-mundo-seja-salvo-por-ele-2\\\/#primaryimage\"},\"image\":{\"@id\":\"https:\\\/\\\/unisale.com.br\\\/novo\\\/14-09-deus-nao-enviou-seu-filho-ao-mundo-para-condenar-o-mundo-mas-para-que-o-mundo-seja-salvo-por-ele-2\\\/#primaryimage\"},\"thumbnailUrl\":\"https:\\\/\\\/unisale.com.br\\\/pastoral\\\/wp-content\\\/uploads\\\/2023\\\/09\\\/E4uhpYWXwAEp-9K.jpg\",\"datePublished\":\"2023-09-11T12:11:21+00:00\",\"author\":{\"@id\":\"https:\\\/\\\/unisale.com.br\\\/pastoral\\\/#\\\/schema\\\/person\\\/a16ba711a0f7dec9cb6b44563144d5a3\"},\"inLanguage\":\"pt-BR\",\"potentialAction\":[{\"@type\":\"ReadAction\",\"target\":[\"https:\\\/\\\/unisale.com.br\\\/novo\\\/14-09-deus-nao-enviou-seu-filho-ao-mundo-para-condenar-o-mundo-mas-para-que-o-mundo-seja-salvo-por-ele-2\\\/\"]}]},{\"@type\":\"ImageObject\",\"inLanguage\":\"pt-BR\",\"@id\":\"https:\\\/\\\/unisale.com.br\\\/novo\\\/14-09-deus-nao-enviou-seu-filho-ao-mundo-para-condenar-o-mundo-mas-para-que-o-mundo-seja-salvo-por-ele-2\\\/#primaryimage\",\"url\":\"https:\\\/\\\/unisale.com.br\\\/pastoral\\\/wp-content\\\/uploads\\\/2023\\\/09\\\/E4uhpYWXwAEp-9K.jpg\",\"contentUrl\":\"https:\\\/\\\/unisale.com.br\\\/pastoral\\\/wp-content\\\/uploads\\\/2023\\\/09\\\/E4uhpYWXwAEp-9K.jpg\",\"width\":564,\"height\":317},{\"@type\":\"WebSite\",\"@id\":\"https:\\\/\\\/unisale.com.br\\\/pastoral\\\/#website\",\"url\":\"https:\\\/\\\/unisale.com.br\\\/pastoral\\\/\",\"name\":\"Pastoral Universit\u00e1ria UniSALESIANO\",\"description\":\"Site da Pastoral Universit\u00e1ria do UniSALESIANO\",\"potentialAction\":[{\"@type\":\"SearchAction\",\"target\":{\"@type\":\"EntryPoint\",\"urlTemplate\":\"https:\\\/\\\/unisale.com.br\\\/pastoral\\\/?s={search_term_string}\"},\"query-input\":{\"@type\":\"PropertyValueSpecification\",\"valueRequired\":true,\"valueName\":\"search_term_string\"}}],\"inLanguage\":\"pt-BR\"},{\"@type\":\"Person\",\"@id\":\"https:\\\/\\\/unisale.com.br\\\/pastoral\\\/#\\\/schema\\\/person\\\/a16ba711a0f7dec9cb6b44563144d5a3\",\"name\":\"pastoral\",\"url\":\"https:\\\/\\\/unisale.com.br\\\/pastoral\\\/author\\\/pastoral\\\/\"}]}<\/script>\n<!-- \/ Yoast SEO plugin. -->","yoast_head_json":{"title":"14\/09 - Deus n\u00e3o enviou seu Filho ao mundo para condenar o mundo, mas para que o mundo seja salvo por ele. - Pastoral Universit\u00e1ria UniSALESIANO","robots":{"index":"index","follow":"follow","max-snippet":"max-snippet:-1","max-image-preview":"max-image-preview:large","max-video-preview":"max-video-preview:-1"},"canonical":"https:\/\/unisale.com.br\/novo\/14-09-deus-nao-enviou-seu-filho-ao-mundo-para-condenar-o-mundo-mas-para-que-o-mundo-seja-salvo-por-ele-2\/","og_locale":"pt_BR","og_type":"article","og_title":"14\/09 - Deus n\u00e3o enviou seu Filho ao mundo para condenar o mundo, mas para que o mundo seja salvo por ele. - Pastoral Universit\u00e1ria UniSALESIANO","og_description":"Quinta-feira, 14 de Setembro de 2023. &nbsp; Evangelho (Jo 3,13-17) &nbsp; \u201cDeus n\u00e3o enviou seu Filho ao mundo para condenar o mundo, mas para que...","og_url":"https:\/\/unisale.com.br\/novo\/14-09-deus-nao-enviou-seu-filho-ao-mundo-para-condenar-o-mundo-mas-para-que-o-mundo-seja-salvo-por-ele-2\/","og_site_name":"Pastoral Universit\u00e1ria UniSALESIANO","article_published_time":"2023-09-11T12:11:21+00:00","author":"pastoral","twitter_card":"summary_large_image","twitter_misc":{"Escrito por":"pastoral","Est. tempo de leitura":"2 minutos"},"schema":{"@context":"https:\/\/schema.org","@graph":[{"@type":"Article","@id":"https:\/\/unisale.com.br\/novo\/14-09-deus-nao-enviou-seu-filho-ao-mundo-para-condenar-o-mundo-mas-para-que-o-mundo-seja-salvo-por-ele-2\/#article","isPartOf":{"@id":"https:\/\/unisale.com.br\/novo\/14-09-deus-nao-enviou-seu-filho-ao-mundo-para-condenar-o-mundo-mas-para-que-o-mundo-seja-salvo-por-ele-2\/"},"author":{"name":"pastoral","@id":"https:\/\/unisale.com.br\/pastoral\/#\/schema\/person\/a16ba711a0f7dec9cb6b44563144d5a3"},"headline":"14\/09 &#8211; Deus n\u00e3o enviou seu Filho ao mundo para condenar o mundo, mas para que o mundo seja salvo por ele.","datePublished":"2023-09-11T12:11:21+00:00","mainEntityOfPage":{"@id":"https:\/\/unisale.com.br\/novo\/14-09-deus-nao-enviou-seu-filho-ao-mundo-para-condenar-o-mundo-mas-para-que-o-mundo-seja-salvo-por-ele-2\/"},"wordCount":462,"image":{"@id":"https:\/\/unisale.com.br\/novo\/14-09-deus-nao-enviou-seu-filho-ao-mundo-para-condenar-o-mundo-mas-para-que-o-mundo-seja-salvo-por-ele-2\/#primaryimage"},"thumbnailUrl":"https:\/\/unisale.com.br\/pastoral\/wp-content\/uploads\/2023\/09\/E4uhpYWXwAEp-9K.jpg","articleSection":["Reflex\u00e3o do Evangelho"],"inLanguage":"pt-BR"},{"@type":"WebPage","@id":"https:\/\/unisale.com.br\/novo\/14-09-deus-nao-enviou-seu-filho-ao-mundo-para-condenar-o-mundo-mas-para-que-o-mundo-seja-salvo-por-ele-2\/","url":"https:\/\/unisale.com.br\/novo\/14-09-deus-nao-enviou-seu-filho-ao-mundo-para-condenar-o-mundo-mas-para-que-o-mundo-seja-salvo-por-ele-2\/","name":"14\/09 - Deus n\u00e3o enviou seu Filho ao mundo para condenar o mundo, mas para que o mundo seja salvo por ele. - Pastoral Universit\u00e1ria UniSALESIANO","isPartOf":{"@id":"https:\/\/unisale.com.br\/pastoral\/#website"},"primaryImageOfPage":{"@id":"https:\/\/unisale.com.br\/novo\/14-09-deus-nao-enviou-seu-filho-ao-mundo-para-condenar-o-mundo-mas-para-que-o-mundo-seja-salvo-por-ele-2\/#primaryimage"},"image":{"@id":"https:\/\/unisale.com.br\/novo\/14-09-deus-nao-enviou-seu-filho-ao-mundo-para-condenar-o-mundo-mas-para-que-o-mundo-seja-salvo-por-ele-2\/#primaryimage"},"thumbnailUrl":"https:\/\/unisale.com.br\/pastoral\/wp-content\/uploads\/2023\/09\/E4uhpYWXwAEp-9K.jpg","datePublished":"2023-09-11T12:11:21+00:00","author":{"@id":"https:\/\/unisale.com.br\/pastoral\/#\/schema\/person\/a16ba711a0f7dec9cb6b44563144d5a3"},"inLanguage":"pt-BR","potentialAction":[{"@type":"ReadAction","target":["https:\/\/unisale.com.br\/novo\/14-09-deus-nao-enviou-seu-filho-ao-mundo-para-condenar-o-mundo-mas-para-que-o-mundo-seja-salvo-por-ele-2\/"]}]},{"@type":"ImageObject","inLanguage":"pt-BR","@id":"https:\/\/unisale.com.br\/novo\/14-09-deus-nao-enviou-seu-filho-ao-mundo-para-condenar-o-mundo-mas-para-que-o-mundo-seja-salvo-por-ele-2\/#primaryimage","url":"https:\/\/unisale.com.br\/pastoral\/wp-content\/uploads\/2023\/09\/E4uhpYWXwAEp-9K.jpg","contentUrl":"https:\/\/unisale.com.br\/pastoral\/wp-content\/uploads\/2023\/09\/E4uhpYWXwAEp-9K.jpg","width":564,"height":317},{"@type":"WebSite","@id":"https:\/\/unisale.com.br\/pastoral\/#website","url":"https:\/\/unisale.com.br\/pastoral\/","name":"Pastoral Universit\u00e1ria UniSALESIANO","description":"Site da Pastoral Universit\u00e1ria do UniSALESIANO","potentialAction":[{"@type":"SearchAction","target":{"@type":"EntryPoint","urlTemplate":"https:\/\/unisale.com.br\/pastoral\/?s={search_term_string}"},"query-input":{"@type":"PropertyValueSpecification","valueRequired":true,"valueName":"search_term_string"}}],"inLanguage":"pt-BR"},{"@type":"Person","@id":"https:\/\/unisale.com.br\/pastoral\/#\/schema\/person\/a16ba711a0f7dec9cb6b44563144d5a3","name":"pastoral","url":"https:\/\/unisale.com.br\/pastoral\/author\/pastoral\/"}]}},"_links":{"self":[{"href":"https:\/\/unisale.com.br\/pastoral\/wp-json\/wp\/v2\/posts\/7634","targetHints":{"allow":["GET"]}}],"collection":[{"href":"https:\/\/unisale.com.br\/pastoral\/wp-json\/wp\/v2\/posts"}],"about":[{"href":"https:\/\/unisale.com.br\/pastoral\/wp-json\/wp\/v2\/types\/post"}],"author":[{"embeddable":true,"href":"https:\/\/unisale.com.br\/pastoral\/wp-json\/wp\/v2\/users\/1"}],"replies":[{"embeddable":true,"href":"https:\/\/unisale.com.br\/pastoral\/wp-json\/wp\/v2\/comments?post=7634"}],"version-history":[{"count":0,"href":"https:\/\/unisale.com.br\/pastoral\/wp-json\/wp\/v2\/posts\/7634\/revisions"}],"wp:featuredmedia":[{"embeddable":true,"href":"https:\/\/unisale.com.br\/pastoral\/wp-json\/wp\/v2\/media\/7635"}],"wp:attachment":[{"href":"https:\/\/unisale.com.br\/pastoral\/wp-json\/wp\/v2\/media?parent=7634"}],"wp:term":[{"taxonomy":"category","embeddable":true,"href":"https:\/\/unisale.com.br\/pastoral\/wp-json\/wp\/v2\/categories?post=7634"},{"taxonomy":"post_tag","embeddable":true,"href":"https:\/\/unisale.com.br\/pastoral\/wp-json\/wp\/v2\/tags?post=7634"}],"curies":[{"name":"wp","href":"https:\/\/api.w.org\/{rel}","templated":true}]}}