{"id":7654,"date":"2023-09-11T14:31:13","date_gmt":"2023-09-11T14:31:13","guid":{"rendered":"https:\/\/unisale.com.br\/pastoral\/?p=7654"},"modified":"2023-09-11T14:31:13","modified_gmt":"2023-09-11T14:31:13","slug":"20-09-mas-a-sabedoria-foi-justificada-por-todos-os-seus-filhos","status":"publish","type":"post","link":"https:\/\/unisale.com.br\/pastoral\/20-09-mas-a-sabedoria-foi-justificada-por-todos-os-seus-filhos\/","title":{"rendered":"20\/09 &#8211; Mas a sabedoria foi justificada por todos os seus filhos."},"content":{"rendered":"<p>Quarta-feira, 20 de setembro de 2023.<\/p>\n<p>&nbsp;<\/p>\n<p>Evangelho (Lc 7,31-35)<strong><\/p>\n<p>&#8220;Mas a sabedoria foi justificada por todos os seus filhos&#8221;<\/p>\n<p><\/strong><\/p>\n<p>Naquele tempo, disse Jesus: <sup>31<\/sup>\u201cCom quem hei de comparar os homens desta gera\u00e7\u00e3o? Com quem eles se parecem? <sup>32<\/sup>S\u00e3o como crian\u00e7as que se sentam nas pra\u00e7as, e se dirigem aos colegas, dizendo: \u2018Tocamos flauta para v\u00f3s e n\u00e3o dan\u00e7astes; fizemos lamenta\u00e7\u00f5es e n\u00e3o chorastes!\u2019 <sup>33<\/sup>Pois veio Jo\u00e3o Batista, que n\u00e3o comia p\u00e3o nem bebia vinho, e v\u00f3s dissestes: \u2018Ele est\u00e1 com um dem\u00f4nio!\u2019 <sup>34<\/sup>Veio o Filho do Homem, que come e bebe, e v\u00f3s dizeis: \u2018Ele \u00e9 um comil\u00e3o e beberr\u00e3o, amigo dos publicanos e dos pecadores!\u2019 <sup>35<\/sup>Mas a sabedoria foi justificada por todos os seus filhos\u201d.<\/p>\n<p>&nbsp;<\/p>\n<p><strong>Reflex\u00e3o<\/strong><\/p>\n<p>&nbsp;<\/p>\n<p>O que faz a diferen\u00e7a na nossa vida n\u00e3o s\u00e3o as oportunidades, mas tomar as decis\u00f5es justas. Quem n\u00e3o se decidiu por uma verdadeira mudan\u00e7a no pr\u00f3prio cora\u00e7\u00e3o, encontra sempre uma maneira para se proteger da realidade.\u00a0 Jesus traduz bem assim esta atitude de indiferen\u00e7a: \u201cCom quem hei de comparar os homens desta gera\u00e7\u00e3o? Com quem eles se parecem? S\u00e3o como crian\u00e7as que se sentam nas pra\u00e7as, e se dirigem aos colegas, dizendo: \u2018Tocamos flauta para v\u00f3s e n\u00e3o dan\u00e7astes; fizemos lamenta\u00e7\u00f5es e n\u00e3o chorastes!\u201d. Quem de fato n\u00e3o tomou uma decis\u00e3o dentro de si n\u00e3o se deixa jamais envolver-se com as oportunidades boas ou ruins da vida. Permanece sempre como um expectador, olhando, e, jamais entra de fato na realidade. A melhor maneira para permanecer \u00e0 margem \u00e9 ter sempre uma rela\u00e7\u00e3o polemica, cr\u00edtica: Pois veio Jo\u00e3o Batista, que n\u00e3o comia p\u00e3o nem bebia vinho, e v\u00f3s dissestes: \u2018Ele est\u00e1 com um dem\u00f4nio!\u2019 Veio o Filho do Homem, que come e bebe, e v\u00f3s dizeis: \u2018Ele \u00e9 um comil\u00e3o e beberr\u00e3o, amigo dos publicanos e dos pecadores!\u201d. O exemplo que usa Jesus \u00e9 bem apropriado: De fato o car\u00e1ter, os relacionamentos, a espiritualidade de Jo\u00e3o e de Jesus s\u00e3o opostas. No entanto, diante do ascetismo de Jo\u00e3o reagem dizendo que ele n\u00e3o funciona muito bem da cabe\u00e7a e que talvez est\u00e1 possu\u00eddo por um dem\u00f4nio que o guia, quando prega, batiza, vive miseravelmente no deserto ou algo semelhante. \u00c0 jovialidade de Jesus que ao contr\u00e1rio vive no meio das pessoas, construindo relacionamentos e deixando-se ser convidado \u00e0 mesa das pessoas, vem acompanhada pela cr\u00edtica de comer e beber muito e de frequentar a companhia de pessoas pouco recomendadas. Resumindo, quem n\u00e3o quer mudar encontra sempre uma maneira de dar a culpa a algu\u00e9m. Diferente, por\u00e9m, \u00e9 o acordo de quem decide de fato:<sup> \u201c<\/sup>Mas a sabedoria foi justificada por todos os seus filhos\u201d. Quem decidiu no pr\u00f3prio cora\u00e7\u00e3o por uma mudan\u00e7a n\u00e3o perde tempo com pol\u00eamicas porque investe energia nas pr\u00f3prias tentativas de mudan\u00e7a e n\u00e3o perde tempo com outras coisas.<\/p>\n<p><strong>Pe. Paulo Eduardo J\u00e1como, sdb.<\/strong><\/p>\n","protected":false},"excerpt":{"rendered":"<p>Quarta-feira, 20 de setembro de 2023. &nbsp; Evangelho (Lc 7,31-35) &#8220;Mas a sabedoria foi justificada por todos os seus filhos&#8221; Naquele tempo, disse Jesus: 31\u201cCom&#8230;<\/p>\n","protected":false},"author":1,"featured_media":7655,"comment_status":"closed","ping_status":"closed","sticky":false,"template":"","format":"standard","meta":{"_acf_changed":false,"footnotes":""},"categories":[13],"tags":[],"class_list":["post-7654","post","type-post","status-publish","format-standard","has-post-thumbnail","hentry","category-reflexaodoevagelho"],"acf":[],"yoast_head":"<!-- This site is optimized with the Yoast SEO plugin v27.3 - https:\/\/yoast.com\/product\/yoast-seo-wordpress\/ -->\n<title>20\/09 - Mas a sabedoria foi justificada por todos os seus filhos. - Pastoral Universit\u00e1ria UniSALESIANO<\/title>\n<meta name=\"robots\" content=\"index, follow, max-snippet:-1, max-image-preview:large, max-video-preview:-1\" \/>\n<link rel=\"canonical\" href=\"https:\/\/unisale.com.br\/novo\/20-09-mas-a-sabedoria-foi-justificada-por-todos-os-seus-filhos\/\" \/>\n<meta property=\"og:locale\" content=\"pt_BR\" \/>\n<meta property=\"og:type\" content=\"article\" \/>\n<meta property=\"og:title\" content=\"20\/09 - Mas a sabedoria foi justificada por todos os seus filhos. - Pastoral Universit\u00e1ria UniSALESIANO\" \/>\n<meta property=\"og:description\" content=\"Quarta-feira, 20 de setembro de 2023. &nbsp; Evangelho (Lc 7,31-35) &#8220;Mas a sabedoria foi justificada por todos os seus filhos&#8221; Naquele tempo, disse Jesus: 31\u201cCom...\" \/>\n<meta property=\"og:url\" content=\"https:\/\/unisale.com.br\/novo\/20-09-mas-a-sabedoria-foi-justificada-por-todos-os-seus-filhos\/\" \/>\n<meta property=\"og:site_name\" content=\"Pastoral Universit\u00e1ria UniSALESIANO\" \/>\n<meta property=\"article:published_time\" content=\"2023-09-11T14:31:13+00:00\" \/>\n<meta name=\"author\" content=\"pastoral\" \/>\n<meta name=\"twitter:card\" content=\"summary_large_image\" \/>\n<meta name=\"twitter:label1\" content=\"Escrito por\" \/>\n\t<meta name=\"twitter:data1\" content=\"pastoral\" \/>\n\t<meta name=\"twitter:label2\" content=\"Est. tempo de leitura\" \/>\n\t<meta name=\"twitter:data2\" content=\"3 minutos\" \/>\n<script type=\"application\/ld+json\" class=\"yoast-schema-graph\">{\"@context\":\"https:\\\/\\\/schema.org\",\"@graph\":[{\"@type\":\"Article\",\"@id\":\"https:\\\/\\\/unisale.com.br\\\/novo\\\/20-09-mas-a-sabedoria-foi-justificada-por-todos-os-seus-filhos\\\/#article\",\"isPartOf\":{\"@id\":\"https:\\\/\\\/unisale.com.br\\\/novo\\\/20-09-mas-a-sabedoria-foi-justificada-por-todos-os-seus-filhos\\\/\"},\"author\":{\"name\":\"pastoral\",\"@id\":\"https:\\\/\\\/unisale.com.br\\\/pastoral\\\/#\\\/schema\\\/person\\\/a16ba711a0f7dec9cb6b44563144d5a3\"},\"headline\":\"20\\\/09 &#8211; Mas a sabedoria foi justificada por todos os seus filhos.\",\"datePublished\":\"2023-09-11T14:31:13+00:00\",\"mainEntityOfPage\":{\"@id\":\"https:\\\/\\\/unisale.com.br\\\/novo\\\/20-09-mas-a-sabedoria-foi-justificada-por-todos-os-seus-filhos\\\/\"},\"wordCount\":539,\"image\":{\"@id\":\"https:\\\/\\\/unisale.com.br\\\/novo\\\/20-09-mas-a-sabedoria-foi-justificada-por-todos-os-seus-filhos\\\/#primaryimage\"},\"thumbnailUrl\":\"https:\\\/\\\/unisale.com.br\\\/pastoral\\\/wp-content\\\/uploads\\\/2023\\\/09\\\/JESUS-E-APOSTOLOS.jpg\",\"articleSection\":[\"Reflex\u00e3o do Evangelho\"],\"inLanguage\":\"pt-BR\"},{\"@type\":\"WebPage\",\"@id\":\"https:\\\/\\\/unisale.com.br\\\/novo\\\/20-09-mas-a-sabedoria-foi-justificada-por-todos-os-seus-filhos\\\/\",\"url\":\"https:\\\/\\\/unisale.com.br\\\/novo\\\/20-09-mas-a-sabedoria-foi-justificada-por-todos-os-seus-filhos\\\/\",\"name\":\"20\\\/09 - Mas a sabedoria foi justificada por todos os seus filhos. - Pastoral Universit\u00e1ria UniSALESIANO\",\"isPartOf\":{\"@id\":\"https:\\\/\\\/unisale.com.br\\\/pastoral\\\/#website\"},\"primaryImageOfPage\":{\"@id\":\"https:\\\/\\\/unisale.com.br\\\/novo\\\/20-09-mas-a-sabedoria-foi-justificada-por-todos-os-seus-filhos\\\/#primaryimage\"},\"image\":{\"@id\":\"https:\\\/\\\/unisale.com.br\\\/novo\\\/20-09-mas-a-sabedoria-foi-justificada-por-todos-os-seus-filhos\\\/#primaryimage\"},\"thumbnailUrl\":\"https:\\\/\\\/unisale.com.br\\\/pastoral\\\/wp-content\\\/uploads\\\/2023\\\/09\\\/JESUS-E-APOSTOLOS.jpg\",\"datePublished\":\"2023-09-11T14:31:13+00:00\",\"author\":{\"@id\":\"https:\\\/\\\/unisale.com.br\\\/pastoral\\\/#\\\/schema\\\/person\\\/a16ba711a0f7dec9cb6b44563144d5a3\"},\"inLanguage\":\"pt-BR\",\"potentialAction\":[{\"@type\":\"ReadAction\",\"target\":[\"https:\\\/\\\/unisale.com.br\\\/novo\\\/20-09-mas-a-sabedoria-foi-justificada-por-todos-os-seus-filhos\\\/\"]}]},{\"@type\":\"ImageObject\",\"inLanguage\":\"pt-BR\",\"@id\":\"https:\\\/\\\/unisale.com.br\\\/novo\\\/20-09-mas-a-sabedoria-foi-justificada-por-todos-os-seus-filhos\\\/#primaryimage\",\"url\":\"https:\\\/\\\/unisale.com.br\\\/pastoral\\\/wp-content\\\/uploads\\\/2023\\\/09\\\/JESUS-E-APOSTOLOS.jpg\",\"contentUrl\":\"https:\\\/\\\/unisale.com.br\\\/pastoral\\\/wp-content\\\/uploads\\\/2023\\\/09\\\/JESUS-E-APOSTOLOS.jpg\",\"width\":888,\"height\":500},{\"@type\":\"WebSite\",\"@id\":\"https:\\\/\\\/unisale.com.br\\\/pastoral\\\/#website\",\"url\":\"https:\\\/\\\/unisale.com.br\\\/pastoral\\\/\",\"name\":\"Pastoral Universit\u00e1ria UniSALESIANO\",\"description\":\"Site da Pastoral Universit\u00e1ria do UniSALESIANO\",\"potentialAction\":[{\"@type\":\"SearchAction\",\"target\":{\"@type\":\"EntryPoint\",\"urlTemplate\":\"https:\\\/\\\/unisale.com.br\\\/pastoral\\\/?s={search_term_string}\"},\"query-input\":{\"@type\":\"PropertyValueSpecification\",\"valueRequired\":true,\"valueName\":\"search_term_string\"}}],\"inLanguage\":\"pt-BR\"},{\"@type\":\"Person\",\"@id\":\"https:\\\/\\\/unisale.com.br\\\/pastoral\\\/#\\\/schema\\\/person\\\/a16ba711a0f7dec9cb6b44563144d5a3\",\"name\":\"pastoral\",\"url\":\"https:\\\/\\\/unisale.com.br\\\/pastoral\\\/author\\\/pastoral\\\/\"}]}<\/script>\n<!-- \/ Yoast SEO plugin. -->","yoast_head_json":{"title":"20\/09 - Mas a sabedoria foi justificada por todos os seus filhos. - Pastoral Universit\u00e1ria UniSALESIANO","robots":{"index":"index","follow":"follow","max-snippet":"max-snippet:-1","max-image-preview":"max-image-preview:large","max-video-preview":"max-video-preview:-1"},"canonical":"https:\/\/unisale.com.br\/novo\/20-09-mas-a-sabedoria-foi-justificada-por-todos-os-seus-filhos\/","og_locale":"pt_BR","og_type":"article","og_title":"20\/09 - Mas a sabedoria foi justificada por todos os seus filhos. - Pastoral Universit\u00e1ria UniSALESIANO","og_description":"Quarta-feira, 20 de setembro de 2023. &nbsp; Evangelho (Lc 7,31-35) &#8220;Mas a sabedoria foi justificada por todos os seus filhos&#8221; Naquele tempo, disse Jesus: 31\u201cCom...","og_url":"https:\/\/unisale.com.br\/novo\/20-09-mas-a-sabedoria-foi-justificada-por-todos-os-seus-filhos\/","og_site_name":"Pastoral Universit\u00e1ria UniSALESIANO","article_published_time":"2023-09-11T14:31:13+00:00","author":"pastoral","twitter_card":"summary_large_image","twitter_misc":{"Escrito por":"pastoral","Est. tempo de leitura":"3 minutos"},"schema":{"@context":"https:\/\/schema.org","@graph":[{"@type":"Article","@id":"https:\/\/unisale.com.br\/novo\/20-09-mas-a-sabedoria-foi-justificada-por-todos-os-seus-filhos\/#article","isPartOf":{"@id":"https:\/\/unisale.com.br\/novo\/20-09-mas-a-sabedoria-foi-justificada-por-todos-os-seus-filhos\/"},"author":{"name":"pastoral","@id":"https:\/\/unisale.com.br\/pastoral\/#\/schema\/person\/a16ba711a0f7dec9cb6b44563144d5a3"},"headline":"20\/09 &#8211; Mas a sabedoria foi justificada por todos os seus filhos.","datePublished":"2023-09-11T14:31:13+00:00","mainEntityOfPage":{"@id":"https:\/\/unisale.com.br\/novo\/20-09-mas-a-sabedoria-foi-justificada-por-todos-os-seus-filhos\/"},"wordCount":539,"image":{"@id":"https:\/\/unisale.com.br\/novo\/20-09-mas-a-sabedoria-foi-justificada-por-todos-os-seus-filhos\/#primaryimage"},"thumbnailUrl":"https:\/\/unisale.com.br\/pastoral\/wp-content\/uploads\/2023\/09\/JESUS-E-APOSTOLOS.jpg","articleSection":["Reflex\u00e3o do Evangelho"],"inLanguage":"pt-BR"},{"@type":"WebPage","@id":"https:\/\/unisale.com.br\/novo\/20-09-mas-a-sabedoria-foi-justificada-por-todos-os-seus-filhos\/","url":"https:\/\/unisale.com.br\/novo\/20-09-mas-a-sabedoria-foi-justificada-por-todos-os-seus-filhos\/","name":"20\/09 - Mas a sabedoria foi justificada por todos os seus filhos. - Pastoral Universit\u00e1ria UniSALESIANO","isPartOf":{"@id":"https:\/\/unisale.com.br\/pastoral\/#website"},"primaryImageOfPage":{"@id":"https:\/\/unisale.com.br\/novo\/20-09-mas-a-sabedoria-foi-justificada-por-todos-os-seus-filhos\/#primaryimage"},"image":{"@id":"https:\/\/unisale.com.br\/novo\/20-09-mas-a-sabedoria-foi-justificada-por-todos-os-seus-filhos\/#primaryimage"},"thumbnailUrl":"https:\/\/unisale.com.br\/pastoral\/wp-content\/uploads\/2023\/09\/JESUS-E-APOSTOLOS.jpg","datePublished":"2023-09-11T14:31:13+00:00","author":{"@id":"https:\/\/unisale.com.br\/pastoral\/#\/schema\/person\/a16ba711a0f7dec9cb6b44563144d5a3"},"inLanguage":"pt-BR","potentialAction":[{"@type":"ReadAction","target":["https:\/\/unisale.com.br\/novo\/20-09-mas-a-sabedoria-foi-justificada-por-todos-os-seus-filhos\/"]}]},{"@type":"ImageObject","inLanguage":"pt-BR","@id":"https:\/\/unisale.com.br\/novo\/20-09-mas-a-sabedoria-foi-justificada-por-todos-os-seus-filhos\/#primaryimage","url":"https:\/\/unisale.com.br\/pastoral\/wp-content\/uploads\/2023\/09\/JESUS-E-APOSTOLOS.jpg","contentUrl":"https:\/\/unisale.com.br\/pastoral\/wp-content\/uploads\/2023\/09\/JESUS-E-APOSTOLOS.jpg","width":888,"height":500},{"@type":"WebSite","@id":"https:\/\/unisale.com.br\/pastoral\/#website","url":"https:\/\/unisale.com.br\/pastoral\/","name":"Pastoral Universit\u00e1ria UniSALESIANO","description":"Site da Pastoral Universit\u00e1ria do UniSALESIANO","potentialAction":[{"@type":"SearchAction","target":{"@type":"EntryPoint","urlTemplate":"https:\/\/unisale.com.br\/pastoral\/?s={search_term_string}"},"query-input":{"@type":"PropertyValueSpecification","valueRequired":true,"valueName":"search_term_string"}}],"inLanguage":"pt-BR"},{"@type":"Person","@id":"https:\/\/unisale.com.br\/pastoral\/#\/schema\/person\/a16ba711a0f7dec9cb6b44563144d5a3","name":"pastoral","url":"https:\/\/unisale.com.br\/pastoral\/author\/pastoral\/"}]}},"_links":{"self":[{"href":"https:\/\/unisale.com.br\/pastoral\/wp-json\/wp\/v2\/posts\/7654","targetHints":{"allow":["GET"]}}],"collection":[{"href":"https:\/\/unisale.com.br\/pastoral\/wp-json\/wp\/v2\/posts"}],"about":[{"href":"https:\/\/unisale.com.br\/pastoral\/wp-json\/wp\/v2\/types\/post"}],"author":[{"embeddable":true,"href":"https:\/\/unisale.com.br\/pastoral\/wp-json\/wp\/v2\/users\/1"}],"replies":[{"embeddable":true,"href":"https:\/\/unisale.com.br\/pastoral\/wp-json\/wp\/v2\/comments?post=7654"}],"version-history":[{"count":0,"href":"https:\/\/unisale.com.br\/pastoral\/wp-json\/wp\/v2\/posts\/7654\/revisions"}],"wp:featuredmedia":[{"embeddable":true,"href":"https:\/\/unisale.com.br\/pastoral\/wp-json\/wp\/v2\/media\/7655"}],"wp:attachment":[{"href":"https:\/\/unisale.com.br\/pastoral\/wp-json\/wp\/v2\/media?parent=7654"}],"wp:term":[{"taxonomy":"category","embeddable":true,"href":"https:\/\/unisale.com.br\/pastoral\/wp-json\/wp\/v2\/categories?post=7654"},{"taxonomy":"post_tag","embeddable":true,"href":"https:\/\/unisale.com.br\/pastoral\/wp-json\/wp\/v2\/tags?post=7654"}],"curies":[{"name":"wp","href":"https:\/\/api.w.org\/{rel}","templated":true}]}}