{"id":7669,"date":"2023-09-14T14:55:40","date_gmt":"2023-09-14T14:55:40","guid":{"rendered":"https:\/\/unisale.com.br\/pastoral\/?p=7669"},"modified":"2023-09-14T14:55:40","modified_gmt":"2023-09-14T14:55:40","slug":"21-09-aqueles-que-tem-saude-nao-precisam-de-medicos-mas-sim-os-doentes-2","status":"publish","type":"post","link":"https:\/\/unisale.com.br\/pastoral\/21-09-aqueles-que-tem-saude-nao-precisam-de-medicos-mas-sim-os-doentes-2\/","title":{"rendered":"21\/09 &#8211; Aqueles que t\u00eam sa\u00fade n\u00e3o precisam de m\u00e9dicos, mas sim os doentes."},"content":{"rendered":"<p>Quinta-feira, 21 de Setembro de 2023.<\/p>\n<p>&nbsp;<\/p>\n<p><strong>Evangelho (Mt 9,9-13)<\/strong><\/p>\n<p><strong>\u00a0<\/strong><\/p>\n<p><strong><em>\u201cAqueles que t\u00eam sa\u00fade n\u00e3o precisam de m\u00e9dicos, mas sim os doentes\u201d.<\/em><\/strong><\/p>\n<p><em>\u00a0<\/em><\/p>\n<p>Naquele tempo,\u00a0<sup>9<\/sup>Jesus viu um homem, chamado Mateus, sentado na coletoria de impostos e disse-lhe: \u201cSegue-me!\u201d Ele se levantou e seguiu a Jesus.\u00a0<sup>10<\/sup>Enquanto Jesus estava \u00e0 mesa, em casa de Mateus, vieram muitos cobradores de impostos e pecadores e sentaram-se \u00e0 mesa com Jesus e seus disc\u00edpulos.\u00a0<sup>11<\/sup>Alguns fariseus viram isso e perguntaram aos disc\u00edpulos: \u201cPor que vosso mestre come com os cobradores de impostos e pecadores?\u201d\u00a0<sup>12<\/sup>Jesus ouviu a pergunta e respondeu: \u201cAqueles que t\u00eam sa\u00fade n\u00e3o precisam de m\u00e9dico, mas sim os doentes.\u00a0<sup>13<\/sup>Aprendei, pois, o que significa: \u2018Quero miseric\u00f3rdia e n\u00e3o sacrif\u00edcio\u2019. De fato, eu n\u00e3o vim para chamar os justos, mas os pecadores\u201d.<\/p>\n<p>&nbsp;<\/p>\n<p><strong>Reflex\u00e3o<\/strong><\/p>\n<p><strong>\u00a0<\/strong><\/p>\n<p>O evangelho de hoje trata da voca\u00e7\u00e3o de Mateus, o cobrador de impostos que era um explorador do povo. Mas este evangelho sobre a voca\u00e7\u00e3o de Mateus chama a aten\u00e7\u00e3o para um detalhe especial: o seguimento de Jesus n\u00e3o requer pr\u00e9-requisitos humanos de santidade, mas \u00e9 obra da miseric\u00f3rdia divina. O gesto surpreendente de Jesus \u00e9 um sinal claro da miseric\u00f3rdia de Deus que por um lado procura quem quer que seja que precise, e por outro, fica fechado \u00e0queles que, como fariseus, se julgam justos em virtude das suas pr\u00f3prias for\u00e7as e t\u00eam condi\u00e7\u00f5es para reclamar direitos.<\/p>\n<p>Jesus se faz solid\u00e1rio n\u00e3o com os pecados, mas com os pecadores. Ao convite feito por Jesus a Mateus, os fariseus n\u00e3o podem ficar calados e comentam com alguns dos disc\u00edpulos de Jesus: \u201cPorque vosso mestre come com os cobradores de impostos e pecadores?\u201d. Mas Jesus responde rapidamente: \u201cAquele que tem sa\u00fade n\u00e3o precisam de m\u00e9dico, mas sim os doentes\u201d. O evangelho n\u00e3o diz, mas podemos subentender que Mateus deixou tudo para seguir o Mestre.<\/p>\n<p>Jesus continua hoje a chamar a segui-lo, cada um segundo o seu modo de vida. Seguir Jesus, por\u00e9m, ainda exige deixar tudo, as paix\u00f5es desordenadas os comportamentos errantes, as maldades. O Senhor pede uma mudan\u00e7a de vida. O Senhor chama e medica. O Senhor nos convida a sentarmo-nos \u00e0 mesa com Ele, eliminando qualquer tipo de exclus\u00e3o. Neste banquete podemos at\u00e9 nos excluirmos, mas jamais excluir ningu\u00e9m.<\/p>\n<p><strong>Pe. Paulo Eduardo J\u00e1como, sdb.<\/strong><\/p>\n","protected":false},"excerpt":{"rendered":"<p>Quinta-feira, 21 de Setembro de 2023. &nbsp; Evangelho (Mt 9,9-13) \u00a0 \u201cAqueles que t\u00eam sa\u00fade n\u00e3o precisam de m\u00e9dicos, mas sim os doentes\u201d. \u00a0 Naquele&#8230;<\/p>\n","protected":false},"author":1,"featured_media":7670,"comment_status":"closed","ping_status":"closed","sticky":false,"template":"","format":"standard","meta":{"_acf_changed":false,"footnotes":""},"categories":[13],"tags":[],"class_list":["post-7669","post","type-post","status-publish","format-standard","has-post-thumbnail","hentry","category-reflexaodoevagelho"],"acf":[],"yoast_head":"<!-- This site is optimized with the Yoast SEO plugin v27.3 - https:\/\/yoast.com\/product\/yoast-seo-wordpress\/ -->\n<title>21\/09 - Aqueles que t\u00eam sa\u00fade n\u00e3o precisam de m\u00e9dicos, mas sim os doentes. - Pastoral Universit\u00e1ria UniSALESIANO<\/title>\n<meta name=\"robots\" content=\"index, follow, max-snippet:-1, max-image-preview:large, max-video-preview:-1\" \/>\n<link rel=\"canonical\" href=\"https:\/\/unisale.com.br\/novo\/21-09-aqueles-que-tem-saude-nao-precisam-de-medicos-mas-sim-os-doentes-2\/\" \/>\n<meta property=\"og:locale\" content=\"pt_BR\" \/>\n<meta property=\"og:type\" content=\"article\" \/>\n<meta property=\"og:title\" content=\"21\/09 - Aqueles que t\u00eam sa\u00fade n\u00e3o precisam de m\u00e9dicos, mas sim os doentes. - Pastoral Universit\u00e1ria UniSALESIANO\" \/>\n<meta property=\"og:description\" content=\"Quinta-feira, 21 de Setembro de 2023. &nbsp; Evangelho (Mt 9,9-13) \u00a0 \u201cAqueles que t\u00eam sa\u00fade n\u00e3o precisam de m\u00e9dicos, mas sim os doentes\u201d. \u00a0 Naquele...\" \/>\n<meta property=\"og:url\" content=\"https:\/\/unisale.com.br\/novo\/21-09-aqueles-que-tem-saude-nao-precisam-de-medicos-mas-sim-os-doentes-2\/\" \/>\n<meta property=\"og:site_name\" content=\"Pastoral Universit\u00e1ria UniSALESIANO\" \/>\n<meta property=\"article:published_time\" content=\"2023-09-14T14:55:40+00:00\" \/>\n<meta name=\"author\" content=\"pastoral\" \/>\n<meta name=\"twitter:card\" content=\"summary_large_image\" \/>\n<meta name=\"twitter:label1\" content=\"Escrito por\" \/>\n\t<meta name=\"twitter:data1\" content=\"pastoral\" \/>\n\t<meta name=\"twitter:label2\" content=\"Est. tempo de leitura\" \/>\n\t<meta name=\"twitter:data2\" content=\"2 minutos\" \/>\n<script type=\"application\/ld+json\" class=\"yoast-schema-graph\">{\"@context\":\"https:\\\/\\\/schema.org\",\"@graph\":[{\"@type\":\"Article\",\"@id\":\"https:\\\/\\\/unisale.com.br\\\/novo\\\/21-09-aqueles-que-tem-saude-nao-precisam-de-medicos-mas-sim-os-doentes-2\\\/#article\",\"isPartOf\":{\"@id\":\"https:\\\/\\\/unisale.com.br\\\/novo\\\/21-09-aqueles-que-tem-saude-nao-precisam-de-medicos-mas-sim-os-doentes-2\\\/\"},\"author\":{\"name\":\"pastoral\",\"@id\":\"https:\\\/\\\/unisale.com.br\\\/pastoral\\\/#\\\/schema\\\/person\\\/a16ba711a0f7dec9cb6b44563144d5a3\"},\"headline\":\"21\\\/09 &#8211; Aqueles que t\u00eam sa\u00fade n\u00e3o precisam de m\u00e9dicos, mas sim os doentes.\",\"datePublished\":\"2023-09-14T14:55:40+00:00\",\"mainEntityOfPage\":{\"@id\":\"https:\\\/\\\/unisale.com.br\\\/novo\\\/21-09-aqueles-que-tem-saude-nao-precisam-de-medicos-mas-sim-os-doentes-2\\\/\"},\"wordCount\":427,\"image\":{\"@id\":\"https:\\\/\\\/unisale.com.br\\\/novo\\\/21-09-aqueles-que-tem-saude-nao-precisam-de-medicos-mas-sim-os-doentes-2\\\/#primaryimage\"},\"thumbnailUrl\":\"https:\\\/\\\/unisale.com.br\\\/pastoral\\\/wp-content\\\/uploads\\\/2023\\\/09\\\/confissao.jpg\",\"articleSection\":[\"Reflex\u00e3o do Evangelho\"],\"inLanguage\":\"pt-BR\"},{\"@type\":\"WebPage\",\"@id\":\"https:\\\/\\\/unisale.com.br\\\/novo\\\/21-09-aqueles-que-tem-saude-nao-precisam-de-medicos-mas-sim-os-doentes-2\\\/\",\"url\":\"https:\\\/\\\/unisale.com.br\\\/novo\\\/21-09-aqueles-que-tem-saude-nao-precisam-de-medicos-mas-sim-os-doentes-2\\\/\",\"name\":\"21\\\/09 - Aqueles que t\u00eam sa\u00fade n\u00e3o precisam de m\u00e9dicos, mas sim os doentes. - Pastoral Universit\u00e1ria UniSALESIANO\",\"isPartOf\":{\"@id\":\"https:\\\/\\\/unisale.com.br\\\/pastoral\\\/#website\"},\"primaryImageOfPage\":{\"@id\":\"https:\\\/\\\/unisale.com.br\\\/novo\\\/21-09-aqueles-que-tem-saude-nao-precisam-de-medicos-mas-sim-os-doentes-2\\\/#primaryimage\"},\"image\":{\"@id\":\"https:\\\/\\\/unisale.com.br\\\/novo\\\/21-09-aqueles-que-tem-saude-nao-precisam-de-medicos-mas-sim-os-doentes-2\\\/#primaryimage\"},\"thumbnailUrl\":\"https:\\\/\\\/unisale.com.br\\\/pastoral\\\/wp-content\\\/uploads\\\/2023\\\/09\\\/confissao.jpg\",\"datePublished\":\"2023-09-14T14:55:40+00:00\",\"author\":{\"@id\":\"https:\\\/\\\/unisale.com.br\\\/pastoral\\\/#\\\/schema\\\/person\\\/a16ba711a0f7dec9cb6b44563144d5a3\"},\"inLanguage\":\"pt-BR\",\"potentialAction\":[{\"@type\":\"ReadAction\",\"target\":[\"https:\\\/\\\/unisale.com.br\\\/novo\\\/21-09-aqueles-que-tem-saude-nao-precisam-de-medicos-mas-sim-os-doentes-2\\\/\"]}]},{\"@type\":\"ImageObject\",\"inLanguage\":\"pt-BR\",\"@id\":\"https:\\\/\\\/unisale.com.br\\\/novo\\\/21-09-aqueles-que-tem-saude-nao-precisam-de-medicos-mas-sim-os-doentes-2\\\/#primaryimage\",\"url\":\"https:\\\/\\\/unisale.com.br\\\/pastoral\\\/wp-content\\\/uploads\\\/2023\\\/09\\\/confissao.jpg\",\"contentUrl\":\"https:\\\/\\\/unisale.com.br\\\/pastoral\\\/wp-content\\\/uploads\\\/2023\\\/09\\\/confissao.jpg\",\"width\":745,\"height\":500},{\"@type\":\"WebSite\",\"@id\":\"https:\\\/\\\/unisale.com.br\\\/pastoral\\\/#website\",\"url\":\"https:\\\/\\\/unisale.com.br\\\/pastoral\\\/\",\"name\":\"Pastoral Universit\u00e1ria UniSALESIANO\",\"description\":\"Site da Pastoral Universit\u00e1ria do UniSALESIANO\",\"potentialAction\":[{\"@type\":\"SearchAction\",\"target\":{\"@type\":\"EntryPoint\",\"urlTemplate\":\"https:\\\/\\\/unisale.com.br\\\/pastoral\\\/?s={search_term_string}\"},\"query-input\":{\"@type\":\"PropertyValueSpecification\",\"valueRequired\":true,\"valueName\":\"search_term_string\"}}],\"inLanguage\":\"pt-BR\"},{\"@type\":\"Person\",\"@id\":\"https:\\\/\\\/unisale.com.br\\\/pastoral\\\/#\\\/schema\\\/person\\\/a16ba711a0f7dec9cb6b44563144d5a3\",\"name\":\"pastoral\",\"url\":\"https:\\\/\\\/unisale.com.br\\\/pastoral\\\/author\\\/pastoral\\\/\"}]}<\/script>\n<!-- \/ Yoast SEO plugin. -->","yoast_head_json":{"title":"21\/09 - Aqueles que t\u00eam sa\u00fade n\u00e3o precisam de m\u00e9dicos, mas sim os doentes. - Pastoral Universit\u00e1ria UniSALESIANO","robots":{"index":"index","follow":"follow","max-snippet":"max-snippet:-1","max-image-preview":"max-image-preview:large","max-video-preview":"max-video-preview:-1"},"canonical":"https:\/\/unisale.com.br\/novo\/21-09-aqueles-que-tem-saude-nao-precisam-de-medicos-mas-sim-os-doentes-2\/","og_locale":"pt_BR","og_type":"article","og_title":"21\/09 - Aqueles que t\u00eam sa\u00fade n\u00e3o precisam de m\u00e9dicos, mas sim os doentes. - Pastoral Universit\u00e1ria UniSALESIANO","og_description":"Quinta-feira, 21 de Setembro de 2023. &nbsp; Evangelho (Mt 9,9-13) \u00a0 \u201cAqueles que t\u00eam sa\u00fade n\u00e3o precisam de m\u00e9dicos, mas sim os doentes\u201d. \u00a0 Naquele...","og_url":"https:\/\/unisale.com.br\/novo\/21-09-aqueles-que-tem-saude-nao-precisam-de-medicos-mas-sim-os-doentes-2\/","og_site_name":"Pastoral Universit\u00e1ria UniSALESIANO","article_published_time":"2023-09-14T14:55:40+00:00","author":"pastoral","twitter_card":"summary_large_image","twitter_misc":{"Escrito por":"pastoral","Est. tempo de leitura":"2 minutos"},"schema":{"@context":"https:\/\/schema.org","@graph":[{"@type":"Article","@id":"https:\/\/unisale.com.br\/novo\/21-09-aqueles-que-tem-saude-nao-precisam-de-medicos-mas-sim-os-doentes-2\/#article","isPartOf":{"@id":"https:\/\/unisale.com.br\/novo\/21-09-aqueles-que-tem-saude-nao-precisam-de-medicos-mas-sim-os-doentes-2\/"},"author":{"name":"pastoral","@id":"https:\/\/unisale.com.br\/pastoral\/#\/schema\/person\/a16ba711a0f7dec9cb6b44563144d5a3"},"headline":"21\/09 &#8211; Aqueles que t\u00eam sa\u00fade n\u00e3o precisam de m\u00e9dicos, mas sim os doentes.","datePublished":"2023-09-14T14:55:40+00:00","mainEntityOfPage":{"@id":"https:\/\/unisale.com.br\/novo\/21-09-aqueles-que-tem-saude-nao-precisam-de-medicos-mas-sim-os-doentes-2\/"},"wordCount":427,"image":{"@id":"https:\/\/unisale.com.br\/novo\/21-09-aqueles-que-tem-saude-nao-precisam-de-medicos-mas-sim-os-doentes-2\/#primaryimage"},"thumbnailUrl":"https:\/\/unisale.com.br\/pastoral\/wp-content\/uploads\/2023\/09\/confissao.jpg","articleSection":["Reflex\u00e3o do Evangelho"],"inLanguage":"pt-BR"},{"@type":"WebPage","@id":"https:\/\/unisale.com.br\/novo\/21-09-aqueles-que-tem-saude-nao-precisam-de-medicos-mas-sim-os-doentes-2\/","url":"https:\/\/unisale.com.br\/novo\/21-09-aqueles-que-tem-saude-nao-precisam-de-medicos-mas-sim-os-doentes-2\/","name":"21\/09 - Aqueles que t\u00eam sa\u00fade n\u00e3o precisam de m\u00e9dicos, mas sim os doentes. - Pastoral Universit\u00e1ria UniSALESIANO","isPartOf":{"@id":"https:\/\/unisale.com.br\/pastoral\/#website"},"primaryImageOfPage":{"@id":"https:\/\/unisale.com.br\/novo\/21-09-aqueles-que-tem-saude-nao-precisam-de-medicos-mas-sim-os-doentes-2\/#primaryimage"},"image":{"@id":"https:\/\/unisale.com.br\/novo\/21-09-aqueles-que-tem-saude-nao-precisam-de-medicos-mas-sim-os-doentes-2\/#primaryimage"},"thumbnailUrl":"https:\/\/unisale.com.br\/pastoral\/wp-content\/uploads\/2023\/09\/confissao.jpg","datePublished":"2023-09-14T14:55:40+00:00","author":{"@id":"https:\/\/unisale.com.br\/pastoral\/#\/schema\/person\/a16ba711a0f7dec9cb6b44563144d5a3"},"inLanguage":"pt-BR","potentialAction":[{"@type":"ReadAction","target":["https:\/\/unisale.com.br\/novo\/21-09-aqueles-que-tem-saude-nao-precisam-de-medicos-mas-sim-os-doentes-2\/"]}]},{"@type":"ImageObject","inLanguage":"pt-BR","@id":"https:\/\/unisale.com.br\/novo\/21-09-aqueles-que-tem-saude-nao-precisam-de-medicos-mas-sim-os-doentes-2\/#primaryimage","url":"https:\/\/unisale.com.br\/pastoral\/wp-content\/uploads\/2023\/09\/confissao.jpg","contentUrl":"https:\/\/unisale.com.br\/pastoral\/wp-content\/uploads\/2023\/09\/confissao.jpg","width":745,"height":500},{"@type":"WebSite","@id":"https:\/\/unisale.com.br\/pastoral\/#website","url":"https:\/\/unisale.com.br\/pastoral\/","name":"Pastoral Universit\u00e1ria UniSALESIANO","description":"Site da Pastoral Universit\u00e1ria do UniSALESIANO","potentialAction":[{"@type":"SearchAction","target":{"@type":"EntryPoint","urlTemplate":"https:\/\/unisale.com.br\/pastoral\/?s={search_term_string}"},"query-input":{"@type":"PropertyValueSpecification","valueRequired":true,"valueName":"search_term_string"}}],"inLanguage":"pt-BR"},{"@type":"Person","@id":"https:\/\/unisale.com.br\/pastoral\/#\/schema\/person\/a16ba711a0f7dec9cb6b44563144d5a3","name":"pastoral","url":"https:\/\/unisale.com.br\/pastoral\/author\/pastoral\/"}]}},"_links":{"self":[{"href":"https:\/\/unisale.com.br\/pastoral\/wp-json\/wp\/v2\/posts\/7669","targetHints":{"allow":["GET"]}}],"collection":[{"href":"https:\/\/unisale.com.br\/pastoral\/wp-json\/wp\/v2\/posts"}],"about":[{"href":"https:\/\/unisale.com.br\/pastoral\/wp-json\/wp\/v2\/types\/post"}],"author":[{"embeddable":true,"href":"https:\/\/unisale.com.br\/pastoral\/wp-json\/wp\/v2\/users\/1"}],"replies":[{"embeddable":true,"href":"https:\/\/unisale.com.br\/pastoral\/wp-json\/wp\/v2\/comments?post=7669"}],"version-history":[{"count":0,"href":"https:\/\/unisale.com.br\/pastoral\/wp-json\/wp\/v2\/posts\/7669\/revisions"}],"wp:featuredmedia":[{"embeddable":true,"href":"https:\/\/unisale.com.br\/pastoral\/wp-json\/wp\/v2\/media\/7670"}],"wp:attachment":[{"href":"https:\/\/unisale.com.br\/pastoral\/wp-json\/wp\/v2\/media?parent=7669"}],"wp:term":[{"taxonomy":"category","embeddable":true,"href":"https:\/\/unisale.com.br\/pastoral\/wp-json\/wp\/v2\/categories?post=7669"},{"taxonomy":"post_tag","embeddable":true,"href":"https:\/\/unisale.com.br\/pastoral\/wp-json\/wp\/v2\/tags?post=7669"}],"curies":[{"name":"wp","href":"https:\/\/api.w.org\/{rel}","templated":true}]}}