{"id":7678,"date":"2023-09-14T15:01:48","date_gmt":"2023-09-14T15:01:48","guid":{"rendered":"https:\/\/unisale.com.br\/pastoral\/?p=7678"},"modified":"2023-09-14T15:01:48","modified_gmt":"2023-09-14T15:01:48","slug":"24-09-assim-os-ultimos-serao-os-primeiros-e-os-primeiros-serao-os-ultimos","status":"publish","type":"post","link":"https:\/\/unisale.com.br\/pastoral\/24-09-assim-os-ultimos-serao-os-primeiros-e-os-primeiros-serao-os-ultimos\/","title":{"rendered":"24\/09 &#8211; Assim, os \u00faltimos ser\u00e3o os primeiros, e os primeiros ser\u00e3o os \u00faltimos."},"content":{"rendered":"<p>Domingo, 24 de Setembro de 2023.<\/p>\n<p>&nbsp;<\/p>\n<p>Evangelho (Mt 20,1-16)<\/p>\n<p>&nbsp;<\/p>\n<p><strong>\u201cAssim, os \u00faltimos ser\u00e3o os primeiros, e os primeiros ser\u00e3o os \u00faltimos\u201d<\/strong><\/p>\n<p>&nbsp;<\/p>\n<p>Naquele tempo, disse Jesus aos seus disc\u00edpulos esta par\u00e1bola: <sup>1<\/sup>\u201cO Reino dos C\u00e9us \u00e9 como a hist\u00f3ria do patr\u00e3o que saiu de madrugada para contratar trabalhadores para a sua vinha. <sup>2<\/sup>Combinou com os trabalhadores uma moeda de prata por dia, e os mandou para a vinha. <sup>3<\/sup>\u00c0s nove horas da manh\u00e3, o patr\u00e3o saiu de novo, viu outros que estavam na pra\u00e7a, desocupados, <sup>4<\/sup>e lhes disse: \u2018Ide tamb\u00e9m v\u00f3s para a minha vinha! E eu vos pagarei o que for justo\u2019. <sup>5<\/sup>E eles foram. O patr\u00e3o saiu de novo ao meio-dia e \u00e0s tr\u00eas horas da tarde, e fez a mesma coisa. <sup>6<\/sup>Saindo outra vez pelas cinco horas da tarde, encontrou outros que estavam na pra\u00e7a, e lhes disse: \u2018Por que estais a\u00ed o dia inteiro desocupados?\u2019 <sup>7<\/sup>Eles responderam: \u2018Porque ningu\u00e9m nos contratou\u2019. O patr\u00e3o lhes disse: \u2018Ide v\u00f3s tamb\u00e9m para a minha vinha\u2019. <sup>8<\/sup>Quando chegou a tarde, o patr\u00e3o disse ao administrador: \u2018Chama os trabalhadores e paga-lhes uma di\u00e1ria a todos, come\u00e7ando pelos \u00faltimos at\u00e9 os primeiros!\u2019<\/p>\n<p><sup>9<\/sup>Vieram os que tinham sido contratados \u00e0s cinco da tarde e cada um recebeu uma moeda de prata. <sup>10<\/sup>Em seguida vieram os que foram contratados primeiro, e pensavam que iam receber mais. Por\u00e9m, cada um deles tamb\u00e9m recebeu uma moeda de prata. <sup>11<\/sup>Ao receberem o pagamento, come\u00e7aram a resmungar contra o patr\u00e3o: <sup>12<\/sup>\u2018Estes \u00faltimos trabalharam uma hora s\u00f3, e tu os igualaste a n\u00f3s, que suportamos o cansa\u00e7o e o calor o dia inteiro\u2019. <sup>13<\/sup>Ent\u00e3o o patr\u00e3o disse a um deles: \u2018Amigo, eu n\u00e3o fui injusto contigo. N\u00e3o combinamos uma moeda de prata? <sup>14<\/sup>Toma o que \u00e9 teu e volta para casa! Eu quero dar a este que foi contratado por \u00faltimo o mesmo que dei a ti. <sup>15<\/sup>Por acaso n\u00e3o tenho o direito de fazer o que quero com aquilo que me pertence? Ou est\u00e1s com inveja, porque estou sendo bom?\u2019 <sup>16a<\/sup>Assim, os \u00faltimos ser\u00e3o os primeiros, e os primeiros ser\u00e3o os \u00faltimos\u201d.<\/p>\n<p>&nbsp;<\/p>\n<p><strong>Reflex\u00e3o<\/strong><\/p>\n<p>&nbsp;<\/p>\n<p>O evangelho de hoje me faz lembra uma c\u00e9lebre frase de Santo Agostinho: \u201cA medida do amor \u00e9 amar sem medida\u201d. Isso \u00e9 muito lindo e especial, mas me d\u00e1 a impress\u00e3o que somente quem vive um grau muito elevado de santidade pode viver desta forma. Sinceramente falando, a l\u00f3gica humana n\u00e3o \u00e9 nem de longe semelhante a l\u00f3gica de Deus. Isso est\u00e1 muito claro na par\u00e1bola que Jesus conta no evangelho de hoje. A l\u00f3gica divina vai muito al\u00e9m da nossa. Enquanto os homens contratados por Jesus na primeira hora pensavam que iriam receber mais do que os outros, Deus que \u00e9 Pai misericordioso, paga a todos de forma igual, como havia sido combinado. Volta aqui a tem\u00e1tica j\u00e1 discutida por Jesus: ser ou n\u00e3o ser bom. Como disse tamb\u00e9m S\u00e3o Bernardo: Amo porque amo, amo para amar. E a l\u00f3gica de Deus n\u00e3o inutiliza a justi\u00e7a: \u201cTe pagarei aquilo que for justo\u201d (Mt20,4). \u00c9 importante entendermos que Deus n\u00e3o \u00e9 arbitr\u00e1rio e nos trata como filhos inteligentes. Deus \u00e9 justo, mas n\u00e3o por isso a caridade ignora a justi\u00e7a, antes muitas vezes a supera, como nos diz S\u00e3o Paulo na Primeira carta aos Cor\u00edntios. Ainda bem que a justi\u00e7a de Deus \u00e9 superada pelo amor, do contr\u00e1rio estar\u00edamos fritos. Se a justi\u00e7a de Deus fosse assim rigorosa como a nossa, certamente estar\u00edamos sem reden\u00e7\u00e3o. Se fosse t\u00e3o somente pela pura justi\u00e7a, n\u00e3o merecer\u00edamos a salva\u00e7\u00e3o. Basta que cada um se examine como se comporta nos pr\u00f3prios ju\u00edzos, nos confrontos e nos c\u00e1lculos quando se trata do outro. A base de tudo \u00e9 a gra\u00e7a de Deus. A possibilidade de m\u00e9rito diante de Deus \u00e9 gra\u00e7a. Deus \u00e9 o patr\u00e3o que sai logo pela manh\u00e3 para contratar oper\u00e1rios para a vinha. A vinha \u00e9 Sua; os convidados somos n\u00f3s. Para n\u00f3s \u00e9 uma honra trabalhar na vinha do Senhor e ganhar o c\u00e9u.<\/p>\n<p><strong>Pe. Paulo Eduardo J\u00e1como, sdb.<\/strong><\/p>\n","protected":false},"excerpt":{"rendered":"<p>Domingo, 24 de Setembro de 2023. &nbsp; Evangelho (Mt 20,1-16) &nbsp; \u201cAssim, os \u00faltimos ser\u00e3o os primeiros, e os primeiros ser\u00e3o os \u00faltimos\u201d &nbsp; Naquele&#8230;<\/p>\n","protected":false},"author":1,"featured_media":7679,"comment_status":"closed","ping_status":"closed","sticky":false,"template":"","format":"standard","meta":{"_acf_changed":false,"footnotes":""},"categories":[13],"tags":[],"class_list":["post-7678","post","type-post","status-publish","format-standard","has-post-thumbnail","hentry","category-reflexaodoevagelho"],"acf":[],"yoast_head":"<!-- This site is optimized with the Yoast SEO plugin v27.3 - https:\/\/yoast.com\/product\/yoast-seo-wordpress\/ -->\n<title>24\/09 - Assim, os \u00faltimos ser\u00e3o os primeiros, e os primeiros ser\u00e3o os \u00faltimos. - Pastoral Universit\u00e1ria UniSALESIANO<\/title>\n<meta name=\"robots\" content=\"index, follow, max-snippet:-1, max-image-preview:large, max-video-preview:-1\" \/>\n<link rel=\"canonical\" href=\"https:\/\/unisale.com.br\/novo\/24-09-assim-os-ultimos-serao-os-primeiros-e-os-primeiros-serao-os-ultimos\/\" \/>\n<meta property=\"og:locale\" content=\"pt_BR\" \/>\n<meta property=\"og:type\" content=\"article\" \/>\n<meta property=\"og:title\" content=\"24\/09 - Assim, os \u00faltimos ser\u00e3o os primeiros, e os primeiros ser\u00e3o os \u00faltimos. - Pastoral Universit\u00e1ria UniSALESIANO\" \/>\n<meta property=\"og:description\" content=\"Domingo, 24 de Setembro de 2023. &nbsp; Evangelho (Mt 20,1-16) &nbsp; \u201cAssim, os \u00faltimos ser\u00e3o os primeiros, e os primeiros ser\u00e3o os \u00faltimos\u201d &nbsp; Naquele...\" \/>\n<meta property=\"og:url\" content=\"https:\/\/unisale.com.br\/novo\/24-09-assim-os-ultimos-serao-os-primeiros-e-os-primeiros-serao-os-ultimos\/\" \/>\n<meta property=\"og:site_name\" content=\"Pastoral Universit\u00e1ria UniSALESIANO\" \/>\n<meta property=\"article:published_time\" content=\"2023-09-14T15:01:48+00:00\" \/>\n<meta name=\"author\" content=\"pastoral\" \/>\n<meta name=\"twitter:card\" content=\"summary_large_image\" \/>\n<meta name=\"twitter:label1\" content=\"Escrito por\" \/>\n\t<meta name=\"twitter:data1\" content=\"pastoral\" \/>\n\t<meta name=\"twitter:label2\" content=\"Est. tempo de leitura\" \/>\n\t<meta name=\"twitter:data2\" content=\"4 minutos\" \/>\n<script type=\"application\/ld+json\" class=\"yoast-schema-graph\">{\"@context\":\"https:\\\/\\\/schema.org\",\"@graph\":[{\"@type\":\"Article\",\"@id\":\"https:\\\/\\\/unisale.com.br\\\/novo\\\/24-09-assim-os-ultimos-serao-os-primeiros-e-os-primeiros-serao-os-ultimos\\\/#article\",\"isPartOf\":{\"@id\":\"https:\\\/\\\/unisale.com.br\\\/novo\\\/24-09-assim-os-ultimos-serao-os-primeiros-e-os-primeiros-serao-os-ultimos\\\/\"},\"author\":{\"name\":\"pastoral\",\"@id\":\"https:\\\/\\\/unisale.com.br\\\/pastoral\\\/#\\\/schema\\\/person\\\/a16ba711a0f7dec9cb6b44563144d5a3\"},\"headline\":\"24\\\/09 &#8211; Assim, os \u00faltimos ser\u00e3o os primeiros, e os primeiros ser\u00e3o os \u00faltimos.\",\"datePublished\":\"2023-09-14T15:01:48+00:00\",\"mainEntityOfPage\":{\"@id\":\"https:\\\/\\\/unisale.com.br\\\/novo\\\/24-09-assim-os-ultimos-serao-os-primeiros-e-os-primeiros-serao-os-ultimos\\\/\"},\"wordCount\":746,\"image\":{\"@id\":\"https:\\\/\\\/unisale.com.br\\\/novo\\\/24-09-assim-os-ultimos-serao-os-primeiros-e-os-primeiros-serao-os-ultimos\\\/#primaryimage\"},\"thumbnailUrl\":\"https:\\\/\\\/unisale.com.br\\\/pastoral\\\/wp-content\\\/uploads\\\/2023\\\/09\\\/images.jpg\",\"articleSection\":[\"Reflex\u00e3o do Evangelho\"],\"inLanguage\":\"pt-BR\"},{\"@type\":\"WebPage\",\"@id\":\"https:\\\/\\\/unisale.com.br\\\/novo\\\/24-09-assim-os-ultimos-serao-os-primeiros-e-os-primeiros-serao-os-ultimos\\\/\",\"url\":\"https:\\\/\\\/unisale.com.br\\\/novo\\\/24-09-assim-os-ultimos-serao-os-primeiros-e-os-primeiros-serao-os-ultimos\\\/\",\"name\":\"24\\\/09 - Assim, os \u00faltimos ser\u00e3o os primeiros, e os primeiros ser\u00e3o os \u00faltimos. - Pastoral Universit\u00e1ria UniSALESIANO\",\"isPartOf\":{\"@id\":\"https:\\\/\\\/unisale.com.br\\\/pastoral\\\/#website\"},\"primaryImageOfPage\":{\"@id\":\"https:\\\/\\\/unisale.com.br\\\/novo\\\/24-09-assim-os-ultimos-serao-os-primeiros-e-os-primeiros-serao-os-ultimos\\\/#primaryimage\"},\"image\":{\"@id\":\"https:\\\/\\\/unisale.com.br\\\/novo\\\/24-09-assim-os-ultimos-serao-os-primeiros-e-os-primeiros-serao-os-ultimos\\\/#primaryimage\"},\"thumbnailUrl\":\"https:\\\/\\\/unisale.com.br\\\/pastoral\\\/wp-content\\\/uploads\\\/2023\\\/09\\\/images.jpg\",\"datePublished\":\"2023-09-14T15:01:48+00:00\",\"author\":{\"@id\":\"https:\\\/\\\/unisale.com.br\\\/pastoral\\\/#\\\/schema\\\/person\\\/a16ba711a0f7dec9cb6b44563144d5a3\"},\"inLanguage\":\"pt-BR\",\"potentialAction\":[{\"@type\":\"ReadAction\",\"target\":[\"https:\\\/\\\/unisale.com.br\\\/novo\\\/24-09-assim-os-ultimos-serao-os-primeiros-e-os-primeiros-serao-os-ultimos\\\/\"]}]},{\"@type\":\"ImageObject\",\"inLanguage\":\"pt-BR\",\"@id\":\"https:\\\/\\\/unisale.com.br\\\/novo\\\/24-09-assim-os-ultimos-serao-os-primeiros-e-os-primeiros-serao-os-ultimos\\\/#primaryimage\",\"url\":\"https:\\\/\\\/unisale.com.br\\\/pastoral\\\/wp-content\\\/uploads\\\/2023\\\/09\\\/images.jpg\",\"contentUrl\":\"https:\\\/\\\/unisale.com.br\\\/pastoral\\\/wp-content\\\/uploads\\\/2023\\\/09\\\/images.jpg\",\"width\":275,\"height\":183},{\"@type\":\"WebSite\",\"@id\":\"https:\\\/\\\/unisale.com.br\\\/pastoral\\\/#website\",\"url\":\"https:\\\/\\\/unisale.com.br\\\/pastoral\\\/\",\"name\":\"Pastoral Universit\u00e1ria UniSALESIANO\",\"description\":\"Site da Pastoral Universit\u00e1ria do UniSALESIANO\",\"potentialAction\":[{\"@type\":\"SearchAction\",\"target\":{\"@type\":\"EntryPoint\",\"urlTemplate\":\"https:\\\/\\\/unisale.com.br\\\/pastoral\\\/?s={search_term_string}\"},\"query-input\":{\"@type\":\"PropertyValueSpecification\",\"valueRequired\":true,\"valueName\":\"search_term_string\"}}],\"inLanguage\":\"pt-BR\"},{\"@type\":\"Person\",\"@id\":\"https:\\\/\\\/unisale.com.br\\\/pastoral\\\/#\\\/schema\\\/person\\\/a16ba711a0f7dec9cb6b44563144d5a3\",\"name\":\"pastoral\",\"url\":\"https:\\\/\\\/unisale.com.br\\\/pastoral\\\/author\\\/pastoral\\\/\"}]}<\/script>\n<!-- \/ Yoast SEO plugin. -->","yoast_head_json":{"title":"24\/09 - Assim, os \u00faltimos ser\u00e3o os primeiros, e os primeiros ser\u00e3o os \u00faltimos. - Pastoral Universit\u00e1ria UniSALESIANO","robots":{"index":"index","follow":"follow","max-snippet":"max-snippet:-1","max-image-preview":"max-image-preview:large","max-video-preview":"max-video-preview:-1"},"canonical":"https:\/\/unisale.com.br\/novo\/24-09-assim-os-ultimos-serao-os-primeiros-e-os-primeiros-serao-os-ultimos\/","og_locale":"pt_BR","og_type":"article","og_title":"24\/09 - Assim, os \u00faltimos ser\u00e3o os primeiros, e os primeiros ser\u00e3o os \u00faltimos. - Pastoral Universit\u00e1ria UniSALESIANO","og_description":"Domingo, 24 de Setembro de 2023. &nbsp; Evangelho (Mt 20,1-16) &nbsp; \u201cAssim, os \u00faltimos ser\u00e3o os primeiros, e os primeiros ser\u00e3o os \u00faltimos\u201d &nbsp; Naquele...","og_url":"https:\/\/unisale.com.br\/novo\/24-09-assim-os-ultimos-serao-os-primeiros-e-os-primeiros-serao-os-ultimos\/","og_site_name":"Pastoral Universit\u00e1ria UniSALESIANO","article_published_time":"2023-09-14T15:01:48+00:00","author":"pastoral","twitter_card":"summary_large_image","twitter_misc":{"Escrito por":"pastoral","Est. tempo de leitura":"4 minutos"},"schema":{"@context":"https:\/\/schema.org","@graph":[{"@type":"Article","@id":"https:\/\/unisale.com.br\/novo\/24-09-assim-os-ultimos-serao-os-primeiros-e-os-primeiros-serao-os-ultimos\/#article","isPartOf":{"@id":"https:\/\/unisale.com.br\/novo\/24-09-assim-os-ultimos-serao-os-primeiros-e-os-primeiros-serao-os-ultimos\/"},"author":{"name":"pastoral","@id":"https:\/\/unisale.com.br\/pastoral\/#\/schema\/person\/a16ba711a0f7dec9cb6b44563144d5a3"},"headline":"24\/09 &#8211; Assim, os \u00faltimos ser\u00e3o os primeiros, e os primeiros ser\u00e3o os \u00faltimos.","datePublished":"2023-09-14T15:01:48+00:00","mainEntityOfPage":{"@id":"https:\/\/unisale.com.br\/novo\/24-09-assim-os-ultimos-serao-os-primeiros-e-os-primeiros-serao-os-ultimos\/"},"wordCount":746,"image":{"@id":"https:\/\/unisale.com.br\/novo\/24-09-assim-os-ultimos-serao-os-primeiros-e-os-primeiros-serao-os-ultimos\/#primaryimage"},"thumbnailUrl":"https:\/\/unisale.com.br\/pastoral\/wp-content\/uploads\/2023\/09\/images.jpg","articleSection":["Reflex\u00e3o do Evangelho"],"inLanguage":"pt-BR"},{"@type":"WebPage","@id":"https:\/\/unisale.com.br\/novo\/24-09-assim-os-ultimos-serao-os-primeiros-e-os-primeiros-serao-os-ultimos\/","url":"https:\/\/unisale.com.br\/novo\/24-09-assim-os-ultimos-serao-os-primeiros-e-os-primeiros-serao-os-ultimos\/","name":"24\/09 - Assim, os \u00faltimos ser\u00e3o os primeiros, e os primeiros ser\u00e3o os \u00faltimos. - Pastoral Universit\u00e1ria UniSALESIANO","isPartOf":{"@id":"https:\/\/unisale.com.br\/pastoral\/#website"},"primaryImageOfPage":{"@id":"https:\/\/unisale.com.br\/novo\/24-09-assim-os-ultimos-serao-os-primeiros-e-os-primeiros-serao-os-ultimos\/#primaryimage"},"image":{"@id":"https:\/\/unisale.com.br\/novo\/24-09-assim-os-ultimos-serao-os-primeiros-e-os-primeiros-serao-os-ultimos\/#primaryimage"},"thumbnailUrl":"https:\/\/unisale.com.br\/pastoral\/wp-content\/uploads\/2023\/09\/images.jpg","datePublished":"2023-09-14T15:01:48+00:00","author":{"@id":"https:\/\/unisale.com.br\/pastoral\/#\/schema\/person\/a16ba711a0f7dec9cb6b44563144d5a3"},"inLanguage":"pt-BR","potentialAction":[{"@type":"ReadAction","target":["https:\/\/unisale.com.br\/novo\/24-09-assim-os-ultimos-serao-os-primeiros-e-os-primeiros-serao-os-ultimos\/"]}]},{"@type":"ImageObject","inLanguage":"pt-BR","@id":"https:\/\/unisale.com.br\/novo\/24-09-assim-os-ultimos-serao-os-primeiros-e-os-primeiros-serao-os-ultimos\/#primaryimage","url":"https:\/\/unisale.com.br\/pastoral\/wp-content\/uploads\/2023\/09\/images.jpg","contentUrl":"https:\/\/unisale.com.br\/pastoral\/wp-content\/uploads\/2023\/09\/images.jpg","width":275,"height":183},{"@type":"WebSite","@id":"https:\/\/unisale.com.br\/pastoral\/#website","url":"https:\/\/unisale.com.br\/pastoral\/","name":"Pastoral Universit\u00e1ria UniSALESIANO","description":"Site da Pastoral Universit\u00e1ria do UniSALESIANO","potentialAction":[{"@type":"SearchAction","target":{"@type":"EntryPoint","urlTemplate":"https:\/\/unisale.com.br\/pastoral\/?s={search_term_string}"},"query-input":{"@type":"PropertyValueSpecification","valueRequired":true,"valueName":"search_term_string"}}],"inLanguage":"pt-BR"},{"@type":"Person","@id":"https:\/\/unisale.com.br\/pastoral\/#\/schema\/person\/a16ba711a0f7dec9cb6b44563144d5a3","name":"pastoral","url":"https:\/\/unisale.com.br\/pastoral\/author\/pastoral\/"}]}},"_links":{"self":[{"href":"https:\/\/unisale.com.br\/pastoral\/wp-json\/wp\/v2\/posts\/7678","targetHints":{"allow":["GET"]}}],"collection":[{"href":"https:\/\/unisale.com.br\/pastoral\/wp-json\/wp\/v2\/posts"}],"about":[{"href":"https:\/\/unisale.com.br\/pastoral\/wp-json\/wp\/v2\/types\/post"}],"author":[{"embeddable":true,"href":"https:\/\/unisale.com.br\/pastoral\/wp-json\/wp\/v2\/users\/1"}],"replies":[{"embeddable":true,"href":"https:\/\/unisale.com.br\/pastoral\/wp-json\/wp\/v2\/comments?post=7678"}],"version-history":[{"count":0,"href":"https:\/\/unisale.com.br\/pastoral\/wp-json\/wp\/v2\/posts\/7678\/revisions"}],"wp:featuredmedia":[{"embeddable":true,"href":"https:\/\/unisale.com.br\/pastoral\/wp-json\/wp\/v2\/media\/7679"}],"wp:attachment":[{"href":"https:\/\/unisale.com.br\/pastoral\/wp-json\/wp\/v2\/media?parent=7678"}],"wp:term":[{"taxonomy":"category","embeddable":true,"href":"https:\/\/unisale.com.br\/pastoral\/wp-json\/wp\/v2\/categories?post=7678"},{"taxonomy":"post_tag","embeddable":true,"href":"https:\/\/unisale.com.br\/pastoral\/wp-json\/wp\/v2\/tags?post=7678"}],"curies":[{"name":"wp","href":"https:\/\/api.w.org\/{rel}","templated":true}]}}