{"id":7681,"date":"2023-09-14T15:03:10","date_gmt":"2023-09-14T15:03:10","guid":{"rendered":"https:\/\/unisale.com.br\/pastoral\/?p=7681"},"modified":"2023-09-14T15:03:10","modified_gmt":"2023-09-14T15:03:10","slug":"25-09-ninguem-acende-uma-lampada-para-cobri-la-om-uma-vasilha-ou-coloca-la-debaixo-da-cama","status":"publish","type":"post","link":"https:\/\/unisale.com.br\/pastoral\/25-09-ninguem-acende-uma-lampada-para-cobri-la-om-uma-vasilha-ou-coloca-la-debaixo-da-cama\/","title":{"rendered":"25\/09 &#8211; Ningu\u00e9m acende uma l\u00e2mpada para cobri-la om uma vasilha ou coloca-la debaixo da cama&#8230;"},"content":{"rendered":"<p>Segunda-feira, 25 de Setembro de 2023.<\/p>\n<p>&nbsp;<\/p>\n<p><strong>Evangelho (Lc 8,16-18)<\/strong><\/p>\n<p><strong>\u00a0<\/strong><\/p>\n<p><strong>\u201cNingu\u00e9m acende uma l\u00e2mpada para cobri-la om uma vasilha ou coloca-la debaixo da cama&#8230;\u201d.<\/strong><\/p>\n<p>&nbsp;<\/p>\n<p>Naquele tempo, disse Jesus \u00e0 multid\u00e3o: <sup>16<\/sup>\u201cNingu\u00e9m acende uma l\u00e2mpada para cobri-la com uma vasilha ou coloc\u00e1-la debaixo da cama; ao contr\u00e1rio, coloca-a no candeeiro, a fim de que todos os que entram vejam a luz. <sup>17<\/sup>Com efeito, tudo o que est\u00e1 escondido dever\u00e1 tornar-se manifesto; e tudo o que est\u00e1 em segredo dever\u00e1 tornar-se conhecido e claramente manifesto. <sup>18<\/sup>Portanto, prestai aten\u00e7\u00e3o \u00e0 maneira como v\u00f3s ouvis! Pois a quem tem alguma coisa, ser\u00e1 dado ainda mais; e \u00e0quele que n\u00e3o tem, ser\u00e1 tirado at\u00e9 mesmo o que ele pensa ter\u201d.<\/p>\n<p>&nbsp;<\/p>\n<p><strong>Reflex\u00e3o<\/strong><\/p>\n<p><strong>\u00a0<\/strong><\/p>\n<p>\u00c9 interessante notar como a luz nos deixa mais livres do que a escurid\u00e3o. Um modo equivocado de pensar Deus ou a f\u00e9 como algo a mais que devemos cumprir, pode fazer com que n\u00e3o tenhamos a luz necess\u00e1ria para vivermos bem. Deus precisa ser o motivo pelo qual tudo vale a pena e funciona. Ele deve ser o centro de tudo o que fazemos e vivemos. S\u00f3 assim descobriremos que a verdadeira liberdade s\u00f3 nos \u00e9 poss\u00edvel na presen\u00e7a de Deus. O evangelho de hoje nos faz entender que lugar damos as coisas. Uma coisa boa colocada no lugar errado poderia n\u00e3o somente se tornar in\u00fatil, mas poderia tamb\u00e9m produzir uma trag\u00e9dia, por exemplo, se um pai ou uma m\u00e3e colocam o trabalho no primeiro lugar da sua lista, acontecer\u00e1 que o trabalho lhes dar\u00e1 satisfa\u00e7\u00e3o, mas nunca felicidade. Nem mesmo os filhos ser\u00e3o felizes que, mesmo tendo tudo que precisam, n\u00e3o contar\u00e3o com a presen\u00e7a dos pais. Cada um de n\u00f3s devia se perguntar: quais s\u00e3o as coisas importantes e que lugar elas ocupam em nossa vida? Deus mais que tudo, est\u00e1 no topo da nossa lista? Mais que tudo Ele deve ser o primeiro, pois \u00e9 Ele que torna importante todas as outras coisas que temos. Deus n\u00e3o rouba o nosso tempo, ali\u00e1s, Ele nos d\u00e1 tudo o que temos. Ele deve ser o nosso oxig\u00eanio, o nosso respiro. Se n\u00e3o respiramos morremos. Se nos esquecemos de respirar, morremos, assim, se nos esquecemos de Deus, tamb\u00e9m morremos. Precisamos ter uma boa vida espiritual para vivermos a verdadeira vida.<\/p>\n<p><strong>Pe. Paulo Eduardo J\u00e1como, sdb.<\/strong><\/p>\n","protected":false},"excerpt":{"rendered":"<p>Segunda-feira, 25 de Setembro de 2023. &nbsp; Evangelho (Lc 8,16-18) \u00a0 \u201cNingu\u00e9m acende uma l\u00e2mpada para cobri-la om uma vasilha ou coloca-la debaixo da cama&#8230;\u201d&#8230;.<\/p>\n","protected":false},"author":1,"featured_media":7682,"comment_status":"closed","ping_status":"closed","sticky":false,"template":"","format":"standard","meta":{"_acf_changed":false,"footnotes":""},"categories":[13],"tags":[],"class_list":["post-7681","post","type-post","status-publish","format-standard","has-post-thumbnail","hentry","category-reflexaodoevagelho"],"acf":[],"yoast_head":"<!-- This site is optimized with the Yoast SEO plugin v27.3 - https:\/\/yoast.com\/product\/yoast-seo-wordpress\/ -->\n<title>25\/09 - Ningu\u00e9m acende uma l\u00e2mpada para cobri-la om uma vasilha ou coloca-la debaixo da cama... - Pastoral Universit\u00e1ria UniSALESIANO<\/title>\n<meta name=\"robots\" content=\"index, follow, max-snippet:-1, max-image-preview:large, max-video-preview:-1\" \/>\n<link rel=\"canonical\" href=\"https:\/\/unisale.com.br\/novo\/25-09-ninguem-acende-uma-lampada-para-cobri-la-om-uma-vasilha-ou-coloca-la-debaixo-da-cama\/\" \/>\n<meta property=\"og:locale\" content=\"pt_BR\" \/>\n<meta property=\"og:type\" content=\"article\" \/>\n<meta property=\"og:title\" content=\"25\/09 - Ningu\u00e9m acende uma l\u00e2mpada para cobri-la om uma vasilha ou coloca-la debaixo da cama... - Pastoral Universit\u00e1ria UniSALESIANO\" \/>\n<meta property=\"og:description\" content=\"Segunda-feira, 25 de Setembro de 2023. &nbsp; Evangelho (Lc 8,16-18) \u00a0 \u201cNingu\u00e9m acende uma l\u00e2mpada para cobri-la om uma vasilha ou coloca-la debaixo da cama&#8230;\u201d....\" \/>\n<meta property=\"og:url\" content=\"https:\/\/unisale.com.br\/novo\/25-09-ninguem-acende-uma-lampada-para-cobri-la-om-uma-vasilha-ou-coloca-la-debaixo-da-cama\/\" \/>\n<meta property=\"og:site_name\" content=\"Pastoral Universit\u00e1ria UniSALESIANO\" \/>\n<meta property=\"article:published_time\" content=\"2023-09-14T15:03:10+00:00\" \/>\n<meta name=\"author\" content=\"pastoral\" \/>\n<meta name=\"twitter:card\" content=\"summary_large_image\" \/>\n<meta name=\"twitter:label1\" content=\"Escrito por\" \/>\n\t<meta name=\"twitter:data1\" content=\"pastoral\" \/>\n\t<meta name=\"twitter:label2\" content=\"Est. tempo de leitura\" \/>\n\t<meta name=\"twitter:data2\" content=\"2 minutos\" \/>\n<script type=\"application\/ld+json\" class=\"yoast-schema-graph\">{\"@context\":\"https:\\\/\\\/schema.org\",\"@graph\":[{\"@type\":\"Article\",\"@id\":\"https:\\\/\\\/unisale.com.br\\\/novo\\\/25-09-ninguem-acende-uma-lampada-para-cobri-la-om-uma-vasilha-ou-coloca-la-debaixo-da-cama\\\/#article\",\"isPartOf\":{\"@id\":\"https:\\\/\\\/unisale.com.br\\\/novo\\\/25-09-ninguem-acende-uma-lampada-para-cobri-la-om-uma-vasilha-ou-coloca-la-debaixo-da-cama\\\/\"},\"author\":{\"name\":\"pastoral\",\"@id\":\"https:\\\/\\\/unisale.com.br\\\/pastoral\\\/#\\\/schema\\\/person\\\/a16ba711a0f7dec9cb6b44563144d5a3\"},\"headline\":\"25\\\/09 &#8211; Ningu\u00e9m acende uma l\u00e2mpada para cobri-la om uma vasilha ou coloca-la debaixo da cama&#8230;\",\"datePublished\":\"2023-09-14T15:03:10+00:00\",\"mainEntityOfPage\":{\"@id\":\"https:\\\/\\\/unisale.com.br\\\/novo\\\/25-09-ninguem-acende-uma-lampada-para-cobri-la-om-uma-vasilha-ou-coloca-la-debaixo-da-cama\\\/\"},\"wordCount\":428,\"image\":{\"@id\":\"https:\\\/\\\/unisale.com.br\\\/novo\\\/25-09-ninguem-acende-uma-lampada-para-cobri-la-om-uma-vasilha-ou-coloca-la-debaixo-da-cama\\\/#primaryimage\"},\"thumbnailUrl\":\"https:\\\/\\\/unisale.com.br\\\/pastoral\\\/wp-content\\\/uploads\\\/2023\\\/09\\\/luz.jpg\",\"articleSection\":[\"Reflex\u00e3o do Evangelho\"],\"inLanguage\":\"pt-BR\"},{\"@type\":\"WebPage\",\"@id\":\"https:\\\/\\\/unisale.com.br\\\/novo\\\/25-09-ninguem-acende-uma-lampada-para-cobri-la-om-uma-vasilha-ou-coloca-la-debaixo-da-cama\\\/\",\"url\":\"https:\\\/\\\/unisale.com.br\\\/novo\\\/25-09-ninguem-acende-uma-lampada-para-cobri-la-om-uma-vasilha-ou-coloca-la-debaixo-da-cama\\\/\",\"name\":\"25\\\/09 - Ningu\u00e9m acende uma l\u00e2mpada para cobri-la om uma vasilha ou coloca-la debaixo da cama... - Pastoral Universit\u00e1ria UniSALESIANO\",\"isPartOf\":{\"@id\":\"https:\\\/\\\/unisale.com.br\\\/pastoral\\\/#website\"},\"primaryImageOfPage\":{\"@id\":\"https:\\\/\\\/unisale.com.br\\\/novo\\\/25-09-ninguem-acende-uma-lampada-para-cobri-la-om-uma-vasilha-ou-coloca-la-debaixo-da-cama\\\/#primaryimage\"},\"image\":{\"@id\":\"https:\\\/\\\/unisale.com.br\\\/novo\\\/25-09-ninguem-acende-uma-lampada-para-cobri-la-om-uma-vasilha-ou-coloca-la-debaixo-da-cama\\\/#primaryimage\"},\"thumbnailUrl\":\"https:\\\/\\\/unisale.com.br\\\/pastoral\\\/wp-content\\\/uploads\\\/2023\\\/09\\\/luz.jpg\",\"datePublished\":\"2023-09-14T15:03:10+00:00\",\"author\":{\"@id\":\"https:\\\/\\\/unisale.com.br\\\/pastoral\\\/#\\\/schema\\\/person\\\/a16ba711a0f7dec9cb6b44563144d5a3\"},\"inLanguage\":\"pt-BR\",\"potentialAction\":[{\"@type\":\"ReadAction\",\"target\":[\"https:\\\/\\\/unisale.com.br\\\/novo\\\/25-09-ninguem-acende-uma-lampada-para-cobri-la-om-uma-vasilha-ou-coloca-la-debaixo-da-cama\\\/\"]}]},{\"@type\":\"ImageObject\",\"inLanguage\":\"pt-BR\",\"@id\":\"https:\\\/\\\/unisale.com.br\\\/novo\\\/25-09-ninguem-acende-uma-lampada-para-cobri-la-om-uma-vasilha-ou-coloca-la-debaixo-da-cama\\\/#primaryimage\",\"url\":\"https:\\\/\\\/unisale.com.br\\\/pastoral\\\/wp-content\\\/uploads\\\/2023\\\/09\\\/luz.jpg\",\"contentUrl\":\"https:\\\/\\\/unisale.com.br\\\/pastoral\\\/wp-content\\\/uploads\\\/2023\\\/09\\\/luz.jpg\",\"width\":275,\"height\":183},{\"@type\":\"WebSite\",\"@id\":\"https:\\\/\\\/unisale.com.br\\\/pastoral\\\/#website\",\"url\":\"https:\\\/\\\/unisale.com.br\\\/pastoral\\\/\",\"name\":\"Pastoral Universit\u00e1ria UniSALESIANO\",\"description\":\"Site da Pastoral Universit\u00e1ria do UniSALESIANO\",\"potentialAction\":[{\"@type\":\"SearchAction\",\"target\":{\"@type\":\"EntryPoint\",\"urlTemplate\":\"https:\\\/\\\/unisale.com.br\\\/pastoral\\\/?s={search_term_string}\"},\"query-input\":{\"@type\":\"PropertyValueSpecification\",\"valueRequired\":true,\"valueName\":\"search_term_string\"}}],\"inLanguage\":\"pt-BR\"},{\"@type\":\"Person\",\"@id\":\"https:\\\/\\\/unisale.com.br\\\/pastoral\\\/#\\\/schema\\\/person\\\/a16ba711a0f7dec9cb6b44563144d5a3\",\"name\":\"pastoral\",\"url\":\"https:\\\/\\\/unisale.com.br\\\/pastoral\\\/author\\\/pastoral\\\/\"}]}<\/script>\n<!-- \/ Yoast SEO plugin. -->","yoast_head_json":{"title":"25\/09 - Ningu\u00e9m acende uma l\u00e2mpada para cobri-la om uma vasilha ou coloca-la debaixo da cama... - Pastoral Universit\u00e1ria UniSALESIANO","robots":{"index":"index","follow":"follow","max-snippet":"max-snippet:-1","max-image-preview":"max-image-preview:large","max-video-preview":"max-video-preview:-1"},"canonical":"https:\/\/unisale.com.br\/novo\/25-09-ninguem-acende-uma-lampada-para-cobri-la-om-uma-vasilha-ou-coloca-la-debaixo-da-cama\/","og_locale":"pt_BR","og_type":"article","og_title":"25\/09 - Ningu\u00e9m acende uma l\u00e2mpada para cobri-la om uma vasilha ou coloca-la debaixo da cama... - Pastoral Universit\u00e1ria UniSALESIANO","og_description":"Segunda-feira, 25 de Setembro de 2023. &nbsp; Evangelho (Lc 8,16-18) \u00a0 \u201cNingu\u00e9m acende uma l\u00e2mpada para cobri-la om uma vasilha ou coloca-la debaixo da cama&#8230;\u201d....","og_url":"https:\/\/unisale.com.br\/novo\/25-09-ninguem-acende-uma-lampada-para-cobri-la-om-uma-vasilha-ou-coloca-la-debaixo-da-cama\/","og_site_name":"Pastoral Universit\u00e1ria UniSALESIANO","article_published_time":"2023-09-14T15:03:10+00:00","author":"pastoral","twitter_card":"summary_large_image","twitter_misc":{"Escrito por":"pastoral","Est. tempo de leitura":"2 minutos"},"schema":{"@context":"https:\/\/schema.org","@graph":[{"@type":"Article","@id":"https:\/\/unisale.com.br\/novo\/25-09-ninguem-acende-uma-lampada-para-cobri-la-om-uma-vasilha-ou-coloca-la-debaixo-da-cama\/#article","isPartOf":{"@id":"https:\/\/unisale.com.br\/novo\/25-09-ninguem-acende-uma-lampada-para-cobri-la-om-uma-vasilha-ou-coloca-la-debaixo-da-cama\/"},"author":{"name":"pastoral","@id":"https:\/\/unisale.com.br\/pastoral\/#\/schema\/person\/a16ba711a0f7dec9cb6b44563144d5a3"},"headline":"25\/09 &#8211; Ningu\u00e9m acende uma l\u00e2mpada para cobri-la om uma vasilha ou coloca-la debaixo da cama&#8230;","datePublished":"2023-09-14T15:03:10+00:00","mainEntityOfPage":{"@id":"https:\/\/unisale.com.br\/novo\/25-09-ninguem-acende-uma-lampada-para-cobri-la-om-uma-vasilha-ou-coloca-la-debaixo-da-cama\/"},"wordCount":428,"image":{"@id":"https:\/\/unisale.com.br\/novo\/25-09-ninguem-acende-uma-lampada-para-cobri-la-om-uma-vasilha-ou-coloca-la-debaixo-da-cama\/#primaryimage"},"thumbnailUrl":"https:\/\/unisale.com.br\/pastoral\/wp-content\/uploads\/2023\/09\/luz.jpg","articleSection":["Reflex\u00e3o do Evangelho"],"inLanguage":"pt-BR"},{"@type":"WebPage","@id":"https:\/\/unisale.com.br\/novo\/25-09-ninguem-acende-uma-lampada-para-cobri-la-om-uma-vasilha-ou-coloca-la-debaixo-da-cama\/","url":"https:\/\/unisale.com.br\/novo\/25-09-ninguem-acende-uma-lampada-para-cobri-la-om-uma-vasilha-ou-coloca-la-debaixo-da-cama\/","name":"25\/09 - Ningu\u00e9m acende uma l\u00e2mpada para cobri-la om uma vasilha ou coloca-la debaixo da cama... - Pastoral Universit\u00e1ria UniSALESIANO","isPartOf":{"@id":"https:\/\/unisale.com.br\/pastoral\/#website"},"primaryImageOfPage":{"@id":"https:\/\/unisale.com.br\/novo\/25-09-ninguem-acende-uma-lampada-para-cobri-la-om-uma-vasilha-ou-coloca-la-debaixo-da-cama\/#primaryimage"},"image":{"@id":"https:\/\/unisale.com.br\/novo\/25-09-ninguem-acende-uma-lampada-para-cobri-la-om-uma-vasilha-ou-coloca-la-debaixo-da-cama\/#primaryimage"},"thumbnailUrl":"https:\/\/unisale.com.br\/pastoral\/wp-content\/uploads\/2023\/09\/luz.jpg","datePublished":"2023-09-14T15:03:10+00:00","author":{"@id":"https:\/\/unisale.com.br\/pastoral\/#\/schema\/person\/a16ba711a0f7dec9cb6b44563144d5a3"},"inLanguage":"pt-BR","potentialAction":[{"@type":"ReadAction","target":["https:\/\/unisale.com.br\/novo\/25-09-ninguem-acende-uma-lampada-para-cobri-la-om-uma-vasilha-ou-coloca-la-debaixo-da-cama\/"]}]},{"@type":"ImageObject","inLanguage":"pt-BR","@id":"https:\/\/unisale.com.br\/novo\/25-09-ninguem-acende-uma-lampada-para-cobri-la-om-uma-vasilha-ou-coloca-la-debaixo-da-cama\/#primaryimage","url":"https:\/\/unisale.com.br\/pastoral\/wp-content\/uploads\/2023\/09\/luz.jpg","contentUrl":"https:\/\/unisale.com.br\/pastoral\/wp-content\/uploads\/2023\/09\/luz.jpg","width":275,"height":183},{"@type":"WebSite","@id":"https:\/\/unisale.com.br\/pastoral\/#website","url":"https:\/\/unisale.com.br\/pastoral\/","name":"Pastoral Universit\u00e1ria UniSALESIANO","description":"Site da Pastoral Universit\u00e1ria do UniSALESIANO","potentialAction":[{"@type":"SearchAction","target":{"@type":"EntryPoint","urlTemplate":"https:\/\/unisale.com.br\/pastoral\/?s={search_term_string}"},"query-input":{"@type":"PropertyValueSpecification","valueRequired":true,"valueName":"search_term_string"}}],"inLanguage":"pt-BR"},{"@type":"Person","@id":"https:\/\/unisale.com.br\/pastoral\/#\/schema\/person\/a16ba711a0f7dec9cb6b44563144d5a3","name":"pastoral","url":"https:\/\/unisale.com.br\/pastoral\/author\/pastoral\/"}]}},"_links":{"self":[{"href":"https:\/\/unisale.com.br\/pastoral\/wp-json\/wp\/v2\/posts\/7681","targetHints":{"allow":["GET"]}}],"collection":[{"href":"https:\/\/unisale.com.br\/pastoral\/wp-json\/wp\/v2\/posts"}],"about":[{"href":"https:\/\/unisale.com.br\/pastoral\/wp-json\/wp\/v2\/types\/post"}],"author":[{"embeddable":true,"href":"https:\/\/unisale.com.br\/pastoral\/wp-json\/wp\/v2\/users\/1"}],"replies":[{"embeddable":true,"href":"https:\/\/unisale.com.br\/pastoral\/wp-json\/wp\/v2\/comments?post=7681"}],"version-history":[{"count":0,"href":"https:\/\/unisale.com.br\/pastoral\/wp-json\/wp\/v2\/posts\/7681\/revisions"}],"wp:featuredmedia":[{"embeddable":true,"href":"https:\/\/unisale.com.br\/pastoral\/wp-json\/wp\/v2\/media\/7682"}],"wp:attachment":[{"href":"https:\/\/unisale.com.br\/pastoral\/wp-json\/wp\/v2\/media?parent=7681"}],"wp:term":[{"taxonomy":"category","embeddable":true,"href":"https:\/\/unisale.com.br\/pastoral\/wp-json\/wp\/v2\/categories?post=7681"},{"taxonomy":"post_tag","embeddable":true,"href":"https:\/\/unisale.com.br\/pastoral\/wp-json\/wp\/v2\/tags?post=7681"}],"curies":[{"name":"wp","href":"https:\/\/api.w.org\/{rel}","templated":true}]}}