{"id":7699,"date":"2023-09-22T10:52:26","date_gmt":"2023-09-22T10:52:26","guid":{"rendered":"https:\/\/unisale.com.br\/pastoral\/?p=7699"},"modified":"2023-09-22T10:52:26","modified_gmt":"2023-09-22T10:52:26","slug":"27-09-os-discipulos-partiram-e-percorreram-os-povoados-anunciando-a-boa-nova-e-fazendo-curas-em-todos-os-lugares","status":"publish","type":"post","link":"https:\/\/unisale.com.br\/pastoral\/27-09-os-discipulos-partiram-e-percorreram-os-povoados-anunciando-a-boa-nova-e-fazendo-curas-em-todos-os-lugares\/","title":{"rendered":"27\/09 &#8211; Os disc\u00edpulos partiram e percorreram os povoados anunciando a Boa-nova e fazendo curas em todos os lugares"},"content":{"rendered":"<p>Quarta-feira, 27 de Setembro de 2023.<\/p>\n<p>&nbsp;<\/p>\n<p><strong>Evangelho (Lc 9,1-6)<\/strong><\/p>\n<p><strong>\u00a0<\/strong><\/p>\n<p><strong>\u201cOs disc\u00edpulos partiram e percorreram os povoados anunciando a Boa-nova e fazendo curas em todos os lugares\u201d.<\/strong><\/p>\n<p><strong>\u00a0<\/strong><\/p>\n<p>Naquele tempo:<sup>1<\/sup>Jesus convocou os Doze, deu-lhes poder e autoridade sobre todos os dem\u00f4nios e para curar doen\u00e7as,<sup>2<\/sup>enviou-os a proclamar o Reino de Deus e a curar os enfermos.<sup>3<\/sup>E disse-lhes: &#8216;N\u00e3o leveis nada para o caminho: nem cajado, nem sacola, nem p\u00e3o, nem dinheiro, nem mesmo duas t\u00fanicas.<sup>4<\/sup>Em qualquer casa onde entrardes, ficai a\u00ed; e da\u00ed \u00e9 que partireis de novo.<sup>5<\/sup>Todos aqueles que n\u00e3o vos acolherem, ao sairdes daquela cidade, sacudi a poeira dos vossos p\u00e9s, como protesto contra eles.<sup>&#8216;6<\/sup>Os disc\u00edpulos partiram e percorriam os povoados, anunciando a Boa Nova e fazendo curas em todos os lugares.<\/p>\n<p>&nbsp;<\/p>\n<p><strong>Reflex\u00e3o<\/strong><\/p>\n<p><strong>\u00a0<\/strong><\/p>\n<p>Certamente n\u00e3o se pode anunciar a esperan\u00e7a a uma pessoa que sofre, sem que ao menos foquemos no seu sofrimento, sem que fa\u00e7amos o m\u00ednimo para lhe saciar a fome. Os mission\u00e1rios sabem bem disso, pois sempre uniram o an\u00fancio de Jesus a uma a\u00e7\u00e3o social e espiritual. Anunciar e curar, dois verbos que descrevem como deve ser a a\u00e7\u00e3o do verdadeiro disc\u00edpulo. N\u00e3o basta anunciar, \u00e9 preciso cuidar, curar e libertar. Se n\u00e3o for assim, o an\u00fancio crist\u00e3o poderia resultar uma mentira. Mas tamb\u00e9m a liberta\u00e7\u00e3o do homem sem o an\u00fancio poderia resultar numa falsa liberta\u00e7\u00e3o. Tomar como algo s\u00e9rio a fome de algu\u00e9m, o seu sofrimento e as suas necessidades, esquecendo-nos de tudo o que Cristo ensinou, poderia nos transforma em lutadores pol\u00edticos, em ide\u00f3logos da sociedade, em defensores de classes sociais, mas n\u00e3o em ap\u00f3stolo ou disc\u00edpulos. E a bagagem que devemos levar na nossa miss\u00e3o como disc\u00edpulos n\u00e3o \u00e9 composta de coisas materiais, mas da confian\u00e7a que devemos ter em Cristo, confian\u00e7a Naquele que nos envia. Pode ser que nos falte justamente isso: confian\u00e7a em Quem nos chamou e nos enviou. Pode ser que somos ricos de meios e pobres na f\u00e9, na confian\u00e7a. Isto torna as vossas igrejas equipadas, mas n\u00e3o eficazes; equipadas, mas vazias. A efic\u00e1cia do verdadeiro an\u00fancio Crist\u00e3o n\u00e3o est\u00e1 nos meios que temos a disposi\u00e7\u00e3o, n\u00e3o est\u00e1 nas coisas materiais, mas na confian\u00e7a, na f\u00e9.<\/p>\n<p><strong>Pe. Paulo Eduardo J\u00e1como, sdb.<\/strong><\/p>\n","protected":false},"excerpt":{"rendered":"<p>Quarta-feira, 27 de Setembro de 2023. &nbsp; Evangelho (Lc 9,1-6) \u00a0 \u201cOs disc\u00edpulos partiram e percorreram os povoados anunciando a Boa-nova e fazendo curas em&#8230;<\/p>\n","protected":false},"author":1,"featured_media":7700,"comment_status":"closed","ping_status":"closed","sticky":false,"template":"","format":"standard","meta":{"_acf_changed":false,"footnotes":""},"categories":[13],"tags":[],"class_list":["post-7699","post","type-post","status-publish","format-standard","has-post-thumbnail","hentry","category-reflexaodoevagelho"],"acf":[],"yoast_head":"<!-- This site is optimized with the Yoast SEO plugin v27.3 - https:\/\/yoast.com\/product\/yoast-seo-wordpress\/ -->\n<title>27\/09 - Os disc\u00edpulos partiram e percorreram os povoados anunciando a Boa-nova e fazendo curas em todos os lugares - Pastoral Universit\u00e1ria UniSALESIANO<\/title>\n<meta name=\"robots\" content=\"index, follow, max-snippet:-1, max-image-preview:large, max-video-preview:-1\" \/>\n<link rel=\"canonical\" href=\"https:\/\/unisale.com.br\/novo\/27-09-os-discipulos-partiram-e-percorreram-os-povoados-anunciando-a-boa-nova-e-fazendo-curas-em-todos-os-lugares\/\" \/>\n<meta property=\"og:locale\" content=\"pt_BR\" \/>\n<meta property=\"og:type\" content=\"article\" \/>\n<meta property=\"og:title\" content=\"27\/09 - Os disc\u00edpulos partiram e percorreram os povoados anunciando a Boa-nova e fazendo curas em todos os lugares - Pastoral Universit\u00e1ria UniSALESIANO\" \/>\n<meta property=\"og:description\" content=\"Quarta-feira, 27 de Setembro de 2023. &nbsp; Evangelho (Lc 9,1-6) \u00a0 \u201cOs disc\u00edpulos partiram e percorreram os povoados anunciando a Boa-nova e fazendo curas em...\" \/>\n<meta property=\"og:url\" content=\"https:\/\/unisale.com.br\/novo\/27-09-os-discipulos-partiram-e-percorreram-os-povoados-anunciando-a-boa-nova-e-fazendo-curas-em-todos-os-lugares\/\" \/>\n<meta property=\"og:site_name\" content=\"Pastoral Universit\u00e1ria UniSALESIANO\" \/>\n<meta property=\"article:published_time\" content=\"2023-09-22T10:52:26+00:00\" \/>\n<meta name=\"author\" content=\"pastoral\" \/>\n<meta name=\"twitter:card\" content=\"summary_large_image\" \/>\n<meta name=\"twitter:label1\" content=\"Escrito por\" \/>\n\t<meta name=\"twitter:data1\" content=\"pastoral\" \/>\n\t<meta name=\"twitter:label2\" content=\"Est. tempo de leitura\" \/>\n\t<meta name=\"twitter:data2\" content=\"2 minutos\" \/>\n<script type=\"application\/ld+json\" class=\"yoast-schema-graph\">{\"@context\":\"https:\\\/\\\/schema.org\",\"@graph\":[{\"@type\":\"Article\",\"@id\":\"https:\\\/\\\/unisale.com.br\\\/novo\\\/27-09-os-discipulos-partiram-e-percorreram-os-povoados-anunciando-a-boa-nova-e-fazendo-curas-em-todos-os-lugares\\\/#article\",\"isPartOf\":{\"@id\":\"https:\\\/\\\/unisale.com.br\\\/novo\\\/27-09-os-discipulos-partiram-e-percorreram-os-povoados-anunciando-a-boa-nova-e-fazendo-curas-em-todos-os-lugares\\\/\"},\"author\":{\"name\":\"pastoral\",\"@id\":\"https:\\\/\\\/unisale.com.br\\\/pastoral\\\/#\\\/schema\\\/person\\\/a16ba711a0f7dec9cb6b44563144d5a3\"},\"headline\":\"27\\\/09 &#8211; Os disc\u00edpulos partiram e percorreram os povoados anunciando a Boa-nova e fazendo curas em todos os lugares\",\"datePublished\":\"2023-09-22T10:52:26+00:00\",\"mainEntityOfPage\":{\"@id\":\"https:\\\/\\\/unisale.com.br\\\/novo\\\/27-09-os-discipulos-partiram-e-percorreram-os-povoados-anunciando-a-boa-nova-e-fazendo-curas-em-todos-os-lugares\\\/\"},\"wordCount\":434,\"image\":{\"@id\":\"https:\\\/\\\/unisale.com.br\\\/novo\\\/27-09-os-discipulos-partiram-e-percorreram-os-povoados-anunciando-a-boa-nova-e-fazendo-curas-em-todos-os-lugares\\\/#primaryimage\"},\"thumbnailUrl\":\"https:\\\/\\\/unisale.com.br\\\/pastoral\\\/wp-content\\\/uploads\\\/2023\\\/09\\\/005-lumo-jesus-disciples.jpg\",\"articleSection\":[\"Reflex\u00e3o do Evangelho\"],\"inLanguage\":\"pt-BR\"},{\"@type\":\"WebPage\",\"@id\":\"https:\\\/\\\/unisale.com.br\\\/novo\\\/27-09-os-discipulos-partiram-e-percorreram-os-povoados-anunciando-a-boa-nova-e-fazendo-curas-em-todos-os-lugares\\\/\",\"url\":\"https:\\\/\\\/unisale.com.br\\\/novo\\\/27-09-os-discipulos-partiram-e-percorreram-os-povoados-anunciando-a-boa-nova-e-fazendo-curas-em-todos-os-lugares\\\/\",\"name\":\"27\\\/09 - Os disc\u00edpulos partiram e percorreram os povoados anunciando a Boa-nova e fazendo curas em todos os lugares - Pastoral Universit\u00e1ria UniSALESIANO\",\"isPartOf\":{\"@id\":\"https:\\\/\\\/unisale.com.br\\\/pastoral\\\/#website\"},\"primaryImageOfPage\":{\"@id\":\"https:\\\/\\\/unisale.com.br\\\/novo\\\/27-09-os-discipulos-partiram-e-percorreram-os-povoados-anunciando-a-boa-nova-e-fazendo-curas-em-todos-os-lugares\\\/#primaryimage\"},\"image\":{\"@id\":\"https:\\\/\\\/unisale.com.br\\\/novo\\\/27-09-os-discipulos-partiram-e-percorreram-os-povoados-anunciando-a-boa-nova-e-fazendo-curas-em-todos-os-lugares\\\/#primaryimage\"},\"thumbnailUrl\":\"https:\\\/\\\/unisale.com.br\\\/pastoral\\\/wp-content\\\/uploads\\\/2023\\\/09\\\/005-lumo-jesus-disciples.jpg\",\"datePublished\":\"2023-09-22T10:52:26+00:00\",\"author\":{\"@id\":\"https:\\\/\\\/unisale.com.br\\\/pastoral\\\/#\\\/schema\\\/person\\\/a16ba711a0f7dec9cb6b44563144d5a3\"},\"inLanguage\":\"pt-BR\",\"potentialAction\":[{\"@type\":\"ReadAction\",\"target\":[\"https:\\\/\\\/unisale.com.br\\\/novo\\\/27-09-os-discipulos-partiram-e-percorreram-os-povoados-anunciando-a-boa-nova-e-fazendo-curas-em-todos-os-lugares\\\/\"]}]},{\"@type\":\"ImageObject\",\"inLanguage\":\"pt-BR\",\"@id\":\"https:\\\/\\\/unisale.com.br\\\/novo\\\/27-09-os-discipulos-partiram-e-percorreram-os-povoados-anunciando-a-boa-nova-e-fazendo-curas-em-todos-os-lugares\\\/#primaryimage\",\"url\":\"https:\\\/\\\/unisale.com.br\\\/pastoral\\\/wp-content\\\/uploads\\\/2023\\\/09\\\/005-lumo-jesus-disciples.jpg\",\"contentUrl\":\"https:\\\/\\\/unisale.com.br\\\/pastoral\\\/wp-content\\\/uploads\\\/2023\\\/09\\\/005-lumo-jesus-disciples.jpg\",\"width\":480,\"height\":360},{\"@type\":\"WebSite\",\"@id\":\"https:\\\/\\\/unisale.com.br\\\/pastoral\\\/#website\",\"url\":\"https:\\\/\\\/unisale.com.br\\\/pastoral\\\/\",\"name\":\"Pastoral Universit\u00e1ria UniSALESIANO\",\"description\":\"Site da Pastoral Universit\u00e1ria do UniSALESIANO\",\"potentialAction\":[{\"@type\":\"SearchAction\",\"target\":{\"@type\":\"EntryPoint\",\"urlTemplate\":\"https:\\\/\\\/unisale.com.br\\\/pastoral\\\/?s={search_term_string}\"},\"query-input\":{\"@type\":\"PropertyValueSpecification\",\"valueRequired\":true,\"valueName\":\"search_term_string\"}}],\"inLanguage\":\"pt-BR\"},{\"@type\":\"Person\",\"@id\":\"https:\\\/\\\/unisale.com.br\\\/pastoral\\\/#\\\/schema\\\/person\\\/a16ba711a0f7dec9cb6b44563144d5a3\",\"name\":\"pastoral\",\"url\":\"https:\\\/\\\/unisale.com.br\\\/pastoral\\\/author\\\/pastoral\\\/\"}]}<\/script>\n<!-- \/ Yoast SEO plugin. -->","yoast_head_json":{"title":"27\/09 - Os disc\u00edpulos partiram e percorreram os povoados anunciando a Boa-nova e fazendo curas em todos os lugares - Pastoral Universit\u00e1ria UniSALESIANO","robots":{"index":"index","follow":"follow","max-snippet":"max-snippet:-1","max-image-preview":"max-image-preview:large","max-video-preview":"max-video-preview:-1"},"canonical":"https:\/\/unisale.com.br\/novo\/27-09-os-discipulos-partiram-e-percorreram-os-povoados-anunciando-a-boa-nova-e-fazendo-curas-em-todos-os-lugares\/","og_locale":"pt_BR","og_type":"article","og_title":"27\/09 - Os disc\u00edpulos partiram e percorreram os povoados anunciando a Boa-nova e fazendo curas em todos os lugares - Pastoral Universit\u00e1ria UniSALESIANO","og_description":"Quarta-feira, 27 de Setembro de 2023. &nbsp; Evangelho (Lc 9,1-6) \u00a0 \u201cOs disc\u00edpulos partiram e percorreram os povoados anunciando a Boa-nova e fazendo curas em...","og_url":"https:\/\/unisale.com.br\/novo\/27-09-os-discipulos-partiram-e-percorreram-os-povoados-anunciando-a-boa-nova-e-fazendo-curas-em-todos-os-lugares\/","og_site_name":"Pastoral Universit\u00e1ria UniSALESIANO","article_published_time":"2023-09-22T10:52:26+00:00","author":"pastoral","twitter_card":"summary_large_image","twitter_misc":{"Escrito por":"pastoral","Est. tempo de leitura":"2 minutos"},"schema":{"@context":"https:\/\/schema.org","@graph":[{"@type":"Article","@id":"https:\/\/unisale.com.br\/novo\/27-09-os-discipulos-partiram-e-percorreram-os-povoados-anunciando-a-boa-nova-e-fazendo-curas-em-todos-os-lugares\/#article","isPartOf":{"@id":"https:\/\/unisale.com.br\/novo\/27-09-os-discipulos-partiram-e-percorreram-os-povoados-anunciando-a-boa-nova-e-fazendo-curas-em-todos-os-lugares\/"},"author":{"name":"pastoral","@id":"https:\/\/unisale.com.br\/pastoral\/#\/schema\/person\/a16ba711a0f7dec9cb6b44563144d5a3"},"headline":"27\/09 &#8211; Os disc\u00edpulos partiram e percorreram os povoados anunciando a Boa-nova e fazendo curas em todos os lugares","datePublished":"2023-09-22T10:52:26+00:00","mainEntityOfPage":{"@id":"https:\/\/unisale.com.br\/novo\/27-09-os-discipulos-partiram-e-percorreram-os-povoados-anunciando-a-boa-nova-e-fazendo-curas-em-todos-os-lugares\/"},"wordCount":434,"image":{"@id":"https:\/\/unisale.com.br\/novo\/27-09-os-discipulos-partiram-e-percorreram-os-povoados-anunciando-a-boa-nova-e-fazendo-curas-em-todos-os-lugares\/#primaryimage"},"thumbnailUrl":"https:\/\/unisale.com.br\/pastoral\/wp-content\/uploads\/2023\/09\/005-lumo-jesus-disciples.jpg","articleSection":["Reflex\u00e3o do Evangelho"],"inLanguage":"pt-BR"},{"@type":"WebPage","@id":"https:\/\/unisale.com.br\/novo\/27-09-os-discipulos-partiram-e-percorreram-os-povoados-anunciando-a-boa-nova-e-fazendo-curas-em-todos-os-lugares\/","url":"https:\/\/unisale.com.br\/novo\/27-09-os-discipulos-partiram-e-percorreram-os-povoados-anunciando-a-boa-nova-e-fazendo-curas-em-todos-os-lugares\/","name":"27\/09 - Os disc\u00edpulos partiram e percorreram os povoados anunciando a Boa-nova e fazendo curas em todos os lugares - Pastoral Universit\u00e1ria UniSALESIANO","isPartOf":{"@id":"https:\/\/unisale.com.br\/pastoral\/#website"},"primaryImageOfPage":{"@id":"https:\/\/unisale.com.br\/novo\/27-09-os-discipulos-partiram-e-percorreram-os-povoados-anunciando-a-boa-nova-e-fazendo-curas-em-todos-os-lugares\/#primaryimage"},"image":{"@id":"https:\/\/unisale.com.br\/novo\/27-09-os-discipulos-partiram-e-percorreram-os-povoados-anunciando-a-boa-nova-e-fazendo-curas-em-todos-os-lugares\/#primaryimage"},"thumbnailUrl":"https:\/\/unisale.com.br\/pastoral\/wp-content\/uploads\/2023\/09\/005-lumo-jesus-disciples.jpg","datePublished":"2023-09-22T10:52:26+00:00","author":{"@id":"https:\/\/unisale.com.br\/pastoral\/#\/schema\/person\/a16ba711a0f7dec9cb6b44563144d5a3"},"inLanguage":"pt-BR","potentialAction":[{"@type":"ReadAction","target":["https:\/\/unisale.com.br\/novo\/27-09-os-discipulos-partiram-e-percorreram-os-povoados-anunciando-a-boa-nova-e-fazendo-curas-em-todos-os-lugares\/"]}]},{"@type":"ImageObject","inLanguage":"pt-BR","@id":"https:\/\/unisale.com.br\/novo\/27-09-os-discipulos-partiram-e-percorreram-os-povoados-anunciando-a-boa-nova-e-fazendo-curas-em-todos-os-lugares\/#primaryimage","url":"https:\/\/unisale.com.br\/pastoral\/wp-content\/uploads\/2023\/09\/005-lumo-jesus-disciples.jpg","contentUrl":"https:\/\/unisale.com.br\/pastoral\/wp-content\/uploads\/2023\/09\/005-lumo-jesus-disciples.jpg","width":480,"height":360},{"@type":"WebSite","@id":"https:\/\/unisale.com.br\/pastoral\/#website","url":"https:\/\/unisale.com.br\/pastoral\/","name":"Pastoral Universit\u00e1ria UniSALESIANO","description":"Site da Pastoral Universit\u00e1ria do UniSALESIANO","potentialAction":[{"@type":"SearchAction","target":{"@type":"EntryPoint","urlTemplate":"https:\/\/unisale.com.br\/pastoral\/?s={search_term_string}"},"query-input":{"@type":"PropertyValueSpecification","valueRequired":true,"valueName":"search_term_string"}}],"inLanguage":"pt-BR"},{"@type":"Person","@id":"https:\/\/unisale.com.br\/pastoral\/#\/schema\/person\/a16ba711a0f7dec9cb6b44563144d5a3","name":"pastoral","url":"https:\/\/unisale.com.br\/pastoral\/author\/pastoral\/"}]}},"_links":{"self":[{"href":"https:\/\/unisale.com.br\/pastoral\/wp-json\/wp\/v2\/posts\/7699","targetHints":{"allow":["GET"]}}],"collection":[{"href":"https:\/\/unisale.com.br\/pastoral\/wp-json\/wp\/v2\/posts"}],"about":[{"href":"https:\/\/unisale.com.br\/pastoral\/wp-json\/wp\/v2\/types\/post"}],"author":[{"embeddable":true,"href":"https:\/\/unisale.com.br\/pastoral\/wp-json\/wp\/v2\/users\/1"}],"replies":[{"embeddable":true,"href":"https:\/\/unisale.com.br\/pastoral\/wp-json\/wp\/v2\/comments?post=7699"}],"version-history":[{"count":0,"href":"https:\/\/unisale.com.br\/pastoral\/wp-json\/wp\/v2\/posts\/7699\/revisions"}],"wp:featuredmedia":[{"embeddable":true,"href":"https:\/\/unisale.com.br\/pastoral\/wp-json\/wp\/v2\/media\/7700"}],"wp:attachment":[{"href":"https:\/\/unisale.com.br\/pastoral\/wp-json\/wp\/v2\/media?parent=7699"}],"wp:term":[{"taxonomy":"category","embeddable":true,"href":"https:\/\/unisale.com.br\/pastoral\/wp-json\/wp\/v2\/categories?post=7699"},{"taxonomy":"post_tag","embeddable":true,"href":"https:\/\/unisale.com.br\/pastoral\/wp-json\/wp\/v2\/tags?post=7699"}],"curies":[{"name":"wp","href":"https:\/\/api.w.org\/{rel}","templated":true}]}}