{"id":7705,"date":"2023-09-22T11:08:26","date_gmt":"2023-09-22T11:08:26","guid":{"rendered":"https:\/\/unisale.com.br\/pastoral\/?p=7705"},"modified":"2023-09-22T11:08:26","modified_gmt":"2023-09-22T11:08:26","slug":"28-09-um-dos-antigo-profetas-tinha-ressuscitado","status":"publish","type":"post","link":"https:\/\/unisale.com.br\/pastoral\/28-09-um-dos-antigo-profetas-tinha-ressuscitado\/","title":{"rendered":"28\/09 &#8211; um dos antigo profetas tinha ressuscitado."},"content":{"rendered":"<p>Quinta-feira, 28 de Setembro de 2023.<\/p>\n<p>&nbsp;<\/p>\n<p><strong>Evangelho (Lc 9,7-9)<\/strong><\/p>\n<p>&nbsp;<\/p>\n<p>&#8220;um dos antigo profetas tinha ressuscitado&#8221;.<\/p>\n<p><strong>\u00a0<\/strong><\/p>\n<p>Naquele tempo <sup>7<\/sup>O tetrarca Herodes ouviu falar de tudo o que estava acontecendo, e ficou perplexo, porque alguns diziam que Jo\u00e3o Batista tinha ressuscitado dos mortos. <sup>8<\/sup>Outros diziam que Elias tinha aparecido; outros ainda, que um dos antigos profetas tinha ressuscitado. <sup>9<\/sup>Ent\u00e3o Herodes disse: &#8216;Eu mandei degolar Jo\u00e3o. Quem \u00e9 esse homem, sobre quem ou\u00e7o falar essas coisas?&#8217; E procurava ver Jesus.<\/p>\n<p>&nbsp;<\/p>\n<p><strong>Reflex\u00e3o<\/strong><\/p>\n<p><strong>\u00a0<\/strong><\/p>\n<p>Mesmo na pessoa mais terr\u00edvel como Erodes, existia o desejo de ver Jesus. \u00c9 uma li\u00e7\u00e3o para n\u00f3s, n\u00e3o existe situa\u00e7\u00e3o na vida, por mais errada que seja, que possa suprimir o desejo por Cristo. Quem tem a consci\u00eancia suja n\u00e3o vive uma vida serena, porque por mais que se possa pensar que com a viol\u00eancia, a prepot\u00eancia, e a for\u00e7a se pode ter tudo, a verdade \u00e9 que quem se coloca contra a pr\u00f3pria consci\u00eancia vive num constante medo e na defensiva, e por isso enxerga sempre inimigos dos quais deve defender-se. Este \u00e9 Erodes. A confus\u00e3o reina soberana onde reina o mal. Se certas vezes o nosso ju\u00edzo e a nossa capacidade de discernir \u00e9 tomada pela confus\u00e3o, talvez \u00e9 porque antes de tudo n\u00f3s temos que nos afastar da escurid\u00e3o, ou nos afastar daquilo que chamamos de \u201cpecado\u201d. Um aut\u00eantico discernimento nasce de uma aut\u00eantica reconcilia\u00e7\u00e3o. S\u00f3 depois de rompermos com as trevas (pecado), \u00e9 que poderemos ver melhor. Desejar fazer um discernimento, mas continuando abra\u00e7ado ao pecado significa n\u00e3o alcan\u00e7ar jamais a meta, ou seja, significa n\u00e3o ver jamais a luz. Mas \u00e9 interessante perceber que apesar da situa\u00e7\u00e3o pecadora de Erodes, nele ainda existia o desejo de ver Jesus. \u00c9 um bom ponto de partida, apesar da incerteza do resultado.<\/p>\n<p><strong>Pe. Paulo Eduardo J\u00e1como, sdb.<\/strong><\/p>\n","protected":false},"excerpt":{"rendered":"<p>Quinta-feira, 28 de Setembro de 2023. &nbsp; Evangelho (Lc 9,7-9) &nbsp; &#8220;um dos antigo profetas tinha ressuscitado&#8221;. \u00a0 Naquele tempo 7O tetrarca Herodes ouviu falar&#8230;<\/p>\n","protected":false},"author":1,"featured_media":7707,"comment_status":"closed","ping_status":"closed","sticky":false,"template":"","format":"standard","meta":{"_acf_changed":false,"footnotes":""},"categories":[13],"tags":[],"class_list":["post-7705","post","type-post","status-publish","format-standard","has-post-thumbnail","hentry","category-reflexaodoevagelho"],"acf":[],"yoast_head":"<!-- This site is optimized with the Yoast SEO plugin v27.3 - https:\/\/yoast.com\/product\/yoast-seo-wordpress\/ -->\n<title>28\/09 - um dos antigo profetas tinha ressuscitado. - Pastoral Universit\u00e1ria UniSALESIANO<\/title>\n<meta name=\"robots\" content=\"index, follow, max-snippet:-1, max-image-preview:large, max-video-preview:-1\" \/>\n<link rel=\"canonical\" href=\"https:\/\/unisale.com.br\/novo\/28-09-um-dos-antigo-profetas-tinha-ressuscitado\/\" \/>\n<meta property=\"og:locale\" content=\"pt_BR\" \/>\n<meta property=\"og:type\" content=\"article\" \/>\n<meta property=\"og:title\" content=\"28\/09 - um dos antigo profetas tinha ressuscitado. - Pastoral Universit\u00e1ria UniSALESIANO\" \/>\n<meta property=\"og:description\" content=\"Quinta-feira, 28 de Setembro de 2023. &nbsp; Evangelho (Lc 9,7-9) &nbsp; &#8220;um dos antigo profetas tinha ressuscitado&#8221;. \u00a0 Naquele tempo 7O tetrarca Herodes ouviu falar...\" \/>\n<meta property=\"og:url\" content=\"https:\/\/unisale.com.br\/novo\/28-09-um-dos-antigo-profetas-tinha-ressuscitado\/\" \/>\n<meta property=\"og:site_name\" content=\"Pastoral Universit\u00e1ria UniSALESIANO\" \/>\n<meta property=\"article:published_time\" content=\"2023-09-22T11:08:26+00:00\" \/>\n<meta name=\"author\" content=\"pastoral\" \/>\n<meta name=\"twitter:card\" content=\"summary_large_image\" \/>\n<meta name=\"twitter:label1\" content=\"Escrito por\" \/>\n\t<meta name=\"twitter:data1\" content=\"pastoral\" \/>\n\t<meta name=\"twitter:label2\" content=\"Est. tempo de leitura\" \/>\n\t<meta name=\"twitter:data2\" content=\"2 minutos\" \/>\n<script type=\"application\/ld+json\" class=\"yoast-schema-graph\">{\"@context\":\"https:\\\/\\\/schema.org\",\"@graph\":[{\"@type\":\"Article\",\"@id\":\"https:\\\/\\\/unisale.com.br\\\/novo\\\/28-09-um-dos-antigo-profetas-tinha-ressuscitado\\\/#article\",\"isPartOf\":{\"@id\":\"https:\\\/\\\/unisale.com.br\\\/novo\\\/28-09-um-dos-antigo-profetas-tinha-ressuscitado\\\/\"},\"author\":{\"name\":\"pastoral\",\"@id\":\"https:\\\/\\\/unisale.com.br\\\/pastoral\\\/#\\\/schema\\\/person\\\/a16ba711a0f7dec9cb6b44563144d5a3\"},\"headline\":\"28\\\/09 &#8211; um dos antigo profetas tinha ressuscitado.\",\"datePublished\":\"2023-09-22T11:08:26+00:00\",\"mainEntityOfPage\":{\"@id\":\"https:\\\/\\\/unisale.com.br\\\/novo\\\/28-09-um-dos-antigo-profetas-tinha-ressuscitado\\\/\"},\"wordCount\":328,\"image\":{\"@id\":\"https:\\\/\\\/unisale.com.br\\\/novo\\\/28-09-um-dos-antigo-profetas-tinha-ressuscitado\\\/#primaryimage\"},\"thumbnailUrl\":\"https:\\\/\\\/unisale.com.br\\\/pastoral\\\/wp-content\\\/uploads\\\/2023\\\/09\\\/a-vaidade-de-herodes.jpeg\",\"articleSection\":[\"Reflex\u00e3o do Evangelho\"],\"inLanguage\":\"pt-BR\"},{\"@type\":\"WebPage\",\"@id\":\"https:\\\/\\\/unisale.com.br\\\/novo\\\/28-09-um-dos-antigo-profetas-tinha-ressuscitado\\\/\",\"url\":\"https:\\\/\\\/unisale.com.br\\\/novo\\\/28-09-um-dos-antigo-profetas-tinha-ressuscitado\\\/\",\"name\":\"28\\\/09 - um dos antigo profetas tinha ressuscitado. - Pastoral Universit\u00e1ria UniSALESIANO\",\"isPartOf\":{\"@id\":\"https:\\\/\\\/unisale.com.br\\\/pastoral\\\/#website\"},\"primaryImageOfPage\":{\"@id\":\"https:\\\/\\\/unisale.com.br\\\/novo\\\/28-09-um-dos-antigo-profetas-tinha-ressuscitado\\\/#primaryimage\"},\"image\":{\"@id\":\"https:\\\/\\\/unisale.com.br\\\/novo\\\/28-09-um-dos-antigo-profetas-tinha-ressuscitado\\\/#primaryimage\"},\"thumbnailUrl\":\"https:\\\/\\\/unisale.com.br\\\/pastoral\\\/wp-content\\\/uploads\\\/2023\\\/09\\\/a-vaidade-de-herodes.jpeg\",\"datePublished\":\"2023-09-22T11:08:26+00:00\",\"author\":{\"@id\":\"https:\\\/\\\/unisale.com.br\\\/pastoral\\\/#\\\/schema\\\/person\\\/a16ba711a0f7dec9cb6b44563144d5a3\"},\"inLanguage\":\"pt-BR\",\"potentialAction\":[{\"@type\":\"ReadAction\",\"target\":[\"https:\\\/\\\/unisale.com.br\\\/novo\\\/28-09-um-dos-antigo-profetas-tinha-ressuscitado\\\/\"]}]},{\"@type\":\"ImageObject\",\"inLanguage\":\"pt-BR\",\"@id\":\"https:\\\/\\\/unisale.com.br\\\/novo\\\/28-09-um-dos-antigo-profetas-tinha-ressuscitado\\\/#primaryimage\",\"url\":\"https:\\\/\\\/unisale.com.br\\\/pastoral\\\/wp-content\\\/uploads\\\/2023\\\/09\\\/a-vaidade-de-herodes.jpeg\",\"contentUrl\":\"https:\\\/\\\/unisale.com.br\\\/pastoral\\\/wp-content\\\/uploads\\\/2023\\\/09\\\/a-vaidade-de-herodes.jpeg\",\"width\":889,\"height\":500},{\"@type\":\"WebSite\",\"@id\":\"https:\\\/\\\/unisale.com.br\\\/pastoral\\\/#website\",\"url\":\"https:\\\/\\\/unisale.com.br\\\/pastoral\\\/\",\"name\":\"Pastoral Universit\u00e1ria UniSALESIANO\",\"description\":\"Site da Pastoral Universit\u00e1ria do UniSALESIANO\",\"potentialAction\":[{\"@type\":\"SearchAction\",\"target\":{\"@type\":\"EntryPoint\",\"urlTemplate\":\"https:\\\/\\\/unisale.com.br\\\/pastoral\\\/?s={search_term_string}\"},\"query-input\":{\"@type\":\"PropertyValueSpecification\",\"valueRequired\":true,\"valueName\":\"search_term_string\"}}],\"inLanguage\":\"pt-BR\"},{\"@type\":\"Person\",\"@id\":\"https:\\\/\\\/unisale.com.br\\\/pastoral\\\/#\\\/schema\\\/person\\\/a16ba711a0f7dec9cb6b44563144d5a3\",\"name\":\"pastoral\",\"url\":\"https:\\\/\\\/unisale.com.br\\\/pastoral\\\/author\\\/pastoral\\\/\"}]}<\/script>\n<!-- \/ Yoast SEO plugin. -->","yoast_head_json":{"title":"28\/09 - um dos antigo profetas tinha ressuscitado. - Pastoral Universit\u00e1ria UniSALESIANO","robots":{"index":"index","follow":"follow","max-snippet":"max-snippet:-1","max-image-preview":"max-image-preview:large","max-video-preview":"max-video-preview:-1"},"canonical":"https:\/\/unisale.com.br\/novo\/28-09-um-dos-antigo-profetas-tinha-ressuscitado\/","og_locale":"pt_BR","og_type":"article","og_title":"28\/09 - um dos antigo profetas tinha ressuscitado. - Pastoral Universit\u00e1ria UniSALESIANO","og_description":"Quinta-feira, 28 de Setembro de 2023. &nbsp; Evangelho (Lc 9,7-9) &nbsp; &#8220;um dos antigo profetas tinha ressuscitado&#8221;. \u00a0 Naquele tempo 7O tetrarca Herodes ouviu falar...","og_url":"https:\/\/unisale.com.br\/novo\/28-09-um-dos-antigo-profetas-tinha-ressuscitado\/","og_site_name":"Pastoral Universit\u00e1ria UniSALESIANO","article_published_time":"2023-09-22T11:08:26+00:00","author":"pastoral","twitter_card":"summary_large_image","twitter_misc":{"Escrito por":"pastoral","Est. tempo de leitura":"2 minutos"},"schema":{"@context":"https:\/\/schema.org","@graph":[{"@type":"Article","@id":"https:\/\/unisale.com.br\/novo\/28-09-um-dos-antigo-profetas-tinha-ressuscitado\/#article","isPartOf":{"@id":"https:\/\/unisale.com.br\/novo\/28-09-um-dos-antigo-profetas-tinha-ressuscitado\/"},"author":{"name":"pastoral","@id":"https:\/\/unisale.com.br\/pastoral\/#\/schema\/person\/a16ba711a0f7dec9cb6b44563144d5a3"},"headline":"28\/09 &#8211; um dos antigo profetas tinha ressuscitado.","datePublished":"2023-09-22T11:08:26+00:00","mainEntityOfPage":{"@id":"https:\/\/unisale.com.br\/novo\/28-09-um-dos-antigo-profetas-tinha-ressuscitado\/"},"wordCount":328,"image":{"@id":"https:\/\/unisale.com.br\/novo\/28-09-um-dos-antigo-profetas-tinha-ressuscitado\/#primaryimage"},"thumbnailUrl":"https:\/\/unisale.com.br\/pastoral\/wp-content\/uploads\/2023\/09\/a-vaidade-de-herodes.jpeg","articleSection":["Reflex\u00e3o do Evangelho"],"inLanguage":"pt-BR"},{"@type":"WebPage","@id":"https:\/\/unisale.com.br\/novo\/28-09-um-dos-antigo-profetas-tinha-ressuscitado\/","url":"https:\/\/unisale.com.br\/novo\/28-09-um-dos-antigo-profetas-tinha-ressuscitado\/","name":"28\/09 - um dos antigo profetas tinha ressuscitado. - Pastoral Universit\u00e1ria UniSALESIANO","isPartOf":{"@id":"https:\/\/unisale.com.br\/pastoral\/#website"},"primaryImageOfPage":{"@id":"https:\/\/unisale.com.br\/novo\/28-09-um-dos-antigo-profetas-tinha-ressuscitado\/#primaryimage"},"image":{"@id":"https:\/\/unisale.com.br\/novo\/28-09-um-dos-antigo-profetas-tinha-ressuscitado\/#primaryimage"},"thumbnailUrl":"https:\/\/unisale.com.br\/pastoral\/wp-content\/uploads\/2023\/09\/a-vaidade-de-herodes.jpeg","datePublished":"2023-09-22T11:08:26+00:00","author":{"@id":"https:\/\/unisale.com.br\/pastoral\/#\/schema\/person\/a16ba711a0f7dec9cb6b44563144d5a3"},"inLanguage":"pt-BR","potentialAction":[{"@type":"ReadAction","target":["https:\/\/unisale.com.br\/novo\/28-09-um-dos-antigo-profetas-tinha-ressuscitado\/"]}]},{"@type":"ImageObject","inLanguage":"pt-BR","@id":"https:\/\/unisale.com.br\/novo\/28-09-um-dos-antigo-profetas-tinha-ressuscitado\/#primaryimage","url":"https:\/\/unisale.com.br\/pastoral\/wp-content\/uploads\/2023\/09\/a-vaidade-de-herodes.jpeg","contentUrl":"https:\/\/unisale.com.br\/pastoral\/wp-content\/uploads\/2023\/09\/a-vaidade-de-herodes.jpeg","width":889,"height":500},{"@type":"WebSite","@id":"https:\/\/unisale.com.br\/pastoral\/#website","url":"https:\/\/unisale.com.br\/pastoral\/","name":"Pastoral Universit\u00e1ria UniSALESIANO","description":"Site da Pastoral Universit\u00e1ria do UniSALESIANO","potentialAction":[{"@type":"SearchAction","target":{"@type":"EntryPoint","urlTemplate":"https:\/\/unisale.com.br\/pastoral\/?s={search_term_string}"},"query-input":{"@type":"PropertyValueSpecification","valueRequired":true,"valueName":"search_term_string"}}],"inLanguage":"pt-BR"},{"@type":"Person","@id":"https:\/\/unisale.com.br\/pastoral\/#\/schema\/person\/a16ba711a0f7dec9cb6b44563144d5a3","name":"pastoral","url":"https:\/\/unisale.com.br\/pastoral\/author\/pastoral\/"}]}},"_links":{"self":[{"href":"https:\/\/unisale.com.br\/pastoral\/wp-json\/wp\/v2\/posts\/7705","targetHints":{"allow":["GET"]}}],"collection":[{"href":"https:\/\/unisale.com.br\/pastoral\/wp-json\/wp\/v2\/posts"}],"about":[{"href":"https:\/\/unisale.com.br\/pastoral\/wp-json\/wp\/v2\/types\/post"}],"author":[{"embeddable":true,"href":"https:\/\/unisale.com.br\/pastoral\/wp-json\/wp\/v2\/users\/1"}],"replies":[{"embeddable":true,"href":"https:\/\/unisale.com.br\/pastoral\/wp-json\/wp\/v2\/comments?post=7705"}],"version-history":[{"count":0,"href":"https:\/\/unisale.com.br\/pastoral\/wp-json\/wp\/v2\/posts\/7705\/revisions"}],"wp:featuredmedia":[{"embeddable":true,"href":"https:\/\/unisale.com.br\/pastoral\/wp-json\/wp\/v2\/media\/7707"}],"wp:attachment":[{"href":"https:\/\/unisale.com.br\/pastoral\/wp-json\/wp\/v2\/media?parent=7705"}],"wp:term":[{"taxonomy":"category","embeddable":true,"href":"https:\/\/unisale.com.br\/pastoral\/wp-json\/wp\/v2\/categories?post=7705"},{"taxonomy":"post_tag","embeddable":true,"href":"https:\/\/unisale.com.br\/pastoral\/wp-json\/wp\/v2\/tags?post=7705"}],"curies":[{"name":"wp","href":"https:\/\/api.w.org\/{rel}","templated":true}]}}