{"id":7724,"date":"2023-09-25T14:18:52","date_gmt":"2023-09-25T14:18:52","guid":{"rendered":"https:\/\/unisale.com.br\/pastoral\/?p=7724"},"modified":"2023-09-25T14:18:52","modified_gmt":"2023-09-25T14:18:52","slug":"03-10-estava-chegando-o-tempo-de-jesus-ser-levado-para-o-ceu","status":"publish","type":"post","link":"https:\/\/unisale.com.br\/pastoral\/03-10-estava-chegando-o-tempo-de-jesus-ser-levado-para-o-ceu\/","title":{"rendered":"03\/10 &#8211; Estava chegando o tempo de Jesus ser levado para o c\u00e9u."},"content":{"rendered":"<p>Ter\u00e7a-feira, 03 de outubro de 2023.<\/p>\n<p>&nbsp;<\/p>\n<p><strong>Evangelho (Lc 9,51-56)<\/p>\n<p>Estava chegando o tempo de Jesus ser levado para o c\u00e9u.<\/p>\n<p><\/strong><\/p>\n<p><sup>51<\/sup>Estava chegando o tempo de Jesus ser levado para o c\u00e9u. Ent\u00e3o ele tomou a firme decis\u00e3o de partir para Jerusal\u00e9m <sup>52<\/sup>e enviou mensageiros \u00e0 sua frente. Estes puseram-se a caminho e entraram num povoado de samaritanos, a fim de preparar hospedagem para Jesus. <sup>53<\/sup>Mas os samaritanos n\u00e3o o receberam, pois Jesus dava a impress\u00e3o de que ia a Jerusal\u00e9m. <sup>54<\/sup>Vendo isso, os disc\u00edpulos Tiago e Jo\u00e3o disseram: \u201cSenhor, queres que mandemos descer fogo do c\u00e9u para destru\u00ed-los?\u201d <sup>55<\/sup>Jesus, por\u00e9m, voltou-se e repreendeu-os. <sup>56<\/sup>E partiram para outro povoado.<\/p>\n<p>&nbsp;<\/p>\n<p><strong>Reflex\u00e3o<\/strong><\/p>\n<p>&nbsp;<\/p>\n<p>Jesus est\u00e1 a caminho de Jerusal\u00e9m e algo inesperado lhe acontece: um grupo de Samaritanos n\u00e3o permite que Ele entre no vilarejo. \u00c9 a infinita liberdade do homem que decide vencer ou perder. Mal sabiam eles que n\u00e3o acolhendo Jesus eram eles que estavam perdendo e n\u00e3o Jesus. Deus n\u00e3o nos tira a liberdade, ali\u00e1s, sem ela n\u00e3o ser\u00edamos nada, n\u00e3o existiria nem mesmo o amor, seria tudo simplesmente determinado, estabelecido, artificialmente perfeito. Mas o Evangelho n\u00e3o nos esconde nada, nem mesmo a frustra\u00e7\u00e3o dos disc\u00edpulos que diante da recusa dos Samaritanos querem agir com viol\u00eancia: \u201cSenhor, queres que mandemos descer fogo do c\u00e9u para destru\u00ed-los. N\u00e3o conseguem suportar o fato que algu\u00e9m se feche \u00e0 mensagem de Jesus, n\u00e3o conseguem tolerar as tonteiras da liberdade que possuem aqueles que tamb\u00e9m dizem n\u00e3o. A amizade com Jesus, a espiritualidade que constru\u00edram convivendo com Jesus n\u00e3o os livrou da tenta\u00e7\u00e3o do fundamentalismo. E \u00e9 justamente Jesus a conduzi-los para a verdadeira l\u00f3gica das coisas e n\u00e3o aquela das suas expectativas: <sup>\u201c<\/sup>Jesus, por\u00e9m, voltou-se e repreendeu-os. E partiram para outro povoado\u201d. Jesus \u00e9 o primeiro defensor da liberdade dos \u2018dissidentes\u2019. N\u00e3o s\u00e3o os disc\u00edpulos que acalmam Jesus, mas \u00e9 Ele quem acalma os disc\u00edpulos. E a liberdade possui modos que precisam ser respeitados e levados em considera\u00e7\u00e3o. Muitas vezes o zelo pela f\u00e9 nos torna excessivamente fundamentalistas. Paradoxalmente muitas vezes isso n\u00e3o defende a Deus, mas o refuta. O testemunho mais danoso que se possa dar a Deus \u00e9 aquele da viol\u00eancia em todas as suas formas.<\/p>\n<p><strong>Pe. Paulo Eduardo J\u00e1como, sdb.<\/strong><\/p>\n","protected":false},"excerpt":{"rendered":"<p>Ter\u00e7a-feira, 03 de outubro de 2023. &nbsp; Evangelho (Lc 9,51-56) Estava chegando o tempo de Jesus ser levado para o c\u00e9u. 51Estava chegando o tempo&#8230;<\/p>\n","protected":false},"author":1,"featured_media":7725,"comment_status":"closed","ping_status":"closed","sticky":false,"template":"","format":"standard","meta":{"_acf_changed":false,"footnotes":""},"categories":[13],"tags":[],"class_list":["post-7724","post","type-post","status-publish","format-standard","has-post-thumbnail","hentry","category-reflexaodoevagelho"],"acf":[],"yoast_head":"<!-- This site is optimized with the Yoast SEO plugin v27.3 - https:\/\/yoast.com\/product\/yoast-seo-wordpress\/ -->\n<title>03\/10 - Estava chegando o tempo de Jesus ser levado para o c\u00e9u. - Pastoral Universit\u00e1ria UniSALESIANO<\/title>\n<meta name=\"robots\" content=\"index, follow, max-snippet:-1, max-image-preview:large, max-video-preview:-1\" \/>\n<link rel=\"canonical\" href=\"https:\/\/unisale.com.br\/novo\/03-10-estava-chegando-o-tempo-de-jesus-ser-levado-para-o-ceu\/\" \/>\n<meta property=\"og:locale\" content=\"pt_BR\" \/>\n<meta property=\"og:type\" content=\"article\" \/>\n<meta property=\"og:title\" content=\"03\/10 - Estava chegando o tempo de Jesus ser levado para o c\u00e9u. - Pastoral Universit\u00e1ria UniSALESIANO\" \/>\n<meta property=\"og:description\" content=\"Ter\u00e7a-feira, 03 de outubro de 2023. &nbsp; Evangelho (Lc 9,51-56) Estava chegando o tempo de Jesus ser levado para o c\u00e9u. 51Estava chegando o tempo...\" \/>\n<meta property=\"og:url\" content=\"https:\/\/unisale.com.br\/novo\/03-10-estava-chegando-o-tempo-de-jesus-ser-levado-para-o-ceu\/\" \/>\n<meta property=\"og:site_name\" content=\"Pastoral Universit\u00e1ria UniSALESIANO\" \/>\n<meta property=\"article:published_time\" content=\"2023-09-25T14:18:52+00:00\" \/>\n<meta name=\"author\" content=\"pastoral\" \/>\n<meta name=\"twitter:card\" content=\"summary_large_image\" \/>\n<meta name=\"twitter:label1\" content=\"Escrito por\" \/>\n\t<meta name=\"twitter:data1\" content=\"pastoral\" \/>\n\t<meta name=\"twitter:label2\" content=\"Est. tempo de leitura\" \/>\n\t<meta name=\"twitter:data2\" content=\"2 minutos\" \/>\n<script type=\"application\/ld+json\" class=\"yoast-schema-graph\">{\"@context\":\"https:\\\/\\\/schema.org\",\"@graph\":[{\"@type\":\"Article\",\"@id\":\"https:\\\/\\\/unisale.com.br\\\/novo\\\/03-10-estava-chegando-o-tempo-de-jesus-ser-levado-para-o-ceu\\\/#article\",\"isPartOf\":{\"@id\":\"https:\\\/\\\/unisale.com.br\\\/novo\\\/03-10-estava-chegando-o-tempo-de-jesus-ser-levado-para-o-ceu\\\/\"},\"author\":{\"name\":\"pastoral\",\"@id\":\"https:\\\/\\\/unisale.com.br\\\/pastoral\\\/#\\\/schema\\\/person\\\/a16ba711a0f7dec9cb6b44563144d5a3\"},\"headline\":\"03\\\/10 &#8211; Estava chegando o tempo de Jesus ser levado para o c\u00e9u.\",\"datePublished\":\"2023-09-25T14:18:52+00:00\",\"mainEntityOfPage\":{\"@id\":\"https:\\\/\\\/unisale.com.br\\\/novo\\\/03-10-estava-chegando-o-tempo-de-jesus-ser-levado-para-o-ceu\\\/\"},\"wordCount\":425,\"image\":{\"@id\":\"https:\\\/\\\/unisale.com.br\\\/novo\\\/03-10-estava-chegando-o-tempo-de-jesus-ser-levado-para-o-ceu\\\/#primaryimage\"},\"thumbnailUrl\":\"https:\\\/\\\/unisale.com.br\\\/pastoral\\\/wp-content\\\/uploads\\\/2023\\\/09\\\/14ce5v4.jpg\",\"articleSection\":[\"Reflex\u00e3o do Evangelho\"],\"inLanguage\":\"pt-BR\"},{\"@type\":\"WebPage\",\"@id\":\"https:\\\/\\\/unisale.com.br\\\/novo\\\/03-10-estava-chegando-o-tempo-de-jesus-ser-levado-para-o-ceu\\\/\",\"url\":\"https:\\\/\\\/unisale.com.br\\\/novo\\\/03-10-estava-chegando-o-tempo-de-jesus-ser-levado-para-o-ceu\\\/\",\"name\":\"03\\\/10 - Estava chegando o tempo de Jesus ser levado para o c\u00e9u. - Pastoral Universit\u00e1ria UniSALESIANO\",\"isPartOf\":{\"@id\":\"https:\\\/\\\/unisale.com.br\\\/pastoral\\\/#website\"},\"primaryImageOfPage\":{\"@id\":\"https:\\\/\\\/unisale.com.br\\\/novo\\\/03-10-estava-chegando-o-tempo-de-jesus-ser-levado-para-o-ceu\\\/#primaryimage\"},\"image\":{\"@id\":\"https:\\\/\\\/unisale.com.br\\\/novo\\\/03-10-estava-chegando-o-tempo-de-jesus-ser-levado-para-o-ceu\\\/#primaryimage\"},\"thumbnailUrl\":\"https:\\\/\\\/unisale.com.br\\\/pastoral\\\/wp-content\\\/uploads\\\/2023\\\/09\\\/14ce5v4.jpg\",\"datePublished\":\"2023-09-25T14:18:52+00:00\",\"author\":{\"@id\":\"https:\\\/\\\/unisale.com.br\\\/pastoral\\\/#\\\/schema\\\/person\\\/a16ba711a0f7dec9cb6b44563144d5a3\"},\"inLanguage\":\"pt-BR\",\"potentialAction\":[{\"@type\":\"ReadAction\",\"target\":[\"https:\\\/\\\/unisale.com.br\\\/novo\\\/03-10-estava-chegando-o-tempo-de-jesus-ser-levado-para-o-ceu\\\/\"]}]},{\"@type\":\"ImageObject\",\"inLanguage\":\"pt-BR\",\"@id\":\"https:\\\/\\\/unisale.com.br\\\/novo\\\/03-10-estava-chegando-o-tempo-de-jesus-ser-levado-para-o-ceu\\\/#primaryimage\",\"url\":\"https:\\\/\\\/unisale.com.br\\\/pastoral\\\/wp-content\\\/uploads\\\/2023\\\/09\\\/14ce5v4.jpg\",\"contentUrl\":\"https:\\\/\\\/unisale.com.br\\\/pastoral\\\/wp-content\\\/uploads\\\/2023\\\/09\\\/14ce5v4.jpg\",\"width\":402,\"height\":404},{\"@type\":\"WebSite\",\"@id\":\"https:\\\/\\\/unisale.com.br\\\/pastoral\\\/#website\",\"url\":\"https:\\\/\\\/unisale.com.br\\\/pastoral\\\/\",\"name\":\"Pastoral Universit\u00e1ria UniSALESIANO\",\"description\":\"Site da Pastoral Universit\u00e1ria do UniSALESIANO\",\"potentialAction\":[{\"@type\":\"SearchAction\",\"target\":{\"@type\":\"EntryPoint\",\"urlTemplate\":\"https:\\\/\\\/unisale.com.br\\\/pastoral\\\/?s={search_term_string}\"},\"query-input\":{\"@type\":\"PropertyValueSpecification\",\"valueRequired\":true,\"valueName\":\"search_term_string\"}}],\"inLanguage\":\"pt-BR\"},{\"@type\":\"Person\",\"@id\":\"https:\\\/\\\/unisale.com.br\\\/pastoral\\\/#\\\/schema\\\/person\\\/a16ba711a0f7dec9cb6b44563144d5a3\",\"name\":\"pastoral\",\"url\":\"https:\\\/\\\/unisale.com.br\\\/pastoral\\\/author\\\/pastoral\\\/\"}]}<\/script>\n<!-- \/ Yoast SEO plugin. -->","yoast_head_json":{"title":"03\/10 - Estava chegando o tempo de Jesus ser levado para o c\u00e9u. - Pastoral Universit\u00e1ria UniSALESIANO","robots":{"index":"index","follow":"follow","max-snippet":"max-snippet:-1","max-image-preview":"max-image-preview:large","max-video-preview":"max-video-preview:-1"},"canonical":"https:\/\/unisale.com.br\/novo\/03-10-estava-chegando-o-tempo-de-jesus-ser-levado-para-o-ceu\/","og_locale":"pt_BR","og_type":"article","og_title":"03\/10 - Estava chegando o tempo de Jesus ser levado para o c\u00e9u. - Pastoral Universit\u00e1ria UniSALESIANO","og_description":"Ter\u00e7a-feira, 03 de outubro de 2023. &nbsp; Evangelho (Lc 9,51-56) Estava chegando o tempo de Jesus ser levado para o c\u00e9u. 51Estava chegando o tempo...","og_url":"https:\/\/unisale.com.br\/novo\/03-10-estava-chegando-o-tempo-de-jesus-ser-levado-para-o-ceu\/","og_site_name":"Pastoral Universit\u00e1ria UniSALESIANO","article_published_time":"2023-09-25T14:18:52+00:00","author":"pastoral","twitter_card":"summary_large_image","twitter_misc":{"Escrito por":"pastoral","Est. tempo de leitura":"2 minutos"},"schema":{"@context":"https:\/\/schema.org","@graph":[{"@type":"Article","@id":"https:\/\/unisale.com.br\/novo\/03-10-estava-chegando-o-tempo-de-jesus-ser-levado-para-o-ceu\/#article","isPartOf":{"@id":"https:\/\/unisale.com.br\/novo\/03-10-estava-chegando-o-tempo-de-jesus-ser-levado-para-o-ceu\/"},"author":{"name":"pastoral","@id":"https:\/\/unisale.com.br\/pastoral\/#\/schema\/person\/a16ba711a0f7dec9cb6b44563144d5a3"},"headline":"03\/10 &#8211; Estava chegando o tempo de Jesus ser levado para o c\u00e9u.","datePublished":"2023-09-25T14:18:52+00:00","mainEntityOfPage":{"@id":"https:\/\/unisale.com.br\/novo\/03-10-estava-chegando-o-tempo-de-jesus-ser-levado-para-o-ceu\/"},"wordCount":425,"image":{"@id":"https:\/\/unisale.com.br\/novo\/03-10-estava-chegando-o-tempo-de-jesus-ser-levado-para-o-ceu\/#primaryimage"},"thumbnailUrl":"https:\/\/unisale.com.br\/pastoral\/wp-content\/uploads\/2023\/09\/14ce5v4.jpg","articleSection":["Reflex\u00e3o do Evangelho"],"inLanguage":"pt-BR"},{"@type":"WebPage","@id":"https:\/\/unisale.com.br\/novo\/03-10-estava-chegando-o-tempo-de-jesus-ser-levado-para-o-ceu\/","url":"https:\/\/unisale.com.br\/novo\/03-10-estava-chegando-o-tempo-de-jesus-ser-levado-para-o-ceu\/","name":"03\/10 - Estava chegando o tempo de Jesus ser levado para o c\u00e9u. - Pastoral Universit\u00e1ria UniSALESIANO","isPartOf":{"@id":"https:\/\/unisale.com.br\/pastoral\/#website"},"primaryImageOfPage":{"@id":"https:\/\/unisale.com.br\/novo\/03-10-estava-chegando-o-tempo-de-jesus-ser-levado-para-o-ceu\/#primaryimage"},"image":{"@id":"https:\/\/unisale.com.br\/novo\/03-10-estava-chegando-o-tempo-de-jesus-ser-levado-para-o-ceu\/#primaryimage"},"thumbnailUrl":"https:\/\/unisale.com.br\/pastoral\/wp-content\/uploads\/2023\/09\/14ce5v4.jpg","datePublished":"2023-09-25T14:18:52+00:00","author":{"@id":"https:\/\/unisale.com.br\/pastoral\/#\/schema\/person\/a16ba711a0f7dec9cb6b44563144d5a3"},"inLanguage":"pt-BR","potentialAction":[{"@type":"ReadAction","target":["https:\/\/unisale.com.br\/novo\/03-10-estava-chegando-o-tempo-de-jesus-ser-levado-para-o-ceu\/"]}]},{"@type":"ImageObject","inLanguage":"pt-BR","@id":"https:\/\/unisale.com.br\/novo\/03-10-estava-chegando-o-tempo-de-jesus-ser-levado-para-o-ceu\/#primaryimage","url":"https:\/\/unisale.com.br\/pastoral\/wp-content\/uploads\/2023\/09\/14ce5v4.jpg","contentUrl":"https:\/\/unisale.com.br\/pastoral\/wp-content\/uploads\/2023\/09\/14ce5v4.jpg","width":402,"height":404},{"@type":"WebSite","@id":"https:\/\/unisale.com.br\/pastoral\/#website","url":"https:\/\/unisale.com.br\/pastoral\/","name":"Pastoral Universit\u00e1ria UniSALESIANO","description":"Site da Pastoral Universit\u00e1ria do UniSALESIANO","potentialAction":[{"@type":"SearchAction","target":{"@type":"EntryPoint","urlTemplate":"https:\/\/unisale.com.br\/pastoral\/?s={search_term_string}"},"query-input":{"@type":"PropertyValueSpecification","valueRequired":true,"valueName":"search_term_string"}}],"inLanguage":"pt-BR"},{"@type":"Person","@id":"https:\/\/unisale.com.br\/pastoral\/#\/schema\/person\/a16ba711a0f7dec9cb6b44563144d5a3","name":"pastoral","url":"https:\/\/unisale.com.br\/pastoral\/author\/pastoral\/"}]}},"_links":{"self":[{"href":"https:\/\/unisale.com.br\/pastoral\/wp-json\/wp\/v2\/posts\/7724","targetHints":{"allow":["GET"]}}],"collection":[{"href":"https:\/\/unisale.com.br\/pastoral\/wp-json\/wp\/v2\/posts"}],"about":[{"href":"https:\/\/unisale.com.br\/pastoral\/wp-json\/wp\/v2\/types\/post"}],"author":[{"embeddable":true,"href":"https:\/\/unisale.com.br\/pastoral\/wp-json\/wp\/v2\/users\/1"}],"replies":[{"embeddable":true,"href":"https:\/\/unisale.com.br\/pastoral\/wp-json\/wp\/v2\/comments?post=7724"}],"version-history":[{"count":0,"href":"https:\/\/unisale.com.br\/pastoral\/wp-json\/wp\/v2\/posts\/7724\/revisions"}],"wp:featuredmedia":[{"embeddable":true,"href":"https:\/\/unisale.com.br\/pastoral\/wp-json\/wp\/v2\/media\/7725"}],"wp:attachment":[{"href":"https:\/\/unisale.com.br\/pastoral\/wp-json\/wp\/v2\/media?parent=7724"}],"wp:term":[{"taxonomy":"category","embeddable":true,"href":"https:\/\/unisale.com.br\/pastoral\/wp-json\/wp\/v2\/categories?post=7724"},{"taxonomy":"post_tag","embeddable":true,"href":"https:\/\/unisale.com.br\/pastoral\/wp-json\/wp\/v2\/tags?post=7724"}],"curies":[{"name":"wp","href":"https:\/\/api.w.org\/{rel}","templated":true}]}}