{"id":7755,"date":"2023-10-04T13:56:29","date_gmt":"2023-10-04T13:56:29","guid":{"rendered":"https:\/\/unisale.com.br\/pastoral\/?p=7755"},"modified":"2023-10-04T13:56:29","modified_gmt":"2023-10-04T13:56:29","slug":"11-10-pai-santificado-seja-o-teu-nome","status":"publish","type":"post","link":"https:\/\/unisale.com.br\/pastoral\/11-10-pai-santificado-seja-o-teu-nome\/","title":{"rendered":"11\/10 &#8211; Pai, santificado seja o teu nome&#8230;"},"content":{"rendered":"<p>Quarta-feira, 11 de outubro de 2023.<\/p>\n<p>&nbsp;<\/p>\n<p>Evangelho (Lc 11,1-4)<\/p>\n<p>&nbsp;<\/p>\n<p><strong>\u201cPai, santificado seja o teu nome&#8230;\u201d<\/strong><\/p>\n<p>&nbsp;<\/p>\n<p><sup>1<\/sup>Um dia, Jesus estava rezando num certo lugar. Quando terminou, um de seus disc\u00edpulos pediu-lhe: \u201cSenhor, ensina-nos a rezar, como tamb\u00e9m Jo\u00e3o ensinou a seus disc\u00edpulos\u201d. <sup>2<\/sup>Jesus respondeu: \u201cQuando rezardes, dizei: \u2018Pai, santificado seja o teu nome. Venha o teu Reino. <sup>3<\/sup>D\u00e1-nos a cada dia o p\u00e3o de que precisamos,<sup>4<\/sup>e perdoa-nos os nossos pecados, pois n\u00f3s tamb\u00e9m perdoamos a todos os nossos devedores; e n\u00e3o nos deixes cair em tenta\u00e7\u00e3o\u2019\u201d.<\/p>\n<p>&nbsp;<\/p>\n<p><strong>Reflex\u00e3o<\/strong><\/p>\n<p>&nbsp;<\/p>\n<p>Uma das constata\u00e7\u00f5es pessoais que mais escuto nas confiss\u00f5es \u00e9: \u201cpadre, eu n\u00e3o tenho feito de modo correto as minhas ora\u00e7\u00f5es\u201d. Ent\u00e3o eu costume perguntar: \u201cComo voc\u00ea reza?\u201d. Olhando para o Evangelho de hoje, cada um de n\u00f3s poderia se colocar no lugar do \u201ctal disc\u00edpulo\u201d que se sente angustiado pela mesma quest\u00e3o, isto \u00e9, como rezar? Muitas pessoas nos veem ajoelhados e pensam: \u201cquanto deve ser profunda a ora\u00e7\u00e3o deste aqui\u201d. Mas a verdade \u00e9 que a quest\u00e3o constante de quem reza \u00e9 justamente: \u201ceu n\u00e3o sei como se reza, estou aqui para que voc\u00ea me ensine\u201d. Eis porque a \u00fanica ora\u00e7\u00e3o que jesus ensina aos disc\u00edpulos se inicia com a palavra \u201cPai\u201d. Aprender a rezar significa fazer \u2018a experi\u00eancia do Pai\u2019, isto \u00e9, a experi\u00eancia de n\u00e3o saber somente que Deus existe, mas que Ele \u00e9 Pai e que Ele me ama. E muitas vezes rezar significa purificar todas as imagens de pai equivocada que temos dentro, todas as imagens de amor equivocada que est\u00e3o estruturadas dentro de n\u00f3s. A ora\u00e7\u00e3o \u00e9 a tentativa que Jesus faz de nos ensinar o \u2018Pai\u2019. A verdadeira ora\u00e7\u00e3o n\u00e3o feita por n\u00f3s, mas \u00e9 uma coisa que n\u00f3s permitimos que Cristo fa\u00e7a em n\u00f3s. \u00c9 dif\u00edcil deixar que o Esp\u00edrito trabalhe em n\u00f3s e por n\u00f3s. \u00c9 dif\u00edcil para n\u00f3s deixar que o Esp\u00edrito nos entregue a um Amor que deseja antes de tudo nos amar, antes de pedir-nos que amemos. E Jesus nos ensina que s\u00f3 poderemos encontrar este Pai que nos ama se formos capazes de perdoar. Sem a experi\u00eancia do amor tudo se torna injusti\u00e7a, tudo se torna problema. No fundo as pessoas mais revoltadas com a vida o s\u00e3o porque n\u00e3o se sentem amadas. Um cristianismo que n\u00e3o renasce da ora\u00e7\u00e3o, isto \u00e9, do Pai, se torna um insuport\u00e1vel moralismo.<\/p>\n<p><strong>Pe. Paulo Eduardo J\u00e1como, sdb.<\/strong><\/p>\n","protected":false},"excerpt":{"rendered":"<p>Quarta-feira, 11 de outubro de 2023. &nbsp; Evangelho (Lc 11,1-4) &nbsp; \u201cPai, santificado seja o teu nome&#8230;\u201d &nbsp; 1Um dia, Jesus estava rezando num certo&#8230;<\/p>\n","protected":false},"author":1,"featured_media":7756,"comment_status":"closed","ping_status":"closed","sticky":false,"template":"","format":"standard","meta":{"_acf_changed":false,"footnotes":""},"categories":[13],"tags":[],"class_list":["post-7755","post","type-post","status-publish","format-standard","has-post-thumbnail","hentry","category-reflexaodoevagelho"],"acf":[],"yoast_head":"<!-- This site is optimized with the Yoast SEO plugin v27.3 - https:\/\/yoast.com\/product\/yoast-seo-wordpress\/ -->\n<title>11\/10 - Pai, santificado seja o teu nome... - Pastoral Universit\u00e1ria UniSALESIANO<\/title>\n<meta name=\"robots\" content=\"index, follow, max-snippet:-1, max-image-preview:large, max-video-preview:-1\" \/>\n<link rel=\"canonical\" href=\"https:\/\/unisale.com.br\/novo\/11-10-pai-santificado-seja-o-teu-nome\/\" \/>\n<meta property=\"og:locale\" content=\"pt_BR\" \/>\n<meta property=\"og:type\" content=\"article\" \/>\n<meta property=\"og:title\" content=\"11\/10 - Pai, santificado seja o teu nome... - Pastoral Universit\u00e1ria UniSALESIANO\" \/>\n<meta property=\"og:description\" content=\"Quarta-feira, 11 de outubro de 2023. &nbsp; Evangelho (Lc 11,1-4) &nbsp; \u201cPai, santificado seja o teu nome&#8230;\u201d &nbsp; 1Um dia, Jesus estava rezando num certo...\" \/>\n<meta property=\"og:url\" content=\"https:\/\/unisale.com.br\/novo\/11-10-pai-santificado-seja-o-teu-nome\/\" \/>\n<meta property=\"og:site_name\" content=\"Pastoral Universit\u00e1ria UniSALESIANO\" \/>\n<meta property=\"article:published_time\" content=\"2023-10-04T13:56:29+00:00\" \/>\n<meta name=\"author\" content=\"pastoral\" \/>\n<meta name=\"twitter:card\" content=\"summary_large_image\" \/>\n<meta name=\"twitter:label1\" content=\"Escrito por\" \/>\n\t<meta name=\"twitter:data1\" content=\"pastoral\" \/>\n\t<meta name=\"twitter:label2\" content=\"Est. tempo de leitura\" \/>\n\t<meta name=\"twitter:data2\" content=\"2 minutos\" \/>\n<script type=\"application\/ld+json\" class=\"yoast-schema-graph\">{\"@context\":\"https:\\\/\\\/schema.org\",\"@graph\":[{\"@type\":\"Article\",\"@id\":\"https:\\\/\\\/unisale.com.br\\\/novo\\\/11-10-pai-santificado-seja-o-teu-nome\\\/#article\",\"isPartOf\":{\"@id\":\"https:\\\/\\\/unisale.com.br\\\/novo\\\/11-10-pai-santificado-seja-o-teu-nome\\\/\"},\"author\":{\"name\":\"pastoral\",\"@id\":\"https:\\\/\\\/unisale.com.br\\\/pastoral\\\/#\\\/schema\\\/person\\\/a16ba711a0f7dec9cb6b44563144d5a3\"},\"headline\":\"11\\\/10 &#8211; Pai, santificado seja o teu nome&#8230;\",\"datePublished\":\"2023-10-04T13:56:29+00:00\",\"mainEntityOfPage\":{\"@id\":\"https:\\\/\\\/unisale.com.br\\\/novo\\\/11-10-pai-santificado-seja-o-teu-nome\\\/\"},\"wordCount\":445,\"image\":{\"@id\":\"https:\\\/\\\/unisale.com.br\\\/novo\\\/11-10-pai-santificado-seja-o-teu-nome\\\/#primaryimage\"},\"thumbnailUrl\":\"https:\\\/\\\/unisale.com.br\\\/pastoral\\\/wp-content\\\/uploads\\\/2023\\\/10\\\/download-5.jpg\",\"articleSection\":[\"Reflex\u00e3o do Evangelho\"],\"inLanguage\":\"pt-BR\"},{\"@type\":\"WebPage\",\"@id\":\"https:\\\/\\\/unisale.com.br\\\/novo\\\/11-10-pai-santificado-seja-o-teu-nome\\\/\",\"url\":\"https:\\\/\\\/unisale.com.br\\\/novo\\\/11-10-pai-santificado-seja-o-teu-nome\\\/\",\"name\":\"11\\\/10 - Pai, santificado seja o teu nome... - Pastoral Universit\u00e1ria UniSALESIANO\",\"isPartOf\":{\"@id\":\"https:\\\/\\\/unisale.com.br\\\/pastoral\\\/#website\"},\"primaryImageOfPage\":{\"@id\":\"https:\\\/\\\/unisale.com.br\\\/novo\\\/11-10-pai-santificado-seja-o-teu-nome\\\/#primaryimage\"},\"image\":{\"@id\":\"https:\\\/\\\/unisale.com.br\\\/novo\\\/11-10-pai-santificado-seja-o-teu-nome\\\/#primaryimage\"},\"thumbnailUrl\":\"https:\\\/\\\/unisale.com.br\\\/pastoral\\\/wp-content\\\/uploads\\\/2023\\\/10\\\/download-5.jpg\",\"datePublished\":\"2023-10-04T13:56:29+00:00\",\"author\":{\"@id\":\"https:\\\/\\\/unisale.com.br\\\/pastoral\\\/#\\\/schema\\\/person\\\/a16ba711a0f7dec9cb6b44563144d5a3\"},\"inLanguage\":\"pt-BR\",\"potentialAction\":[{\"@type\":\"ReadAction\",\"target\":[\"https:\\\/\\\/unisale.com.br\\\/novo\\\/11-10-pai-santificado-seja-o-teu-nome\\\/\"]}]},{\"@type\":\"ImageObject\",\"inLanguage\":\"pt-BR\",\"@id\":\"https:\\\/\\\/unisale.com.br\\\/novo\\\/11-10-pai-santificado-seja-o-teu-nome\\\/#primaryimage\",\"url\":\"https:\\\/\\\/unisale.com.br\\\/pastoral\\\/wp-content\\\/uploads\\\/2023\\\/10\\\/download-5.jpg\",\"contentUrl\":\"https:\\\/\\\/unisale.com.br\\\/pastoral\\\/wp-content\\\/uploads\\\/2023\\\/10\\\/download-5.jpg\",\"width\":214,\"height\":236},{\"@type\":\"WebSite\",\"@id\":\"https:\\\/\\\/unisale.com.br\\\/pastoral\\\/#website\",\"url\":\"https:\\\/\\\/unisale.com.br\\\/pastoral\\\/\",\"name\":\"Pastoral Universit\u00e1ria UniSALESIANO\",\"description\":\"Site da Pastoral Universit\u00e1ria do UniSALESIANO\",\"potentialAction\":[{\"@type\":\"SearchAction\",\"target\":{\"@type\":\"EntryPoint\",\"urlTemplate\":\"https:\\\/\\\/unisale.com.br\\\/pastoral\\\/?s={search_term_string}\"},\"query-input\":{\"@type\":\"PropertyValueSpecification\",\"valueRequired\":true,\"valueName\":\"search_term_string\"}}],\"inLanguage\":\"pt-BR\"},{\"@type\":\"Person\",\"@id\":\"https:\\\/\\\/unisale.com.br\\\/pastoral\\\/#\\\/schema\\\/person\\\/a16ba711a0f7dec9cb6b44563144d5a3\",\"name\":\"pastoral\",\"url\":\"https:\\\/\\\/unisale.com.br\\\/pastoral\\\/author\\\/pastoral\\\/\"}]}<\/script>\n<!-- \/ Yoast SEO plugin. -->","yoast_head_json":{"title":"11\/10 - Pai, santificado seja o teu nome... - Pastoral Universit\u00e1ria UniSALESIANO","robots":{"index":"index","follow":"follow","max-snippet":"max-snippet:-1","max-image-preview":"max-image-preview:large","max-video-preview":"max-video-preview:-1"},"canonical":"https:\/\/unisale.com.br\/novo\/11-10-pai-santificado-seja-o-teu-nome\/","og_locale":"pt_BR","og_type":"article","og_title":"11\/10 - Pai, santificado seja o teu nome... - Pastoral Universit\u00e1ria UniSALESIANO","og_description":"Quarta-feira, 11 de outubro de 2023. &nbsp; Evangelho (Lc 11,1-4) &nbsp; \u201cPai, santificado seja o teu nome&#8230;\u201d &nbsp; 1Um dia, Jesus estava rezando num certo...","og_url":"https:\/\/unisale.com.br\/novo\/11-10-pai-santificado-seja-o-teu-nome\/","og_site_name":"Pastoral Universit\u00e1ria UniSALESIANO","article_published_time":"2023-10-04T13:56:29+00:00","author":"pastoral","twitter_card":"summary_large_image","twitter_misc":{"Escrito por":"pastoral","Est. tempo de leitura":"2 minutos"},"schema":{"@context":"https:\/\/schema.org","@graph":[{"@type":"Article","@id":"https:\/\/unisale.com.br\/novo\/11-10-pai-santificado-seja-o-teu-nome\/#article","isPartOf":{"@id":"https:\/\/unisale.com.br\/novo\/11-10-pai-santificado-seja-o-teu-nome\/"},"author":{"name":"pastoral","@id":"https:\/\/unisale.com.br\/pastoral\/#\/schema\/person\/a16ba711a0f7dec9cb6b44563144d5a3"},"headline":"11\/10 &#8211; Pai, santificado seja o teu nome&#8230;","datePublished":"2023-10-04T13:56:29+00:00","mainEntityOfPage":{"@id":"https:\/\/unisale.com.br\/novo\/11-10-pai-santificado-seja-o-teu-nome\/"},"wordCount":445,"image":{"@id":"https:\/\/unisale.com.br\/novo\/11-10-pai-santificado-seja-o-teu-nome\/#primaryimage"},"thumbnailUrl":"https:\/\/unisale.com.br\/pastoral\/wp-content\/uploads\/2023\/10\/download-5.jpg","articleSection":["Reflex\u00e3o do Evangelho"],"inLanguage":"pt-BR"},{"@type":"WebPage","@id":"https:\/\/unisale.com.br\/novo\/11-10-pai-santificado-seja-o-teu-nome\/","url":"https:\/\/unisale.com.br\/novo\/11-10-pai-santificado-seja-o-teu-nome\/","name":"11\/10 - Pai, santificado seja o teu nome... - Pastoral Universit\u00e1ria UniSALESIANO","isPartOf":{"@id":"https:\/\/unisale.com.br\/pastoral\/#website"},"primaryImageOfPage":{"@id":"https:\/\/unisale.com.br\/novo\/11-10-pai-santificado-seja-o-teu-nome\/#primaryimage"},"image":{"@id":"https:\/\/unisale.com.br\/novo\/11-10-pai-santificado-seja-o-teu-nome\/#primaryimage"},"thumbnailUrl":"https:\/\/unisale.com.br\/pastoral\/wp-content\/uploads\/2023\/10\/download-5.jpg","datePublished":"2023-10-04T13:56:29+00:00","author":{"@id":"https:\/\/unisale.com.br\/pastoral\/#\/schema\/person\/a16ba711a0f7dec9cb6b44563144d5a3"},"inLanguage":"pt-BR","potentialAction":[{"@type":"ReadAction","target":["https:\/\/unisale.com.br\/novo\/11-10-pai-santificado-seja-o-teu-nome\/"]}]},{"@type":"ImageObject","inLanguage":"pt-BR","@id":"https:\/\/unisale.com.br\/novo\/11-10-pai-santificado-seja-o-teu-nome\/#primaryimage","url":"https:\/\/unisale.com.br\/pastoral\/wp-content\/uploads\/2023\/10\/download-5.jpg","contentUrl":"https:\/\/unisale.com.br\/pastoral\/wp-content\/uploads\/2023\/10\/download-5.jpg","width":214,"height":236},{"@type":"WebSite","@id":"https:\/\/unisale.com.br\/pastoral\/#website","url":"https:\/\/unisale.com.br\/pastoral\/","name":"Pastoral Universit\u00e1ria UniSALESIANO","description":"Site da Pastoral Universit\u00e1ria do UniSALESIANO","potentialAction":[{"@type":"SearchAction","target":{"@type":"EntryPoint","urlTemplate":"https:\/\/unisale.com.br\/pastoral\/?s={search_term_string}"},"query-input":{"@type":"PropertyValueSpecification","valueRequired":true,"valueName":"search_term_string"}}],"inLanguage":"pt-BR"},{"@type":"Person","@id":"https:\/\/unisale.com.br\/pastoral\/#\/schema\/person\/a16ba711a0f7dec9cb6b44563144d5a3","name":"pastoral","url":"https:\/\/unisale.com.br\/pastoral\/author\/pastoral\/"}]}},"_links":{"self":[{"href":"https:\/\/unisale.com.br\/pastoral\/wp-json\/wp\/v2\/posts\/7755","targetHints":{"allow":["GET"]}}],"collection":[{"href":"https:\/\/unisale.com.br\/pastoral\/wp-json\/wp\/v2\/posts"}],"about":[{"href":"https:\/\/unisale.com.br\/pastoral\/wp-json\/wp\/v2\/types\/post"}],"author":[{"embeddable":true,"href":"https:\/\/unisale.com.br\/pastoral\/wp-json\/wp\/v2\/users\/1"}],"replies":[{"embeddable":true,"href":"https:\/\/unisale.com.br\/pastoral\/wp-json\/wp\/v2\/comments?post=7755"}],"version-history":[{"count":0,"href":"https:\/\/unisale.com.br\/pastoral\/wp-json\/wp\/v2\/posts\/7755\/revisions"}],"wp:featuredmedia":[{"embeddable":true,"href":"https:\/\/unisale.com.br\/pastoral\/wp-json\/wp\/v2\/media\/7756"}],"wp:attachment":[{"href":"https:\/\/unisale.com.br\/pastoral\/wp-json\/wp\/v2\/media?parent=7755"}],"wp:term":[{"taxonomy":"category","embeddable":true,"href":"https:\/\/unisale.com.br\/pastoral\/wp-json\/wp\/v2\/categories?post=7755"},{"taxonomy":"post_tag","embeddable":true,"href":"https:\/\/unisale.com.br\/pastoral\/wp-json\/wp\/v2\/tags?post=7755"}],"curies":[{"name":"wp","href":"https:\/\/api.w.org\/{rel}","templated":true}]}}