{"id":7786,"date":"2023-10-05T12:15:41","date_gmt":"2023-10-05T12:15:41","guid":{"rendered":"https:\/\/unisale.com.br\/pastoral\/?p=7786"},"modified":"2023-10-05T12:15:41","modified_gmt":"2023-10-05T12:15:41","slug":"20-10-ate-mesmo-os-cabelos-de-vossa-cabeca-estao-todos-contados","status":"publish","type":"post","link":"https:\/\/unisale.com.br\/pastoral\/20-10-ate-mesmo-os-cabelos-de-vossa-cabeca-estao-todos-contados\/","title":{"rendered":"20\/10 &#8211; At\u00e9 mesmo os cabelos de vossa cabe\u00e7a est\u00e3o todos contados."},"content":{"rendered":"<p>Sexta-feira, 20 de outubro de 2023.<\/p>\n<p>&nbsp;<\/p>\n<p>Evangelho (Lc 12,1-7)<\/p>\n<p>&nbsp;<\/p>\n<p><strong>\u201cAt\u00e9 mesmo os cabelos de vossa cabe\u00e7a est\u00e3o todos contados\u201d<\/strong><\/p>\n<p>&nbsp;<\/p>\n<p>Naquele tempo, <sup>1<\/sup>milhares de pessoas se reuniram, a ponto de uns pisarem os outros. Jesus come\u00e7ou a falar, primeiro a seus disc\u00edpulos: \u201cTomai cuidado com o fermento dos fariseus, que \u00e9 a hipocrisia. <sup>2<\/sup>N\u00e3o h\u00e1 nada de escondido que n\u00e3o venha a ser revelado, e n\u00e3o h\u00e1 nada de oculto que n\u00e3o venha a ser conhecido. <sup>3<\/sup>Portanto, tudo o que tiverdes dito na escurid\u00e3o, ser\u00e1 ouvido \u00e0 luz do dia; e o que tiverdes pronunciado ao p\u00e9 do ouvido, no quarto, ser\u00e1 proclamado sobre os telhados. <sup>4<\/sup>Pois bem, meus amigos, eu vos digo: n\u00e3o tenhais medo daqueles que matam o corpo, n\u00e3o podendo fazer mais do que isto. <sup>5<\/sup>Vou mostrar-vos a quem deveis temer: temei aquele que, depois de tirar a vida, tem o poder de lan\u00e7ar-vos no inferno. Sim, eu vos digo, a este temei. <sup>6<\/sup>N\u00e3o se vendem cinco pardais por uma pequena quantia? No entanto, nenhum deles \u00e9 esquecido por Deus. <sup>7<\/sup>At\u00e9 mesmo os cabelos de vossa cabe\u00e7a est\u00e3o todos contados. N\u00e3o tenhais medo! V\u00f3s valeis mais do que muitos pardais\u201d.<\/p>\n<p>&nbsp;<\/p>\n<p><strong>Reflex\u00e3o<\/strong><\/p>\n<p>&nbsp;<\/p>\n<p>\u201cAo ponto de pisarem uns nos outros\u201d, diz uma parte do Evangelho de hoje. Parece uma coisa insignificante, mas muitas vezes o nosso \u2018estar reunidos em tono de Jesus\u2019, h\u00e1 como efeito colateral o somente \u2018pisarmos uns nos outros\u2019. Mas o efeito deveria ser outro: \u2018edificarmo-nos\u2019. Ou poder\u00edamos ainda dizer, carregarmos o peso uns dos outros. Mas n\u00e3o raramente o nosso \u2018ser Igreja\u2019 n\u00e3o faz gerar \u2018um povo\u2019, mas somente uma multid\u00e3o que se comprime e que se \u2018espezinha\u2019. E n\u00e3o faltou o aviso de Jesus de que tom\u00e1ssemos cuidado para n\u00e3o nos deixarmos contaminar pelo fermento dos fariseus. Quanta coisa seria diferente se aquilo que carregamos no cora\u00e7\u00e3o se tornasse vis\u00edvel para o outro. Pode ser que muitos de n\u00f3s sa\u00edssemos prejudicados perdendo a \u2018boa fama\u2019. Isso porque muitas vezes o nosso cora\u00e7\u00e3o \u00e9 como um tapete sob o qual n\u00f3s escondemos as nossas \u2018sujeiras\u2019 que por hipocrisia n\u00e3o gostar\u00edamos que se tornassem conhecidas pelos outros. A hipocrisia de que fala Jesus \u00e9 o fingir que somos \u2018v\u00edtimas\u2019. Quem veste sempre uma \u2018m\u00e1scara\u2019, corre o risco de se esquecer quem realmente \u00e9, e vive com medo de que algu\u00e9m possa descobri-lo, fazendo cair a tal m\u00e1scara, e quem sabe fazendo aparecer tudo o que voc\u00ea mantinha escondido. Mas n\u00f3s n\u00e3o somos vazios. N\u00e3o somos t\u00e3o \u2018feios\u2019 assim. Existe uma beleza dentro de n\u00f3s. Devemos voltar a acreditar o quanto somos belos por dentro. Esta beleza se chama autenticidade. Devemos aprender a levantar o tapete do nosso cora\u00e7\u00e3o e fazer uma limpeza. Devemos fazer uma concilia\u00e7\u00e3o do interno com o externo. Aquilo que pensamos com o que dissemos. Aquilo que temos internamente com as decis\u00f5es que tomamos externamente.<\/p>\n<p><strong>Pe. Paulo Eduardo J\u00e1como, sdb.<\/strong><\/p>\n","protected":false},"excerpt":{"rendered":"<p>Sexta-feira, 20 de outubro de 2023. &nbsp; Evangelho (Lc 12,1-7) &nbsp; \u201cAt\u00e9 mesmo os cabelos de vossa cabe\u00e7a est\u00e3o todos contados\u201d &nbsp; Naquele tempo, 1milhares&#8230;<\/p>\n","protected":false},"author":1,"featured_media":7787,"comment_status":"closed","ping_status":"closed","sticky":false,"template":"","format":"standard","meta":{"_acf_changed":false,"footnotes":""},"categories":[13],"tags":[],"class_list":["post-7786","post","type-post","status-publish","format-standard","has-post-thumbnail","hentry","category-reflexaodoevagelho"],"acf":[],"yoast_head":"<!-- This site is optimized with the Yoast SEO plugin v27.3 - https:\/\/yoast.com\/product\/yoast-seo-wordpress\/ -->\n<title>20\/10 - At\u00e9 mesmo os cabelos de vossa cabe\u00e7a est\u00e3o todos contados. - Pastoral Universit\u00e1ria UniSALESIANO<\/title>\n<meta name=\"robots\" content=\"index, follow, max-snippet:-1, max-image-preview:large, max-video-preview:-1\" \/>\n<link rel=\"canonical\" href=\"https:\/\/unisale.com.br\/novo\/20-10-ate-mesmo-os-cabelos-de-vossa-cabeca-estao-todos-contados\/\" \/>\n<meta property=\"og:locale\" content=\"pt_BR\" \/>\n<meta property=\"og:type\" content=\"article\" \/>\n<meta property=\"og:title\" content=\"20\/10 - At\u00e9 mesmo os cabelos de vossa cabe\u00e7a est\u00e3o todos contados. - Pastoral Universit\u00e1ria UniSALESIANO\" \/>\n<meta property=\"og:description\" content=\"Sexta-feira, 20 de outubro de 2023. &nbsp; Evangelho (Lc 12,1-7) &nbsp; \u201cAt\u00e9 mesmo os cabelos de vossa cabe\u00e7a est\u00e3o todos contados\u201d &nbsp; Naquele tempo, 1milhares...\" \/>\n<meta property=\"og:url\" content=\"https:\/\/unisale.com.br\/novo\/20-10-ate-mesmo-os-cabelos-de-vossa-cabeca-estao-todos-contados\/\" \/>\n<meta property=\"og:site_name\" content=\"Pastoral Universit\u00e1ria UniSALESIANO\" \/>\n<meta property=\"article:published_time\" content=\"2023-10-05T12:15:41+00:00\" \/>\n<meta name=\"author\" content=\"pastoral\" \/>\n<meta name=\"twitter:card\" content=\"summary_large_image\" \/>\n<meta name=\"twitter:label1\" content=\"Escrito por\" \/>\n\t<meta name=\"twitter:data1\" content=\"pastoral\" \/>\n\t<meta name=\"twitter:label2\" content=\"Est. tempo de leitura\" \/>\n\t<meta name=\"twitter:data2\" content=\"3 minutos\" \/>\n<script type=\"application\/ld+json\" class=\"yoast-schema-graph\">{\"@context\":\"https:\\\/\\\/schema.org\",\"@graph\":[{\"@type\":\"Article\",\"@id\":\"https:\\\/\\\/unisale.com.br\\\/novo\\\/20-10-ate-mesmo-os-cabelos-de-vossa-cabeca-estao-todos-contados\\\/#article\",\"isPartOf\":{\"@id\":\"https:\\\/\\\/unisale.com.br\\\/novo\\\/20-10-ate-mesmo-os-cabelos-de-vossa-cabeca-estao-todos-contados\\\/\"},\"author\":{\"name\":\"pastoral\",\"@id\":\"https:\\\/\\\/unisale.com.br\\\/pastoral\\\/#\\\/schema\\\/person\\\/a16ba711a0f7dec9cb6b44563144d5a3\"},\"headline\":\"20\\\/10 &#8211; At\u00e9 mesmo os cabelos de vossa cabe\u00e7a est\u00e3o todos contados.\",\"datePublished\":\"2023-10-05T12:15:41+00:00\",\"mainEntityOfPage\":{\"@id\":\"https:\\\/\\\/unisale.com.br\\\/novo\\\/20-10-ate-mesmo-os-cabelos-de-vossa-cabeca-estao-todos-contados\\\/\"},\"wordCount\":532,\"image\":{\"@id\":\"https:\\\/\\\/unisale.com.br\\\/novo\\\/20-10-ate-mesmo-os-cabelos-de-vossa-cabeca-estao-todos-contados\\\/#primaryimage\"},\"thumbnailUrl\":\"https:\\\/\\\/unisale.com.br\\\/pastoral\\\/wp-content\\\/uploads\\\/2023\\\/10\\\/download-8.jpg\",\"articleSection\":[\"Reflex\u00e3o do Evangelho\"],\"inLanguage\":\"pt-BR\"},{\"@type\":\"WebPage\",\"@id\":\"https:\\\/\\\/unisale.com.br\\\/novo\\\/20-10-ate-mesmo-os-cabelos-de-vossa-cabeca-estao-todos-contados\\\/\",\"url\":\"https:\\\/\\\/unisale.com.br\\\/novo\\\/20-10-ate-mesmo-os-cabelos-de-vossa-cabeca-estao-todos-contados\\\/\",\"name\":\"20\\\/10 - At\u00e9 mesmo os cabelos de vossa cabe\u00e7a est\u00e3o todos contados. - Pastoral Universit\u00e1ria UniSALESIANO\",\"isPartOf\":{\"@id\":\"https:\\\/\\\/unisale.com.br\\\/pastoral\\\/#website\"},\"primaryImageOfPage\":{\"@id\":\"https:\\\/\\\/unisale.com.br\\\/novo\\\/20-10-ate-mesmo-os-cabelos-de-vossa-cabeca-estao-todos-contados\\\/#primaryimage\"},\"image\":{\"@id\":\"https:\\\/\\\/unisale.com.br\\\/novo\\\/20-10-ate-mesmo-os-cabelos-de-vossa-cabeca-estao-todos-contados\\\/#primaryimage\"},\"thumbnailUrl\":\"https:\\\/\\\/unisale.com.br\\\/pastoral\\\/wp-content\\\/uploads\\\/2023\\\/10\\\/download-8.jpg\",\"datePublished\":\"2023-10-05T12:15:41+00:00\",\"author\":{\"@id\":\"https:\\\/\\\/unisale.com.br\\\/pastoral\\\/#\\\/schema\\\/person\\\/a16ba711a0f7dec9cb6b44563144d5a3\"},\"inLanguage\":\"pt-BR\",\"potentialAction\":[{\"@type\":\"ReadAction\",\"target\":[\"https:\\\/\\\/unisale.com.br\\\/novo\\\/20-10-ate-mesmo-os-cabelos-de-vossa-cabeca-estao-todos-contados\\\/\"]}]},{\"@type\":\"ImageObject\",\"inLanguage\":\"pt-BR\",\"@id\":\"https:\\\/\\\/unisale.com.br\\\/novo\\\/20-10-ate-mesmo-os-cabelos-de-vossa-cabeca-estao-todos-contados\\\/#primaryimage\",\"url\":\"https:\\\/\\\/unisale.com.br\\\/pastoral\\\/wp-content\\\/uploads\\\/2023\\\/10\\\/download-8.jpg\",\"contentUrl\":\"https:\\\/\\\/unisale.com.br\\\/pastoral\\\/wp-content\\\/uploads\\\/2023\\\/10\\\/download-8.jpg\",\"width\":300,\"height\":168},{\"@type\":\"WebSite\",\"@id\":\"https:\\\/\\\/unisale.com.br\\\/pastoral\\\/#website\",\"url\":\"https:\\\/\\\/unisale.com.br\\\/pastoral\\\/\",\"name\":\"Pastoral Universit\u00e1ria UniSALESIANO\",\"description\":\"Site da Pastoral Universit\u00e1ria do UniSALESIANO\",\"potentialAction\":[{\"@type\":\"SearchAction\",\"target\":{\"@type\":\"EntryPoint\",\"urlTemplate\":\"https:\\\/\\\/unisale.com.br\\\/pastoral\\\/?s={search_term_string}\"},\"query-input\":{\"@type\":\"PropertyValueSpecification\",\"valueRequired\":true,\"valueName\":\"search_term_string\"}}],\"inLanguage\":\"pt-BR\"},{\"@type\":\"Person\",\"@id\":\"https:\\\/\\\/unisale.com.br\\\/pastoral\\\/#\\\/schema\\\/person\\\/a16ba711a0f7dec9cb6b44563144d5a3\",\"name\":\"pastoral\",\"url\":\"https:\\\/\\\/unisale.com.br\\\/pastoral\\\/author\\\/pastoral\\\/\"}]}<\/script>\n<!-- \/ Yoast SEO plugin. -->","yoast_head_json":{"title":"20\/10 - At\u00e9 mesmo os cabelos de vossa cabe\u00e7a est\u00e3o todos contados. - Pastoral Universit\u00e1ria UniSALESIANO","robots":{"index":"index","follow":"follow","max-snippet":"max-snippet:-1","max-image-preview":"max-image-preview:large","max-video-preview":"max-video-preview:-1"},"canonical":"https:\/\/unisale.com.br\/novo\/20-10-ate-mesmo-os-cabelos-de-vossa-cabeca-estao-todos-contados\/","og_locale":"pt_BR","og_type":"article","og_title":"20\/10 - At\u00e9 mesmo os cabelos de vossa cabe\u00e7a est\u00e3o todos contados. - Pastoral Universit\u00e1ria UniSALESIANO","og_description":"Sexta-feira, 20 de outubro de 2023. &nbsp; Evangelho (Lc 12,1-7) &nbsp; \u201cAt\u00e9 mesmo os cabelos de vossa cabe\u00e7a est\u00e3o todos contados\u201d &nbsp; Naquele tempo, 1milhares...","og_url":"https:\/\/unisale.com.br\/novo\/20-10-ate-mesmo-os-cabelos-de-vossa-cabeca-estao-todos-contados\/","og_site_name":"Pastoral Universit\u00e1ria UniSALESIANO","article_published_time":"2023-10-05T12:15:41+00:00","author":"pastoral","twitter_card":"summary_large_image","twitter_misc":{"Escrito por":"pastoral","Est. tempo de leitura":"3 minutos"},"schema":{"@context":"https:\/\/schema.org","@graph":[{"@type":"Article","@id":"https:\/\/unisale.com.br\/novo\/20-10-ate-mesmo-os-cabelos-de-vossa-cabeca-estao-todos-contados\/#article","isPartOf":{"@id":"https:\/\/unisale.com.br\/novo\/20-10-ate-mesmo-os-cabelos-de-vossa-cabeca-estao-todos-contados\/"},"author":{"name":"pastoral","@id":"https:\/\/unisale.com.br\/pastoral\/#\/schema\/person\/a16ba711a0f7dec9cb6b44563144d5a3"},"headline":"20\/10 &#8211; At\u00e9 mesmo os cabelos de vossa cabe\u00e7a est\u00e3o todos contados.","datePublished":"2023-10-05T12:15:41+00:00","mainEntityOfPage":{"@id":"https:\/\/unisale.com.br\/novo\/20-10-ate-mesmo-os-cabelos-de-vossa-cabeca-estao-todos-contados\/"},"wordCount":532,"image":{"@id":"https:\/\/unisale.com.br\/novo\/20-10-ate-mesmo-os-cabelos-de-vossa-cabeca-estao-todos-contados\/#primaryimage"},"thumbnailUrl":"https:\/\/unisale.com.br\/pastoral\/wp-content\/uploads\/2023\/10\/download-8.jpg","articleSection":["Reflex\u00e3o do Evangelho"],"inLanguage":"pt-BR"},{"@type":"WebPage","@id":"https:\/\/unisale.com.br\/novo\/20-10-ate-mesmo-os-cabelos-de-vossa-cabeca-estao-todos-contados\/","url":"https:\/\/unisale.com.br\/novo\/20-10-ate-mesmo-os-cabelos-de-vossa-cabeca-estao-todos-contados\/","name":"20\/10 - At\u00e9 mesmo os cabelos de vossa cabe\u00e7a est\u00e3o todos contados. - Pastoral Universit\u00e1ria UniSALESIANO","isPartOf":{"@id":"https:\/\/unisale.com.br\/pastoral\/#website"},"primaryImageOfPage":{"@id":"https:\/\/unisale.com.br\/novo\/20-10-ate-mesmo-os-cabelos-de-vossa-cabeca-estao-todos-contados\/#primaryimage"},"image":{"@id":"https:\/\/unisale.com.br\/novo\/20-10-ate-mesmo-os-cabelos-de-vossa-cabeca-estao-todos-contados\/#primaryimage"},"thumbnailUrl":"https:\/\/unisale.com.br\/pastoral\/wp-content\/uploads\/2023\/10\/download-8.jpg","datePublished":"2023-10-05T12:15:41+00:00","author":{"@id":"https:\/\/unisale.com.br\/pastoral\/#\/schema\/person\/a16ba711a0f7dec9cb6b44563144d5a3"},"inLanguage":"pt-BR","potentialAction":[{"@type":"ReadAction","target":["https:\/\/unisale.com.br\/novo\/20-10-ate-mesmo-os-cabelos-de-vossa-cabeca-estao-todos-contados\/"]}]},{"@type":"ImageObject","inLanguage":"pt-BR","@id":"https:\/\/unisale.com.br\/novo\/20-10-ate-mesmo-os-cabelos-de-vossa-cabeca-estao-todos-contados\/#primaryimage","url":"https:\/\/unisale.com.br\/pastoral\/wp-content\/uploads\/2023\/10\/download-8.jpg","contentUrl":"https:\/\/unisale.com.br\/pastoral\/wp-content\/uploads\/2023\/10\/download-8.jpg","width":300,"height":168},{"@type":"WebSite","@id":"https:\/\/unisale.com.br\/pastoral\/#website","url":"https:\/\/unisale.com.br\/pastoral\/","name":"Pastoral Universit\u00e1ria UniSALESIANO","description":"Site da Pastoral Universit\u00e1ria do UniSALESIANO","potentialAction":[{"@type":"SearchAction","target":{"@type":"EntryPoint","urlTemplate":"https:\/\/unisale.com.br\/pastoral\/?s={search_term_string}"},"query-input":{"@type":"PropertyValueSpecification","valueRequired":true,"valueName":"search_term_string"}}],"inLanguage":"pt-BR"},{"@type":"Person","@id":"https:\/\/unisale.com.br\/pastoral\/#\/schema\/person\/a16ba711a0f7dec9cb6b44563144d5a3","name":"pastoral","url":"https:\/\/unisale.com.br\/pastoral\/author\/pastoral\/"}]}},"_links":{"self":[{"href":"https:\/\/unisale.com.br\/pastoral\/wp-json\/wp\/v2\/posts\/7786","targetHints":{"allow":["GET"]}}],"collection":[{"href":"https:\/\/unisale.com.br\/pastoral\/wp-json\/wp\/v2\/posts"}],"about":[{"href":"https:\/\/unisale.com.br\/pastoral\/wp-json\/wp\/v2\/types\/post"}],"author":[{"embeddable":true,"href":"https:\/\/unisale.com.br\/pastoral\/wp-json\/wp\/v2\/users\/1"}],"replies":[{"embeddable":true,"href":"https:\/\/unisale.com.br\/pastoral\/wp-json\/wp\/v2\/comments?post=7786"}],"version-history":[{"count":0,"href":"https:\/\/unisale.com.br\/pastoral\/wp-json\/wp\/v2\/posts\/7786\/revisions"}],"wp:featuredmedia":[{"embeddable":true,"href":"https:\/\/unisale.com.br\/pastoral\/wp-json\/wp\/v2\/media\/7787"}],"wp:attachment":[{"href":"https:\/\/unisale.com.br\/pastoral\/wp-json\/wp\/v2\/media?parent=7786"}],"wp:term":[{"taxonomy":"category","embeddable":true,"href":"https:\/\/unisale.com.br\/pastoral\/wp-json\/wp\/v2\/categories?post=7786"},{"taxonomy":"post_tag","embeddable":true,"href":"https:\/\/unisale.com.br\/pastoral\/wp-json\/wp\/v2\/tags?post=7786"}],"curies":[{"name":"wp","href":"https:\/\/api.w.org\/{rel}","templated":true}]}}