{"id":7812,"date":"2023-10-21T10:46:53","date_gmt":"2023-10-21T10:46:53","guid":{"rendered":"https:\/\/unisale.com.br\/pastoral\/?p=7812"},"modified":"2023-10-21T10:46:53","modified_gmt":"2023-10-21T10:46:53","slug":"22-10-dai-a-cesar-o-que-e-de-cesar-e-a-deus-o-que-e-de-deus","status":"publish","type":"post","link":"https:\/\/unisale.com.br\/pastoral\/22-10-dai-a-cesar-o-que-e-de-cesar-e-a-deus-o-que-e-de-deus\/","title":{"rendered":"22\/10 &#8211; Dai a C\u00e9sar o que \u00e9 de C\u00e9sar e a Deus o que \u00e9 de Deus."},"content":{"rendered":"<p>Domingo, 22 de outubro de 2023.<\/p>\n<p>&nbsp;<\/p>\n<p><strong>Evangelho (Mt 22,15-21)<\/strong><\/p>\n<p>&nbsp;<\/p>\n<p><strong>\u201cDai a C\u00e9sar o que \u00e9 de C\u00e9sar e a Deus o que \u00e9 de Deus\u201d.<\/strong><\/p>\n<p>&nbsp;<\/p>\n<p>Naquele tempo, <sup>15<\/sup>os fariseus fizeram um plano para apanhar Jesus em alguma palavra. <sup>16<\/sup>Ent\u00e3o mandaram os seus disc\u00edpulos, junto com alguns do partido de Herodes, para dizerem a Jesus: \u201cMestre, sabemos que \u00e9s verdadeiro e que, de fato, ensinas o caminho de Deus. N\u00e3o te deixas influenciar pela opini\u00e3o dos outros, pois n\u00e3o julgas um homem pelas apar\u00eancias. <sup>17<\/sup>Dize-nos, pois, o que pensas: \u00c9 l\u00edcito ou n\u00e3o pagar imposto a C\u00e9sar?\u201d <sup>18<\/sup>Jesus percebeu a maldade deles e disse: \u201cHip\u00f3critas! Por que me preparais uma armadilha? <sup>19<\/sup>Mostrai-me a moeda do imposto!\u201d Levaram-lhe ent\u00e3o a moeda. <sup>20<\/sup>E Jesus disse: \u201cDe quem \u00e9 a figura e a inscri\u00e7\u00e3o desta moeda?\u201d <sup>21<\/sup>Eles responderam: \u201cDe C\u00e9sar\u201d. Jesus ent\u00e3o lhes disse: \u201cDai, pois, a C\u00e9sar o que \u00e9 de C\u00e9sar, e a Deus o que \u00e9 de Deus\u201d.<\/p>\n<p>&nbsp;<\/p>\n<p><strong>Reflex\u00e3o<\/strong><\/p>\n<p>&nbsp;<\/p>\n<p>Mateus nos diz que um dia um grupo de fariseus e um grupo de herodianos se uniram contra Jesus. \u00c9 uma situa\u00e7\u00e3o verdadeiramente nojenta e que ainda hoje podemos ver acontecer: grupos inimigos que se unem contra um inimigo comum. O \u00f3dio \u00e9 realmente irracional e devemos estar sempre vigilantes para que o nosso cora\u00e7\u00e3o esteja livre dele. Os fariseus e os herodianos dizem a Jesus: \u201cMestre, sabemos que \u00e9s verdadeiro e que, de fato, ensinas o caminho de Deus. N\u00e3o te deixas influenciar pela opini\u00e3o dos outros, pois n\u00e3o julgas um homem pelas apar\u00eancias\u201d. Reconhecem em Jesus a sua liberdade interior, sua retid\u00e3o e coer\u00eancia. Dizem a verdade sobre Jesus, mas sem amor. Fazem uma pergunta a Jesus: \u201c\u00c9 l\u00edcito ou n\u00e3o pagar imposto a C\u00e9sar?\u201d. Mas a Sabedoria vence a esperteza. Jesus desmascara a hipocrisia do grupo, pede que lhe mostrem uma moeda. \u00c9 um gesto s\u00e1bio e provocante. Jesus de fato n\u00e3o tem dinheiro no bolso, enquanto que os fariseus e herodianos carregam tranquilamente a moeda do inimigo opressor. Jesus mostra que \u00e9 livre da escravid\u00e3o de C\u00e9sar porque n\u00e3o possui nem mesmo uma moeda, enquanto que eles que s\u00e3o t\u00e3o escrupulosos em suas palavras, possuem avidamente o dinheiro de Roma. Jesus, penetrando serenamente na situa\u00e7\u00e3o, acrescenta: \u201cDai, pois, a C\u00e9sar o que \u00e9 de C\u00e9sar, e a Deus o que \u00e9 de Deus\u201d. Isto \u00e9, sejam leais ao Estado. Se recebeis os servi\u00e7os do Estado, possuis o dever de serem honestos com o Estado, se aceitais uma organiza\u00e7\u00e3o de vida social, deveis ser coerentes contribuindo com o seu funcionamento. \u00c9 muito atual esta chamada de Jesus sobre a honestidade social. N\u00e3o se rouba somente as pessoas, se pode tamb\u00e9m roubar o Estado. Se rouba n\u00e3o somente se apropriando de bens, mas tamb\u00e9m rejeitando a colabora\u00e7\u00e3o ou o respeito aos bens comuns. Alguns exemplos: algu\u00e9m que destr\u00f3i um jardim p\u00fablico, rouba a comunidade; um jovem que destr\u00f3i as carteiras de uma escola, rouba a comunidade; um sonegador de impostos, rouba a comunidade. \u201cdai a Deus o que \u00e9 de Deus\u201d. Jesus deseja chegar a esta conclus\u00e3o que \u00e9 decisiva: quando Deus est\u00e1 de fato no centro da vida dos homens, se iluminam tamb\u00e9m os deveres sociais. Por tantas vezes ao longo dos s\u00e9culos, alguns tiveram a pretens\u00e3o de marginalizar Deus para dar mais aten\u00e7\u00e3o ao homem e para concentrar todas as energias na constru\u00e7\u00e3o da vida terrena. O que aconteceu? Um verdadeiro inferno, porque \u00e9 Deus a fonte dos direitos e a raz\u00e3o dos deveres: se eliminamos Deus, tudo \u00e9 permitido e nenhum dever \u00e9 justific\u00e1vel, assim nenhum direito \u00e9 garantido.<\/p>\n<p><strong>Pe. Paulo Eduardo J\u00e1como, sdb.<\/strong><\/p>\n","protected":false},"excerpt":{"rendered":"<p>Domingo, 22 de outubro de 2023. &nbsp; Evangelho (Mt 22,15-21) &nbsp; \u201cDai a C\u00e9sar o que \u00e9 de C\u00e9sar e a Deus o que \u00e9&#8230;<\/p>\n","protected":false},"author":1,"featured_media":7814,"comment_status":"closed","ping_status":"closed","sticky":false,"template":"","format":"standard","meta":{"_acf_changed":false,"footnotes":""},"categories":[13],"tags":[],"class_list":["post-7812","post","type-post","status-publish","format-standard","has-post-thumbnail","hentry","category-reflexaodoevagelho"],"acf":[],"yoast_head":"<!-- This site is optimized with the Yoast SEO plugin v27.3 - https:\/\/yoast.com\/product\/yoast-seo-wordpress\/ -->\n<title>22\/10 - Dai a C\u00e9sar o que \u00e9 de C\u00e9sar e a Deus o que \u00e9 de Deus. - Pastoral Universit\u00e1ria UniSALESIANO<\/title>\n<meta name=\"robots\" content=\"index, follow, max-snippet:-1, max-image-preview:large, max-video-preview:-1\" \/>\n<link rel=\"canonical\" href=\"https:\/\/unisale.com.br\/novo\/22-10-dai-a-cesar-o-que-e-de-cesar-e-a-deus-o-que-e-de-deus\/\" \/>\n<meta property=\"og:locale\" content=\"pt_BR\" \/>\n<meta property=\"og:type\" content=\"article\" \/>\n<meta property=\"og:title\" content=\"22\/10 - Dai a C\u00e9sar o que \u00e9 de C\u00e9sar e a Deus o que \u00e9 de Deus. - Pastoral Universit\u00e1ria UniSALESIANO\" \/>\n<meta property=\"og:description\" content=\"Domingo, 22 de outubro de 2023. &nbsp; Evangelho (Mt 22,15-21) &nbsp; \u201cDai a C\u00e9sar o que \u00e9 de C\u00e9sar e a Deus o que \u00e9...\" \/>\n<meta property=\"og:url\" content=\"https:\/\/unisale.com.br\/novo\/22-10-dai-a-cesar-o-que-e-de-cesar-e-a-deus-o-que-e-de-deus\/\" \/>\n<meta property=\"og:site_name\" content=\"Pastoral Universit\u00e1ria UniSALESIANO\" \/>\n<meta property=\"article:published_time\" content=\"2023-10-21T10:46:53+00:00\" \/>\n<meta name=\"author\" content=\"pastoral\" \/>\n<meta name=\"twitter:card\" content=\"summary_large_image\" \/>\n<meta name=\"twitter:label1\" content=\"Escrito por\" \/>\n\t<meta name=\"twitter:data1\" content=\"pastoral\" \/>\n\t<meta name=\"twitter:label2\" content=\"Est. tempo de leitura\" \/>\n\t<meta name=\"twitter:data2\" content=\"3 minutos\" \/>\n<script type=\"application\/ld+json\" class=\"yoast-schema-graph\">{\"@context\":\"https:\\\/\\\/schema.org\",\"@graph\":[{\"@type\":\"Article\",\"@id\":\"https:\\\/\\\/unisale.com.br\\\/novo\\\/22-10-dai-a-cesar-o-que-e-de-cesar-e-a-deus-o-que-e-de-deus\\\/#article\",\"isPartOf\":{\"@id\":\"https:\\\/\\\/unisale.com.br\\\/novo\\\/22-10-dai-a-cesar-o-que-e-de-cesar-e-a-deus-o-que-e-de-deus\\\/\"},\"author\":{\"name\":\"pastoral\",\"@id\":\"https:\\\/\\\/unisale.com.br\\\/pastoral\\\/#\\\/schema\\\/person\\\/a16ba711a0f7dec9cb6b44563144d5a3\"},\"headline\":\"22\\\/10 &#8211; Dai a C\u00e9sar o que \u00e9 de C\u00e9sar e a Deus o que \u00e9 de Deus.\",\"datePublished\":\"2023-10-21T10:46:53+00:00\",\"mainEntityOfPage\":{\"@id\":\"https:\\\/\\\/unisale.com.br\\\/novo\\\/22-10-dai-a-cesar-o-que-e-de-cesar-e-a-deus-o-que-e-de-deus\\\/\"},\"wordCount\":656,\"image\":{\"@id\":\"https:\\\/\\\/unisale.com.br\\\/novo\\\/22-10-dai-a-cesar-o-que-e-de-cesar-e-a-deus-o-que-e-de-deus\\\/#primaryimage\"},\"thumbnailUrl\":\"https:\\\/\\\/unisale.com.br\\\/pastoral\\\/wp-content\\\/uploads\\\/2023\\\/10\\\/imagem_2023-10-23_074610979.png\",\"articleSection\":[\"Reflex\u00e3o do Evangelho\"],\"inLanguage\":\"pt-BR\"},{\"@type\":\"WebPage\",\"@id\":\"https:\\\/\\\/unisale.com.br\\\/novo\\\/22-10-dai-a-cesar-o-que-e-de-cesar-e-a-deus-o-que-e-de-deus\\\/\",\"url\":\"https:\\\/\\\/unisale.com.br\\\/novo\\\/22-10-dai-a-cesar-o-que-e-de-cesar-e-a-deus-o-que-e-de-deus\\\/\",\"name\":\"22\\\/10 - Dai a C\u00e9sar o que \u00e9 de C\u00e9sar e a Deus o que \u00e9 de Deus. - Pastoral Universit\u00e1ria UniSALESIANO\",\"isPartOf\":{\"@id\":\"https:\\\/\\\/unisale.com.br\\\/pastoral\\\/#website\"},\"primaryImageOfPage\":{\"@id\":\"https:\\\/\\\/unisale.com.br\\\/novo\\\/22-10-dai-a-cesar-o-que-e-de-cesar-e-a-deus-o-que-e-de-deus\\\/#primaryimage\"},\"image\":{\"@id\":\"https:\\\/\\\/unisale.com.br\\\/novo\\\/22-10-dai-a-cesar-o-que-e-de-cesar-e-a-deus-o-que-e-de-deus\\\/#primaryimage\"},\"thumbnailUrl\":\"https:\\\/\\\/unisale.com.br\\\/pastoral\\\/wp-content\\\/uploads\\\/2023\\\/10\\\/imagem_2023-10-23_074610979.png\",\"datePublished\":\"2023-10-21T10:46:53+00:00\",\"author\":{\"@id\":\"https:\\\/\\\/unisale.com.br\\\/pastoral\\\/#\\\/schema\\\/person\\\/a16ba711a0f7dec9cb6b44563144d5a3\"},\"inLanguage\":\"pt-BR\",\"potentialAction\":[{\"@type\":\"ReadAction\",\"target\":[\"https:\\\/\\\/unisale.com.br\\\/novo\\\/22-10-dai-a-cesar-o-que-e-de-cesar-e-a-deus-o-que-e-de-deus\\\/\"]}]},{\"@type\":\"ImageObject\",\"inLanguage\":\"pt-BR\",\"@id\":\"https:\\\/\\\/unisale.com.br\\\/novo\\\/22-10-dai-a-cesar-o-que-e-de-cesar-e-a-deus-o-que-e-de-deus\\\/#primaryimage\",\"url\":\"https:\\\/\\\/unisale.com.br\\\/pastoral\\\/wp-content\\\/uploads\\\/2023\\\/10\\\/imagem_2023-10-23_074610979.png\",\"contentUrl\":\"https:\\\/\\\/unisale.com.br\\\/pastoral\\\/wp-content\\\/uploads\\\/2023\\\/10\\\/imagem_2023-10-23_074610979.png\",\"width\":300,\"height\":159},{\"@type\":\"WebSite\",\"@id\":\"https:\\\/\\\/unisale.com.br\\\/pastoral\\\/#website\",\"url\":\"https:\\\/\\\/unisale.com.br\\\/pastoral\\\/\",\"name\":\"Pastoral Universit\u00e1ria UniSALESIANO\",\"description\":\"Site da Pastoral Universit\u00e1ria do UniSALESIANO\",\"potentialAction\":[{\"@type\":\"SearchAction\",\"target\":{\"@type\":\"EntryPoint\",\"urlTemplate\":\"https:\\\/\\\/unisale.com.br\\\/pastoral\\\/?s={search_term_string}\"},\"query-input\":{\"@type\":\"PropertyValueSpecification\",\"valueRequired\":true,\"valueName\":\"search_term_string\"}}],\"inLanguage\":\"pt-BR\"},{\"@type\":\"Person\",\"@id\":\"https:\\\/\\\/unisale.com.br\\\/pastoral\\\/#\\\/schema\\\/person\\\/a16ba711a0f7dec9cb6b44563144d5a3\",\"name\":\"pastoral\",\"url\":\"https:\\\/\\\/unisale.com.br\\\/pastoral\\\/author\\\/pastoral\\\/\"}]}<\/script>\n<!-- \/ Yoast SEO plugin. -->","yoast_head_json":{"title":"22\/10 - Dai a C\u00e9sar o que \u00e9 de C\u00e9sar e a Deus o que \u00e9 de Deus. - Pastoral Universit\u00e1ria UniSALESIANO","robots":{"index":"index","follow":"follow","max-snippet":"max-snippet:-1","max-image-preview":"max-image-preview:large","max-video-preview":"max-video-preview:-1"},"canonical":"https:\/\/unisale.com.br\/novo\/22-10-dai-a-cesar-o-que-e-de-cesar-e-a-deus-o-que-e-de-deus\/","og_locale":"pt_BR","og_type":"article","og_title":"22\/10 - Dai a C\u00e9sar o que \u00e9 de C\u00e9sar e a Deus o que \u00e9 de Deus. - Pastoral Universit\u00e1ria UniSALESIANO","og_description":"Domingo, 22 de outubro de 2023. &nbsp; Evangelho (Mt 22,15-21) &nbsp; \u201cDai a C\u00e9sar o que \u00e9 de C\u00e9sar e a Deus o que \u00e9...","og_url":"https:\/\/unisale.com.br\/novo\/22-10-dai-a-cesar-o-que-e-de-cesar-e-a-deus-o-que-e-de-deus\/","og_site_name":"Pastoral Universit\u00e1ria UniSALESIANO","article_published_time":"2023-10-21T10:46:53+00:00","author":"pastoral","twitter_card":"summary_large_image","twitter_misc":{"Escrito por":"pastoral","Est. tempo de leitura":"3 minutos"},"schema":{"@context":"https:\/\/schema.org","@graph":[{"@type":"Article","@id":"https:\/\/unisale.com.br\/novo\/22-10-dai-a-cesar-o-que-e-de-cesar-e-a-deus-o-que-e-de-deus\/#article","isPartOf":{"@id":"https:\/\/unisale.com.br\/novo\/22-10-dai-a-cesar-o-que-e-de-cesar-e-a-deus-o-que-e-de-deus\/"},"author":{"name":"pastoral","@id":"https:\/\/unisale.com.br\/pastoral\/#\/schema\/person\/a16ba711a0f7dec9cb6b44563144d5a3"},"headline":"22\/10 &#8211; Dai a C\u00e9sar o que \u00e9 de C\u00e9sar e a Deus o que \u00e9 de Deus.","datePublished":"2023-10-21T10:46:53+00:00","mainEntityOfPage":{"@id":"https:\/\/unisale.com.br\/novo\/22-10-dai-a-cesar-o-que-e-de-cesar-e-a-deus-o-que-e-de-deus\/"},"wordCount":656,"image":{"@id":"https:\/\/unisale.com.br\/novo\/22-10-dai-a-cesar-o-que-e-de-cesar-e-a-deus-o-que-e-de-deus\/#primaryimage"},"thumbnailUrl":"https:\/\/unisale.com.br\/pastoral\/wp-content\/uploads\/2023\/10\/imagem_2023-10-23_074610979.png","articleSection":["Reflex\u00e3o do Evangelho"],"inLanguage":"pt-BR"},{"@type":"WebPage","@id":"https:\/\/unisale.com.br\/novo\/22-10-dai-a-cesar-o-que-e-de-cesar-e-a-deus-o-que-e-de-deus\/","url":"https:\/\/unisale.com.br\/novo\/22-10-dai-a-cesar-o-que-e-de-cesar-e-a-deus-o-que-e-de-deus\/","name":"22\/10 - Dai a C\u00e9sar o que \u00e9 de C\u00e9sar e a Deus o que \u00e9 de Deus. - Pastoral Universit\u00e1ria UniSALESIANO","isPartOf":{"@id":"https:\/\/unisale.com.br\/pastoral\/#website"},"primaryImageOfPage":{"@id":"https:\/\/unisale.com.br\/novo\/22-10-dai-a-cesar-o-que-e-de-cesar-e-a-deus-o-que-e-de-deus\/#primaryimage"},"image":{"@id":"https:\/\/unisale.com.br\/novo\/22-10-dai-a-cesar-o-que-e-de-cesar-e-a-deus-o-que-e-de-deus\/#primaryimage"},"thumbnailUrl":"https:\/\/unisale.com.br\/pastoral\/wp-content\/uploads\/2023\/10\/imagem_2023-10-23_074610979.png","datePublished":"2023-10-21T10:46:53+00:00","author":{"@id":"https:\/\/unisale.com.br\/pastoral\/#\/schema\/person\/a16ba711a0f7dec9cb6b44563144d5a3"},"inLanguage":"pt-BR","potentialAction":[{"@type":"ReadAction","target":["https:\/\/unisale.com.br\/novo\/22-10-dai-a-cesar-o-que-e-de-cesar-e-a-deus-o-que-e-de-deus\/"]}]},{"@type":"ImageObject","inLanguage":"pt-BR","@id":"https:\/\/unisale.com.br\/novo\/22-10-dai-a-cesar-o-que-e-de-cesar-e-a-deus-o-que-e-de-deus\/#primaryimage","url":"https:\/\/unisale.com.br\/pastoral\/wp-content\/uploads\/2023\/10\/imagem_2023-10-23_074610979.png","contentUrl":"https:\/\/unisale.com.br\/pastoral\/wp-content\/uploads\/2023\/10\/imagem_2023-10-23_074610979.png","width":300,"height":159},{"@type":"WebSite","@id":"https:\/\/unisale.com.br\/pastoral\/#website","url":"https:\/\/unisale.com.br\/pastoral\/","name":"Pastoral Universit\u00e1ria UniSALESIANO","description":"Site da Pastoral Universit\u00e1ria do UniSALESIANO","potentialAction":[{"@type":"SearchAction","target":{"@type":"EntryPoint","urlTemplate":"https:\/\/unisale.com.br\/pastoral\/?s={search_term_string}"},"query-input":{"@type":"PropertyValueSpecification","valueRequired":true,"valueName":"search_term_string"}}],"inLanguage":"pt-BR"},{"@type":"Person","@id":"https:\/\/unisale.com.br\/pastoral\/#\/schema\/person\/a16ba711a0f7dec9cb6b44563144d5a3","name":"pastoral","url":"https:\/\/unisale.com.br\/pastoral\/author\/pastoral\/"}]}},"_links":{"self":[{"href":"https:\/\/unisale.com.br\/pastoral\/wp-json\/wp\/v2\/posts\/7812","targetHints":{"allow":["GET"]}}],"collection":[{"href":"https:\/\/unisale.com.br\/pastoral\/wp-json\/wp\/v2\/posts"}],"about":[{"href":"https:\/\/unisale.com.br\/pastoral\/wp-json\/wp\/v2\/types\/post"}],"author":[{"embeddable":true,"href":"https:\/\/unisale.com.br\/pastoral\/wp-json\/wp\/v2\/users\/1"}],"replies":[{"embeddable":true,"href":"https:\/\/unisale.com.br\/pastoral\/wp-json\/wp\/v2\/comments?post=7812"}],"version-history":[{"count":0,"href":"https:\/\/unisale.com.br\/pastoral\/wp-json\/wp\/v2\/posts\/7812\/revisions"}],"wp:featuredmedia":[{"embeddable":true,"href":"https:\/\/unisale.com.br\/pastoral\/wp-json\/wp\/v2\/media\/7814"}],"wp:attachment":[{"href":"https:\/\/unisale.com.br\/pastoral\/wp-json\/wp\/v2\/media?parent=7812"}],"wp:term":[{"taxonomy":"category","embeddable":true,"href":"https:\/\/unisale.com.br\/pastoral\/wp-json\/wp\/v2\/categories?post=7812"},{"taxonomy":"post_tag","embeddable":true,"href":"https:\/\/unisale.com.br\/pastoral\/wp-json\/wp\/v2\/tags?post=7812"}],"curies":[{"name":"wp","href":"https:\/\/api.w.org\/{rel}","templated":true}]}}