{"id":7899,"date":"2023-11-01T14:40:17","date_gmt":"2023-11-01T14:40:17","guid":{"rendered":"https:\/\/unisale.com.br\/pastoral\/?p=7899"},"modified":"2023-11-01T14:40:17","modified_gmt":"2023-11-01T14:40:17","slug":"10-11-os-filhos-deste-mundo-sao-mais-espertos-em-seus-negocios-do-que-os-filhos-da-luz","status":"publish","type":"post","link":"https:\/\/unisale.com.br\/pastoral\/10-11-os-filhos-deste-mundo-sao-mais-espertos-em-seus-negocios-do-que-os-filhos-da-luz\/","title":{"rendered":"10\/11 &#8211; Os filhos deste mundo s\u00e3o mais espertos em seus neg\u00f3cios do que os filhos da luz."},"content":{"rendered":"<p>Sexta-feira, 10 de novembro de 2023.<\/p>\n<p>&nbsp;<\/p>\n<p>Evangelho (Lc 16,1-8)<\/p>\n<p>&nbsp;<\/p>\n<p><strong>\u201cOs filhos deste mundo s\u00e3o mais espertos em seus neg\u00f3cios do que os filhos da luz\u201d<\/strong><\/p>\n<p>&nbsp;<\/p>\n<p>Naquele tempo, <sup>1<\/sup>Jesus disse aos disc\u00edpulos: \u201cUm homem rico tinha um administrador que foi acusado de esbanjar os seus bens. <sup>2<\/sup>Ele o chamou e lhe disse: \u2018Que \u00e9 isto que ou\u00e7o a teu respeito? Presta contas da tua administra\u00e7\u00e3o, pois j\u00e1 n\u00e3o podes mais administrar meus bens\u2019. <sup>3<\/sup>O administrador ent\u00e3o come\u00e7ou a refletir: \u2018O Senhor vai me tirar a administra\u00e7\u00e3o. Que vou fazer? Para cavar, n\u00e3o tenho for\u00e7as; de mendigar, tenho vergonha. <sup>4<\/sup>Ah! J\u00e1 sei o que fazer, para que algu\u00e9m me receba em sua casa quando eu for afastado da administra\u00e7\u00e3o\u2019. <sup>5<\/sup>Ent\u00e3o ele chamou cada um dos que estavam devendo ao seu patr\u00e3o. E perguntou ao primeiro: \u2018Quanto deves ao meu patr\u00e3o?\u2019 <sup>6<\/sup>Ele respondeu: \u2018Cem barris de \u00f3leo! \u201cO administrador disse: \u2018Pega a tua conta, senta-te, depressa, e escreve cinquenta!\u2019 <sup>7<\/sup>Depois ele perguntou a outro: \u2018E tu, quanto deves?\u2019 Ele respondeu: \u2018Cem medidas de trigo\u2019. O administrador disse: \u2018Pega tua conta e escreve oitenta\u2019. <sup>8<\/sup>E o Senhor elogiou o administrador desonesto, porque ele agiu com esperteza. Com efeito, os filhos deste mundo s\u00e3o mais espertos em seus neg\u00f3cios do que os filhos da luz\u201d.<\/p>\n<p>&nbsp;<\/p>\n<p><strong>Reflex\u00e3o<\/strong><\/p>\n<p>&nbsp;<\/p>\n<p>Certamente n\u00f3s j\u00e1 vivemos a experi\u00eancia de ter feito algo na vida que voc\u00ea se arrependeu, mas j\u00e1 era tarde, voc\u00ea n\u00e3o podia mudar o que j\u00e1 estava feito. Como precisamos viver diante de um fato que n\u00e3o se pode mais mudar? Jesus nos respondeu a esta pergunta com a par\u00e1bola que Ele conta no Evangelho de hoje. O administrador est\u00e1 diante da presta\u00e7\u00e3o de contas. Ali o patr\u00e3o percebeu que ele estava sendo desonesto e entregando os registros o mandaria embora. \u00c9 muito velho para colocar-se \u00e0 procura de outro trabalho e n\u00e3o sabe mais o que fazer de diferente do j\u00e1 faz. Ent\u00e3o ele pensa e resolve ajustar ainda de maneira desonesta, as contas dos devedores. Na pr\u00e1tica adultera os d\u00e9bitos esperando que as pessoas a quem ele ajudou tamb\u00e9m o ajudem na hora de sua ru\u00edna. \u00c9 um modo muito sutil atrav\u00e9s do qual Jesus parece nos sugerir que ser misericordioso na vida \u00e9 o \u00fanico modo de encontrar algu\u00e9m que, quando nos apresentamos no para\u00edso, poder\u00e1 ajudar-nos a entrar por qualquer janela porque seguramente pela porta n\u00e3o poder\u00edamos entrar. N\u00e3o \u00e9 o elogia da desonestidade, mas o modo simp\u00e1tico de recordar-nos que amar n\u00e3o \u00e9 uma ingenuidade, mas uma esperteza. Parece que Jesus nos diz: seja esperto, ama! \u201cO patr\u00e3o elogiou o administrador desonesto, porque ele agiu com esperteza. Com efeito, os filhos deste mundo s\u00e3o mais espertos em seus neg\u00f3cios do que os filhos da luz\u201d. Os santos n\u00e3o s\u00e3o ing\u00eanuos, mas espertos, por\u00e9m, segundo o modo de viver o Evangelho.<\/p>\n<p><strong>Pe. Paulo Eduardo J\u00e1como, sdb.<\/strong><\/p>\n","protected":false},"excerpt":{"rendered":"<p>Sexta-feira, 10 de novembro de 2023. &nbsp; Evangelho (Lc 16,1-8) &nbsp; \u201cOs filhos deste mundo s\u00e3o mais espertos em seus neg\u00f3cios do que os filhos&#8230;<\/p>\n","protected":false},"author":1,"featured_media":7900,"comment_status":"closed","ping_status":"closed","sticky":false,"template":"","format":"standard","meta":{"_acf_changed":false,"footnotes":""},"categories":[13],"tags":[],"class_list":["post-7899","post","type-post","status-publish","format-standard","has-post-thumbnail","hentry","category-reflexaodoevagelho"],"acf":[],"yoast_head":"<!-- This site is optimized with the Yoast SEO plugin v27.3 - https:\/\/yoast.com\/product\/yoast-seo-wordpress\/ -->\n<title>10\/11 - Os filhos deste mundo s\u00e3o mais espertos em seus neg\u00f3cios do que os filhos da luz. - Pastoral Universit\u00e1ria UniSALESIANO<\/title>\n<meta name=\"robots\" content=\"index, follow, max-snippet:-1, max-image-preview:large, max-video-preview:-1\" \/>\n<link rel=\"canonical\" href=\"https:\/\/unisale.com.br\/novo\/10-11-os-filhos-deste-mundo-sao-mais-espertos-em-seus-negocios-do-que-os-filhos-da-luz\/\" \/>\n<meta property=\"og:locale\" content=\"pt_BR\" \/>\n<meta property=\"og:type\" content=\"article\" \/>\n<meta property=\"og:title\" content=\"10\/11 - Os filhos deste mundo s\u00e3o mais espertos em seus neg\u00f3cios do que os filhos da luz. - Pastoral Universit\u00e1ria UniSALESIANO\" \/>\n<meta property=\"og:description\" content=\"Sexta-feira, 10 de novembro de 2023. &nbsp; Evangelho (Lc 16,1-8) &nbsp; \u201cOs filhos deste mundo s\u00e3o mais espertos em seus neg\u00f3cios do que os filhos...\" \/>\n<meta property=\"og:url\" content=\"https:\/\/unisale.com.br\/novo\/10-11-os-filhos-deste-mundo-sao-mais-espertos-em-seus-negocios-do-que-os-filhos-da-luz\/\" \/>\n<meta property=\"og:site_name\" content=\"Pastoral Universit\u00e1ria UniSALESIANO\" \/>\n<meta property=\"article:published_time\" content=\"2023-11-01T14:40:17+00:00\" \/>\n<meta name=\"author\" content=\"pastoral\" \/>\n<meta name=\"twitter:card\" content=\"summary_large_image\" \/>\n<meta name=\"twitter:label1\" content=\"Escrito por\" \/>\n\t<meta name=\"twitter:data1\" content=\"pastoral\" \/>\n\t<meta name=\"twitter:label2\" content=\"Est. tempo de leitura\" \/>\n\t<meta name=\"twitter:data2\" content=\"3 minutos\" \/>\n<script type=\"application\/ld+json\" class=\"yoast-schema-graph\">{\"@context\":\"https:\\\/\\\/schema.org\",\"@graph\":[{\"@type\":\"Article\",\"@id\":\"https:\\\/\\\/unisale.com.br\\\/novo\\\/10-11-os-filhos-deste-mundo-sao-mais-espertos-em-seus-negocios-do-que-os-filhos-da-luz\\\/#article\",\"isPartOf\":{\"@id\":\"https:\\\/\\\/unisale.com.br\\\/novo\\\/10-11-os-filhos-deste-mundo-sao-mais-espertos-em-seus-negocios-do-que-os-filhos-da-luz\\\/\"},\"author\":{\"name\":\"pastoral\",\"@id\":\"https:\\\/\\\/unisale.com.br\\\/pastoral\\\/#\\\/schema\\\/person\\\/a16ba711a0f7dec9cb6b44563144d5a3\"},\"headline\":\"10\\\/11 &#8211; Os filhos deste mundo s\u00e3o mais espertos em seus neg\u00f3cios do que os filhos da luz.\",\"datePublished\":\"2023-11-01T14:40:17+00:00\",\"mainEntityOfPage\":{\"@id\":\"https:\\\/\\\/unisale.com.br\\\/novo\\\/10-11-os-filhos-deste-mundo-sao-mais-espertos-em-seus-negocios-do-que-os-filhos-da-luz\\\/\"},\"wordCount\":535,\"image\":{\"@id\":\"https:\\\/\\\/unisale.com.br\\\/novo\\\/10-11-os-filhos-deste-mundo-sao-mais-espertos-em-seus-negocios-do-que-os-filhos-da-luz\\\/#primaryimage\"},\"thumbnailUrl\":\"https:\\\/\\\/unisale.com.br\\\/pastoral\\\/wp-content\\\/uploads\\\/2023\\\/11\\\/noticia-cebi-5-11.jpg\",\"articleSection\":[\"Reflex\u00e3o do Evangelho\"],\"inLanguage\":\"pt-BR\"},{\"@type\":\"WebPage\",\"@id\":\"https:\\\/\\\/unisale.com.br\\\/novo\\\/10-11-os-filhos-deste-mundo-sao-mais-espertos-em-seus-negocios-do-que-os-filhos-da-luz\\\/\",\"url\":\"https:\\\/\\\/unisale.com.br\\\/novo\\\/10-11-os-filhos-deste-mundo-sao-mais-espertos-em-seus-negocios-do-que-os-filhos-da-luz\\\/\",\"name\":\"10\\\/11 - Os filhos deste mundo s\u00e3o mais espertos em seus neg\u00f3cios do que os filhos da luz. - Pastoral Universit\u00e1ria UniSALESIANO\",\"isPartOf\":{\"@id\":\"https:\\\/\\\/unisale.com.br\\\/pastoral\\\/#website\"},\"primaryImageOfPage\":{\"@id\":\"https:\\\/\\\/unisale.com.br\\\/novo\\\/10-11-os-filhos-deste-mundo-sao-mais-espertos-em-seus-negocios-do-que-os-filhos-da-luz\\\/#primaryimage\"},\"image\":{\"@id\":\"https:\\\/\\\/unisale.com.br\\\/novo\\\/10-11-os-filhos-deste-mundo-sao-mais-espertos-em-seus-negocios-do-que-os-filhos-da-luz\\\/#primaryimage\"},\"thumbnailUrl\":\"https:\\\/\\\/unisale.com.br\\\/pastoral\\\/wp-content\\\/uploads\\\/2023\\\/11\\\/noticia-cebi-5-11.jpg\",\"datePublished\":\"2023-11-01T14:40:17+00:00\",\"author\":{\"@id\":\"https:\\\/\\\/unisale.com.br\\\/pastoral\\\/#\\\/schema\\\/person\\\/a16ba711a0f7dec9cb6b44563144d5a3\"},\"inLanguage\":\"pt-BR\",\"potentialAction\":[{\"@type\":\"ReadAction\",\"target\":[\"https:\\\/\\\/unisale.com.br\\\/novo\\\/10-11-os-filhos-deste-mundo-sao-mais-espertos-em-seus-negocios-do-que-os-filhos-da-luz\\\/\"]}]},{\"@type\":\"ImageObject\",\"inLanguage\":\"pt-BR\",\"@id\":\"https:\\\/\\\/unisale.com.br\\\/novo\\\/10-11-os-filhos-deste-mundo-sao-mais-espertos-em-seus-negocios-do-que-os-filhos-da-luz\\\/#primaryimage\",\"url\":\"https:\\\/\\\/unisale.com.br\\\/pastoral\\\/wp-content\\\/uploads\\\/2023\\\/11\\\/noticia-cebi-5-11.jpg\",\"contentUrl\":\"https:\\\/\\\/unisale.com.br\\\/pastoral\\\/wp-content\\\/uploads\\\/2023\\\/11\\\/noticia-cebi-5-11.jpg\",\"width\":720,\"height\":480},{\"@type\":\"WebSite\",\"@id\":\"https:\\\/\\\/unisale.com.br\\\/pastoral\\\/#website\",\"url\":\"https:\\\/\\\/unisale.com.br\\\/pastoral\\\/\",\"name\":\"Pastoral Universit\u00e1ria UniSALESIANO\",\"description\":\"Site da Pastoral Universit\u00e1ria do UniSALESIANO\",\"potentialAction\":[{\"@type\":\"SearchAction\",\"target\":{\"@type\":\"EntryPoint\",\"urlTemplate\":\"https:\\\/\\\/unisale.com.br\\\/pastoral\\\/?s={search_term_string}\"},\"query-input\":{\"@type\":\"PropertyValueSpecification\",\"valueRequired\":true,\"valueName\":\"search_term_string\"}}],\"inLanguage\":\"pt-BR\"},{\"@type\":\"Person\",\"@id\":\"https:\\\/\\\/unisale.com.br\\\/pastoral\\\/#\\\/schema\\\/person\\\/a16ba711a0f7dec9cb6b44563144d5a3\",\"name\":\"pastoral\",\"url\":\"https:\\\/\\\/unisale.com.br\\\/pastoral\\\/author\\\/pastoral\\\/\"}]}<\/script>\n<!-- \/ Yoast SEO plugin. -->","yoast_head_json":{"title":"10\/11 - Os filhos deste mundo s\u00e3o mais espertos em seus neg\u00f3cios do que os filhos da luz. - Pastoral Universit\u00e1ria UniSALESIANO","robots":{"index":"index","follow":"follow","max-snippet":"max-snippet:-1","max-image-preview":"max-image-preview:large","max-video-preview":"max-video-preview:-1"},"canonical":"https:\/\/unisale.com.br\/novo\/10-11-os-filhos-deste-mundo-sao-mais-espertos-em-seus-negocios-do-que-os-filhos-da-luz\/","og_locale":"pt_BR","og_type":"article","og_title":"10\/11 - Os filhos deste mundo s\u00e3o mais espertos em seus neg\u00f3cios do que os filhos da luz. - Pastoral Universit\u00e1ria UniSALESIANO","og_description":"Sexta-feira, 10 de novembro de 2023. &nbsp; Evangelho (Lc 16,1-8) &nbsp; \u201cOs filhos deste mundo s\u00e3o mais espertos em seus neg\u00f3cios do que os filhos...","og_url":"https:\/\/unisale.com.br\/novo\/10-11-os-filhos-deste-mundo-sao-mais-espertos-em-seus-negocios-do-que-os-filhos-da-luz\/","og_site_name":"Pastoral Universit\u00e1ria UniSALESIANO","article_published_time":"2023-11-01T14:40:17+00:00","author":"pastoral","twitter_card":"summary_large_image","twitter_misc":{"Escrito por":"pastoral","Est. tempo de leitura":"3 minutos"},"schema":{"@context":"https:\/\/schema.org","@graph":[{"@type":"Article","@id":"https:\/\/unisale.com.br\/novo\/10-11-os-filhos-deste-mundo-sao-mais-espertos-em-seus-negocios-do-que-os-filhos-da-luz\/#article","isPartOf":{"@id":"https:\/\/unisale.com.br\/novo\/10-11-os-filhos-deste-mundo-sao-mais-espertos-em-seus-negocios-do-que-os-filhos-da-luz\/"},"author":{"name":"pastoral","@id":"https:\/\/unisale.com.br\/pastoral\/#\/schema\/person\/a16ba711a0f7dec9cb6b44563144d5a3"},"headline":"10\/11 &#8211; Os filhos deste mundo s\u00e3o mais espertos em seus neg\u00f3cios do que os filhos da luz.","datePublished":"2023-11-01T14:40:17+00:00","mainEntityOfPage":{"@id":"https:\/\/unisale.com.br\/novo\/10-11-os-filhos-deste-mundo-sao-mais-espertos-em-seus-negocios-do-que-os-filhos-da-luz\/"},"wordCount":535,"image":{"@id":"https:\/\/unisale.com.br\/novo\/10-11-os-filhos-deste-mundo-sao-mais-espertos-em-seus-negocios-do-que-os-filhos-da-luz\/#primaryimage"},"thumbnailUrl":"https:\/\/unisale.com.br\/pastoral\/wp-content\/uploads\/2023\/11\/noticia-cebi-5-11.jpg","articleSection":["Reflex\u00e3o do Evangelho"],"inLanguage":"pt-BR"},{"@type":"WebPage","@id":"https:\/\/unisale.com.br\/novo\/10-11-os-filhos-deste-mundo-sao-mais-espertos-em-seus-negocios-do-que-os-filhos-da-luz\/","url":"https:\/\/unisale.com.br\/novo\/10-11-os-filhos-deste-mundo-sao-mais-espertos-em-seus-negocios-do-que-os-filhos-da-luz\/","name":"10\/11 - Os filhos deste mundo s\u00e3o mais espertos em seus neg\u00f3cios do que os filhos da luz. - Pastoral Universit\u00e1ria UniSALESIANO","isPartOf":{"@id":"https:\/\/unisale.com.br\/pastoral\/#website"},"primaryImageOfPage":{"@id":"https:\/\/unisale.com.br\/novo\/10-11-os-filhos-deste-mundo-sao-mais-espertos-em-seus-negocios-do-que-os-filhos-da-luz\/#primaryimage"},"image":{"@id":"https:\/\/unisale.com.br\/novo\/10-11-os-filhos-deste-mundo-sao-mais-espertos-em-seus-negocios-do-que-os-filhos-da-luz\/#primaryimage"},"thumbnailUrl":"https:\/\/unisale.com.br\/pastoral\/wp-content\/uploads\/2023\/11\/noticia-cebi-5-11.jpg","datePublished":"2023-11-01T14:40:17+00:00","author":{"@id":"https:\/\/unisale.com.br\/pastoral\/#\/schema\/person\/a16ba711a0f7dec9cb6b44563144d5a3"},"inLanguage":"pt-BR","potentialAction":[{"@type":"ReadAction","target":["https:\/\/unisale.com.br\/novo\/10-11-os-filhos-deste-mundo-sao-mais-espertos-em-seus-negocios-do-que-os-filhos-da-luz\/"]}]},{"@type":"ImageObject","inLanguage":"pt-BR","@id":"https:\/\/unisale.com.br\/novo\/10-11-os-filhos-deste-mundo-sao-mais-espertos-em-seus-negocios-do-que-os-filhos-da-luz\/#primaryimage","url":"https:\/\/unisale.com.br\/pastoral\/wp-content\/uploads\/2023\/11\/noticia-cebi-5-11.jpg","contentUrl":"https:\/\/unisale.com.br\/pastoral\/wp-content\/uploads\/2023\/11\/noticia-cebi-5-11.jpg","width":720,"height":480},{"@type":"WebSite","@id":"https:\/\/unisale.com.br\/pastoral\/#website","url":"https:\/\/unisale.com.br\/pastoral\/","name":"Pastoral Universit\u00e1ria UniSALESIANO","description":"Site da Pastoral Universit\u00e1ria do UniSALESIANO","potentialAction":[{"@type":"SearchAction","target":{"@type":"EntryPoint","urlTemplate":"https:\/\/unisale.com.br\/pastoral\/?s={search_term_string}"},"query-input":{"@type":"PropertyValueSpecification","valueRequired":true,"valueName":"search_term_string"}}],"inLanguage":"pt-BR"},{"@type":"Person","@id":"https:\/\/unisale.com.br\/pastoral\/#\/schema\/person\/a16ba711a0f7dec9cb6b44563144d5a3","name":"pastoral","url":"https:\/\/unisale.com.br\/pastoral\/author\/pastoral\/"}]}},"_links":{"self":[{"href":"https:\/\/unisale.com.br\/pastoral\/wp-json\/wp\/v2\/posts\/7899","targetHints":{"allow":["GET"]}}],"collection":[{"href":"https:\/\/unisale.com.br\/pastoral\/wp-json\/wp\/v2\/posts"}],"about":[{"href":"https:\/\/unisale.com.br\/pastoral\/wp-json\/wp\/v2\/types\/post"}],"author":[{"embeddable":true,"href":"https:\/\/unisale.com.br\/pastoral\/wp-json\/wp\/v2\/users\/1"}],"replies":[{"embeddable":true,"href":"https:\/\/unisale.com.br\/pastoral\/wp-json\/wp\/v2\/comments?post=7899"}],"version-history":[{"count":0,"href":"https:\/\/unisale.com.br\/pastoral\/wp-json\/wp\/v2\/posts\/7899\/revisions"}],"wp:featuredmedia":[{"embeddable":true,"href":"https:\/\/unisale.com.br\/pastoral\/wp-json\/wp\/v2\/media\/7900"}],"wp:attachment":[{"href":"https:\/\/unisale.com.br\/pastoral\/wp-json\/wp\/v2\/media?parent=7899"}],"wp:term":[{"taxonomy":"category","embeddable":true,"href":"https:\/\/unisale.com.br\/pastoral\/wp-json\/wp\/v2\/categories?post=7899"},{"taxonomy":"post_tag","embeddable":true,"href":"https:\/\/unisale.com.br\/pastoral\/wp-json\/wp\/v2\/tags?post=7899"}],"curies":[{"name":"wp","href":"https:\/\/api.w.org\/{rel}","templated":true}]}}