{"id":7944,"date":"2023-11-06T13:14:10","date_gmt":"2023-11-06T13:14:10","guid":{"rendered":"https:\/\/unisale.com.br\/pastoral\/?p=7944"},"modified":"2023-11-06T13:14:10","modified_gmt":"2023-11-06T13:14:10","slug":"setembro-um-mes-de-conscientizacao-e-prevencao-ao-suicidio","status":"publish","type":"post","link":"https:\/\/unisale.com.br\/pastoral\/setembro-um-mes-de-conscientizacao-e-prevencao-ao-suicidio\/","title":{"rendered":"Setembro: um m\u00eas de conscientiza\u00e7\u00e3o e preven\u00e7\u00e3o ao suic\u00eddio"},"content":{"rendered":"<h3>Buscar ajuda n\u00e3o \u00e9 um sinal de fraqueza, mas sim um ato de coragem<\/h3>\n<p>&nbsp;<\/p>\n<p>Setembro \u00e9 um m\u00eas especial dedicado \u00e0 conscientiza\u00e7\u00e3o e preven\u00e7\u00e3o ao suic\u00eddio em todo o mundo. Esta campanha global tem como objetivo quebrar tabus, divulgar informa\u00e7\u00f5es cruciais e oferecer apoio \u00e0s pessoas que precisam. No epis\u00f3dio do podcast do UniSALESIANO, organizado pela Pastoral Universit\u00e1ria, a\u00a0<strong>jornalista Monique Bueno<\/strong>\u00a0teve a oportunidade de entrevistar a m\u00e9dica psiquiatra e docente do Curso de Medicina do UniSALESIANO,\u00a0<strong>Carolina Mar\u00e7al,<\/strong>\u00a0que compartilhou sua vis\u00e3o sobre a preven\u00e7\u00e3o ao suic\u00eddio e como \u00e9 poss\u00edvel colaborar para construir uma sociedade mais compreensiva e solid\u00e1ria.<\/p>\n<p>Durante a entrevista, Dra. Carolina destacou a import\u00e2ncia do\u00a0<strong>\u201cSetembro Amarelo\u201d,<\/strong>\u00a0enfatizando que essa campanha desempenha um papel fundamental ao sensibilizar a sociedade para a realidade do suic\u00eddio e para a necessidade crucial de preven\u00e7\u00e3o. \u201cO suic\u00eddio \u00e9, muitas vezes, um tema cercado por estigmas e tabus, o que dificulta que as pessoas busquem ajuda quando mais necessitam\u201d, disse.<\/p>\n<p>A m\u00e9dica tamb\u00e9m abordou os principais fatores de risco associados ao suic\u00eddio, incluindo problemas de sa\u00fade mental como depress\u00e3o, ansiedade e transtorno bipolar, al\u00e9m de fatores externos como hist\u00f3rico familiar de suic\u00eddio, isolamento social e acesso a meios letais. \u201cEmbora os fatores de risco variem de pessoa para pessoa, \u00e9 fundamental que estejamos atentos aos sinais de alerta e que ofere\u00e7amos apoio a quem precisa\u201d, completou.<\/p>\n<p>Quando questionada sobre como a sociedade pode contribuir para a preven\u00e7\u00e3o ao suic\u00eddio na vida cotidiana, Dra. Carolina comentou da necessidade da empatia e da compreens\u00e3o. Simples atos de ouvir e apoiar, segundo ela, podem fazer uma diferen\u00e7a significativa na vida de algu\u00e9m que est\u00e1 passando por dificuldades emocionais. \u201cAl\u00e9m disso, \u00e9 importante sabermos identificar os sinais de alerta, como mudan\u00e7as de comportamento, isolamento social e idea\u00e7\u00e3o suicida, e encorajar a busca por ajuda profissional, como psic\u00f3logos e psiquiatras\u201d.<\/p>\n<p>A mensagem final da Dra. Carolina Mar\u00e7al foi clara: o suic\u00eddio pode ser prevenido, e todos t\u00eam um papel crucial a desempenhar nesse processo. Ela ressaltou que buscar ajuda n\u00e3o \u00e9 um sinal de fraqueza, mas sim um ato de coragem. \u201cA sociedade deve se unir para oferecer apoio, compreens\u00e3o e recursos \u00e0s pessoas em momentos dif\u00edceis\u201d, concluiu.<\/p>\n<p><img fetchpriority=\"high\" decoding=\"async\" class=\"alignleft size-full wp-image-7946\" src=\"https:\/\/unisale.com.br\/pastoral\/wp-content\/uploads\/2023\/11\/Captura-de-tela-2023-09-19-101542.jpg\" alt=\"\" width=\"700\" height=\"697\" srcset=\"https:\/\/unisale.com.br\/pastoral\/wp-content\/uploads\/2023\/11\/Captura-de-tela-2023-09-19-101542.jpg 502w, https:\/\/unisale.com.br\/pastoral\/wp-content\/uploads\/2023\/11\/Captura-de-tela-2023-09-19-101542-300x300.jpg 300w, https:\/\/unisale.com.br\/pastoral\/wp-content\/uploads\/2023\/11\/Captura-de-tela-2023-09-19-101542-150x150.jpg 150w\" sizes=\"(max-width: 700px) 100vw, 700px\" \/><\/p>\n","protected":false},"excerpt":{"rendered":"<p>Buscar ajuda n\u00e3o \u00e9 um sinal de fraqueza, mas sim um ato de coragem &nbsp; Setembro \u00e9 um m\u00eas especial dedicado \u00e0 conscientiza\u00e7\u00e3o e preven\u00e7\u00e3o&#8230;<\/p>\n","protected":false},"author":1,"featured_media":7945,"comment_status":"closed","ping_status":"closed","sticky":false,"template":"","format":"standard","meta":{"_acf_changed":false,"footnotes":""},"categories":[3],"tags":[],"class_list":["post-7944","post","type-post","status-publish","format-standard","has-post-thumbnail","hentry","category-not"],"acf":[],"yoast_head":"<!-- This site is optimized with the Yoast SEO plugin v27.3 - https:\/\/yoast.com\/product\/yoast-seo-wordpress\/ -->\n<title>Setembro: um m\u00eas de conscientiza\u00e7\u00e3o e preven\u00e7\u00e3o ao suic\u00eddio - Pastoral Universit\u00e1ria UniSALESIANO<\/title>\n<meta name=\"robots\" content=\"index, follow, max-snippet:-1, max-image-preview:large, max-video-preview:-1\" \/>\n<link rel=\"canonical\" href=\"https:\/\/unisale.com.br\/novo\/setembro-um-mes-de-conscientizacao-e-prevencao-ao-suicidio\/\" \/>\n<meta property=\"og:locale\" content=\"pt_BR\" \/>\n<meta property=\"og:type\" content=\"article\" \/>\n<meta property=\"og:title\" content=\"Setembro: um m\u00eas de conscientiza\u00e7\u00e3o e preven\u00e7\u00e3o ao suic\u00eddio - Pastoral Universit\u00e1ria UniSALESIANO\" \/>\n<meta property=\"og:description\" content=\"Buscar ajuda n\u00e3o \u00e9 um sinal de fraqueza, mas sim um ato de coragem &nbsp; Setembro \u00e9 um m\u00eas especial dedicado \u00e0 conscientiza\u00e7\u00e3o e preven\u00e7\u00e3o...\" \/>\n<meta property=\"og:url\" content=\"https:\/\/unisale.com.br\/novo\/setembro-um-mes-de-conscientizacao-e-prevencao-ao-suicidio\/\" \/>\n<meta property=\"og:site_name\" content=\"Pastoral Universit\u00e1ria UniSALESIANO\" \/>\n<meta property=\"article:published_time\" content=\"2023-11-06T13:14:10+00:00\" \/>\n<meta property=\"og:image\" content=\"https:\/\/unisale.com.br\/pastoral\/wp-content\/uploads\/2023\/11\/Captura-de-tela-2023-09-19-101542.jpg\" \/>\n<meta name=\"author\" content=\"pastoral\" \/>\n<meta name=\"twitter:card\" content=\"summary_large_image\" \/>\n<meta name=\"twitter:label1\" content=\"Escrito por\" \/>\n\t<meta name=\"twitter:data1\" content=\"pastoral\" \/>\n\t<meta name=\"twitter:label2\" content=\"Est. tempo de leitura\" \/>\n\t<meta name=\"twitter:data2\" content=\"2 minutos\" \/>\n<script type=\"application\/ld+json\" class=\"yoast-schema-graph\">{\"@context\":\"https:\\\/\\\/schema.org\",\"@graph\":[{\"@type\":\"Article\",\"@id\":\"https:\\\/\\\/unisale.com.br\\\/novo\\\/setembro-um-mes-de-conscientizacao-e-prevencao-ao-suicidio\\\/#article\",\"isPartOf\":{\"@id\":\"https:\\\/\\\/unisale.com.br\\\/novo\\\/setembro-um-mes-de-conscientizacao-e-prevencao-ao-suicidio\\\/\"},\"author\":{\"name\":\"pastoral\",\"@id\":\"https:\\\/\\\/unisale.com.br\\\/pastoral\\\/#\\\/schema\\\/person\\\/a16ba711a0f7dec9cb6b44563144d5a3\"},\"headline\":\"Setembro: um m\u00eas de conscientiza\u00e7\u00e3o e preven\u00e7\u00e3o ao suic\u00eddio\",\"datePublished\":\"2023-11-06T13:14:10+00:00\",\"mainEntityOfPage\":{\"@id\":\"https:\\\/\\\/unisale.com.br\\\/novo\\\/setembro-um-mes-de-conscientizacao-e-prevencao-ao-suicidio\\\/\"},\"wordCount\":413,\"image\":{\"@id\":\"https:\\\/\\\/unisale.com.br\\\/novo\\\/setembro-um-mes-de-conscientizacao-e-prevencao-ao-suicidio\\\/#primaryimage\"},\"thumbnailUrl\":\"https:\\\/\\\/unisale.com.br\\\/pastoral\\\/wp-content\\\/uploads\\\/2023\\\/11\\\/WhatsApp-Image-2023-09-18-at-13.07.28-768x458-1.jpeg\",\"articleSection\":[\"Not\u00edcias\"],\"inLanguage\":\"pt-BR\"},{\"@type\":\"WebPage\",\"@id\":\"https:\\\/\\\/unisale.com.br\\\/novo\\\/setembro-um-mes-de-conscientizacao-e-prevencao-ao-suicidio\\\/\",\"url\":\"https:\\\/\\\/unisale.com.br\\\/novo\\\/setembro-um-mes-de-conscientizacao-e-prevencao-ao-suicidio\\\/\",\"name\":\"Setembro: um m\u00eas de conscientiza\u00e7\u00e3o e preven\u00e7\u00e3o ao suic\u00eddio - Pastoral Universit\u00e1ria UniSALESIANO\",\"isPartOf\":{\"@id\":\"https:\\\/\\\/unisale.com.br\\\/pastoral\\\/#website\"},\"primaryImageOfPage\":{\"@id\":\"https:\\\/\\\/unisale.com.br\\\/novo\\\/setembro-um-mes-de-conscientizacao-e-prevencao-ao-suicidio\\\/#primaryimage\"},\"image\":{\"@id\":\"https:\\\/\\\/unisale.com.br\\\/novo\\\/setembro-um-mes-de-conscientizacao-e-prevencao-ao-suicidio\\\/#primaryimage\"},\"thumbnailUrl\":\"https:\\\/\\\/unisale.com.br\\\/pastoral\\\/wp-content\\\/uploads\\\/2023\\\/11\\\/WhatsApp-Image-2023-09-18-at-13.07.28-768x458-1.jpeg\",\"datePublished\":\"2023-11-06T13:14:10+00:00\",\"author\":{\"@id\":\"https:\\\/\\\/unisale.com.br\\\/pastoral\\\/#\\\/schema\\\/person\\\/a16ba711a0f7dec9cb6b44563144d5a3\"},\"inLanguage\":\"pt-BR\",\"potentialAction\":[{\"@type\":\"ReadAction\",\"target\":[\"https:\\\/\\\/unisale.com.br\\\/novo\\\/setembro-um-mes-de-conscientizacao-e-prevencao-ao-suicidio\\\/\"]}]},{\"@type\":\"ImageObject\",\"inLanguage\":\"pt-BR\",\"@id\":\"https:\\\/\\\/unisale.com.br\\\/novo\\\/setembro-um-mes-de-conscientizacao-e-prevencao-ao-suicidio\\\/#primaryimage\",\"url\":\"https:\\\/\\\/unisale.com.br\\\/pastoral\\\/wp-content\\\/uploads\\\/2023\\\/11\\\/WhatsApp-Image-2023-09-18-at-13.07.28-768x458-1.jpeg\",\"contentUrl\":\"https:\\\/\\\/unisale.com.br\\\/pastoral\\\/wp-content\\\/uploads\\\/2023\\\/11\\\/WhatsApp-Image-2023-09-18-at-13.07.28-768x458-1.jpeg\",\"width\":768,\"height\":458},{\"@type\":\"WebSite\",\"@id\":\"https:\\\/\\\/unisale.com.br\\\/pastoral\\\/#website\",\"url\":\"https:\\\/\\\/unisale.com.br\\\/pastoral\\\/\",\"name\":\"Pastoral Universit\u00e1ria UniSALESIANO\",\"description\":\"Site da Pastoral Universit\u00e1ria do UniSALESIANO\",\"potentialAction\":[{\"@type\":\"SearchAction\",\"target\":{\"@type\":\"EntryPoint\",\"urlTemplate\":\"https:\\\/\\\/unisale.com.br\\\/pastoral\\\/?s={search_term_string}\"},\"query-input\":{\"@type\":\"PropertyValueSpecification\",\"valueRequired\":true,\"valueName\":\"search_term_string\"}}],\"inLanguage\":\"pt-BR\"},{\"@type\":\"Person\",\"@id\":\"https:\\\/\\\/unisale.com.br\\\/pastoral\\\/#\\\/schema\\\/person\\\/a16ba711a0f7dec9cb6b44563144d5a3\",\"name\":\"pastoral\",\"url\":\"https:\\\/\\\/unisale.com.br\\\/pastoral\\\/author\\\/pastoral\\\/\"}]}<\/script>\n<!-- \/ Yoast SEO plugin. -->","yoast_head_json":{"title":"Setembro: um m\u00eas de conscientiza\u00e7\u00e3o e preven\u00e7\u00e3o ao suic\u00eddio - Pastoral Universit\u00e1ria UniSALESIANO","robots":{"index":"index","follow":"follow","max-snippet":"max-snippet:-1","max-image-preview":"max-image-preview:large","max-video-preview":"max-video-preview:-1"},"canonical":"https:\/\/unisale.com.br\/novo\/setembro-um-mes-de-conscientizacao-e-prevencao-ao-suicidio\/","og_locale":"pt_BR","og_type":"article","og_title":"Setembro: um m\u00eas de conscientiza\u00e7\u00e3o e preven\u00e7\u00e3o ao suic\u00eddio - Pastoral Universit\u00e1ria UniSALESIANO","og_description":"Buscar ajuda n\u00e3o \u00e9 um sinal de fraqueza, mas sim um ato de coragem &nbsp; Setembro \u00e9 um m\u00eas especial dedicado \u00e0 conscientiza\u00e7\u00e3o e preven\u00e7\u00e3o...","og_url":"https:\/\/unisale.com.br\/novo\/setembro-um-mes-de-conscientizacao-e-prevencao-ao-suicidio\/","og_site_name":"Pastoral Universit\u00e1ria UniSALESIANO","article_published_time":"2023-11-06T13:14:10+00:00","og_image":[{"url":"https:\/\/unisale.com.br\/pastoral\/wp-content\/uploads\/2023\/11\/Captura-de-tela-2023-09-19-101542.jpg","type":"","width":"","height":""}],"author":"pastoral","twitter_card":"summary_large_image","twitter_misc":{"Escrito por":"pastoral","Est. tempo de leitura":"2 minutos"},"schema":{"@context":"https:\/\/schema.org","@graph":[{"@type":"Article","@id":"https:\/\/unisale.com.br\/novo\/setembro-um-mes-de-conscientizacao-e-prevencao-ao-suicidio\/#article","isPartOf":{"@id":"https:\/\/unisale.com.br\/novo\/setembro-um-mes-de-conscientizacao-e-prevencao-ao-suicidio\/"},"author":{"name":"pastoral","@id":"https:\/\/unisale.com.br\/pastoral\/#\/schema\/person\/a16ba711a0f7dec9cb6b44563144d5a3"},"headline":"Setembro: um m\u00eas de conscientiza\u00e7\u00e3o e preven\u00e7\u00e3o ao suic\u00eddio","datePublished":"2023-11-06T13:14:10+00:00","mainEntityOfPage":{"@id":"https:\/\/unisale.com.br\/novo\/setembro-um-mes-de-conscientizacao-e-prevencao-ao-suicidio\/"},"wordCount":413,"image":{"@id":"https:\/\/unisale.com.br\/novo\/setembro-um-mes-de-conscientizacao-e-prevencao-ao-suicidio\/#primaryimage"},"thumbnailUrl":"https:\/\/unisale.com.br\/pastoral\/wp-content\/uploads\/2023\/11\/WhatsApp-Image-2023-09-18-at-13.07.28-768x458-1.jpeg","articleSection":["Not\u00edcias"],"inLanguage":"pt-BR"},{"@type":"WebPage","@id":"https:\/\/unisale.com.br\/novo\/setembro-um-mes-de-conscientizacao-e-prevencao-ao-suicidio\/","url":"https:\/\/unisale.com.br\/novo\/setembro-um-mes-de-conscientizacao-e-prevencao-ao-suicidio\/","name":"Setembro: um m\u00eas de conscientiza\u00e7\u00e3o e preven\u00e7\u00e3o ao suic\u00eddio - Pastoral Universit\u00e1ria UniSALESIANO","isPartOf":{"@id":"https:\/\/unisale.com.br\/pastoral\/#website"},"primaryImageOfPage":{"@id":"https:\/\/unisale.com.br\/novo\/setembro-um-mes-de-conscientizacao-e-prevencao-ao-suicidio\/#primaryimage"},"image":{"@id":"https:\/\/unisale.com.br\/novo\/setembro-um-mes-de-conscientizacao-e-prevencao-ao-suicidio\/#primaryimage"},"thumbnailUrl":"https:\/\/unisale.com.br\/pastoral\/wp-content\/uploads\/2023\/11\/WhatsApp-Image-2023-09-18-at-13.07.28-768x458-1.jpeg","datePublished":"2023-11-06T13:14:10+00:00","author":{"@id":"https:\/\/unisale.com.br\/pastoral\/#\/schema\/person\/a16ba711a0f7dec9cb6b44563144d5a3"},"inLanguage":"pt-BR","potentialAction":[{"@type":"ReadAction","target":["https:\/\/unisale.com.br\/novo\/setembro-um-mes-de-conscientizacao-e-prevencao-ao-suicidio\/"]}]},{"@type":"ImageObject","inLanguage":"pt-BR","@id":"https:\/\/unisale.com.br\/novo\/setembro-um-mes-de-conscientizacao-e-prevencao-ao-suicidio\/#primaryimage","url":"https:\/\/unisale.com.br\/pastoral\/wp-content\/uploads\/2023\/11\/WhatsApp-Image-2023-09-18-at-13.07.28-768x458-1.jpeg","contentUrl":"https:\/\/unisale.com.br\/pastoral\/wp-content\/uploads\/2023\/11\/WhatsApp-Image-2023-09-18-at-13.07.28-768x458-1.jpeg","width":768,"height":458},{"@type":"WebSite","@id":"https:\/\/unisale.com.br\/pastoral\/#website","url":"https:\/\/unisale.com.br\/pastoral\/","name":"Pastoral Universit\u00e1ria UniSALESIANO","description":"Site da Pastoral Universit\u00e1ria do UniSALESIANO","potentialAction":[{"@type":"SearchAction","target":{"@type":"EntryPoint","urlTemplate":"https:\/\/unisale.com.br\/pastoral\/?s={search_term_string}"},"query-input":{"@type":"PropertyValueSpecification","valueRequired":true,"valueName":"search_term_string"}}],"inLanguage":"pt-BR"},{"@type":"Person","@id":"https:\/\/unisale.com.br\/pastoral\/#\/schema\/person\/a16ba711a0f7dec9cb6b44563144d5a3","name":"pastoral","url":"https:\/\/unisale.com.br\/pastoral\/author\/pastoral\/"}]}},"_links":{"self":[{"href":"https:\/\/unisale.com.br\/pastoral\/wp-json\/wp\/v2\/posts\/7944","targetHints":{"allow":["GET"]}}],"collection":[{"href":"https:\/\/unisale.com.br\/pastoral\/wp-json\/wp\/v2\/posts"}],"about":[{"href":"https:\/\/unisale.com.br\/pastoral\/wp-json\/wp\/v2\/types\/post"}],"author":[{"embeddable":true,"href":"https:\/\/unisale.com.br\/pastoral\/wp-json\/wp\/v2\/users\/1"}],"replies":[{"embeddable":true,"href":"https:\/\/unisale.com.br\/pastoral\/wp-json\/wp\/v2\/comments?post=7944"}],"version-history":[{"count":0,"href":"https:\/\/unisale.com.br\/pastoral\/wp-json\/wp\/v2\/posts\/7944\/revisions"}],"wp:featuredmedia":[{"embeddable":true,"href":"https:\/\/unisale.com.br\/pastoral\/wp-json\/wp\/v2\/media\/7945"}],"wp:attachment":[{"href":"https:\/\/unisale.com.br\/pastoral\/wp-json\/wp\/v2\/media?parent=7944"}],"wp:term":[{"taxonomy":"category","embeddable":true,"href":"https:\/\/unisale.com.br\/pastoral\/wp-json\/wp\/v2\/categories?post=7944"},{"taxonomy":"post_tag","embeddable":true,"href":"https:\/\/unisale.com.br\/pastoral\/wp-json\/wp\/v2\/tags?post=7944"}],"curies":[{"name":"wp","href":"https:\/\/api.w.org\/{rel}","templated":true}]}}