{"id":7951,"date":"2023-11-06T13:18:59","date_gmt":"2023-11-06T13:18:59","guid":{"rendered":"https:\/\/unisale.com.br\/pastoral\/?p=7951"},"modified":"2023-11-06T13:18:59","modified_gmt":"2023-11-06T13:18:59","slug":"formacao-de-salesianidade-no-unisalesiano-aborda-infancia-e-adolescencia-de-dom-bosco","status":"publish","type":"post","link":"https:\/\/unisale.com.br\/pastoral\/formacao-de-salesianidade-no-unisalesiano-aborda-infancia-e-adolescencia-de-dom-bosco\/","title":{"rendered":"Forma\u00e7\u00e3o de Salesianidade no UniSALESIANO aborda inf\u00e2ncia e adolesc\u00eancia de Dom Bosco"},"content":{"rendered":"<h3>Evento foi realizado pela Pastoral Universit\u00e1ria, na tarde de 29 de setembro<\/h3>\n<p>&nbsp;<\/p>\n<p>O UniSALESIANO reuniu colaboradores e membros da comunidade acad\u00eamica em um encontro especial na Capela do Centro de Conviv\u00eancia para celebrar e refletir sobre a forma\u00e7\u00e3o da\u00a0<strong>Salesianidade<\/strong>, tendo como destaque a inf\u00e2ncia e adolesc\u00eancia de Dom Bosco, fundador da congrega\u00e7\u00e3o salesiana.<\/p>\n<p>A forma\u00e7\u00e3o foi realizada pela Pastoral Universit\u00e1ria, na tarde de 29 de setembro, na Capela do Centro de Conviv\u00eancia. O encontro teve como objetivo proporcionar uma oportunidade de aprendizado e reflex\u00e3o sobre a vida e o legado de S\u00e3o Jo\u00e3o Bosco, conhecido como Dom Bosco, um dos mais importantes educadores e evangelizadores da hist\u00f3ria da Igreja Cat\u00f3lica.<\/p>\n<p>O\u00a0<strong>Pr\u00f3-Reitor de Pastoral, Pe. Paulo Eduardo J\u00e1como, SDB<\/strong>, compartilhou insights valiosos sobre a inf\u00e2ncia e a adolesc\u00eancia de Dom Bosco, ressaltando como esses per\u00edodos formativos moldaram sua voca\u00e7\u00e3o e o levaram a dedicar sua vida aos jovens em situa\u00e7\u00e3o de vulnerabilidade.<\/p>\n<p><strong>EDUCA\u00c7\u00c3O<\/strong><\/p>\n<p>Dom Bosco, que nasceu em 16 de agosto de 1815, enfrentou desafios desde sua juventude, sendo \u00f3rf\u00e3o de pai aos dois anos de idade. Sua m\u00e3e, Margarida Occhiena, desempenhou um papel fundamental em sua educa\u00e7\u00e3o religiosa e moral. O Pr\u00f3-Reitor destacou como o sonho que Dom Bosco teve aos nove anos, no qual viu uma multid\u00e3o de jovens transformando-se em cordeiros mansos, foi um ponto importante em sua vida, direcionando-o para a miss\u00e3o de cuidar e educar os jovens em dificuldades.<\/p>\n<p>A forma\u00e7\u00e3o da Salesianidade, que se baseia nos princ\u00edpios e valores ensinados por Dom Bosco, foi enfatizada durante o encontro como um elemento essencial na miss\u00e3o educacional e pastoral do UniSALESIANO. Os participantes tiveram a oportunidade de refletir sobre como podem aplicar esses princ\u00edpios em seu trabalho di\u00e1rio e contribuir para a forma\u00e7\u00e3o integral dos jovens atendidos pela Institui\u00e7\u00e3o.<\/p>\n\n\t\t<style type=\"text\/css\">\n\t\t\t#gallery-1 {\n\t\t\t\tmargin: auto;\n\t\t\t}\n\t\t\t#gallery-1 .gallery-item {\n\t\t\t\tfloat: left;\n\t\t\t\tmargin-top: 10px;\n\t\t\t\ttext-align: center;\n\t\t\t\twidth: 25%;\n\t\t\t}\n\t\t\t#gallery-1 img {\n\t\t\t\tborder: 2px solid #cfcfcf;\n\t\t\t}\n\t\t\t#gallery-1 .gallery-caption {\n\t\t\t\tmargin-left: 0;\n\t\t\t}\n\t\t\t\/* see gallery_shortcode() in wp-includes\/media.php *\/\n\t\t<\/style>\n\t\t<div id='gallery-1' class='gallery galleryid-7951 gallery-columns-4 gallery-size-thumbnail'><dl class='gallery-item'>\n\t\t\t<dt class='gallery-icon landscape'>\n\t\t\t\t<a href='https:\/\/unisale.com.br\/pastoral\/img_8389-768x512-2\/'><img decoding=\"async\" width=\"150\" height=\"150\" src=\"https:\/\/unisale.com.br\/pastoral\/wp-content\/uploads\/2023\/11\/IMG_8389-768x512-2-150x150.jpg\" class=\"attachment-thumbnail size-thumbnail\" alt=\"\" \/><\/a>\n\t\t\t<\/dt><\/dl><dl class='gallery-item'>\n\t\t\t<dt class='gallery-icon landscape'>\n\t\t\t\t<a href='https:\/\/unisale.com.br\/pastoral\/img_8390-1024x683\/'><img decoding=\"async\" width=\"150\" height=\"150\" src=\"https:\/\/unisale.com.br\/pastoral\/wp-content\/uploads\/2023\/11\/IMG_8390-1024x683-1-150x150.jpg\" class=\"attachment-thumbnail size-thumbnail\" alt=\"\" \/><\/a>\n\t\t\t<\/dt><\/dl><dl class='gallery-item'>\n\t\t\t<dt class='gallery-icon landscape'>\n\t\t\t\t<a href='https:\/\/unisale.com.br\/pastoral\/img_8394-1024x683\/'><img decoding=\"async\" width=\"150\" height=\"150\" src=\"https:\/\/unisale.com.br\/pastoral\/wp-content\/uploads\/2023\/11\/IMG_8394-1024x683-1-150x150.jpg\" class=\"attachment-thumbnail size-thumbnail\" alt=\"\" \/><\/a>\n\t\t\t<\/dt><\/dl><dl class='gallery-item'>\n\t\t\t<dt class='gallery-icon landscape'>\n\t\t\t\t<a href='https:\/\/unisale.com.br\/pastoral\/img_8399-1024x683\/'><img loading=\"lazy\" decoding=\"async\" width=\"150\" height=\"150\" src=\"https:\/\/unisale.com.br\/pastoral\/wp-content\/uploads\/2023\/11\/IMG_8399-1024x683-1-150x150.jpg\" class=\"attachment-thumbnail size-thumbnail\" alt=\"\" \/><\/a>\n\t\t\t<\/dt><\/dl><br style=\"clear: both\" \/><dl class='gallery-item'>\n\t\t\t<dt class='gallery-icon landscape'>\n\t\t\t\t<a href='https:\/\/unisale.com.br\/pastoral\/img_8402-1024x683\/'><img loading=\"lazy\" decoding=\"async\" width=\"150\" height=\"150\" src=\"https:\/\/unisale.com.br\/pastoral\/wp-content\/uploads\/2023\/11\/IMG_8402-1024x683-1-150x150.jpg\" class=\"attachment-thumbnail size-thumbnail\" alt=\"\" \/><\/a>\n\t\t\t<\/dt><\/dl><dl class='gallery-item'>\n\t\t\t<dt class='gallery-icon landscape'>\n\t\t\t\t<a href='https:\/\/unisale.com.br\/pastoral\/img_8407-1024x683\/'><img loading=\"lazy\" decoding=\"async\" width=\"150\" height=\"150\" src=\"https:\/\/unisale.com.br\/pastoral\/wp-content\/uploads\/2023\/11\/IMG_8407-1024x683-1-150x150.jpg\" class=\"attachment-thumbnail size-thumbnail\" alt=\"\" \/><\/a>\n\t\t\t<\/dt><\/dl><dl class='gallery-item'>\n\t\t\t<dt class='gallery-icon landscape'>\n\t\t\t\t<a href='https:\/\/unisale.com.br\/pastoral\/img_8409-1024x683\/'><img loading=\"lazy\" decoding=\"async\" width=\"150\" height=\"150\" src=\"https:\/\/unisale.com.br\/pastoral\/wp-content\/uploads\/2023\/11\/IMG_8409-1024x683-1-150x150.jpg\" class=\"attachment-thumbnail size-thumbnail\" alt=\"\" \/><\/a>\n\t\t\t<\/dt><\/dl><dl class='gallery-item'>\n\t\t\t<dt class='gallery-icon landscape'>\n\t\t\t\t<a href='https:\/\/unisale.com.br\/pastoral\/img_8419-1024x683\/'><img loading=\"lazy\" decoding=\"async\" width=\"150\" height=\"150\" src=\"https:\/\/unisale.com.br\/pastoral\/wp-content\/uploads\/2023\/11\/IMG_8419-1024x683-1-150x150.jpg\" class=\"attachment-thumbnail size-thumbnail\" alt=\"\" \/><\/a>\n\t\t\t<\/dt><\/dl><br style=\"clear: both\" \/>\n\t\t<\/div>\n\n","protected":false},"excerpt":{"rendered":"<p>Evento foi realizado pela Pastoral Universit\u00e1ria, na tarde de 29 de setembro &nbsp; O UniSALESIANO reuniu colaboradores e membros da comunidade acad\u00eamica em um encontro&#8230;<\/p>\n","protected":false},"author":1,"featured_media":7952,"comment_status":"closed","ping_status":"closed","sticky":false,"template":"","format":"standard","meta":{"_acf_changed":false,"footnotes":""},"categories":[3],"tags":[],"class_list":["post-7951","post","type-post","status-publish","format-standard","has-post-thumbnail","hentry","category-not"],"acf":[],"yoast_head":"<!-- This site is optimized with the Yoast SEO plugin v27.3 - https:\/\/yoast.com\/product\/yoast-seo-wordpress\/ -->\n<title>Forma\u00e7\u00e3o de Salesianidade no UniSALESIANO aborda inf\u00e2ncia e adolesc\u00eancia de Dom Bosco - Pastoral Universit\u00e1ria UniSALESIANO<\/title>\n<meta name=\"robots\" content=\"index, follow, max-snippet:-1, max-image-preview:large, max-video-preview:-1\" \/>\n<link rel=\"canonical\" href=\"https:\/\/unisale.com.br\/novo\/formacao-de-salesianidade-no-unisalesiano-aborda-infancia-e-adolescencia-de-dom-bosco\/\" \/>\n<meta property=\"og:locale\" content=\"pt_BR\" \/>\n<meta property=\"og:type\" content=\"article\" \/>\n<meta property=\"og:title\" content=\"Forma\u00e7\u00e3o de Salesianidade no UniSALESIANO aborda inf\u00e2ncia e adolesc\u00eancia de Dom Bosco - Pastoral Universit\u00e1ria UniSALESIANO\" \/>\n<meta property=\"og:description\" content=\"Evento foi realizado pela Pastoral Universit\u00e1ria, na tarde de 29 de setembro &nbsp; O UniSALESIANO reuniu colaboradores e membros da comunidade acad\u00eamica em um encontro...\" \/>\n<meta property=\"og:url\" content=\"https:\/\/unisale.com.br\/novo\/formacao-de-salesianidade-no-unisalesiano-aborda-infancia-e-adolescencia-de-dom-bosco\/\" \/>\n<meta property=\"og:site_name\" content=\"Pastoral Universit\u00e1ria UniSALESIANO\" \/>\n<meta property=\"article:published_time\" content=\"2023-11-06T13:18:59+00:00\" \/>\n<meta property=\"og:image\" content=\"https:\/\/unisale.com.br\/novo\/wp-content\/uploads\/2023\/11\/IMG_8389-768x512-2-150x150.jpg\" \/>\n<meta name=\"author\" content=\"pastoral\" \/>\n<meta name=\"twitter:card\" content=\"summary_large_image\" \/>\n<meta name=\"twitter:label1\" content=\"Escrito por\" \/>\n\t<meta name=\"twitter:data1\" content=\"pastoral\" \/>\n\t<meta name=\"twitter:label2\" content=\"Est. tempo de leitura\" \/>\n\t<meta name=\"twitter:data2\" content=\"2 minutos\" \/>\n<script type=\"application\/ld+json\" class=\"yoast-schema-graph\">{\"@context\":\"https:\\\/\\\/schema.org\",\"@graph\":[{\"@type\":\"Article\",\"@id\":\"https:\\\/\\\/unisale.com.br\\\/novo\\\/formacao-de-salesianidade-no-unisalesiano-aborda-infancia-e-adolescencia-de-dom-bosco\\\/#article\",\"isPartOf\":{\"@id\":\"https:\\\/\\\/unisale.com.br\\\/novo\\\/formacao-de-salesianidade-no-unisalesiano-aborda-infancia-e-adolescencia-de-dom-bosco\\\/\"},\"author\":{\"name\":\"pastoral\",\"@id\":\"https:\\\/\\\/unisale.com.br\\\/pastoral\\\/#\\\/schema\\\/person\\\/a16ba711a0f7dec9cb6b44563144d5a3\"},\"headline\":\"Forma\u00e7\u00e3o de Salesianidade no UniSALESIANO aborda inf\u00e2ncia e adolesc\u00eancia de Dom Bosco\",\"datePublished\":\"2023-11-06T13:18:59+00:00\",\"mainEntityOfPage\":{\"@id\":\"https:\\\/\\\/unisale.com.br\\\/novo\\\/formacao-de-salesianidade-no-unisalesiano-aborda-infancia-e-adolescencia-de-dom-bosco\\\/\"},\"wordCount\":345,\"image\":{\"@id\":\"https:\\\/\\\/unisale.com.br\\\/novo\\\/formacao-de-salesianidade-no-unisalesiano-aborda-infancia-e-adolescencia-de-dom-bosco\\\/#primaryimage\"},\"thumbnailUrl\":\"https:\\\/\\\/unisale.com.br\\\/pastoral\\\/wp-content\\\/uploads\\\/2023\\\/11\\\/IMG_8389-768x512-1.jpg\",\"articleSection\":[\"Not\u00edcias\"],\"inLanguage\":\"pt-BR\"},{\"@type\":\"WebPage\",\"@id\":\"https:\\\/\\\/unisale.com.br\\\/novo\\\/formacao-de-salesianidade-no-unisalesiano-aborda-infancia-e-adolescencia-de-dom-bosco\\\/\",\"url\":\"https:\\\/\\\/unisale.com.br\\\/novo\\\/formacao-de-salesianidade-no-unisalesiano-aborda-infancia-e-adolescencia-de-dom-bosco\\\/\",\"name\":\"Forma\u00e7\u00e3o de Salesianidade no UniSALESIANO aborda inf\u00e2ncia e adolesc\u00eancia de Dom Bosco - Pastoral Universit\u00e1ria UniSALESIANO\",\"isPartOf\":{\"@id\":\"https:\\\/\\\/unisale.com.br\\\/pastoral\\\/#website\"},\"primaryImageOfPage\":{\"@id\":\"https:\\\/\\\/unisale.com.br\\\/novo\\\/formacao-de-salesianidade-no-unisalesiano-aborda-infancia-e-adolescencia-de-dom-bosco\\\/#primaryimage\"},\"image\":{\"@id\":\"https:\\\/\\\/unisale.com.br\\\/novo\\\/formacao-de-salesianidade-no-unisalesiano-aborda-infancia-e-adolescencia-de-dom-bosco\\\/#primaryimage\"},\"thumbnailUrl\":\"https:\\\/\\\/unisale.com.br\\\/pastoral\\\/wp-content\\\/uploads\\\/2023\\\/11\\\/IMG_8389-768x512-1.jpg\",\"datePublished\":\"2023-11-06T13:18:59+00:00\",\"author\":{\"@id\":\"https:\\\/\\\/unisale.com.br\\\/pastoral\\\/#\\\/schema\\\/person\\\/a16ba711a0f7dec9cb6b44563144d5a3\"},\"inLanguage\":\"pt-BR\",\"potentialAction\":[{\"@type\":\"ReadAction\",\"target\":[\"https:\\\/\\\/unisale.com.br\\\/novo\\\/formacao-de-salesianidade-no-unisalesiano-aborda-infancia-e-adolescencia-de-dom-bosco\\\/\"]}]},{\"@type\":\"ImageObject\",\"inLanguage\":\"pt-BR\",\"@id\":\"https:\\\/\\\/unisale.com.br\\\/novo\\\/formacao-de-salesianidade-no-unisalesiano-aborda-infancia-e-adolescencia-de-dom-bosco\\\/#primaryimage\",\"url\":\"https:\\\/\\\/unisale.com.br\\\/pastoral\\\/wp-content\\\/uploads\\\/2023\\\/11\\\/IMG_8389-768x512-1.jpg\",\"contentUrl\":\"https:\\\/\\\/unisale.com.br\\\/pastoral\\\/wp-content\\\/uploads\\\/2023\\\/11\\\/IMG_8389-768x512-1.jpg\",\"width\":750,\"height\":500},{\"@type\":\"WebSite\",\"@id\":\"https:\\\/\\\/unisale.com.br\\\/pastoral\\\/#website\",\"url\":\"https:\\\/\\\/unisale.com.br\\\/pastoral\\\/\",\"name\":\"Pastoral Universit\u00e1ria UniSALESIANO\",\"description\":\"Site da Pastoral Universit\u00e1ria do UniSALESIANO\",\"potentialAction\":[{\"@type\":\"SearchAction\",\"target\":{\"@type\":\"EntryPoint\",\"urlTemplate\":\"https:\\\/\\\/unisale.com.br\\\/pastoral\\\/?s={search_term_string}\"},\"query-input\":{\"@type\":\"PropertyValueSpecification\",\"valueRequired\":true,\"valueName\":\"search_term_string\"}}],\"inLanguage\":\"pt-BR\"},{\"@type\":\"Person\",\"@id\":\"https:\\\/\\\/unisale.com.br\\\/pastoral\\\/#\\\/schema\\\/person\\\/a16ba711a0f7dec9cb6b44563144d5a3\",\"name\":\"pastoral\",\"url\":\"https:\\\/\\\/unisale.com.br\\\/pastoral\\\/author\\\/pastoral\\\/\"}]}<\/script>\n<!-- \/ Yoast SEO plugin. -->","yoast_head_json":{"title":"Forma\u00e7\u00e3o de Salesianidade no UniSALESIANO aborda inf\u00e2ncia e adolesc\u00eancia de Dom Bosco - Pastoral Universit\u00e1ria UniSALESIANO","robots":{"index":"index","follow":"follow","max-snippet":"max-snippet:-1","max-image-preview":"max-image-preview:large","max-video-preview":"max-video-preview:-1"},"canonical":"https:\/\/unisale.com.br\/novo\/formacao-de-salesianidade-no-unisalesiano-aborda-infancia-e-adolescencia-de-dom-bosco\/","og_locale":"pt_BR","og_type":"article","og_title":"Forma\u00e7\u00e3o de Salesianidade no UniSALESIANO aborda inf\u00e2ncia e adolesc\u00eancia de Dom Bosco - Pastoral Universit\u00e1ria UniSALESIANO","og_description":"Evento foi realizado pela Pastoral Universit\u00e1ria, na tarde de 29 de setembro &nbsp; O UniSALESIANO reuniu colaboradores e membros da comunidade acad\u00eamica em um encontro...","og_url":"https:\/\/unisale.com.br\/novo\/formacao-de-salesianidade-no-unisalesiano-aborda-infancia-e-adolescencia-de-dom-bosco\/","og_site_name":"Pastoral Universit\u00e1ria UniSALESIANO","article_published_time":"2023-11-06T13:18:59+00:00","og_image":[{"url":"https:\/\/unisale.com.br\/novo\/wp-content\/uploads\/2023\/11\/IMG_8389-768x512-2-150x150.jpg","type":"","width":"","height":""}],"author":"pastoral","twitter_card":"summary_large_image","twitter_misc":{"Escrito por":"pastoral","Est. tempo de leitura":"2 minutos"},"schema":{"@context":"https:\/\/schema.org","@graph":[{"@type":"Article","@id":"https:\/\/unisale.com.br\/novo\/formacao-de-salesianidade-no-unisalesiano-aborda-infancia-e-adolescencia-de-dom-bosco\/#article","isPartOf":{"@id":"https:\/\/unisale.com.br\/novo\/formacao-de-salesianidade-no-unisalesiano-aborda-infancia-e-adolescencia-de-dom-bosco\/"},"author":{"name":"pastoral","@id":"https:\/\/unisale.com.br\/pastoral\/#\/schema\/person\/a16ba711a0f7dec9cb6b44563144d5a3"},"headline":"Forma\u00e7\u00e3o de Salesianidade no UniSALESIANO aborda inf\u00e2ncia e adolesc\u00eancia de Dom Bosco","datePublished":"2023-11-06T13:18:59+00:00","mainEntityOfPage":{"@id":"https:\/\/unisale.com.br\/novo\/formacao-de-salesianidade-no-unisalesiano-aborda-infancia-e-adolescencia-de-dom-bosco\/"},"wordCount":345,"image":{"@id":"https:\/\/unisale.com.br\/novo\/formacao-de-salesianidade-no-unisalesiano-aborda-infancia-e-adolescencia-de-dom-bosco\/#primaryimage"},"thumbnailUrl":"https:\/\/unisale.com.br\/pastoral\/wp-content\/uploads\/2023\/11\/IMG_8389-768x512-1.jpg","articleSection":["Not\u00edcias"],"inLanguage":"pt-BR"},{"@type":"WebPage","@id":"https:\/\/unisale.com.br\/novo\/formacao-de-salesianidade-no-unisalesiano-aborda-infancia-e-adolescencia-de-dom-bosco\/","url":"https:\/\/unisale.com.br\/novo\/formacao-de-salesianidade-no-unisalesiano-aborda-infancia-e-adolescencia-de-dom-bosco\/","name":"Forma\u00e7\u00e3o de Salesianidade no UniSALESIANO aborda inf\u00e2ncia e adolesc\u00eancia de Dom Bosco - Pastoral Universit\u00e1ria UniSALESIANO","isPartOf":{"@id":"https:\/\/unisale.com.br\/pastoral\/#website"},"primaryImageOfPage":{"@id":"https:\/\/unisale.com.br\/novo\/formacao-de-salesianidade-no-unisalesiano-aborda-infancia-e-adolescencia-de-dom-bosco\/#primaryimage"},"image":{"@id":"https:\/\/unisale.com.br\/novo\/formacao-de-salesianidade-no-unisalesiano-aborda-infancia-e-adolescencia-de-dom-bosco\/#primaryimage"},"thumbnailUrl":"https:\/\/unisale.com.br\/pastoral\/wp-content\/uploads\/2023\/11\/IMG_8389-768x512-1.jpg","datePublished":"2023-11-06T13:18:59+00:00","author":{"@id":"https:\/\/unisale.com.br\/pastoral\/#\/schema\/person\/a16ba711a0f7dec9cb6b44563144d5a3"},"inLanguage":"pt-BR","potentialAction":[{"@type":"ReadAction","target":["https:\/\/unisale.com.br\/novo\/formacao-de-salesianidade-no-unisalesiano-aborda-infancia-e-adolescencia-de-dom-bosco\/"]}]},{"@type":"ImageObject","inLanguage":"pt-BR","@id":"https:\/\/unisale.com.br\/novo\/formacao-de-salesianidade-no-unisalesiano-aborda-infancia-e-adolescencia-de-dom-bosco\/#primaryimage","url":"https:\/\/unisale.com.br\/pastoral\/wp-content\/uploads\/2023\/11\/IMG_8389-768x512-1.jpg","contentUrl":"https:\/\/unisale.com.br\/pastoral\/wp-content\/uploads\/2023\/11\/IMG_8389-768x512-1.jpg","width":750,"height":500},{"@type":"WebSite","@id":"https:\/\/unisale.com.br\/pastoral\/#website","url":"https:\/\/unisale.com.br\/pastoral\/","name":"Pastoral Universit\u00e1ria UniSALESIANO","description":"Site da Pastoral Universit\u00e1ria do UniSALESIANO","potentialAction":[{"@type":"SearchAction","target":{"@type":"EntryPoint","urlTemplate":"https:\/\/unisale.com.br\/pastoral\/?s={search_term_string}"},"query-input":{"@type":"PropertyValueSpecification","valueRequired":true,"valueName":"search_term_string"}}],"inLanguage":"pt-BR"},{"@type":"Person","@id":"https:\/\/unisale.com.br\/pastoral\/#\/schema\/person\/a16ba711a0f7dec9cb6b44563144d5a3","name":"pastoral","url":"https:\/\/unisale.com.br\/pastoral\/author\/pastoral\/"}]}},"_links":{"self":[{"href":"https:\/\/unisale.com.br\/pastoral\/wp-json\/wp\/v2\/posts\/7951","targetHints":{"allow":["GET"]}}],"collection":[{"href":"https:\/\/unisale.com.br\/pastoral\/wp-json\/wp\/v2\/posts"}],"about":[{"href":"https:\/\/unisale.com.br\/pastoral\/wp-json\/wp\/v2\/types\/post"}],"author":[{"embeddable":true,"href":"https:\/\/unisale.com.br\/pastoral\/wp-json\/wp\/v2\/users\/1"}],"replies":[{"embeddable":true,"href":"https:\/\/unisale.com.br\/pastoral\/wp-json\/wp\/v2\/comments?post=7951"}],"version-history":[{"count":0,"href":"https:\/\/unisale.com.br\/pastoral\/wp-json\/wp\/v2\/posts\/7951\/revisions"}],"wp:featuredmedia":[{"embeddable":true,"href":"https:\/\/unisale.com.br\/pastoral\/wp-json\/wp\/v2\/media\/7952"}],"wp:attachment":[{"href":"https:\/\/unisale.com.br\/pastoral\/wp-json\/wp\/v2\/media?parent=7951"}],"wp:term":[{"taxonomy":"category","embeddable":true,"href":"https:\/\/unisale.com.br\/pastoral\/wp-json\/wp\/v2\/categories?post=7951"},{"taxonomy":"post_tag","embeddable":true,"href":"https:\/\/unisale.com.br\/pastoral\/wp-json\/wp\/v2\/tags?post=7951"}],"curies":[{"name":"wp","href":"https:\/\/api.w.org\/{rel}","templated":true}]}}