{"id":8038,"date":"2023-11-07T10:45:39","date_gmt":"2023-11-07T10:45:39","guid":{"rendered":"https:\/\/unisale.com.br\/pastoral\/?p=8038"},"modified":"2023-11-07T10:45:39","modified_gmt":"2023-11-07T10:45:39","slug":"eu-e-cristo-fortalece-espiritualidade-de-membros-do-colegio-e-unisalesiano","status":"publish","type":"post","link":"https:\/\/unisale.com.br\/pastoral\/eu-e-cristo-fortalece-espiritualidade-de-membros-do-colegio-e-unisalesiano\/","title":{"rendered":"\u201cEu e Cristo\u201d fortalece espiritualidade de membros do Col\u00e9gio e UniSALESIANO"},"content":{"rendered":"<h3>O sucesso do retiro foi fruto do trabalho conjunto de uma equipe dedicada, composta por aproximadamente 30 pessoas<\/h3>\n<p>&nbsp;<\/p>\n<div class=\"grid-12 post-content\">\n<p>Alunos do\u00a0<strong>9\u00ba ano do Ensino Fundamental do Col\u00e9gio Salesiano \u201cDom Luiz Lasagna\u201d<\/strong>\u00a0vivenciaram momentos de intimidade com Cristo e fortaleceram a espiritualidade durante o Retiro \u201cEu e Cristo\u201d, promovido nos dias 6 e 7 de outubro, nas depend\u00eancias do UniSALESIANO. O objetivo desse encontro promovido pelo Col\u00e9gio e pela Institui\u00e7\u00e3o de Ensino Superior foi despertar o carisma salesiano e fortificar a liga\u00e7\u00e3o com a fam\u00edlia.<\/p>\n<p>O retiro contou com uma s\u00e9rie de atividades significativas, que abrangeram diversos aspectos da espiritualidade e da hist\u00f3ria da congrega\u00e7\u00e3o Salesiana. Os t\u00f3picos trabalhados inclu\u00edram a vida de Dom Bosco, conduzido pelo\u00a0<strong>Pr\u00f3-Reitor de Pastoral do UniSALESIANO, Pe. Paulo Eduardo J\u00e1como, SDB,<\/strong>\u00a0e uma explora\u00e7\u00e3o da hist\u00f3ria da congrega\u00e7\u00e3o e da vida Salesiana em Ara\u00e7atuba, liderada pelo\u00a0<strong>Diretor-Geral do Col\u00e9gio Salesiano e do UniSALESIANO Ara\u00e7atuba, Pe. Erondi Tamandar\u00e9, SDB.<\/strong><\/p>\n<p>Os retirantes participaram ainda de uma gincana organizada pela<strong>\u00a0Coordenadora do Curso de Educa\u00e7\u00e3o F\u00edsica do UniSALESIANO, Prof\u00aa. Juliana Mitidiero.<\/strong>\u00a0\u201cEles tiveram a oportunidade de estar ligados intimamente com Maria, fizeram confiss\u00f5es e participaram de um momento de reflex\u00e3o familiar liderado por Bruno Carvalho\u201d, explicou Juliana. Logo em seguida, foi celebrada a Santa Missa, na qual os familiares dos participantes tamb\u00e9m estiveram presentes.<\/p>\n<p>De acordo com Pe. Erondi, o sucesso do retiro foi fruto do trabalho conjunto de uma equipe dedicada, composta por aproximadamente 30 pessoas, incluindo a Equipe de Pastoral do UniSALESIANO, colaboradores, universit\u00e1rios volunt\u00e1rios, professores do Col\u00e9gio e do UniSALESIANO, al\u00e9m da Coordena\u00e7\u00e3o do Col\u00e9gio e integrantes da Diretorias das duas unidades.<\/p>\n<p>\u201cMuitos detalhes emocionantes foram vivenciados durante o evento, e os participantes foram convidados a compartilhar, sentir e crescer espiritualmente nesse momento profundo. A inten\u00e7\u00e3o \u00e9 que esse retiro se torne uma tradi\u00e7\u00e3o anual, fortalecendo os la\u00e7os familiares e a espiritualidade entre os participantes\u201d, concluiu Pe. Erondi.<\/p>\n<\/div>\n<div class=\"grid-12\">\n<div class=\"grid-6 grid-md-3 no-padding\">\n\n\t\t<style type=\"text\/css\">\n\t\t\t#gallery-1 {\n\t\t\t\tmargin: auto;\n\t\t\t}\n\t\t\t#gallery-1 .gallery-item {\n\t\t\t\tfloat: left;\n\t\t\t\tmargin-top: 10px;\n\t\t\t\ttext-align: center;\n\t\t\t\twidth: 25%;\n\t\t\t}\n\t\t\t#gallery-1 img {\n\t\t\t\tborder: 2px solid #cfcfcf;\n\t\t\t}\n\t\t\t#gallery-1 .gallery-caption {\n\t\t\t\tmargin-left: 0;\n\t\t\t}\n\t\t\t\/* see gallery_shortcode() in wp-includes\/media.php *\/\n\t\t<\/style>\n\t\t<div id='gallery-1' class='gallery galleryid-8038 gallery-columns-4 gallery-size-thumbnail'><dl class='gallery-item'>\n\t\t\t<dt class='gallery-icon landscape'>\n\t\t\t\t<a href='https:\/\/unisale.com.br\/pastoral\/whatsapp-image-2023-10-09-at-11-18-12-1024x682\/'><img decoding=\"async\" width=\"150\" height=\"150\" src=\"https:\/\/unisale.com.br\/pastoral\/wp-content\/uploads\/2023\/11\/WhatsApp-Image-2023-10-09-at-11.18.12-1024x682-1-150x150.jpeg\" class=\"attachment-thumbnail size-thumbnail\" alt=\"\" \/><\/a>\n\t\t\t<\/dt><\/dl><dl class='gallery-item'>\n\t\t\t<dt class='gallery-icon portrait'>\n\t\t\t\t<a href='https:\/\/unisale.com.br\/pastoral\/whatsapp-image-2023-10-09-at-11-18-12-7-682x1024\/'><img decoding=\"async\" width=\"150\" height=\"150\" src=\"https:\/\/unisale.com.br\/pastoral\/wp-content\/uploads\/2023\/11\/WhatsApp-Image-2023-10-09-at-11.18.12-7-682x1024-1-150x150.jpeg\" class=\"attachment-thumbnail size-thumbnail\" alt=\"\" \/><\/a>\n\t\t\t<\/dt><\/dl><dl class='gallery-item'>\n\t\t\t<dt class='gallery-icon landscape'>\n\t\t\t\t<a href='https:\/\/unisale.com.br\/pastoral\/whatsapp-image-2023-10-09-at-11-18-12-5-1024x682\/'><img decoding=\"async\" width=\"150\" height=\"150\" src=\"https:\/\/unisale.com.br\/pastoral\/wp-content\/uploads\/2023\/11\/WhatsApp-Image-2023-10-09-at-11.18.12-5-1024x682-1-150x150.jpeg\" class=\"attachment-thumbnail size-thumbnail\" alt=\"\" \/><\/a>\n\t\t\t<\/dt><\/dl><dl class='gallery-item'>\n\t\t\t<dt class='gallery-icon portrait'>\n\t\t\t\t<a href='https:\/\/unisale.com.br\/pastoral\/whatsapp-image-2023-10-09-at-11-18-07-682x1024\/'><img loading=\"lazy\" decoding=\"async\" width=\"150\" height=\"150\" src=\"https:\/\/unisale.com.br\/pastoral\/wp-content\/uploads\/2023\/11\/WhatsApp-Image-2023-10-09-at-11.18.07-682x1024-1-150x150.jpeg\" class=\"attachment-thumbnail size-thumbnail\" alt=\"\" \/><\/a>\n\t\t\t<\/dt><\/dl><br style=\"clear: both\" \/><dl class='gallery-item'>\n\t\t\t<dt class='gallery-icon landscape'>\n\t\t\t\t<a href='https:\/\/unisale.com.br\/pastoral\/whatsapp-image-2023-10-09-at-11-17-38-1024x682\/'><img loading=\"lazy\" decoding=\"async\" width=\"150\" height=\"150\" src=\"https:\/\/unisale.com.br\/pastoral\/wp-content\/uploads\/2023\/11\/WhatsApp-Image-2023-10-09-at-11.17.38-1024x682-1-150x150.jpeg\" class=\"attachment-thumbnail size-thumbnail\" alt=\"\" \/><\/a>\n\t\t\t<\/dt><\/dl><dl class='gallery-item'>\n\t\t\t<dt class='gallery-icon landscape'>\n\t\t\t\t<a href='https:\/\/unisale.com.br\/pastoral\/whatsapp-image-2023-10-09-at-11-17-37-1024x682\/'><img loading=\"lazy\" decoding=\"async\" width=\"150\" height=\"150\" src=\"https:\/\/unisale.com.br\/pastoral\/wp-content\/uploads\/2023\/11\/WhatsApp-Image-2023-10-09-at-11.17.37-1024x682-1-150x150.jpeg\" class=\"attachment-thumbnail size-thumbnail\" alt=\"\" \/><\/a>\n\t\t\t<\/dt><\/dl><dl class='gallery-item'>\n\t\t\t<dt class='gallery-icon landscape'>\n\t\t\t\t<a href='https:\/\/unisale.com.br\/pastoral\/whatsapp-image-2023-10-09-at-11-17-37-4-1024x682\/'><img loading=\"lazy\" decoding=\"async\" width=\"150\" height=\"150\" src=\"https:\/\/unisale.com.br\/pastoral\/wp-content\/uploads\/2023\/11\/WhatsApp-Image-2023-10-09-at-11.17.37-4-1024x682-1-150x150.jpeg\" class=\"attachment-thumbnail size-thumbnail\" alt=\"\" \/><\/a>\n\t\t\t<\/dt><\/dl><dl class='gallery-item'>\n\t\t\t<dt class='gallery-icon landscape'>\n\t\t\t\t<a href='https:\/\/unisale.com.br\/pastoral\/whatsapp-image-2023-10-09-at-11-17-36-1024x682\/'><img loading=\"lazy\" decoding=\"async\" width=\"150\" height=\"150\" src=\"https:\/\/unisale.com.br\/pastoral\/wp-content\/uploads\/2023\/11\/WhatsApp-Image-2023-10-09-at-11.17.36-1024x682-1-150x150.jpeg\" class=\"attachment-thumbnail size-thumbnail\" alt=\"\" \/><\/a>\n\t\t\t<\/dt><\/dl><br style=\"clear: both\" \/><dl class='gallery-item'>\n\t\t\t<dt class='gallery-icon landscape'>\n\t\t\t\t<a href='https:\/\/unisale.com.br\/pastoral\/canon-eos-rebel-t6i-3984x2656_000043-1024x683\/'><img loading=\"lazy\" decoding=\"async\" width=\"150\" height=\"150\" src=\"https:\/\/unisale.com.br\/pastoral\/wp-content\/uploads\/2023\/11\/Canon-EOS-Rebel-T6i-3984x2656_000043-1024x683-1-150x150.jpg\" class=\"attachment-thumbnail size-thumbnail\" alt=\"\" \/><\/a>\n\t\t\t<\/dt><\/dl><dl class='gallery-item'>\n\t\t\t<dt class='gallery-icon landscape'>\n\t\t\t\t<a href='https:\/\/unisale.com.br\/pastoral\/canon-eos-rebel-t6i-3984x2656_000041-1024x683\/'><img loading=\"lazy\" decoding=\"async\" width=\"150\" height=\"150\" src=\"https:\/\/unisale.com.br\/pastoral\/wp-content\/uploads\/2023\/11\/Canon-EOS-Rebel-T6i-3984x2656_000041-1024x683-1-150x150.jpg\" class=\"attachment-thumbnail size-thumbnail\" alt=\"\" \/><\/a>\n\t\t\t<\/dt><\/dl><dl class='gallery-item'>\n\t\t\t<dt class='gallery-icon landscape'>\n\t\t\t\t<a href='https:\/\/unisale.com.br\/pastoral\/canon-eos-rebel-t6i-3984x2656_000030-1024x683\/'><img loading=\"lazy\" decoding=\"async\" width=\"150\" height=\"150\" src=\"https:\/\/unisale.com.br\/pastoral\/wp-content\/uploads\/2023\/11\/Canon-EOS-Rebel-T6i-3984x2656_000030-1024x683-1-150x150.jpg\" class=\"attachment-thumbnail size-thumbnail\" alt=\"\" \/><\/a>\n\t\t\t<\/dt><\/dl><dl class='gallery-item'>\n\t\t\t<dt class='gallery-icon landscape'>\n\t\t\t\t<a href='https:\/\/unisale.com.br\/pastoral\/canon-eos-rebel-t6i-3984x2656_000028-1024x683\/'><img loading=\"lazy\" decoding=\"async\" width=\"150\" height=\"150\" src=\"https:\/\/unisale.com.br\/pastoral\/wp-content\/uploads\/2023\/11\/Canon-EOS-Rebel-T6i-3984x2656_000028-1024x683-1-150x150.jpg\" class=\"attachment-thumbnail size-thumbnail\" alt=\"\" \/><\/a>\n\t\t\t<\/dt><\/dl><br style=\"clear: both\" \/>\n\t\t<\/div>\n\n<\/div>\n<\/div>\n","protected":false},"excerpt":{"rendered":"<p>O sucesso do retiro foi fruto do trabalho conjunto de uma equipe dedicada, composta por aproximadamente 30 pessoas &nbsp; Alunos do\u00a09\u00ba ano do Ensino Fundamental&#8230;<\/p>\n","protected":false},"author":1,"featured_media":8039,"comment_status":"closed","ping_status":"closed","sticky":false,"template":"","format":"standard","meta":{"_acf_changed":false,"footnotes":""},"categories":[3],"tags":[],"class_list":["post-8038","post","type-post","status-publish","format-standard","has-post-thumbnail","hentry","category-not"],"acf":[],"yoast_head":"<!-- This site is optimized with the Yoast SEO plugin v27.3 - https:\/\/yoast.com\/product\/yoast-seo-wordpress\/ -->\n<title>\u201cEu e Cristo\u201d fortalece espiritualidade de membros do Col\u00e9gio e UniSALESIANO - Pastoral Universit\u00e1ria UniSALESIANO<\/title>\n<meta name=\"robots\" content=\"index, follow, max-snippet:-1, max-image-preview:large, max-video-preview:-1\" \/>\n<link rel=\"canonical\" href=\"https:\/\/unisale.com.br\/novo\/eu-e-cristo-fortalece-espiritualidade-de-membros-do-colegio-e-unisalesiano\/\" \/>\n<meta property=\"og:locale\" content=\"pt_BR\" \/>\n<meta property=\"og:type\" content=\"article\" \/>\n<meta property=\"og:title\" content=\"\u201cEu e Cristo\u201d fortalece espiritualidade de membros do Col\u00e9gio e UniSALESIANO - Pastoral Universit\u00e1ria UniSALESIANO\" \/>\n<meta property=\"og:description\" content=\"O sucesso do retiro foi fruto do trabalho conjunto de uma equipe dedicada, composta por aproximadamente 30 pessoas &nbsp; Alunos do\u00a09\u00ba ano do Ensino Fundamental...\" \/>\n<meta property=\"og:url\" content=\"https:\/\/unisale.com.br\/novo\/eu-e-cristo-fortalece-espiritualidade-de-membros-do-colegio-e-unisalesiano\/\" \/>\n<meta property=\"og:site_name\" content=\"Pastoral Universit\u00e1ria UniSALESIANO\" \/>\n<meta property=\"article:published_time\" content=\"2023-11-07T10:45:39+00:00\" \/>\n<meta property=\"og:image\" content=\"https:\/\/unisale.com.br\/novo\/wp-content\/uploads\/2023\/11\/WhatsApp-Image-2023-10-09-at-11.18.12-1024x682-1-150x150.jpeg\" \/>\n<meta name=\"author\" content=\"pastoral\" \/>\n<meta name=\"twitter:card\" content=\"summary_large_image\" \/>\n<meta name=\"twitter:label1\" content=\"Escrito por\" \/>\n\t<meta name=\"twitter:data1\" content=\"pastoral\" \/>\n\t<meta name=\"twitter:label2\" content=\"Est. tempo de leitura\" \/>\n\t<meta name=\"twitter:data2\" content=\"2 minutos\" \/>\n<script type=\"application\/ld+json\" class=\"yoast-schema-graph\">{\"@context\":\"https:\\\/\\\/schema.org\",\"@graph\":[{\"@type\":\"Article\",\"@id\":\"https:\\\/\\\/unisale.com.br\\\/novo\\\/eu-e-cristo-fortalece-espiritualidade-de-membros-do-colegio-e-unisalesiano\\\/#article\",\"isPartOf\":{\"@id\":\"https:\\\/\\\/unisale.com.br\\\/novo\\\/eu-e-cristo-fortalece-espiritualidade-de-membros-do-colegio-e-unisalesiano\\\/\"},\"author\":{\"name\":\"pastoral\",\"@id\":\"https:\\\/\\\/unisale.com.br\\\/pastoral\\\/#\\\/schema\\\/person\\\/a16ba711a0f7dec9cb6b44563144d5a3\"},\"headline\":\"\u201cEu e Cristo\u201d fortalece espiritualidade de membros do Col\u00e9gio e UniSALESIANO\",\"datePublished\":\"2023-11-07T10:45:39+00:00\",\"mainEntityOfPage\":{\"@id\":\"https:\\\/\\\/unisale.com.br\\\/novo\\\/eu-e-cristo-fortalece-espiritualidade-de-membros-do-colegio-e-unisalesiano\\\/\"},\"wordCount\":356,\"image\":{\"@id\":\"https:\\\/\\\/unisale.com.br\\\/novo\\\/eu-e-cristo-fortalece-espiritualidade-de-membros-do-colegio-e-unisalesiano\\\/#primaryimage\"},\"thumbnailUrl\":\"https:\\\/\\\/unisale.com.br\\\/pastoral\\\/wp-content\\\/uploads\\\/2023\\\/11\\\/WhatsApp-Image-2023-10-09-at-11.18.12-10-768x512-1.jpeg\",\"articleSection\":[\"Not\u00edcias\"],\"inLanguage\":\"pt-BR\"},{\"@type\":\"WebPage\",\"@id\":\"https:\\\/\\\/unisale.com.br\\\/novo\\\/eu-e-cristo-fortalece-espiritualidade-de-membros-do-colegio-e-unisalesiano\\\/\",\"url\":\"https:\\\/\\\/unisale.com.br\\\/novo\\\/eu-e-cristo-fortalece-espiritualidade-de-membros-do-colegio-e-unisalesiano\\\/\",\"name\":\"\u201cEu e Cristo\u201d fortalece espiritualidade de membros do Col\u00e9gio e UniSALESIANO - Pastoral Universit\u00e1ria UniSALESIANO\",\"isPartOf\":{\"@id\":\"https:\\\/\\\/unisale.com.br\\\/pastoral\\\/#website\"},\"primaryImageOfPage\":{\"@id\":\"https:\\\/\\\/unisale.com.br\\\/novo\\\/eu-e-cristo-fortalece-espiritualidade-de-membros-do-colegio-e-unisalesiano\\\/#primaryimage\"},\"image\":{\"@id\":\"https:\\\/\\\/unisale.com.br\\\/novo\\\/eu-e-cristo-fortalece-espiritualidade-de-membros-do-colegio-e-unisalesiano\\\/#primaryimage\"},\"thumbnailUrl\":\"https:\\\/\\\/unisale.com.br\\\/pastoral\\\/wp-content\\\/uploads\\\/2023\\\/11\\\/WhatsApp-Image-2023-10-09-at-11.18.12-10-768x512-1.jpeg\",\"datePublished\":\"2023-11-07T10:45:39+00:00\",\"author\":{\"@id\":\"https:\\\/\\\/unisale.com.br\\\/pastoral\\\/#\\\/schema\\\/person\\\/a16ba711a0f7dec9cb6b44563144d5a3\"},\"inLanguage\":\"pt-BR\",\"potentialAction\":[{\"@type\":\"ReadAction\",\"target\":[\"https:\\\/\\\/unisale.com.br\\\/novo\\\/eu-e-cristo-fortalece-espiritualidade-de-membros-do-colegio-e-unisalesiano\\\/\"]}]},{\"@type\":\"ImageObject\",\"inLanguage\":\"pt-BR\",\"@id\":\"https:\\\/\\\/unisale.com.br\\\/novo\\\/eu-e-cristo-fortalece-espiritualidade-de-membros-do-colegio-e-unisalesiano\\\/#primaryimage\",\"url\":\"https:\\\/\\\/unisale.com.br\\\/pastoral\\\/wp-content\\\/uploads\\\/2023\\\/11\\\/WhatsApp-Image-2023-10-09-at-11.18.12-10-768x512-1.jpeg\",\"contentUrl\":\"https:\\\/\\\/unisale.com.br\\\/pastoral\\\/wp-content\\\/uploads\\\/2023\\\/11\\\/WhatsApp-Image-2023-10-09-at-11.18.12-10-768x512-1.jpeg\",\"width\":750,\"height\":500},{\"@type\":\"WebSite\",\"@id\":\"https:\\\/\\\/unisale.com.br\\\/pastoral\\\/#website\",\"url\":\"https:\\\/\\\/unisale.com.br\\\/pastoral\\\/\",\"name\":\"Pastoral Universit\u00e1ria UniSALESIANO\",\"description\":\"Site da Pastoral Universit\u00e1ria do UniSALESIANO\",\"potentialAction\":[{\"@type\":\"SearchAction\",\"target\":{\"@type\":\"EntryPoint\",\"urlTemplate\":\"https:\\\/\\\/unisale.com.br\\\/pastoral\\\/?s={search_term_string}\"},\"query-input\":{\"@type\":\"PropertyValueSpecification\",\"valueRequired\":true,\"valueName\":\"search_term_string\"}}],\"inLanguage\":\"pt-BR\"},{\"@type\":\"Person\",\"@id\":\"https:\\\/\\\/unisale.com.br\\\/pastoral\\\/#\\\/schema\\\/person\\\/a16ba711a0f7dec9cb6b44563144d5a3\",\"name\":\"pastoral\",\"url\":\"https:\\\/\\\/unisale.com.br\\\/pastoral\\\/author\\\/pastoral\\\/\"}]}<\/script>\n<!-- \/ Yoast SEO plugin. -->","yoast_head_json":{"title":"\u201cEu e Cristo\u201d fortalece espiritualidade de membros do Col\u00e9gio e UniSALESIANO - Pastoral Universit\u00e1ria UniSALESIANO","robots":{"index":"index","follow":"follow","max-snippet":"max-snippet:-1","max-image-preview":"max-image-preview:large","max-video-preview":"max-video-preview:-1"},"canonical":"https:\/\/unisale.com.br\/novo\/eu-e-cristo-fortalece-espiritualidade-de-membros-do-colegio-e-unisalesiano\/","og_locale":"pt_BR","og_type":"article","og_title":"\u201cEu e Cristo\u201d fortalece espiritualidade de membros do Col\u00e9gio e UniSALESIANO - Pastoral Universit\u00e1ria UniSALESIANO","og_description":"O sucesso do retiro foi fruto do trabalho conjunto de uma equipe dedicada, composta por aproximadamente 30 pessoas &nbsp; Alunos do\u00a09\u00ba ano do Ensino Fundamental...","og_url":"https:\/\/unisale.com.br\/novo\/eu-e-cristo-fortalece-espiritualidade-de-membros-do-colegio-e-unisalesiano\/","og_site_name":"Pastoral Universit\u00e1ria UniSALESIANO","article_published_time":"2023-11-07T10:45:39+00:00","og_image":[{"url":"https:\/\/unisale.com.br\/novo\/wp-content\/uploads\/2023\/11\/WhatsApp-Image-2023-10-09-at-11.18.12-1024x682-1-150x150.jpeg","type":"","width":"","height":""}],"author":"pastoral","twitter_card":"summary_large_image","twitter_misc":{"Escrito por":"pastoral","Est. tempo de leitura":"2 minutos"},"schema":{"@context":"https:\/\/schema.org","@graph":[{"@type":"Article","@id":"https:\/\/unisale.com.br\/novo\/eu-e-cristo-fortalece-espiritualidade-de-membros-do-colegio-e-unisalesiano\/#article","isPartOf":{"@id":"https:\/\/unisale.com.br\/novo\/eu-e-cristo-fortalece-espiritualidade-de-membros-do-colegio-e-unisalesiano\/"},"author":{"name":"pastoral","@id":"https:\/\/unisale.com.br\/pastoral\/#\/schema\/person\/a16ba711a0f7dec9cb6b44563144d5a3"},"headline":"\u201cEu e Cristo\u201d fortalece espiritualidade de membros do Col\u00e9gio e UniSALESIANO","datePublished":"2023-11-07T10:45:39+00:00","mainEntityOfPage":{"@id":"https:\/\/unisale.com.br\/novo\/eu-e-cristo-fortalece-espiritualidade-de-membros-do-colegio-e-unisalesiano\/"},"wordCount":356,"image":{"@id":"https:\/\/unisale.com.br\/novo\/eu-e-cristo-fortalece-espiritualidade-de-membros-do-colegio-e-unisalesiano\/#primaryimage"},"thumbnailUrl":"https:\/\/unisale.com.br\/pastoral\/wp-content\/uploads\/2023\/11\/WhatsApp-Image-2023-10-09-at-11.18.12-10-768x512-1.jpeg","articleSection":["Not\u00edcias"],"inLanguage":"pt-BR"},{"@type":"WebPage","@id":"https:\/\/unisale.com.br\/novo\/eu-e-cristo-fortalece-espiritualidade-de-membros-do-colegio-e-unisalesiano\/","url":"https:\/\/unisale.com.br\/novo\/eu-e-cristo-fortalece-espiritualidade-de-membros-do-colegio-e-unisalesiano\/","name":"\u201cEu e Cristo\u201d fortalece espiritualidade de membros do Col\u00e9gio e UniSALESIANO - Pastoral Universit\u00e1ria UniSALESIANO","isPartOf":{"@id":"https:\/\/unisale.com.br\/pastoral\/#website"},"primaryImageOfPage":{"@id":"https:\/\/unisale.com.br\/novo\/eu-e-cristo-fortalece-espiritualidade-de-membros-do-colegio-e-unisalesiano\/#primaryimage"},"image":{"@id":"https:\/\/unisale.com.br\/novo\/eu-e-cristo-fortalece-espiritualidade-de-membros-do-colegio-e-unisalesiano\/#primaryimage"},"thumbnailUrl":"https:\/\/unisale.com.br\/pastoral\/wp-content\/uploads\/2023\/11\/WhatsApp-Image-2023-10-09-at-11.18.12-10-768x512-1.jpeg","datePublished":"2023-11-07T10:45:39+00:00","author":{"@id":"https:\/\/unisale.com.br\/pastoral\/#\/schema\/person\/a16ba711a0f7dec9cb6b44563144d5a3"},"inLanguage":"pt-BR","potentialAction":[{"@type":"ReadAction","target":["https:\/\/unisale.com.br\/novo\/eu-e-cristo-fortalece-espiritualidade-de-membros-do-colegio-e-unisalesiano\/"]}]},{"@type":"ImageObject","inLanguage":"pt-BR","@id":"https:\/\/unisale.com.br\/novo\/eu-e-cristo-fortalece-espiritualidade-de-membros-do-colegio-e-unisalesiano\/#primaryimage","url":"https:\/\/unisale.com.br\/pastoral\/wp-content\/uploads\/2023\/11\/WhatsApp-Image-2023-10-09-at-11.18.12-10-768x512-1.jpeg","contentUrl":"https:\/\/unisale.com.br\/pastoral\/wp-content\/uploads\/2023\/11\/WhatsApp-Image-2023-10-09-at-11.18.12-10-768x512-1.jpeg","width":750,"height":500},{"@type":"WebSite","@id":"https:\/\/unisale.com.br\/pastoral\/#website","url":"https:\/\/unisale.com.br\/pastoral\/","name":"Pastoral Universit\u00e1ria UniSALESIANO","description":"Site da Pastoral Universit\u00e1ria do UniSALESIANO","potentialAction":[{"@type":"SearchAction","target":{"@type":"EntryPoint","urlTemplate":"https:\/\/unisale.com.br\/pastoral\/?s={search_term_string}"},"query-input":{"@type":"PropertyValueSpecification","valueRequired":true,"valueName":"search_term_string"}}],"inLanguage":"pt-BR"},{"@type":"Person","@id":"https:\/\/unisale.com.br\/pastoral\/#\/schema\/person\/a16ba711a0f7dec9cb6b44563144d5a3","name":"pastoral","url":"https:\/\/unisale.com.br\/pastoral\/author\/pastoral\/"}]}},"_links":{"self":[{"href":"https:\/\/unisale.com.br\/pastoral\/wp-json\/wp\/v2\/posts\/8038","targetHints":{"allow":["GET"]}}],"collection":[{"href":"https:\/\/unisale.com.br\/pastoral\/wp-json\/wp\/v2\/posts"}],"about":[{"href":"https:\/\/unisale.com.br\/pastoral\/wp-json\/wp\/v2\/types\/post"}],"author":[{"embeddable":true,"href":"https:\/\/unisale.com.br\/pastoral\/wp-json\/wp\/v2\/users\/1"}],"replies":[{"embeddable":true,"href":"https:\/\/unisale.com.br\/pastoral\/wp-json\/wp\/v2\/comments?post=8038"}],"version-history":[{"count":0,"href":"https:\/\/unisale.com.br\/pastoral\/wp-json\/wp\/v2\/posts\/8038\/revisions"}],"wp:featuredmedia":[{"embeddable":true,"href":"https:\/\/unisale.com.br\/pastoral\/wp-json\/wp\/v2\/media\/8039"}],"wp:attachment":[{"href":"https:\/\/unisale.com.br\/pastoral\/wp-json\/wp\/v2\/media?parent=8038"}],"wp:term":[{"taxonomy":"category","embeddable":true,"href":"https:\/\/unisale.com.br\/pastoral\/wp-json\/wp\/v2\/categories?post=8038"},{"taxonomy":"post_tag","embeddable":true,"href":"https:\/\/unisale.com.br\/pastoral\/wp-json\/wp\/v2\/tags?post=8038"}],"curies":[{"name":"wp","href":"https:\/\/api.w.org\/{rel}","templated":true}]}}