{"id":8126,"date":"2023-11-08T14:08:47","date_gmt":"2023-11-08T14:08:47","guid":{"rendered":"https:\/\/unisale.com.br\/pastoral\/?p=8126"},"modified":"2023-11-08T14:08:47","modified_gmt":"2023-11-08T14:08:47","slug":"16-11-o-reino-de-deus-nao-vem-ostensivamente","status":"publish","type":"post","link":"https:\/\/unisale.com.br\/pastoral\/16-11-o-reino-de-deus-nao-vem-ostensivamente\/","title":{"rendered":"16\/11 &#8211; O Reino de Deus n\u00e3o vem ostensivamente."},"content":{"rendered":"<p>Quinta-feira, 16 de novembro de 2023.<\/p>\n<p>&nbsp;<\/p>\n<p>Evangelho (Lc 17,20-25)<\/p>\n<p>&nbsp;<\/p>\n<p><strong>\u201cO Reino de Deus n\u00e3o vem ostensivamente\u201d<\/strong><\/p>\n<p>&nbsp;<\/p>\n<p>Naquele tempo, <sup>20<\/sup>os fariseus perguntaram a Jesus sobre o momento em que chegaria o Reino de Deus. Jesus respondeu: \u201cO Reino de Deus n\u00e3o vem ostensivamente. <sup>21<\/sup>Nem se poder\u00e1 dizer: \u2018Est\u00e1 aqui\u2019 ou \u2018Est\u00e1 ali\u2019, porque o Reino de Deus est\u00e1 entre v\u00f3s\u201d. <sup>22<\/sup>E Jesus disse aos disc\u00edpulos: \u201cDias vir\u00e3o em que desejareis ver um s\u00f3 dia do Filho do Homem e n\u00e3o podereis ver. <sup>23<\/sup>As pessoas vos dir\u00e3o: \u2018Ele est\u00e1 ali\u2019 ou \u2018Ele est\u00e1 aqui\u2019. N\u00e3o deveis ir, nem correr atr\u00e1s. <sup>24<\/sup>Pois, como o rel\u00e2mpago brilha de um lado at\u00e9 o outro do c\u00e9u, assim tamb\u00e9m ser\u00e1 o Filho do Homem, no seu dia. <sup>25<\/sup>Antes, por\u00e9m, ele dever\u00e1 sofrer muito e ser rejeitado por esta gera\u00e7\u00e3o\u201d.<\/p>\n<p>&nbsp;<\/p>\n<p><strong>Reflex\u00e3o<\/strong><\/p>\n<p>&nbsp;<\/p>\n<p>Falar do Reino de Deus pode nos parecer t\u00e3o familiar que quase sempre \u00e9 um assunto que j\u00e1 n\u00e3o nos chama tanto a aten\u00e7\u00e3o. Parece que ficou invis\u00edvel, mas ainda nos \u00e9 essencial. \u00c9 preciso que o tema \u201cReino de Deus\u201d seja recolocado no horizonte da nossa vida. O Reino de Deus permeia toda a nossa normalidade de vida. Ele n\u00e3o \u00e9 vis\u00edvel, mas pode ser mostrado com a vida, da mesma forma que um homem n\u00e3o pode crer que o amor pela pr\u00f3pria esposa pode ser aprisionado em um presente, em uma joia, mesmo sendo de valor. Se este amor, ele n\u00e3o o demonstra com a pr\u00f3pria vida, de nada servir\u00e3o as demonstra\u00e7\u00f5es exteriores. Ningu\u00e9m, portanto, pode se dar o direito de aprisionar o Reino de Deus em alguma coisa, porque este coincide com a vida. As coisas podem somente ser sinal da vida, mas n\u00e3o s\u00e3o a vida. A tenta\u00e7\u00e3o contempor\u00e2nea de reagir ao relativismo com ideologias tranquilizadores, precisas, solidificadas, cobre somente a constante tenta\u00e7\u00e3o de encontrar-se diante a quem pensa de possuir o reino, mas possui somente uma sombra fruto da necessidade de seguran\u00e7a. Os santos, no fundo, eram certos de serem profundamente amados, e muitas vezes tiveram que atravessar estradas que ningu\u00e9m havia atravessado antes. N\u00e3o eram relativistas, eram realistas. Os relativistas n\u00e3o conhecem um amor assim, os santos sim.<\/p>\n<p><strong>Pe. Paulo Eduardo J\u00e1como, sdb.<\/strong><\/p>\n","protected":false},"excerpt":{"rendered":"<p>Quinta-feira, 16 de novembro de 2023. &nbsp; Evangelho (Lc 17,20-25) &nbsp; \u201cO Reino de Deus n\u00e3o vem ostensivamente\u201d &nbsp; Naquele tempo, 20os fariseus perguntaram a&#8230;<\/p>\n","protected":false},"author":1,"featured_media":8127,"comment_status":"closed","ping_status":"closed","sticky":false,"template":"","format":"standard","meta":{"_acf_changed":false,"footnotes":""},"categories":[13],"tags":[],"class_list":["post-8126","post","type-post","status-publish","format-standard","has-post-thumbnail","hentry","category-reflexaodoevagelho"],"acf":[],"yoast_head":"<!-- This site is optimized with the Yoast SEO plugin v27.3 - https:\/\/yoast.com\/product\/yoast-seo-wordpress\/ -->\n<title>16\/11 - O Reino de Deus n\u00e3o vem ostensivamente. - Pastoral Universit\u00e1ria UniSALESIANO<\/title>\n<meta name=\"robots\" content=\"index, follow, max-snippet:-1, max-image-preview:large, max-video-preview:-1\" \/>\n<link rel=\"canonical\" href=\"https:\/\/unisale.com.br\/novo\/16-11-o-reino-de-deus-nao-vem-ostensivamente\/\" \/>\n<meta property=\"og:locale\" content=\"pt_BR\" \/>\n<meta property=\"og:type\" content=\"article\" \/>\n<meta property=\"og:title\" content=\"16\/11 - O Reino de Deus n\u00e3o vem ostensivamente. - Pastoral Universit\u00e1ria UniSALESIANO\" \/>\n<meta property=\"og:description\" content=\"Quinta-feira, 16 de novembro de 2023. &nbsp; Evangelho (Lc 17,20-25) &nbsp; \u201cO Reino de Deus n\u00e3o vem ostensivamente\u201d &nbsp; Naquele tempo, 20os fariseus perguntaram a...\" \/>\n<meta property=\"og:url\" content=\"https:\/\/unisale.com.br\/novo\/16-11-o-reino-de-deus-nao-vem-ostensivamente\/\" \/>\n<meta property=\"og:site_name\" content=\"Pastoral Universit\u00e1ria UniSALESIANO\" \/>\n<meta property=\"article:published_time\" content=\"2023-11-08T14:08:47+00:00\" \/>\n<meta name=\"author\" content=\"pastoral\" \/>\n<meta name=\"twitter:card\" content=\"summary_large_image\" \/>\n<meta name=\"twitter:label1\" content=\"Escrito por\" \/>\n\t<meta name=\"twitter:data1\" content=\"pastoral\" \/>\n\t<meta name=\"twitter:label2\" content=\"Est. tempo de leitura\" \/>\n\t<meta name=\"twitter:data2\" content=\"2 minutos\" \/>\n<script type=\"application\/ld+json\" class=\"yoast-schema-graph\">{\"@context\":\"https:\\\/\\\/schema.org\",\"@graph\":[{\"@type\":\"Article\",\"@id\":\"https:\\\/\\\/unisale.com.br\\\/novo\\\/16-11-o-reino-de-deus-nao-vem-ostensivamente\\\/#article\",\"isPartOf\":{\"@id\":\"https:\\\/\\\/unisale.com.br\\\/novo\\\/16-11-o-reino-de-deus-nao-vem-ostensivamente\\\/\"},\"author\":{\"name\":\"pastoral\",\"@id\":\"https:\\\/\\\/unisale.com.br\\\/pastoral\\\/#\\\/schema\\\/person\\\/a16ba711a0f7dec9cb6b44563144d5a3\"},\"headline\":\"16\\\/11 &#8211; O Reino de Deus n\u00e3o vem ostensivamente.\",\"datePublished\":\"2023-11-08T14:08:47+00:00\",\"mainEntityOfPage\":{\"@id\":\"https:\\\/\\\/unisale.com.br\\\/novo\\\/16-11-o-reino-de-deus-nao-vem-ostensivamente\\\/\"},\"wordCount\":409,\"image\":{\"@id\":\"https:\\\/\\\/unisale.com.br\\\/novo\\\/16-11-o-reino-de-deus-nao-vem-ostensivamente\\\/#primaryimage\"},\"thumbnailUrl\":\"https:\\\/\\\/unisale.com.br\\\/pastoral\\\/wp-content\\\/uploads\\\/2023\\\/11\\\/download-3.jpg\",\"articleSection\":[\"Reflex\u00e3o do Evangelho\"],\"inLanguage\":\"pt-BR\"},{\"@type\":\"WebPage\",\"@id\":\"https:\\\/\\\/unisale.com.br\\\/novo\\\/16-11-o-reino-de-deus-nao-vem-ostensivamente\\\/\",\"url\":\"https:\\\/\\\/unisale.com.br\\\/novo\\\/16-11-o-reino-de-deus-nao-vem-ostensivamente\\\/\",\"name\":\"16\\\/11 - O Reino de Deus n\u00e3o vem ostensivamente. - Pastoral Universit\u00e1ria UniSALESIANO\",\"isPartOf\":{\"@id\":\"https:\\\/\\\/unisale.com.br\\\/pastoral\\\/#website\"},\"primaryImageOfPage\":{\"@id\":\"https:\\\/\\\/unisale.com.br\\\/novo\\\/16-11-o-reino-de-deus-nao-vem-ostensivamente\\\/#primaryimage\"},\"image\":{\"@id\":\"https:\\\/\\\/unisale.com.br\\\/novo\\\/16-11-o-reino-de-deus-nao-vem-ostensivamente\\\/#primaryimage\"},\"thumbnailUrl\":\"https:\\\/\\\/unisale.com.br\\\/pastoral\\\/wp-content\\\/uploads\\\/2023\\\/11\\\/download-3.jpg\",\"datePublished\":\"2023-11-08T14:08:47+00:00\",\"author\":{\"@id\":\"https:\\\/\\\/unisale.com.br\\\/pastoral\\\/#\\\/schema\\\/person\\\/a16ba711a0f7dec9cb6b44563144d5a3\"},\"inLanguage\":\"pt-BR\",\"potentialAction\":[{\"@type\":\"ReadAction\",\"target\":[\"https:\\\/\\\/unisale.com.br\\\/novo\\\/16-11-o-reino-de-deus-nao-vem-ostensivamente\\\/\"]}]},{\"@type\":\"ImageObject\",\"inLanguage\":\"pt-BR\",\"@id\":\"https:\\\/\\\/unisale.com.br\\\/novo\\\/16-11-o-reino-de-deus-nao-vem-ostensivamente\\\/#primaryimage\",\"url\":\"https:\\\/\\\/unisale.com.br\\\/pastoral\\\/wp-content\\\/uploads\\\/2023\\\/11\\\/download-3.jpg\",\"contentUrl\":\"https:\\\/\\\/unisale.com.br\\\/pastoral\\\/wp-content\\\/uploads\\\/2023\\\/11\\\/download-3.jpg\",\"width\":336,\"height\":150},{\"@type\":\"WebSite\",\"@id\":\"https:\\\/\\\/unisale.com.br\\\/pastoral\\\/#website\",\"url\":\"https:\\\/\\\/unisale.com.br\\\/pastoral\\\/\",\"name\":\"Pastoral Universit\u00e1ria UniSALESIANO\",\"description\":\"Site da Pastoral Universit\u00e1ria do UniSALESIANO\",\"potentialAction\":[{\"@type\":\"SearchAction\",\"target\":{\"@type\":\"EntryPoint\",\"urlTemplate\":\"https:\\\/\\\/unisale.com.br\\\/pastoral\\\/?s={search_term_string}\"},\"query-input\":{\"@type\":\"PropertyValueSpecification\",\"valueRequired\":true,\"valueName\":\"search_term_string\"}}],\"inLanguage\":\"pt-BR\"},{\"@type\":\"Person\",\"@id\":\"https:\\\/\\\/unisale.com.br\\\/pastoral\\\/#\\\/schema\\\/person\\\/a16ba711a0f7dec9cb6b44563144d5a3\",\"name\":\"pastoral\",\"url\":\"https:\\\/\\\/unisale.com.br\\\/pastoral\\\/author\\\/pastoral\\\/\"}]}<\/script>\n<!-- \/ Yoast SEO plugin. -->","yoast_head_json":{"title":"16\/11 - O Reino de Deus n\u00e3o vem ostensivamente. - Pastoral Universit\u00e1ria UniSALESIANO","robots":{"index":"index","follow":"follow","max-snippet":"max-snippet:-1","max-image-preview":"max-image-preview:large","max-video-preview":"max-video-preview:-1"},"canonical":"https:\/\/unisale.com.br\/novo\/16-11-o-reino-de-deus-nao-vem-ostensivamente\/","og_locale":"pt_BR","og_type":"article","og_title":"16\/11 - O Reino de Deus n\u00e3o vem ostensivamente. - Pastoral Universit\u00e1ria UniSALESIANO","og_description":"Quinta-feira, 16 de novembro de 2023. &nbsp; Evangelho (Lc 17,20-25) &nbsp; \u201cO Reino de Deus n\u00e3o vem ostensivamente\u201d &nbsp; Naquele tempo, 20os fariseus perguntaram a...","og_url":"https:\/\/unisale.com.br\/novo\/16-11-o-reino-de-deus-nao-vem-ostensivamente\/","og_site_name":"Pastoral Universit\u00e1ria UniSALESIANO","article_published_time":"2023-11-08T14:08:47+00:00","author":"pastoral","twitter_card":"summary_large_image","twitter_misc":{"Escrito por":"pastoral","Est. tempo de leitura":"2 minutos"},"schema":{"@context":"https:\/\/schema.org","@graph":[{"@type":"Article","@id":"https:\/\/unisale.com.br\/novo\/16-11-o-reino-de-deus-nao-vem-ostensivamente\/#article","isPartOf":{"@id":"https:\/\/unisale.com.br\/novo\/16-11-o-reino-de-deus-nao-vem-ostensivamente\/"},"author":{"name":"pastoral","@id":"https:\/\/unisale.com.br\/pastoral\/#\/schema\/person\/a16ba711a0f7dec9cb6b44563144d5a3"},"headline":"16\/11 &#8211; O Reino de Deus n\u00e3o vem ostensivamente.","datePublished":"2023-11-08T14:08:47+00:00","mainEntityOfPage":{"@id":"https:\/\/unisale.com.br\/novo\/16-11-o-reino-de-deus-nao-vem-ostensivamente\/"},"wordCount":409,"image":{"@id":"https:\/\/unisale.com.br\/novo\/16-11-o-reino-de-deus-nao-vem-ostensivamente\/#primaryimage"},"thumbnailUrl":"https:\/\/unisale.com.br\/pastoral\/wp-content\/uploads\/2023\/11\/download-3.jpg","articleSection":["Reflex\u00e3o do Evangelho"],"inLanguage":"pt-BR"},{"@type":"WebPage","@id":"https:\/\/unisale.com.br\/novo\/16-11-o-reino-de-deus-nao-vem-ostensivamente\/","url":"https:\/\/unisale.com.br\/novo\/16-11-o-reino-de-deus-nao-vem-ostensivamente\/","name":"16\/11 - O Reino de Deus n\u00e3o vem ostensivamente. - Pastoral Universit\u00e1ria UniSALESIANO","isPartOf":{"@id":"https:\/\/unisale.com.br\/pastoral\/#website"},"primaryImageOfPage":{"@id":"https:\/\/unisale.com.br\/novo\/16-11-o-reino-de-deus-nao-vem-ostensivamente\/#primaryimage"},"image":{"@id":"https:\/\/unisale.com.br\/novo\/16-11-o-reino-de-deus-nao-vem-ostensivamente\/#primaryimage"},"thumbnailUrl":"https:\/\/unisale.com.br\/pastoral\/wp-content\/uploads\/2023\/11\/download-3.jpg","datePublished":"2023-11-08T14:08:47+00:00","author":{"@id":"https:\/\/unisale.com.br\/pastoral\/#\/schema\/person\/a16ba711a0f7dec9cb6b44563144d5a3"},"inLanguage":"pt-BR","potentialAction":[{"@type":"ReadAction","target":["https:\/\/unisale.com.br\/novo\/16-11-o-reino-de-deus-nao-vem-ostensivamente\/"]}]},{"@type":"ImageObject","inLanguage":"pt-BR","@id":"https:\/\/unisale.com.br\/novo\/16-11-o-reino-de-deus-nao-vem-ostensivamente\/#primaryimage","url":"https:\/\/unisale.com.br\/pastoral\/wp-content\/uploads\/2023\/11\/download-3.jpg","contentUrl":"https:\/\/unisale.com.br\/pastoral\/wp-content\/uploads\/2023\/11\/download-3.jpg","width":336,"height":150},{"@type":"WebSite","@id":"https:\/\/unisale.com.br\/pastoral\/#website","url":"https:\/\/unisale.com.br\/pastoral\/","name":"Pastoral Universit\u00e1ria UniSALESIANO","description":"Site da Pastoral Universit\u00e1ria do UniSALESIANO","potentialAction":[{"@type":"SearchAction","target":{"@type":"EntryPoint","urlTemplate":"https:\/\/unisale.com.br\/pastoral\/?s={search_term_string}"},"query-input":{"@type":"PropertyValueSpecification","valueRequired":true,"valueName":"search_term_string"}}],"inLanguage":"pt-BR"},{"@type":"Person","@id":"https:\/\/unisale.com.br\/pastoral\/#\/schema\/person\/a16ba711a0f7dec9cb6b44563144d5a3","name":"pastoral","url":"https:\/\/unisale.com.br\/pastoral\/author\/pastoral\/"}]}},"_links":{"self":[{"href":"https:\/\/unisale.com.br\/pastoral\/wp-json\/wp\/v2\/posts\/8126","targetHints":{"allow":["GET"]}}],"collection":[{"href":"https:\/\/unisale.com.br\/pastoral\/wp-json\/wp\/v2\/posts"}],"about":[{"href":"https:\/\/unisale.com.br\/pastoral\/wp-json\/wp\/v2\/types\/post"}],"author":[{"embeddable":true,"href":"https:\/\/unisale.com.br\/pastoral\/wp-json\/wp\/v2\/users\/1"}],"replies":[{"embeddable":true,"href":"https:\/\/unisale.com.br\/pastoral\/wp-json\/wp\/v2\/comments?post=8126"}],"version-history":[{"count":0,"href":"https:\/\/unisale.com.br\/pastoral\/wp-json\/wp\/v2\/posts\/8126\/revisions"}],"wp:featuredmedia":[{"embeddable":true,"href":"https:\/\/unisale.com.br\/pastoral\/wp-json\/wp\/v2\/media\/8127"}],"wp:attachment":[{"href":"https:\/\/unisale.com.br\/pastoral\/wp-json\/wp\/v2\/media?parent=8126"}],"wp:term":[{"taxonomy":"category","embeddable":true,"href":"https:\/\/unisale.com.br\/pastoral\/wp-json\/wp\/v2\/categories?post=8126"},{"taxonomy":"post_tag","embeddable":true,"href":"https:\/\/unisale.com.br\/pastoral\/wp-json\/wp\/v2\/tags?post=8126"}],"curies":[{"name":"wp","href":"https:\/\/api.w.org\/{rel}","templated":true}]}}