{"id":8152,"date":"2023-11-09T13:50:28","date_gmt":"2023-11-09T13:50:28","guid":{"rendered":"https:\/\/unisale.com.br\/pastoral\/?p=8152"},"modified":"2023-11-09T13:50:28","modified_gmt":"2023-11-09T13:50:28","slug":"24-11-minha-casa-sera-casa-de-oracao","status":"publish","type":"post","link":"https:\/\/unisale.com.br\/pastoral\/24-11-minha-casa-sera-casa-de-oracao\/","title":{"rendered":"24\/11 &#8211; Minha casa ser\u00e1 casa de ora\u00e7\u00e3o."},"content":{"rendered":"<p>Sexta-feira, 24 de novembro de 2023.<\/p>\n<p>&nbsp;<\/p>\n<p>Evangelho (Lc 19,45-48)<\/p>\n<p>&nbsp;<\/p>\n<p><strong>\u201cMinha casa ser\u00e1 casa de ora\u00e7\u00e3o\u201d<\/strong><\/p>\n<p>&nbsp;<\/p>\n<p>Naquele tempo, <sup>45<\/sup>Jesus entrou no Templo e come\u00e7ou a expulsar os vendedores. <sup>46<\/sup>E disse: \u201cEst\u00e1 escrito: \u2018Minha casa ser\u00e1 casa de ora\u00e7\u00e3o\u2019. No entanto, v\u00f3s fizestes dela um antro de ladr\u00f5es\u201d. <sup>47<\/sup>Jesus ensinava todos os dias no Templo. Os sumos sacerdotes, os mestres da Lei e os not\u00e1veis do povo procuravam modo de mat\u00e1-lo. <sup>48<\/sup>Mas n\u00e3o sabiam o que fazer, porque o povo todo ficava fascinado quando ouvia Jesus falar.<\/p>\n<p>&nbsp;<\/p>\n<p><strong>Reflex\u00e3o<\/strong><\/p>\n<p>&nbsp;<\/p>\n<p>O Evangelho de hoje nos apresenta a intoler\u00e2ncia de Jesus diante daquilo que \u00e9 politicamente incorreto. E entre as coisas erradas, existe o fato de terem \u2018pervertido\u2019 o verdadeiro sentido do Templo, transformando-o num lugar de com\u00e9rcio. N\u00e3o cabe aqui falar de demoniza\u00e7\u00e3o das coisas materiais, mas a confus\u00e3o que se cria quando uma rela\u00e7\u00e3o \u00e9 substitu\u00edda pelo com\u00e9rcio das coisas. \u00c9 como se um homem que ama uma mulher parasse de investir em uma rela\u00e7\u00e3o e compreendendo as feridas e os vazios que se formaram por esta falha, lhe viesse em mente a ideia de consertar seu erro com uma s\u00e9rie de presentes. Talvez existam mulheres que se agradem com isso, mas quem busca amor n\u00e3o pode se contentar com coisas materiais. \u201cEu n\u00e3o quero os teus presentes, quero voc\u00ea!\u201d E isto est\u00e1 querendo dizer Jesus com este extremo gesto do evangelho de hoje. Deus n\u00e3o quer as nossas coisas, Ele quer o nosso amor. Ele n\u00e3o quer que a nossa ora\u00e7\u00e3o seja uma troca de favores, mas um encontro entre pessoas que se amam. N\u00e3o se pode afirmar de rezar se a media\u00e7\u00e3o da ora\u00e7\u00e3o \u00e9 confiada a uma situa\u00e7\u00e3o diversa do cora\u00e7\u00e3o. Na ora\u00e7\u00e3o n\u00e3o existem m\u00e9ritos, sentimento de culpa, soma de pecados; na ora\u00e7\u00e3o verdadeira existe o meu cora\u00e7\u00e3o que encontra o cora\u00e7\u00e3o de Deus. E pouco importa se o nosso cora\u00e7\u00e3o n\u00e3o \u00e9 dos melhores. N\u00e3o seria por isso que O buscamos? O buscamos n\u00e3o para convenc\u00ea-lo, mas para deixar-se curar, converter. Mas esta l\u00f3gica enerva quem construiu tudo sobre a l\u00f3gica dos m\u00e9ritos, os sentimentos de culpa, os esquemas, os ritos, os costumes&#8230;<\/p>\n<p><strong>Pe. Paulo Eduardo J\u00e1como, sdb.<\/strong><\/p>\n","protected":false},"excerpt":{"rendered":"<p>Sexta-feira, 24 de novembro de 2023. &nbsp; Evangelho (Lc 19,45-48) &nbsp; \u201cMinha casa ser\u00e1 casa de ora\u00e7\u00e3o\u201d &nbsp; Naquele tempo, 45Jesus entrou no Templo e&#8230;<\/p>\n","protected":false},"author":1,"featured_media":8153,"comment_status":"closed","ping_status":"closed","sticky":false,"template":"","format":"standard","meta":{"_acf_changed":false,"footnotes":""},"categories":[13],"tags":[],"class_list":["post-8152","post","type-post","status-publish","format-standard","has-post-thumbnail","hentry","category-reflexaodoevagelho"],"acf":[],"yoast_head":"<!-- This site is optimized with the Yoast SEO plugin v27.3 - https:\/\/yoast.com\/product\/yoast-seo-wordpress\/ -->\n<title>24\/11 - Minha casa ser\u00e1 casa de ora\u00e7\u00e3o. - Pastoral Universit\u00e1ria UniSALESIANO<\/title>\n<meta name=\"robots\" content=\"index, follow, max-snippet:-1, max-image-preview:large, max-video-preview:-1\" \/>\n<link rel=\"canonical\" href=\"https:\/\/unisale.com.br\/novo\/24-11-minha-casa-sera-casa-de-oracao\/\" \/>\n<meta property=\"og:locale\" content=\"pt_BR\" \/>\n<meta property=\"og:type\" content=\"article\" \/>\n<meta property=\"og:title\" content=\"24\/11 - Minha casa ser\u00e1 casa de ora\u00e7\u00e3o. - Pastoral Universit\u00e1ria UniSALESIANO\" \/>\n<meta property=\"og:description\" content=\"Sexta-feira, 24 de novembro de 2023. &nbsp; Evangelho (Lc 19,45-48) &nbsp; \u201cMinha casa ser\u00e1 casa de ora\u00e7\u00e3o\u201d &nbsp; Naquele tempo, 45Jesus entrou no Templo e...\" \/>\n<meta property=\"og:url\" content=\"https:\/\/unisale.com.br\/novo\/24-11-minha-casa-sera-casa-de-oracao\/\" \/>\n<meta property=\"og:site_name\" content=\"Pastoral Universit\u00e1ria UniSALESIANO\" \/>\n<meta property=\"article:published_time\" content=\"2023-11-09T13:50:28+00:00\" \/>\n<meta name=\"author\" content=\"pastoral\" \/>\n<meta name=\"twitter:card\" content=\"summary_large_image\" \/>\n<meta name=\"twitter:label1\" content=\"Escrito por\" \/>\n\t<meta name=\"twitter:data1\" content=\"pastoral\" \/>\n\t<meta name=\"twitter:label2\" content=\"Est. tempo de leitura\" \/>\n\t<meta name=\"twitter:data2\" content=\"2 minutos\" \/>\n<script type=\"application\/ld+json\" class=\"yoast-schema-graph\">{\"@context\":\"https:\\\/\\\/schema.org\",\"@graph\":[{\"@type\":\"Article\",\"@id\":\"https:\\\/\\\/unisale.com.br\\\/novo\\\/24-11-minha-casa-sera-casa-de-oracao\\\/#article\",\"isPartOf\":{\"@id\":\"https:\\\/\\\/unisale.com.br\\\/novo\\\/24-11-minha-casa-sera-casa-de-oracao\\\/\"},\"author\":{\"name\":\"pastoral\",\"@id\":\"https:\\\/\\\/unisale.com.br\\\/pastoral\\\/#\\\/schema\\\/person\\\/a16ba711a0f7dec9cb6b44563144d5a3\"},\"headline\":\"24\\\/11 &#8211; Minha casa ser\u00e1 casa de ora\u00e7\u00e3o.\",\"datePublished\":\"2023-11-09T13:50:28+00:00\",\"mainEntityOfPage\":{\"@id\":\"https:\\\/\\\/unisale.com.br\\\/novo\\\/24-11-minha-casa-sera-casa-de-oracao\\\/\"},\"wordCount\":410,\"image\":{\"@id\":\"https:\\\/\\\/unisale.com.br\\\/novo\\\/24-11-minha-casa-sera-casa-de-oracao\\\/#primaryimage\"},\"thumbnailUrl\":\"https:\\\/\\\/unisale.com.br\\\/pastoral\\\/wp-content\\\/uploads\\\/2023\\\/11\\\/672-Minha-casa-sera-casa-de-oracao-2.jpg\",\"articleSection\":[\"Reflex\u00e3o do Evangelho\"],\"inLanguage\":\"pt-BR\"},{\"@type\":\"WebPage\",\"@id\":\"https:\\\/\\\/unisale.com.br\\\/novo\\\/24-11-minha-casa-sera-casa-de-oracao\\\/\",\"url\":\"https:\\\/\\\/unisale.com.br\\\/novo\\\/24-11-minha-casa-sera-casa-de-oracao\\\/\",\"name\":\"24\\\/11 - Minha casa ser\u00e1 casa de ora\u00e7\u00e3o. - Pastoral Universit\u00e1ria UniSALESIANO\",\"isPartOf\":{\"@id\":\"https:\\\/\\\/unisale.com.br\\\/pastoral\\\/#website\"},\"primaryImageOfPage\":{\"@id\":\"https:\\\/\\\/unisale.com.br\\\/novo\\\/24-11-minha-casa-sera-casa-de-oracao\\\/#primaryimage\"},\"image\":{\"@id\":\"https:\\\/\\\/unisale.com.br\\\/novo\\\/24-11-minha-casa-sera-casa-de-oracao\\\/#primaryimage\"},\"thumbnailUrl\":\"https:\\\/\\\/unisale.com.br\\\/pastoral\\\/wp-content\\\/uploads\\\/2023\\\/11\\\/672-Minha-casa-sera-casa-de-oracao-2.jpg\",\"datePublished\":\"2023-11-09T13:50:28+00:00\",\"author\":{\"@id\":\"https:\\\/\\\/unisale.com.br\\\/pastoral\\\/#\\\/schema\\\/person\\\/a16ba711a0f7dec9cb6b44563144d5a3\"},\"inLanguage\":\"pt-BR\",\"potentialAction\":[{\"@type\":\"ReadAction\",\"target\":[\"https:\\\/\\\/unisale.com.br\\\/novo\\\/24-11-minha-casa-sera-casa-de-oracao\\\/\"]}]},{\"@type\":\"ImageObject\",\"inLanguage\":\"pt-BR\",\"@id\":\"https:\\\/\\\/unisale.com.br\\\/novo\\\/24-11-minha-casa-sera-casa-de-oracao\\\/#primaryimage\",\"url\":\"https:\\\/\\\/unisale.com.br\\\/pastoral\\\/wp-content\\\/uploads\\\/2023\\\/11\\\/672-Minha-casa-sera-casa-de-oracao-2.jpg\",\"contentUrl\":\"https:\\\/\\\/unisale.com.br\\\/pastoral\\\/wp-content\\\/uploads\\\/2023\\\/11\\\/672-Minha-casa-sera-casa-de-oracao-2.jpg\",\"width\":889,\"height\":500},{\"@type\":\"WebSite\",\"@id\":\"https:\\\/\\\/unisale.com.br\\\/pastoral\\\/#website\",\"url\":\"https:\\\/\\\/unisale.com.br\\\/pastoral\\\/\",\"name\":\"Pastoral Universit\u00e1ria UniSALESIANO\",\"description\":\"Site da Pastoral Universit\u00e1ria do UniSALESIANO\",\"potentialAction\":[{\"@type\":\"SearchAction\",\"target\":{\"@type\":\"EntryPoint\",\"urlTemplate\":\"https:\\\/\\\/unisale.com.br\\\/pastoral\\\/?s={search_term_string}\"},\"query-input\":{\"@type\":\"PropertyValueSpecification\",\"valueRequired\":true,\"valueName\":\"search_term_string\"}}],\"inLanguage\":\"pt-BR\"},{\"@type\":\"Person\",\"@id\":\"https:\\\/\\\/unisale.com.br\\\/pastoral\\\/#\\\/schema\\\/person\\\/a16ba711a0f7dec9cb6b44563144d5a3\",\"name\":\"pastoral\",\"url\":\"https:\\\/\\\/unisale.com.br\\\/pastoral\\\/author\\\/pastoral\\\/\"}]}<\/script>\n<!-- \/ Yoast SEO plugin. -->","yoast_head_json":{"title":"24\/11 - Minha casa ser\u00e1 casa de ora\u00e7\u00e3o. - Pastoral Universit\u00e1ria UniSALESIANO","robots":{"index":"index","follow":"follow","max-snippet":"max-snippet:-1","max-image-preview":"max-image-preview:large","max-video-preview":"max-video-preview:-1"},"canonical":"https:\/\/unisale.com.br\/novo\/24-11-minha-casa-sera-casa-de-oracao\/","og_locale":"pt_BR","og_type":"article","og_title":"24\/11 - Minha casa ser\u00e1 casa de ora\u00e7\u00e3o. - Pastoral Universit\u00e1ria UniSALESIANO","og_description":"Sexta-feira, 24 de novembro de 2023. &nbsp; Evangelho (Lc 19,45-48) &nbsp; \u201cMinha casa ser\u00e1 casa de ora\u00e7\u00e3o\u201d &nbsp; Naquele tempo, 45Jesus entrou no Templo e...","og_url":"https:\/\/unisale.com.br\/novo\/24-11-minha-casa-sera-casa-de-oracao\/","og_site_name":"Pastoral Universit\u00e1ria UniSALESIANO","article_published_time":"2023-11-09T13:50:28+00:00","author":"pastoral","twitter_card":"summary_large_image","twitter_misc":{"Escrito por":"pastoral","Est. tempo de leitura":"2 minutos"},"schema":{"@context":"https:\/\/schema.org","@graph":[{"@type":"Article","@id":"https:\/\/unisale.com.br\/novo\/24-11-minha-casa-sera-casa-de-oracao\/#article","isPartOf":{"@id":"https:\/\/unisale.com.br\/novo\/24-11-minha-casa-sera-casa-de-oracao\/"},"author":{"name":"pastoral","@id":"https:\/\/unisale.com.br\/pastoral\/#\/schema\/person\/a16ba711a0f7dec9cb6b44563144d5a3"},"headline":"24\/11 &#8211; Minha casa ser\u00e1 casa de ora\u00e7\u00e3o.","datePublished":"2023-11-09T13:50:28+00:00","mainEntityOfPage":{"@id":"https:\/\/unisale.com.br\/novo\/24-11-minha-casa-sera-casa-de-oracao\/"},"wordCount":410,"image":{"@id":"https:\/\/unisale.com.br\/novo\/24-11-minha-casa-sera-casa-de-oracao\/#primaryimage"},"thumbnailUrl":"https:\/\/unisale.com.br\/pastoral\/wp-content\/uploads\/2023\/11\/672-Minha-casa-sera-casa-de-oracao-2.jpg","articleSection":["Reflex\u00e3o do Evangelho"],"inLanguage":"pt-BR"},{"@type":"WebPage","@id":"https:\/\/unisale.com.br\/novo\/24-11-minha-casa-sera-casa-de-oracao\/","url":"https:\/\/unisale.com.br\/novo\/24-11-minha-casa-sera-casa-de-oracao\/","name":"24\/11 - Minha casa ser\u00e1 casa de ora\u00e7\u00e3o. - Pastoral Universit\u00e1ria UniSALESIANO","isPartOf":{"@id":"https:\/\/unisale.com.br\/pastoral\/#website"},"primaryImageOfPage":{"@id":"https:\/\/unisale.com.br\/novo\/24-11-minha-casa-sera-casa-de-oracao\/#primaryimage"},"image":{"@id":"https:\/\/unisale.com.br\/novo\/24-11-minha-casa-sera-casa-de-oracao\/#primaryimage"},"thumbnailUrl":"https:\/\/unisale.com.br\/pastoral\/wp-content\/uploads\/2023\/11\/672-Minha-casa-sera-casa-de-oracao-2.jpg","datePublished":"2023-11-09T13:50:28+00:00","author":{"@id":"https:\/\/unisale.com.br\/pastoral\/#\/schema\/person\/a16ba711a0f7dec9cb6b44563144d5a3"},"inLanguage":"pt-BR","potentialAction":[{"@type":"ReadAction","target":["https:\/\/unisale.com.br\/novo\/24-11-minha-casa-sera-casa-de-oracao\/"]}]},{"@type":"ImageObject","inLanguage":"pt-BR","@id":"https:\/\/unisale.com.br\/novo\/24-11-minha-casa-sera-casa-de-oracao\/#primaryimage","url":"https:\/\/unisale.com.br\/pastoral\/wp-content\/uploads\/2023\/11\/672-Minha-casa-sera-casa-de-oracao-2.jpg","contentUrl":"https:\/\/unisale.com.br\/pastoral\/wp-content\/uploads\/2023\/11\/672-Minha-casa-sera-casa-de-oracao-2.jpg","width":889,"height":500},{"@type":"WebSite","@id":"https:\/\/unisale.com.br\/pastoral\/#website","url":"https:\/\/unisale.com.br\/pastoral\/","name":"Pastoral Universit\u00e1ria UniSALESIANO","description":"Site da Pastoral Universit\u00e1ria do UniSALESIANO","potentialAction":[{"@type":"SearchAction","target":{"@type":"EntryPoint","urlTemplate":"https:\/\/unisale.com.br\/pastoral\/?s={search_term_string}"},"query-input":{"@type":"PropertyValueSpecification","valueRequired":true,"valueName":"search_term_string"}}],"inLanguage":"pt-BR"},{"@type":"Person","@id":"https:\/\/unisale.com.br\/pastoral\/#\/schema\/person\/a16ba711a0f7dec9cb6b44563144d5a3","name":"pastoral","url":"https:\/\/unisale.com.br\/pastoral\/author\/pastoral\/"}]}},"_links":{"self":[{"href":"https:\/\/unisale.com.br\/pastoral\/wp-json\/wp\/v2\/posts\/8152","targetHints":{"allow":["GET"]}}],"collection":[{"href":"https:\/\/unisale.com.br\/pastoral\/wp-json\/wp\/v2\/posts"}],"about":[{"href":"https:\/\/unisale.com.br\/pastoral\/wp-json\/wp\/v2\/types\/post"}],"author":[{"embeddable":true,"href":"https:\/\/unisale.com.br\/pastoral\/wp-json\/wp\/v2\/users\/1"}],"replies":[{"embeddable":true,"href":"https:\/\/unisale.com.br\/pastoral\/wp-json\/wp\/v2\/comments?post=8152"}],"version-history":[{"count":0,"href":"https:\/\/unisale.com.br\/pastoral\/wp-json\/wp\/v2\/posts\/8152\/revisions"}],"wp:featuredmedia":[{"embeddable":true,"href":"https:\/\/unisale.com.br\/pastoral\/wp-json\/wp\/v2\/media\/8153"}],"wp:attachment":[{"href":"https:\/\/unisale.com.br\/pastoral\/wp-json\/wp\/v2\/media?parent=8152"}],"wp:term":[{"taxonomy":"category","embeddable":true,"href":"https:\/\/unisale.com.br\/pastoral\/wp-json\/wp\/v2\/categories?post=8152"},{"taxonomy":"post_tag","embeddable":true,"href":"https:\/\/unisale.com.br\/pastoral\/wp-json\/wp\/v2\/tags?post=8152"}],"curies":[{"name":"wp","href":"https:\/\/api.w.org\/{rel}","templated":true}]}}