{"id":8155,"date":"2023-11-09T13:54:19","date_gmt":"2023-11-09T13:54:19","guid":{"rendered":"https:\/\/unisale.com.br\/pastoral\/?p=8155"},"modified":"2023-11-09T13:54:19","modified_gmt":"2023-11-09T13:54:19","slug":"25-11-deus-nao-e-deus-dos-mortos-mas-dos-vivos-pois-todos-vivem-para-ele","status":"publish","type":"post","link":"https:\/\/unisale.com.br\/pastoral\/25-11-deus-nao-e-deus-dos-mortos-mas-dos-vivos-pois-todos-vivem-para-ele\/","title":{"rendered":"25\/11 &#8211; Deus n\u00e3o \u00e9 Deus dos mortos, mas dos vivos, pois todos vivem para ele."},"content":{"rendered":"<p>S\u00e1bado, 25 de novembro de 2023.<\/p>\n<p>&nbsp;<\/p>\n<p>Evangelho (Lc 20,27-40)<\/p>\n<p>&nbsp;<\/p>\n<p><strong>\u201cDeus n\u00e3o \u00e9 Deus dos mortos, mas dos vivos, pois todos vivem para ele\u201d<\/strong><\/p>\n<p>&nbsp;<\/p>\n<p>Naquele tempo, <sup>27<\/sup>aproximaram-se de Jesus alguns saduceus, que negam a ressurrei\u00e7\u00e3o, <sup>28<\/sup>e lhe perguntaram: \u201cMestre, Mois\u00e9s deixou-nos escrito: se algu\u00e9m tiver um irm\u00e3o casado e este morrer sem filhos, deve casar-se com a vi\u00fava a fim de garantir a descend\u00eancia para o seu irm\u00e3o. <sup>29<\/sup>Ora, havia sete irm\u00e3os. O primeiro casou e morreu, sem deixar filhos. <sup>30<\/sup>Tamb\u00e9m o segundo <sup>31<\/sup>e o terceiro se casaram com a vi\u00fava. E assim os sete: todos morreram sem deixar filhos. <sup>32<\/sup>Por fim, morreu tamb\u00e9m a mulher. <sup>33<\/sup>Na ressurrei\u00e7\u00e3o, ela ser\u00e1 esposa de quem? Todos os sete estiveram casados com ela\u201d. <sup>34<\/sup>Jesus respondeu aos saduceus: \u201cNesta vida, os homens e as mulheres casam-se, <sup>35<\/sup>mas os que forem julgados dignos da ressurrei\u00e7\u00e3o dos mortos e de participar da vida futura, nem eles se casam nem elas se d\u00e3o em casamento; <sup>36<\/sup>e j\u00e1 n\u00e3o poder\u00e3o morrer, pois ser\u00e3o iguais aos anjos, ser\u00e3o filhos de Deus, porque ressuscitaram. <sup>37<\/sup>Que os mortos ressuscitam, Mois\u00e9s tamb\u00e9m o indicou na passagem da sar\u00e7a, quando chama o Senhor \u2018o Deus de Abra\u00e3o, o Deus de Isaac e o Deus de Jac\u00f3\u2019. <sup>38<\/sup>Deus n\u00e3o \u00e9 Deus dos mortos, mas dos vivos, pois todos vivem para ele\u201d. <sup>39<\/sup>Alguns doutores da Lei disseram a Jesus: \u201cMestre, tu falaste muito bem\u201d. <sup>40<\/sup>E ningu\u00e9m mais tinha coragem de perguntar coisa alguma a Jesus.<\/p>\n<p>&nbsp;<\/p>\n<p><strong>Reflex\u00e3o<\/strong><\/p>\n<p>&nbsp;<\/p>\n<p>Na l\u00f3gica dos saduceus a mulher \u00e9 objeto de posse, mas na l\u00f3gica de Jesus n\u00e3o. A l\u00f3gica do reino de Deus \u00e9 uma l\u00f3gica de estrutural e radical liberdade. Mas esta compreens\u00e3o n\u00e3o se pode ter se n\u00e3o se abre a mente. Se tem um ponto sobre o qual a nossa f\u00e9 se ergue ou cai, este ponto \u00e9 a ressurrei\u00e7\u00e3o. J\u00e1 no tempo de Jesus havia uma separa\u00e7\u00e3o sobre quem acreditava ou n\u00e3o. Mas mesmo em nossos dias, existem aqueles que dizem acreditar na ressurrei\u00e7\u00e3o, mas fazem uma mistura com a reencarna\u00e7\u00e3o. A ressurrei\u00e7\u00e3o n\u00e3o \u00e9 algo que pode ser descrito na sua totalidade. De certo, por\u00e9m, sabemos que \u00e9 um dom de uma vida concreta, em um corpo concreto, libertado, por\u00e9m, da ditadura do pecado e da morte. Ningu\u00e9m pode explicar este mist\u00e9rio, pois, como todo mist\u00e9rio, ao m\u00e1ximo se pode fazer uma experi\u00eancia. De certo, por\u00e9m, n\u00e3o se pode compreender nada sobre a ressurrei\u00e7\u00e3o se a entendemos como uma mesma vida que se vive aqui. Uma semente tem uma vida, mas quando morre (germina) se transforma numa \u00e1rvore que \u00e9, tamb\u00e9m ela vida, \u00e9 vida que vem da semente, mas ningu\u00e9m sonharia dizer que ela \u00e9 a mesma vida de antes, pois \u00e9 totalmente diferente. Da mesma forma pensar a ressurrei\u00e7\u00e3o com a mesma l\u00f3gica da posse e do limite com o qual vivemos a vida aqui, significaria n\u00e3o compreender nada da vida doada na ressurrei\u00e7\u00e3o.<\/p>\n<p>&nbsp;<\/p>\n","protected":false},"excerpt":{"rendered":"<p>S\u00e1bado, 25 de novembro de 2023. &nbsp; Evangelho (Lc 20,27-40) &nbsp; \u201cDeus n\u00e3o \u00e9 Deus dos mortos, mas dos vivos, pois todos vivem para ele\u201d&#8230;<\/p>\n","protected":false},"author":1,"featured_media":8156,"comment_status":"closed","ping_status":"closed","sticky":false,"template":"","format":"standard","meta":{"_acf_changed":false,"footnotes":""},"categories":[13],"tags":[],"class_list":["post-8155","post","type-post","status-publish","format-standard","has-post-thumbnail","hentry","category-reflexaodoevagelho"],"acf":[],"yoast_head":"<!-- This site is optimized with the Yoast SEO plugin v27.3 - https:\/\/yoast.com\/product\/yoast-seo-wordpress\/ -->\n<title>25\/11 - Deus n\u00e3o \u00e9 Deus dos mortos, mas dos vivos, pois todos vivem para ele. - Pastoral Universit\u00e1ria UniSALESIANO<\/title>\n<meta name=\"robots\" content=\"index, follow, max-snippet:-1, max-image-preview:large, max-video-preview:-1\" \/>\n<link rel=\"canonical\" href=\"https:\/\/unisale.com.br\/novo\/25-11-deus-nao-e-deus-dos-mortos-mas-dos-vivos-pois-todos-vivem-para-ele\/\" \/>\n<meta property=\"og:locale\" content=\"pt_BR\" \/>\n<meta property=\"og:type\" content=\"article\" \/>\n<meta property=\"og:title\" content=\"25\/11 - Deus n\u00e3o \u00e9 Deus dos mortos, mas dos vivos, pois todos vivem para ele. - Pastoral Universit\u00e1ria UniSALESIANO\" \/>\n<meta property=\"og:description\" content=\"S\u00e1bado, 25 de novembro de 2023. &nbsp; Evangelho (Lc 20,27-40) &nbsp; \u201cDeus n\u00e3o \u00e9 Deus dos mortos, mas dos vivos, pois todos vivem para ele\u201d...\" \/>\n<meta property=\"og:url\" content=\"https:\/\/unisale.com.br\/novo\/25-11-deus-nao-e-deus-dos-mortos-mas-dos-vivos-pois-todos-vivem-para-ele\/\" \/>\n<meta property=\"og:site_name\" content=\"Pastoral Universit\u00e1ria UniSALESIANO\" \/>\n<meta property=\"article:published_time\" content=\"2023-11-09T13:54:19+00:00\" \/>\n<meta name=\"author\" content=\"pastoral\" \/>\n<meta name=\"twitter:card\" content=\"summary_large_image\" \/>\n<meta name=\"twitter:label1\" content=\"Escrito por\" \/>\n\t<meta name=\"twitter:data1\" content=\"pastoral\" \/>\n\t<meta name=\"twitter:label2\" content=\"Est. tempo de leitura\" \/>\n\t<meta name=\"twitter:data2\" content=\"3 minutos\" \/>\n<script type=\"application\/ld+json\" class=\"yoast-schema-graph\">{\"@context\":\"https:\\\/\\\/schema.org\",\"@graph\":[{\"@type\":\"Article\",\"@id\":\"https:\\\/\\\/unisale.com.br\\\/novo\\\/25-11-deus-nao-e-deus-dos-mortos-mas-dos-vivos-pois-todos-vivem-para-ele\\\/#article\",\"isPartOf\":{\"@id\":\"https:\\\/\\\/unisale.com.br\\\/novo\\\/25-11-deus-nao-e-deus-dos-mortos-mas-dos-vivos-pois-todos-vivem-para-ele\\\/\"},\"author\":{\"name\":\"pastoral\",\"@id\":\"https:\\\/\\\/unisale.com.br\\\/pastoral\\\/#\\\/schema\\\/person\\\/a16ba711a0f7dec9cb6b44563144d5a3\"},\"headline\":\"25\\\/11 &#8211; Deus n\u00e3o \u00e9 Deus dos mortos, mas dos vivos, pois todos vivem para ele.\",\"datePublished\":\"2023-11-09T13:54:19+00:00\",\"mainEntityOfPage\":{\"@id\":\"https:\\\/\\\/unisale.com.br\\\/novo\\\/25-11-deus-nao-e-deus-dos-mortos-mas-dos-vivos-pois-todos-vivem-para-ele\\\/\"},\"wordCount\":546,\"image\":{\"@id\":\"https:\\\/\\\/unisale.com.br\\\/novo\\\/25-11-deus-nao-e-deus-dos-mortos-mas-dos-vivos-pois-todos-vivem-para-ele\\\/#primaryimage\"},\"thumbnailUrl\":\"https:\\\/\\\/unisale.com.br\\\/pastoral\\\/wp-content\\\/uploads\\\/2023\\\/11\\\/4-1.png\",\"articleSection\":[\"Reflex\u00e3o do Evangelho\"],\"inLanguage\":\"pt-BR\"},{\"@type\":\"WebPage\",\"@id\":\"https:\\\/\\\/unisale.com.br\\\/novo\\\/25-11-deus-nao-e-deus-dos-mortos-mas-dos-vivos-pois-todos-vivem-para-ele\\\/\",\"url\":\"https:\\\/\\\/unisale.com.br\\\/novo\\\/25-11-deus-nao-e-deus-dos-mortos-mas-dos-vivos-pois-todos-vivem-para-ele\\\/\",\"name\":\"25\\\/11 - Deus n\u00e3o \u00e9 Deus dos mortos, mas dos vivos, pois todos vivem para ele. - Pastoral Universit\u00e1ria UniSALESIANO\",\"isPartOf\":{\"@id\":\"https:\\\/\\\/unisale.com.br\\\/pastoral\\\/#website\"},\"primaryImageOfPage\":{\"@id\":\"https:\\\/\\\/unisale.com.br\\\/novo\\\/25-11-deus-nao-e-deus-dos-mortos-mas-dos-vivos-pois-todos-vivem-para-ele\\\/#primaryimage\"},\"image\":{\"@id\":\"https:\\\/\\\/unisale.com.br\\\/novo\\\/25-11-deus-nao-e-deus-dos-mortos-mas-dos-vivos-pois-todos-vivem-para-ele\\\/#primaryimage\"},\"thumbnailUrl\":\"https:\\\/\\\/unisale.com.br\\\/pastoral\\\/wp-content\\\/uploads\\\/2023\\\/11\\\/4-1.png\",\"datePublished\":\"2023-11-09T13:54:19+00:00\",\"author\":{\"@id\":\"https:\\\/\\\/unisale.com.br\\\/pastoral\\\/#\\\/schema\\\/person\\\/a16ba711a0f7dec9cb6b44563144d5a3\"},\"inLanguage\":\"pt-BR\",\"potentialAction\":[{\"@type\":\"ReadAction\",\"target\":[\"https:\\\/\\\/unisale.com.br\\\/novo\\\/25-11-deus-nao-e-deus-dos-mortos-mas-dos-vivos-pois-todos-vivem-para-ele\\\/\"]}]},{\"@type\":\"ImageObject\",\"inLanguage\":\"pt-BR\",\"@id\":\"https:\\\/\\\/unisale.com.br\\\/novo\\\/25-11-deus-nao-e-deus-dos-mortos-mas-dos-vivos-pois-todos-vivem-para-ele\\\/#primaryimage\",\"url\":\"https:\\\/\\\/unisale.com.br\\\/pastoral\\\/wp-content\\\/uploads\\\/2023\\\/11\\\/4-1.png\",\"contentUrl\":\"https:\\\/\\\/unisale.com.br\\\/pastoral\\\/wp-content\\\/uploads\\\/2023\\\/11\\\/4-1.png\",\"width\":500,\"height\":500},{\"@type\":\"WebSite\",\"@id\":\"https:\\\/\\\/unisale.com.br\\\/pastoral\\\/#website\",\"url\":\"https:\\\/\\\/unisale.com.br\\\/pastoral\\\/\",\"name\":\"Pastoral Universit\u00e1ria UniSALESIANO\",\"description\":\"Site da Pastoral Universit\u00e1ria do UniSALESIANO\",\"potentialAction\":[{\"@type\":\"SearchAction\",\"target\":{\"@type\":\"EntryPoint\",\"urlTemplate\":\"https:\\\/\\\/unisale.com.br\\\/pastoral\\\/?s={search_term_string}\"},\"query-input\":{\"@type\":\"PropertyValueSpecification\",\"valueRequired\":true,\"valueName\":\"search_term_string\"}}],\"inLanguage\":\"pt-BR\"},{\"@type\":\"Person\",\"@id\":\"https:\\\/\\\/unisale.com.br\\\/pastoral\\\/#\\\/schema\\\/person\\\/a16ba711a0f7dec9cb6b44563144d5a3\",\"name\":\"pastoral\",\"url\":\"https:\\\/\\\/unisale.com.br\\\/pastoral\\\/author\\\/pastoral\\\/\"}]}<\/script>\n<!-- \/ Yoast SEO plugin. -->","yoast_head_json":{"title":"25\/11 - Deus n\u00e3o \u00e9 Deus dos mortos, mas dos vivos, pois todos vivem para ele. - Pastoral Universit\u00e1ria UniSALESIANO","robots":{"index":"index","follow":"follow","max-snippet":"max-snippet:-1","max-image-preview":"max-image-preview:large","max-video-preview":"max-video-preview:-1"},"canonical":"https:\/\/unisale.com.br\/novo\/25-11-deus-nao-e-deus-dos-mortos-mas-dos-vivos-pois-todos-vivem-para-ele\/","og_locale":"pt_BR","og_type":"article","og_title":"25\/11 - Deus n\u00e3o \u00e9 Deus dos mortos, mas dos vivos, pois todos vivem para ele. - Pastoral Universit\u00e1ria UniSALESIANO","og_description":"S\u00e1bado, 25 de novembro de 2023. &nbsp; Evangelho (Lc 20,27-40) &nbsp; \u201cDeus n\u00e3o \u00e9 Deus dos mortos, mas dos vivos, pois todos vivem para ele\u201d...","og_url":"https:\/\/unisale.com.br\/novo\/25-11-deus-nao-e-deus-dos-mortos-mas-dos-vivos-pois-todos-vivem-para-ele\/","og_site_name":"Pastoral Universit\u00e1ria UniSALESIANO","article_published_time":"2023-11-09T13:54:19+00:00","author":"pastoral","twitter_card":"summary_large_image","twitter_misc":{"Escrito por":"pastoral","Est. tempo de leitura":"3 minutos"},"schema":{"@context":"https:\/\/schema.org","@graph":[{"@type":"Article","@id":"https:\/\/unisale.com.br\/novo\/25-11-deus-nao-e-deus-dos-mortos-mas-dos-vivos-pois-todos-vivem-para-ele\/#article","isPartOf":{"@id":"https:\/\/unisale.com.br\/novo\/25-11-deus-nao-e-deus-dos-mortos-mas-dos-vivos-pois-todos-vivem-para-ele\/"},"author":{"name":"pastoral","@id":"https:\/\/unisale.com.br\/pastoral\/#\/schema\/person\/a16ba711a0f7dec9cb6b44563144d5a3"},"headline":"25\/11 &#8211; Deus n\u00e3o \u00e9 Deus dos mortos, mas dos vivos, pois todos vivem para ele.","datePublished":"2023-11-09T13:54:19+00:00","mainEntityOfPage":{"@id":"https:\/\/unisale.com.br\/novo\/25-11-deus-nao-e-deus-dos-mortos-mas-dos-vivos-pois-todos-vivem-para-ele\/"},"wordCount":546,"image":{"@id":"https:\/\/unisale.com.br\/novo\/25-11-deus-nao-e-deus-dos-mortos-mas-dos-vivos-pois-todos-vivem-para-ele\/#primaryimage"},"thumbnailUrl":"https:\/\/unisale.com.br\/pastoral\/wp-content\/uploads\/2023\/11\/4-1.png","articleSection":["Reflex\u00e3o do Evangelho"],"inLanguage":"pt-BR"},{"@type":"WebPage","@id":"https:\/\/unisale.com.br\/novo\/25-11-deus-nao-e-deus-dos-mortos-mas-dos-vivos-pois-todos-vivem-para-ele\/","url":"https:\/\/unisale.com.br\/novo\/25-11-deus-nao-e-deus-dos-mortos-mas-dos-vivos-pois-todos-vivem-para-ele\/","name":"25\/11 - Deus n\u00e3o \u00e9 Deus dos mortos, mas dos vivos, pois todos vivem para ele. - Pastoral Universit\u00e1ria UniSALESIANO","isPartOf":{"@id":"https:\/\/unisale.com.br\/pastoral\/#website"},"primaryImageOfPage":{"@id":"https:\/\/unisale.com.br\/novo\/25-11-deus-nao-e-deus-dos-mortos-mas-dos-vivos-pois-todos-vivem-para-ele\/#primaryimage"},"image":{"@id":"https:\/\/unisale.com.br\/novo\/25-11-deus-nao-e-deus-dos-mortos-mas-dos-vivos-pois-todos-vivem-para-ele\/#primaryimage"},"thumbnailUrl":"https:\/\/unisale.com.br\/pastoral\/wp-content\/uploads\/2023\/11\/4-1.png","datePublished":"2023-11-09T13:54:19+00:00","author":{"@id":"https:\/\/unisale.com.br\/pastoral\/#\/schema\/person\/a16ba711a0f7dec9cb6b44563144d5a3"},"inLanguage":"pt-BR","potentialAction":[{"@type":"ReadAction","target":["https:\/\/unisale.com.br\/novo\/25-11-deus-nao-e-deus-dos-mortos-mas-dos-vivos-pois-todos-vivem-para-ele\/"]}]},{"@type":"ImageObject","inLanguage":"pt-BR","@id":"https:\/\/unisale.com.br\/novo\/25-11-deus-nao-e-deus-dos-mortos-mas-dos-vivos-pois-todos-vivem-para-ele\/#primaryimage","url":"https:\/\/unisale.com.br\/pastoral\/wp-content\/uploads\/2023\/11\/4-1.png","contentUrl":"https:\/\/unisale.com.br\/pastoral\/wp-content\/uploads\/2023\/11\/4-1.png","width":500,"height":500},{"@type":"WebSite","@id":"https:\/\/unisale.com.br\/pastoral\/#website","url":"https:\/\/unisale.com.br\/pastoral\/","name":"Pastoral Universit\u00e1ria UniSALESIANO","description":"Site da Pastoral Universit\u00e1ria do UniSALESIANO","potentialAction":[{"@type":"SearchAction","target":{"@type":"EntryPoint","urlTemplate":"https:\/\/unisale.com.br\/pastoral\/?s={search_term_string}"},"query-input":{"@type":"PropertyValueSpecification","valueRequired":true,"valueName":"search_term_string"}}],"inLanguage":"pt-BR"},{"@type":"Person","@id":"https:\/\/unisale.com.br\/pastoral\/#\/schema\/person\/a16ba711a0f7dec9cb6b44563144d5a3","name":"pastoral","url":"https:\/\/unisale.com.br\/pastoral\/author\/pastoral\/"}]}},"_links":{"self":[{"href":"https:\/\/unisale.com.br\/pastoral\/wp-json\/wp\/v2\/posts\/8155","targetHints":{"allow":["GET"]}}],"collection":[{"href":"https:\/\/unisale.com.br\/pastoral\/wp-json\/wp\/v2\/posts"}],"about":[{"href":"https:\/\/unisale.com.br\/pastoral\/wp-json\/wp\/v2\/types\/post"}],"author":[{"embeddable":true,"href":"https:\/\/unisale.com.br\/pastoral\/wp-json\/wp\/v2\/users\/1"}],"replies":[{"embeddable":true,"href":"https:\/\/unisale.com.br\/pastoral\/wp-json\/wp\/v2\/comments?post=8155"}],"version-history":[{"count":0,"href":"https:\/\/unisale.com.br\/pastoral\/wp-json\/wp\/v2\/posts\/8155\/revisions"}],"wp:featuredmedia":[{"embeddable":true,"href":"https:\/\/unisale.com.br\/pastoral\/wp-json\/wp\/v2\/media\/8156"}],"wp:attachment":[{"href":"https:\/\/unisale.com.br\/pastoral\/wp-json\/wp\/v2\/media?parent=8155"}],"wp:term":[{"taxonomy":"category","embeddable":true,"href":"https:\/\/unisale.com.br\/pastoral\/wp-json\/wp\/v2\/categories?post=8155"},{"taxonomy":"post_tag","embeddable":true,"href":"https:\/\/unisale.com.br\/pastoral\/wp-json\/wp\/v2\/tags?post=8155"}],"curies":[{"name":"wp","href":"https:\/\/api.w.org\/{rel}","templated":true}]}}