{"id":8164,"date":"2023-11-09T13:59:47","date_gmt":"2023-11-09T13:59:47","guid":{"rendered":"https:\/\/unisale.com.br\/pastoral\/?p=8164"},"modified":"2023-11-09T13:59:47","modified_gmt":"2023-11-09T13:59:47","slug":"28-11-dias-virao-em-que-nao-ficara-pedra-sobre-pedra","status":"publish","type":"post","link":"https:\/\/unisale.com.br\/pastoral\/28-11-dias-virao-em-que-nao-ficara-pedra-sobre-pedra\/","title":{"rendered":"28\/11 &#8211; Dias vir\u00e3o em que n\u00e3o ficar\u00e1 pedra sobre pedra."},"content":{"rendered":"<p>Ter\u00e7a-feira, 28 de novembro de 2023.<\/p>\n<p>&nbsp;<\/p>\n<p>Evangelho (Lc 21,5-11)<\/p>\n<p>&nbsp;<\/p>\n<p><strong>\u201cDias vir\u00e3o em que n\u00e3o ficar\u00e1 pedra sobre pedra\u201d<\/strong><\/p>\n<p>&nbsp;<\/p>\n<p>Naquele tempo, <sup>5<\/sup>algumas pessoas comentavam a respeito do Templo que era enfeitado com belas pedras e com ofertas votivas. Jesus disse: <sup>6<\/sup>\u201cV\u00f3s admirais estas coisas? Dias vir\u00e3o em que n\u00e3o ficar\u00e1 pedra sobre pedra. Tudo ser\u00e1 destru\u00eddo\u201d. <sup>7<\/sup>Mas eles perguntaram: \u201cMestre, quando acontecer\u00e1 isto? E qual vai ser o sinal de que estas coisas est\u00e3o para acontecer?\u201d <sup>8<\/sup>Jesus respondeu: \u201cCuidado para n\u00e3o serdes enganados, porque muitos vir\u00e3o em meu nome, dizendo: \u2018Sou eu!\u2019 E ainda: \u2018O tempo est\u00e1 pr\u00f3ximo\u2019. N\u00e3o sigais essa gente! <sup>9<\/sup>Quando ouvirdes falar de guerras e revolu\u00e7\u00f5es, n\u00e3o fiqueis apavorados. \u00c9 preciso que estas coisas aconte\u00e7am primeiro, mas n\u00e3o ser\u00e1 logo o fim\u201d. <sup>10<\/sup>E Jesus continuou: \u201cUm povo se levantar\u00e1 contra outro povo, um pa\u00eds atacar\u00e1 outro pa\u00eds. <sup>11<\/sup>Haver\u00e1 grandes terremotos, fomes e pestes em muitos lugares; acontecer\u00e3o coisas pavorosas e grandes sinais ser\u00e3o vistos no c\u00e9u\u201d.<\/p>\n<p>&nbsp;<\/p>\n<p><strong>Reflex\u00e3o<\/strong><\/p>\n<p>&nbsp;<\/p>\n<p>O nosso olhar \u00e9 sempre direcionado para o que \u00e9 belo. Mas existe a beleza que vem da est\u00e9tica, do aparente, e uma beleza que vem do essencial. Um homem pode ser atra\u00eddo pela beleza de uma mulher, e quem sabe pode at\u00e9 casar-se com ela, mas amar \u00e9 continuar a ver a beleza nesta mesma mulher quando as rugas come\u00e7arem a aparecer no seu rosto e os cabelos se tornarem brancos. O amor v\u00ea o que a olho n\u00fa n\u00e3o se pode ver. O templo admirado na passagem do Evangelho de hoje, n\u00e3o existe mais, mas a beleza daquele templo sim, porque vive nos olhos de todos aqueles que continuam a ir rezar diante do muro que todos chamamos de \u201cmuro das lamenta\u00e7\u00f5es\u201d, mas que para o judeu \u00e9 a mem\u00f3ria viva de uma rela\u00e7\u00e3o de um amor. Basta ir naquele lugar e observar as pessoas que rezam. Podemos considerar uma delicadeza e n\u00e3o um exagero a aten\u00e7\u00e3o que os judeus tem por aquele lugar e que para as outras pessoas talvez n\u00e3o significa nada. Tamb\u00e9m quando se retiram, procuram fazer andando para tr\u00e1s, sem dar as costas, um pouco como se vai longe por causa de algu\u00e9m que se ama, e se procura contemplar aquele amor at\u00e9 que seja poss\u00edvel, at\u00e9 que a dist\u00e2ncia o permita. Jesus no Evangelho de hoje procura educar as pessoas que o estavam escutando a saber olhar para al\u00e9m das apar\u00eancias. Com um realismo extraordin\u00e1rio n\u00e3o esconde o que acontecer\u00e1 ao templo, mas n\u00e3o usa suas palavras para semear o medo, mas somente para colocar \u00e0 prova as quest\u00f5es mais importantes, mais decisivas.<\/p>\n<p><strong>Pe. Paulo Eduardo J\u00e1como, sdb.\u00a0<\/strong><\/p>\n","protected":false},"excerpt":{"rendered":"<p>Ter\u00e7a-feira, 28 de novembro de 2023. &nbsp; Evangelho (Lc 21,5-11) &nbsp; \u201cDias vir\u00e3o em que n\u00e3o ficar\u00e1 pedra sobre pedra\u201d &nbsp; Naquele tempo, 5algumas pessoas&#8230;<\/p>\n","protected":false},"author":1,"featured_media":8165,"comment_status":"closed","ping_status":"closed","sticky":false,"template":"","format":"standard","meta":{"_acf_changed":false,"footnotes":""},"categories":[13],"tags":[],"class_list":["post-8164","post","type-post","status-publish","format-standard","has-post-thumbnail","hentry","category-reflexaodoevagelho"],"acf":[],"yoast_head":"<!-- This site is optimized with the Yoast SEO plugin v27.3 - https:\/\/yoast.com\/product\/yoast-seo-wordpress\/ -->\n<title>28\/11 - Dias vir\u00e3o em que n\u00e3o ficar\u00e1 pedra sobre pedra. - Pastoral Universit\u00e1ria UniSALESIANO<\/title>\n<meta name=\"robots\" content=\"index, follow, max-snippet:-1, max-image-preview:large, max-video-preview:-1\" \/>\n<link rel=\"canonical\" href=\"https:\/\/unisale.com.br\/novo\/28-11-dias-virao-em-que-nao-ficara-pedra-sobre-pedra\/\" \/>\n<meta property=\"og:locale\" content=\"pt_BR\" \/>\n<meta property=\"og:type\" content=\"article\" \/>\n<meta property=\"og:title\" content=\"28\/11 - Dias vir\u00e3o em que n\u00e3o ficar\u00e1 pedra sobre pedra. - Pastoral Universit\u00e1ria UniSALESIANO\" \/>\n<meta property=\"og:description\" content=\"Ter\u00e7a-feira, 28 de novembro de 2023. &nbsp; Evangelho (Lc 21,5-11) &nbsp; \u201cDias vir\u00e3o em que n\u00e3o ficar\u00e1 pedra sobre pedra\u201d &nbsp; Naquele tempo, 5algumas pessoas...\" \/>\n<meta property=\"og:url\" content=\"https:\/\/unisale.com.br\/novo\/28-11-dias-virao-em-que-nao-ficara-pedra-sobre-pedra\/\" \/>\n<meta property=\"og:site_name\" content=\"Pastoral Universit\u00e1ria UniSALESIANO\" \/>\n<meta property=\"article:published_time\" content=\"2023-11-09T13:59:47+00:00\" \/>\n<meta name=\"author\" content=\"pastoral\" \/>\n<meta name=\"twitter:card\" content=\"summary_large_image\" \/>\n<meta name=\"twitter:label1\" content=\"Escrito por\" \/>\n\t<meta name=\"twitter:data1\" content=\"pastoral\" \/>\n\t<meta name=\"twitter:label2\" content=\"Est. tempo de leitura\" \/>\n\t<meta name=\"twitter:data2\" content=\"2 minutos\" \/>\n<script type=\"application\/ld+json\" class=\"yoast-schema-graph\">{\"@context\":\"https:\\\/\\\/schema.org\",\"@graph\":[{\"@type\":\"Article\",\"@id\":\"https:\\\/\\\/unisale.com.br\\\/novo\\\/28-11-dias-virao-em-que-nao-ficara-pedra-sobre-pedra\\\/#article\",\"isPartOf\":{\"@id\":\"https:\\\/\\\/unisale.com.br\\\/novo\\\/28-11-dias-virao-em-que-nao-ficara-pedra-sobre-pedra\\\/\"},\"author\":{\"name\":\"pastoral\",\"@id\":\"https:\\\/\\\/unisale.com.br\\\/pastoral\\\/#\\\/schema\\\/person\\\/a16ba711a0f7dec9cb6b44563144d5a3\"},\"headline\":\"28\\\/11 &#8211; Dias vir\u00e3o em que n\u00e3o ficar\u00e1 pedra sobre pedra.\",\"datePublished\":\"2023-11-09T13:59:47+00:00\",\"mainEntityOfPage\":{\"@id\":\"https:\\\/\\\/unisale.com.br\\\/novo\\\/28-11-dias-virao-em-que-nao-ficara-pedra-sobre-pedra\\\/\"},\"wordCount\":488,\"image\":{\"@id\":\"https:\\\/\\\/unisale.com.br\\\/novo\\\/28-11-dias-virao-em-que-nao-ficara-pedra-sobre-pedra\\\/#primaryimage\"},\"thumbnailUrl\":\"https:\\\/\\\/unisale.com.br\\\/pastoral\\\/wp-content\\\/uploads\\\/2023\\\/11\\\/images-2.jpg\",\"articleSection\":[\"Reflex\u00e3o do Evangelho\"],\"inLanguage\":\"pt-BR\"},{\"@type\":\"WebPage\",\"@id\":\"https:\\\/\\\/unisale.com.br\\\/novo\\\/28-11-dias-virao-em-que-nao-ficara-pedra-sobre-pedra\\\/\",\"url\":\"https:\\\/\\\/unisale.com.br\\\/novo\\\/28-11-dias-virao-em-que-nao-ficara-pedra-sobre-pedra\\\/\",\"name\":\"28\\\/11 - Dias vir\u00e3o em que n\u00e3o ficar\u00e1 pedra sobre pedra. - Pastoral Universit\u00e1ria UniSALESIANO\",\"isPartOf\":{\"@id\":\"https:\\\/\\\/unisale.com.br\\\/pastoral\\\/#website\"},\"primaryImageOfPage\":{\"@id\":\"https:\\\/\\\/unisale.com.br\\\/novo\\\/28-11-dias-virao-em-que-nao-ficara-pedra-sobre-pedra\\\/#primaryimage\"},\"image\":{\"@id\":\"https:\\\/\\\/unisale.com.br\\\/novo\\\/28-11-dias-virao-em-que-nao-ficara-pedra-sobre-pedra\\\/#primaryimage\"},\"thumbnailUrl\":\"https:\\\/\\\/unisale.com.br\\\/pastoral\\\/wp-content\\\/uploads\\\/2023\\\/11\\\/images-2.jpg\",\"datePublished\":\"2023-11-09T13:59:47+00:00\",\"author\":{\"@id\":\"https:\\\/\\\/unisale.com.br\\\/pastoral\\\/#\\\/schema\\\/person\\\/a16ba711a0f7dec9cb6b44563144d5a3\"},\"inLanguage\":\"pt-BR\",\"potentialAction\":[{\"@type\":\"ReadAction\",\"target\":[\"https:\\\/\\\/unisale.com.br\\\/novo\\\/28-11-dias-virao-em-que-nao-ficara-pedra-sobre-pedra\\\/\"]}]},{\"@type\":\"ImageObject\",\"inLanguage\":\"pt-BR\",\"@id\":\"https:\\\/\\\/unisale.com.br\\\/novo\\\/28-11-dias-virao-em-que-nao-ficara-pedra-sobre-pedra\\\/#primaryimage\",\"url\":\"https:\\\/\\\/unisale.com.br\\\/pastoral\\\/wp-content\\\/uploads\\\/2023\\\/11\\\/images-2.jpg\",\"contentUrl\":\"https:\\\/\\\/unisale.com.br\\\/pastoral\\\/wp-content\\\/uploads\\\/2023\\\/11\\\/images-2.jpg\",\"width\":275,\"height\":183},{\"@type\":\"WebSite\",\"@id\":\"https:\\\/\\\/unisale.com.br\\\/pastoral\\\/#website\",\"url\":\"https:\\\/\\\/unisale.com.br\\\/pastoral\\\/\",\"name\":\"Pastoral Universit\u00e1ria UniSALESIANO\",\"description\":\"Site da Pastoral Universit\u00e1ria do UniSALESIANO\",\"potentialAction\":[{\"@type\":\"SearchAction\",\"target\":{\"@type\":\"EntryPoint\",\"urlTemplate\":\"https:\\\/\\\/unisale.com.br\\\/pastoral\\\/?s={search_term_string}\"},\"query-input\":{\"@type\":\"PropertyValueSpecification\",\"valueRequired\":true,\"valueName\":\"search_term_string\"}}],\"inLanguage\":\"pt-BR\"},{\"@type\":\"Person\",\"@id\":\"https:\\\/\\\/unisale.com.br\\\/pastoral\\\/#\\\/schema\\\/person\\\/a16ba711a0f7dec9cb6b44563144d5a3\",\"name\":\"pastoral\",\"url\":\"https:\\\/\\\/unisale.com.br\\\/pastoral\\\/author\\\/pastoral\\\/\"}]}<\/script>\n<!-- \/ Yoast SEO plugin. -->","yoast_head_json":{"title":"28\/11 - Dias vir\u00e3o em que n\u00e3o ficar\u00e1 pedra sobre pedra. - Pastoral Universit\u00e1ria UniSALESIANO","robots":{"index":"index","follow":"follow","max-snippet":"max-snippet:-1","max-image-preview":"max-image-preview:large","max-video-preview":"max-video-preview:-1"},"canonical":"https:\/\/unisale.com.br\/novo\/28-11-dias-virao-em-que-nao-ficara-pedra-sobre-pedra\/","og_locale":"pt_BR","og_type":"article","og_title":"28\/11 - Dias vir\u00e3o em que n\u00e3o ficar\u00e1 pedra sobre pedra. - Pastoral Universit\u00e1ria UniSALESIANO","og_description":"Ter\u00e7a-feira, 28 de novembro de 2023. &nbsp; Evangelho (Lc 21,5-11) &nbsp; \u201cDias vir\u00e3o em que n\u00e3o ficar\u00e1 pedra sobre pedra\u201d &nbsp; Naquele tempo, 5algumas pessoas...","og_url":"https:\/\/unisale.com.br\/novo\/28-11-dias-virao-em-que-nao-ficara-pedra-sobre-pedra\/","og_site_name":"Pastoral Universit\u00e1ria UniSALESIANO","article_published_time":"2023-11-09T13:59:47+00:00","author":"pastoral","twitter_card":"summary_large_image","twitter_misc":{"Escrito por":"pastoral","Est. tempo de leitura":"2 minutos"},"schema":{"@context":"https:\/\/schema.org","@graph":[{"@type":"Article","@id":"https:\/\/unisale.com.br\/novo\/28-11-dias-virao-em-que-nao-ficara-pedra-sobre-pedra\/#article","isPartOf":{"@id":"https:\/\/unisale.com.br\/novo\/28-11-dias-virao-em-que-nao-ficara-pedra-sobre-pedra\/"},"author":{"name":"pastoral","@id":"https:\/\/unisale.com.br\/pastoral\/#\/schema\/person\/a16ba711a0f7dec9cb6b44563144d5a3"},"headline":"28\/11 &#8211; Dias vir\u00e3o em que n\u00e3o ficar\u00e1 pedra sobre pedra.","datePublished":"2023-11-09T13:59:47+00:00","mainEntityOfPage":{"@id":"https:\/\/unisale.com.br\/novo\/28-11-dias-virao-em-que-nao-ficara-pedra-sobre-pedra\/"},"wordCount":488,"image":{"@id":"https:\/\/unisale.com.br\/novo\/28-11-dias-virao-em-que-nao-ficara-pedra-sobre-pedra\/#primaryimage"},"thumbnailUrl":"https:\/\/unisale.com.br\/pastoral\/wp-content\/uploads\/2023\/11\/images-2.jpg","articleSection":["Reflex\u00e3o do Evangelho"],"inLanguage":"pt-BR"},{"@type":"WebPage","@id":"https:\/\/unisale.com.br\/novo\/28-11-dias-virao-em-que-nao-ficara-pedra-sobre-pedra\/","url":"https:\/\/unisale.com.br\/novo\/28-11-dias-virao-em-que-nao-ficara-pedra-sobre-pedra\/","name":"28\/11 - Dias vir\u00e3o em que n\u00e3o ficar\u00e1 pedra sobre pedra. - Pastoral Universit\u00e1ria UniSALESIANO","isPartOf":{"@id":"https:\/\/unisale.com.br\/pastoral\/#website"},"primaryImageOfPage":{"@id":"https:\/\/unisale.com.br\/novo\/28-11-dias-virao-em-que-nao-ficara-pedra-sobre-pedra\/#primaryimage"},"image":{"@id":"https:\/\/unisale.com.br\/novo\/28-11-dias-virao-em-que-nao-ficara-pedra-sobre-pedra\/#primaryimage"},"thumbnailUrl":"https:\/\/unisale.com.br\/pastoral\/wp-content\/uploads\/2023\/11\/images-2.jpg","datePublished":"2023-11-09T13:59:47+00:00","author":{"@id":"https:\/\/unisale.com.br\/pastoral\/#\/schema\/person\/a16ba711a0f7dec9cb6b44563144d5a3"},"inLanguage":"pt-BR","potentialAction":[{"@type":"ReadAction","target":["https:\/\/unisale.com.br\/novo\/28-11-dias-virao-em-que-nao-ficara-pedra-sobre-pedra\/"]}]},{"@type":"ImageObject","inLanguage":"pt-BR","@id":"https:\/\/unisale.com.br\/novo\/28-11-dias-virao-em-que-nao-ficara-pedra-sobre-pedra\/#primaryimage","url":"https:\/\/unisale.com.br\/pastoral\/wp-content\/uploads\/2023\/11\/images-2.jpg","contentUrl":"https:\/\/unisale.com.br\/pastoral\/wp-content\/uploads\/2023\/11\/images-2.jpg","width":275,"height":183},{"@type":"WebSite","@id":"https:\/\/unisale.com.br\/pastoral\/#website","url":"https:\/\/unisale.com.br\/pastoral\/","name":"Pastoral Universit\u00e1ria UniSALESIANO","description":"Site da Pastoral Universit\u00e1ria do UniSALESIANO","potentialAction":[{"@type":"SearchAction","target":{"@type":"EntryPoint","urlTemplate":"https:\/\/unisale.com.br\/pastoral\/?s={search_term_string}"},"query-input":{"@type":"PropertyValueSpecification","valueRequired":true,"valueName":"search_term_string"}}],"inLanguage":"pt-BR"},{"@type":"Person","@id":"https:\/\/unisale.com.br\/pastoral\/#\/schema\/person\/a16ba711a0f7dec9cb6b44563144d5a3","name":"pastoral","url":"https:\/\/unisale.com.br\/pastoral\/author\/pastoral\/"}]}},"_links":{"self":[{"href":"https:\/\/unisale.com.br\/pastoral\/wp-json\/wp\/v2\/posts\/8164","targetHints":{"allow":["GET"]}}],"collection":[{"href":"https:\/\/unisale.com.br\/pastoral\/wp-json\/wp\/v2\/posts"}],"about":[{"href":"https:\/\/unisale.com.br\/pastoral\/wp-json\/wp\/v2\/types\/post"}],"author":[{"embeddable":true,"href":"https:\/\/unisale.com.br\/pastoral\/wp-json\/wp\/v2\/users\/1"}],"replies":[{"embeddable":true,"href":"https:\/\/unisale.com.br\/pastoral\/wp-json\/wp\/v2\/comments?post=8164"}],"version-history":[{"count":0,"href":"https:\/\/unisale.com.br\/pastoral\/wp-json\/wp\/v2\/posts\/8164\/revisions"}],"wp:featuredmedia":[{"embeddable":true,"href":"https:\/\/unisale.com.br\/pastoral\/wp-json\/wp\/v2\/media\/8165"}],"wp:attachment":[{"href":"https:\/\/unisale.com.br\/pastoral\/wp-json\/wp\/v2\/media?parent=8164"}],"wp:term":[{"taxonomy":"category","embeddable":true,"href":"https:\/\/unisale.com.br\/pastoral\/wp-json\/wp\/v2\/categories?post=8164"},{"taxonomy":"post_tag","embeddable":true,"href":"https:\/\/unisale.com.br\/pastoral\/wp-json\/wp\/v2\/tags?post=8164"}],"curies":[{"name":"wp","href":"https:\/\/api.w.org\/{rel}","templated":true}]}}