{"id":8209,"date":"2023-11-17T12:45:14","date_gmt":"2023-11-17T12:45:14","guid":{"rendered":"https:\/\/unisale.com.br\/pastoral\/?p=8209"},"modified":"2023-11-17T12:45:14","modified_gmt":"2023-11-17T12:45:14","slug":"03-12-cuidado-ficai-atentos-porque-nao-sabeis-quando-chegara-o-momento","status":"publish","type":"post","link":"https:\/\/unisale.com.br\/pastoral\/03-12-cuidado-ficai-atentos-porque-nao-sabeis-quando-chegara-o-momento\/","title":{"rendered":"03\/12 &#8211; Cuidado! Ficai atentos, porque n\u00e3o sabeis quando chegar\u00e1 o momento."},"content":{"rendered":"<p>Domingo, 03 de dezembro de 2023. Primeiro Advento B<\/p>\n<p>&nbsp;<\/p>\n<p><strong>Evangelho (Mc 13,33-37)<\/p>\n<p>&#8220;Cuidado! Ficai atentos, porque n\u00e3o sabeis quando chegar\u00e1 o momento.&#8221;<\/strong><\/p>\n<p>&nbsp;<\/p>\n<p>Naquele tempo, disse Jesus a seus disc\u00edpulos: <sup>33<\/sup>Cuidado! Ficai atentos, porque n\u00e3o sabeis quando chegar\u00e1 o momento. <sup>34<\/sup>\u00c9 como um homem que, ao partir para o estrangeiro, deixou sua casa sob a responsabilidade de seus empregados, distribuindo a cada um sua tarefa. E mandou o porteiro ficar vigiando. <sup>35<\/sup>Vigiai, portanto, porque n\u00e3o sabeis quando o dono da casa vem: \u00e0 tarde, \u00e0 meia-noite, de madrugada ou ao amanhecer. <sup>36<\/sup>Para que n\u00e3o suceda que, vindo de repente, ele vos encontre dormindo. <sup>37<\/sup>O que vos digo, digo a todos: Vigiai!\u201d<\/p>\n<p>&nbsp;<\/p>\n<p><strong>Reflex\u00e3o<\/strong><\/p>\n<p>&nbsp;<\/p>\n<p>Cuidado e vigiai s\u00e3o as palavras chaves deste evangelho. S\u00e3o colocadas com uma insist\u00eancia quase excessiva. A recomenda\u00e7\u00e3o da vigil\u00e2ncia \u00e9 t\u00e3o importante que Jesus a faz contando uma pequena par\u00e1bola: \u00c9 como um homem que, ao partir para o estrangeiro, deixou sua casa sob a responsabilidade de seus empregados, distribuindo a cada um sua tarefa\u201d. N\u00e3o \u00e9 autom\u00e1tica a liga\u00e7\u00e3o da par\u00e1bola com o que se segue: \u201cVigiai, portanto, porque n\u00e3o sabeis quando o dono da casa vem\u201d. A recomenda\u00e7\u00e3o de \u201cvigiar\u201d, foi primeiro dirigida ao porteiro, depois a todos. Esta incongru\u00eancia se deve ao fato de que Jesus certamente dirigiu a par\u00e1bola primeiro aos disc\u00edpulos, para record\u00e1-los sobre o dever de proteger e fazer frutificar os tesouros por ele deixados, antes de voltar para o Pai. Depois o Evangelista pensou bem em estende-la a todos os membros de sua comunidade, para chama-los \u00e0 vigil\u00e2ncia, na espera pelo Senhor. O que significa vigiar? Por que se insiste tanto no aspecto da noite? Por que o patr\u00e3o, ao inv\u00e9s de vir durante o dia, chega ao improviso, quanto ningu\u00e9m o espera? Quem representa o porteiro? Quem \u00e9 o patr\u00e3o? Onde andou? Quais poderes deixou aos seus servos?<\/p>\n<p>Primeiro \u00e9 importante entender que ao convidar \u00e0 vigil\u00e2ncia, pois n\u00e3o se sabe a hora do retorno do patr\u00e3o, Jesus n\u00e3o esta fazendo refer\u00eancia ao seu retorno em um impreciso, retorno futuro, mas \u00e0 sua constante presen\u00e7a renovadora no mundo. Na par\u00e1bola, o patr\u00e3o da casa \u00e9 Jesus, que por\u00e9m, n\u00e3o foi embora, apenas modificou a sua maneira de estar presente entre n\u00f3s. Ele est\u00e1 pr\u00f3ximo de cada homem. Como Ressuscitado n\u00e3o est\u00e1 preso ao limite da nossa condi\u00e7\u00e3o humana. Por isto convidou os seus disc\u00edpulos a manterem sempre viva a percep\u00e7\u00e3o da sua presen\u00e7a em nosso meio. Esta percep\u00e7\u00e3o n\u00e3o \u00e9 f\u00e1cil, s\u00f3 pode t\u00ea-la quem possui um olhar capaz de ver para al\u00e9m da escurid\u00e3o de nossas noites. Por isso \u00e9 significativo o fato que o Senhor advirta que ele vem durante a noite. Como um ladr\u00e3o, vem quando o mundo est\u00e1 envolto na escurid\u00e3o. Tamb\u00e9m as dez virgens foram surpreendidas durante o sono. Por que esta insist\u00eancia sobre a noite? Os mestres de Israel ensinavam que, na hist\u00f3ria do mundo, aconteceram quatro grandes noites. A primeira foi no momento da cria\u00e7\u00e3o: n\u00e3o existia nem o sol e nem a lua, tudo era noite quando Deus disse: \u201cfa\u00e7a-se a luz!\u201d. A segunda noite, aquela na qual Deus fez alian\u00e7a com Abra\u00e3o. A terceira, a m\u00e3e de todas as noites, aquela da liberta\u00e7\u00e3o de Israel da escravid\u00e3o do Egito. A quarta noite \u00e9 aquela da espera de Israel: nesta Deus intervir\u00e1 para criar um mundo novo e dar in\u00edcio ao seu reino. Quando, no Novo Testamento, se fala da vinda do Senhor durante a noite, se faz refer\u00eancia a esta quarta noite. \u00c9 a nossa noite, \u00e9 o tempo no qual vivemos, tempo que \u00e9 escuro, tempo no qual as propostas de vida que repercutem com maior consenso s\u00e3o aquelas hedonistas, e n\u00e3o aquelas das Bem-Aventuran\u00e7as de Jesus. Quem possui o olhar guiado pelo amor se deixa interpelar pelos acontecimentos e sabe identificar os sinais que a esperan\u00e7a de um mundo novo est\u00e3o come\u00e7ando a realizar-se. Quem \u00e9 vigilante est\u00e1 pronto a acolher o Senhor que vem e sabe reconhece-Lo em quem busca a paz, o di\u00e1logo, a reconcilia\u00e7\u00e3o e a justi\u00e7a. Sabe reconhece-Lo no estrangeiro que busca ajuda, o abra\u00e7a em quem est\u00e1 sozinho e precisa de conforto. A escurid\u00e3o nos incute medo e, em alguns momentos, at\u00e9 mesmo os crist\u00e3os que possuem um olhar de f\u00e9, podem perder de vista o seu Senhor e ser tomado pelo cansa\u00e7o e pelo desconforto. O segredo para manter-se vigilante: a ora\u00e7\u00e3o, entendida como um constante di\u00e1logo com o Senhor. Quem n\u00e3o reza se adormentar\u00e1, terminar\u00e1 por resignar-se e adequar-se, como todos, \u00e0 escurid\u00e3o da noite que envolve o mundo. Os servos representam os pr\u00f3prios disc\u00edpulos empenhados no projeto do seu Senhor. A cada um \u00e9 confiada uma tarefa, uma miss\u00e3o a ser desenvolvida, conforme \u00e0s pr\u00f3prias capacidades. Ningu\u00e9m deve esperar passivamente que o patr\u00e3o realize sozinho a sua obra. S\u00e3o os servos os executores. O porteiro que deve ser mais vigilante do que os outros indica aqueles que na comunidade crist\u00e3, s\u00e3o encarregados a desenvolver os servi\u00e7os mais importantes, aqueles dos quais dependem a vida da Igreja: o an\u00fancio da palavra de Deus, a celebra\u00e7\u00e3o dos sacramentos, o sustento dos disc\u00edpulos que vacilam na f\u00e9. Estes porteiros devem ser mais vigilantes do que os outros: nos seus pensamentos, nas suas palavras, nas suas escolhas de vida, s\u00e3o convidados a comportarem-se sempre como \u201cfilhos da luz\u201d e n\u00e3o como \u201cfilhos das trevas\u201d, porque devem tamb\u00e9m manter vigilantes os seus irm\u00e3os mais fr\u00e1geis, aqueles que correm o perigo de serem enganados pelos pr\u00edncipes deste mundo.<\/p>\n<p><strong>Pe. Paulo Eduardo J\u00e1como, sdb.<\/strong><\/p>\n","protected":false},"excerpt":{"rendered":"<p>Domingo, 03 de dezembro de 2023. Primeiro Advento B &nbsp; Evangelho (Mc 13,33-37) &#8220;Cuidado! Ficai atentos, porque n\u00e3o sabeis quando chegar\u00e1 o momento.&#8221; &nbsp; Naquele&#8230;<\/p>\n","protected":false},"author":1,"featured_media":8210,"comment_status":"closed","ping_status":"closed","sticky":false,"template":"","format":"standard","meta":{"_acf_changed":false,"footnotes":""},"categories":[13],"tags":[],"class_list":["post-8209","post","type-post","status-publish","format-standard","has-post-thumbnail","hentry","category-reflexaodoevagelho"],"acf":[],"yoast_head":"<!-- This site is optimized with the Yoast SEO plugin v27.3 - https:\/\/yoast.com\/product\/yoast-seo-wordpress\/ -->\n<title>03\/12 - Cuidado! Ficai atentos, porque n\u00e3o sabeis quando chegar\u00e1 o momento. - Pastoral Universit\u00e1ria UniSALESIANO<\/title>\n<meta name=\"robots\" content=\"index, follow, max-snippet:-1, max-image-preview:large, max-video-preview:-1\" \/>\n<link rel=\"canonical\" href=\"https:\/\/unisale.com.br\/novo\/03-12-cuidado-ficai-atentos-porque-nao-sabeis-quando-chegara-o-momento\/\" \/>\n<meta property=\"og:locale\" content=\"pt_BR\" \/>\n<meta property=\"og:type\" content=\"article\" \/>\n<meta property=\"og:title\" content=\"03\/12 - Cuidado! Ficai atentos, porque n\u00e3o sabeis quando chegar\u00e1 o momento. - Pastoral Universit\u00e1ria UniSALESIANO\" \/>\n<meta property=\"og:description\" content=\"Domingo, 03 de dezembro de 2023. Primeiro Advento B &nbsp; Evangelho (Mc 13,33-37) &#8220;Cuidado! Ficai atentos, porque n\u00e3o sabeis quando chegar\u00e1 o momento.&#8221; &nbsp; Naquele...\" \/>\n<meta property=\"og:url\" content=\"https:\/\/unisale.com.br\/novo\/03-12-cuidado-ficai-atentos-porque-nao-sabeis-quando-chegara-o-momento\/\" \/>\n<meta property=\"og:site_name\" content=\"Pastoral Universit\u00e1ria UniSALESIANO\" \/>\n<meta property=\"article:published_time\" content=\"2023-11-17T12:45:14+00:00\" \/>\n<meta name=\"author\" content=\"pastoral\" \/>\n<meta name=\"twitter:card\" content=\"summary_large_image\" \/>\n<meta name=\"twitter:label1\" content=\"Escrito por\" \/>\n\t<meta name=\"twitter:data1\" content=\"pastoral\" \/>\n\t<meta name=\"twitter:label2\" content=\"Est. tempo de leitura\" \/>\n\t<meta name=\"twitter:data2\" content=\"5 minutos\" \/>\n<script type=\"application\/ld+json\" class=\"yoast-schema-graph\">{\"@context\":\"https:\\\/\\\/schema.org\",\"@graph\":[{\"@type\":\"Article\",\"@id\":\"https:\\\/\\\/unisale.com.br\\\/novo\\\/03-12-cuidado-ficai-atentos-porque-nao-sabeis-quando-chegara-o-momento\\\/#article\",\"isPartOf\":{\"@id\":\"https:\\\/\\\/unisale.com.br\\\/novo\\\/03-12-cuidado-ficai-atentos-porque-nao-sabeis-quando-chegara-o-momento\\\/\"},\"author\":{\"name\":\"pastoral\",\"@id\":\"https:\\\/\\\/unisale.com.br\\\/pastoral\\\/#\\\/schema\\\/person\\\/a16ba711a0f7dec9cb6b44563144d5a3\"},\"headline\":\"03\\\/12 &#8211; Cuidado! Ficai atentos, porque n\u00e3o sabeis quando chegar\u00e1 o momento.\",\"datePublished\":\"2023-11-17T12:45:14+00:00\",\"mainEntityOfPage\":{\"@id\":\"https:\\\/\\\/unisale.com.br\\\/novo\\\/03-12-cuidado-ficai-atentos-porque-nao-sabeis-quando-chegara-o-momento\\\/\"},\"wordCount\":1011,\"image\":{\"@id\":\"https:\\\/\\\/unisale.com.br\\\/novo\\\/03-12-cuidado-ficai-atentos-porque-nao-sabeis-quando-chegara-o-momento\\\/#primaryimage\"},\"thumbnailUrl\":\"https:\\\/\\\/unisale.com.br\\\/pastoral\\\/wp-content\\\/uploads\\\/2023\\\/11\\\/formacao_untitled-design.png\",\"articleSection\":[\"Reflex\u00e3o do Evangelho\"],\"inLanguage\":\"pt-BR\"},{\"@type\":\"WebPage\",\"@id\":\"https:\\\/\\\/unisale.com.br\\\/novo\\\/03-12-cuidado-ficai-atentos-porque-nao-sabeis-quando-chegara-o-momento\\\/\",\"url\":\"https:\\\/\\\/unisale.com.br\\\/novo\\\/03-12-cuidado-ficai-atentos-porque-nao-sabeis-quando-chegara-o-momento\\\/\",\"name\":\"03\\\/12 - Cuidado! Ficai atentos, porque n\u00e3o sabeis quando chegar\u00e1 o momento. - Pastoral Universit\u00e1ria UniSALESIANO\",\"isPartOf\":{\"@id\":\"https:\\\/\\\/unisale.com.br\\\/pastoral\\\/#website\"},\"primaryImageOfPage\":{\"@id\":\"https:\\\/\\\/unisale.com.br\\\/novo\\\/03-12-cuidado-ficai-atentos-porque-nao-sabeis-quando-chegara-o-momento\\\/#primaryimage\"},\"image\":{\"@id\":\"https:\\\/\\\/unisale.com.br\\\/novo\\\/03-12-cuidado-ficai-atentos-porque-nao-sabeis-quando-chegara-o-momento\\\/#primaryimage\"},\"thumbnailUrl\":\"https:\\\/\\\/unisale.com.br\\\/pastoral\\\/wp-content\\\/uploads\\\/2023\\\/11\\\/formacao_untitled-design.png\",\"datePublished\":\"2023-11-17T12:45:14+00:00\",\"author\":{\"@id\":\"https:\\\/\\\/unisale.com.br\\\/pastoral\\\/#\\\/schema\\\/person\\\/a16ba711a0f7dec9cb6b44563144d5a3\"},\"inLanguage\":\"pt-BR\",\"potentialAction\":[{\"@type\":\"ReadAction\",\"target\":[\"https:\\\/\\\/unisale.com.br\\\/novo\\\/03-12-cuidado-ficai-atentos-porque-nao-sabeis-quando-chegara-o-momento\\\/\"]}]},{\"@type\":\"ImageObject\",\"inLanguage\":\"pt-BR\",\"@id\":\"https:\\\/\\\/unisale.com.br\\\/novo\\\/03-12-cuidado-ficai-atentos-porque-nao-sabeis-quando-chegara-o-momento\\\/#primaryimage\",\"url\":\"https:\\\/\\\/unisale.com.br\\\/pastoral\\\/wp-content\\\/uploads\\\/2023\\\/11\\\/formacao_untitled-design.png\",\"contentUrl\":\"https:\\\/\\\/unisale.com.br\\\/pastoral\\\/wp-content\\\/uploads\\\/2023\\\/11\\\/formacao_untitled-design.png\",\"width\":667,\"height\":500},{\"@type\":\"WebSite\",\"@id\":\"https:\\\/\\\/unisale.com.br\\\/pastoral\\\/#website\",\"url\":\"https:\\\/\\\/unisale.com.br\\\/pastoral\\\/\",\"name\":\"Pastoral Universit\u00e1ria UniSALESIANO\",\"description\":\"Site da Pastoral Universit\u00e1ria do UniSALESIANO\",\"potentialAction\":[{\"@type\":\"SearchAction\",\"target\":{\"@type\":\"EntryPoint\",\"urlTemplate\":\"https:\\\/\\\/unisale.com.br\\\/pastoral\\\/?s={search_term_string}\"},\"query-input\":{\"@type\":\"PropertyValueSpecification\",\"valueRequired\":true,\"valueName\":\"search_term_string\"}}],\"inLanguage\":\"pt-BR\"},{\"@type\":\"Person\",\"@id\":\"https:\\\/\\\/unisale.com.br\\\/pastoral\\\/#\\\/schema\\\/person\\\/a16ba711a0f7dec9cb6b44563144d5a3\",\"name\":\"pastoral\",\"url\":\"https:\\\/\\\/unisale.com.br\\\/pastoral\\\/author\\\/pastoral\\\/\"}]}<\/script>\n<!-- \/ Yoast SEO plugin. -->","yoast_head_json":{"title":"03\/12 - Cuidado! Ficai atentos, porque n\u00e3o sabeis quando chegar\u00e1 o momento. - Pastoral Universit\u00e1ria UniSALESIANO","robots":{"index":"index","follow":"follow","max-snippet":"max-snippet:-1","max-image-preview":"max-image-preview:large","max-video-preview":"max-video-preview:-1"},"canonical":"https:\/\/unisale.com.br\/novo\/03-12-cuidado-ficai-atentos-porque-nao-sabeis-quando-chegara-o-momento\/","og_locale":"pt_BR","og_type":"article","og_title":"03\/12 - Cuidado! Ficai atentos, porque n\u00e3o sabeis quando chegar\u00e1 o momento. - Pastoral Universit\u00e1ria UniSALESIANO","og_description":"Domingo, 03 de dezembro de 2023. Primeiro Advento B &nbsp; Evangelho (Mc 13,33-37) &#8220;Cuidado! Ficai atentos, porque n\u00e3o sabeis quando chegar\u00e1 o momento.&#8221; &nbsp; Naquele...","og_url":"https:\/\/unisale.com.br\/novo\/03-12-cuidado-ficai-atentos-porque-nao-sabeis-quando-chegara-o-momento\/","og_site_name":"Pastoral Universit\u00e1ria UniSALESIANO","article_published_time":"2023-11-17T12:45:14+00:00","author":"pastoral","twitter_card":"summary_large_image","twitter_misc":{"Escrito por":"pastoral","Est. tempo de leitura":"5 minutos"},"schema":{"@context":"https:\/\/schema.org","@graph":[{"@type":"Article","@id":"https:\/\/unisale.com.br\/novo\/03-12-cuidado-ficai-atentos-porque-nao-sabeis-quando-chegara-o-momento\/#article","isPartOf":{"@id":"https:\/\/unisale.com.br\/novo\/03-12-cuidado-ficai-atentos-porque-nao-sabeis-quando-chegara-o-momento\/"},"author":{"name":"pastoral","@id":"https:\/\/unisale.com.br\/pastoral\/#\/schema\/person\/a16ba711a0f7dec9cb6b44563144d5a3"},"headline":"03\/12 &#8211; Cuidado! Ficai atentos, porque n\u00e3o sabeis quando chegar\u00e1 o momento.","datePublished":"2023-11-17T12:45:14+00:00","mainEntityOfPage":{"@id":"https:\/\/unisale.com.br\/novo\/03-12-cuidado-ficai-atentos-porque-nao-sabeis-quando-chegara-o-momento\/"},"wordCount":1011,"image":{"@id":"https:\/\/unisale.com.br\/novo\/03-12-cuidado-ficai-atentos-porque-nao-sabeis-quando-chegara-o-momento\/#primaryimage"},"thumbnailUrl":"https:\/\/unisale.com.br\/pastoral\/wp-content\/uploads\/2023\/11\/formacao_untitled-design.png","articleSection":["Reflex\u00e3o do Evangelho"],"inLanguage":"pt-BR"},{"@type":"WebPage","@id":"https:\/\/unisale.com.br\/novo\/03-12-cuidado-ficai-atentos-porque-nao-sabeis-quando-chegara-o-momento\/","url":"https:\/\/unisale.com.br\/novo\/03-12-cuidado-ficai-atentos-porque-nao-sabeis-quando-chegara-o-momento\/","name":"03\/12 - Cuidado! Ficai atentos, porque n\u00e3o sabeis quando chegar\u00e1 o momento. - Pastoral Universit\u00e1ria UniSALESIANO","isPartOf":{"@id":"https:\/\/unisale.com.br\/pastoral\/#website"},"primaryImageOfPage":{"@id":"https:\/\/unisale.com.br\/novo\/03-12-cuidado-ficai-atentos-porque-nao-sabeis-quando-chegara-o-momento\/#primaryimage"},"image":{"@id":"https:\/\/unisale.com.br\/novo\/03-12-cuidado-ficai-atentos-porque-nao-sabeis-quando-chegara-o-momento\/#primaryimage"},"thumbnailUrl":"https:\/\/unisale.com.br\/pastoral\/wp-content\/uploads\/2023\/11\/formacao_untitled-design.png","datePublished":"2023-11-17T12:45:14+00:00","author":{"@id":"https:\/\/unisale.com.br\/pastoral\/#\/schema\/person\/a16ba711a0f7dec9cb6b44563144d5a3"},"inLanguage":"pt-BR","potentialAction":[{"@type":"ReadAction","target":["https:\/\/unisale.com.br\/novo\/03-12-cuidado-ficai-atentos-porque-nao-sabeis-quando-chegara-o-momento\/"]}]},{"@type":"ImageObject","inLanguage":"pt-BR","@id":"https:\/\/unisale.com.br\/novo\/03-12-cuidado-ficai-atentos-porque-nao-sabeis-quando-chegara-o-momento\/#primaryimage","url":"https:\/\/unisale.com.br\/pastoral\/wp-content\/uploads\/2023\/11\/formacao_untitled-design.png","contentUrl":"https:\/\/unisale.com.br\/pastoral\/wp-content\/uploads\/2023\/11\/formacao_untitled-design.png","width":667,"height":500},{"@type":"WebSite","@id":"https:\/\/unisale.com.br\/pastoral\/#website","url":"https:\/\/unisale.com.br\/pastoral\/","name":"Pastoral Universit\u00e1ria UniSALESIANO","description":"Site da Pastoral Universit\u00e1ria do UniSALESIANO","potentialAction":[{"@type":"SearchAction","target":{"@type":"EntryPoint","urlTemplate":"https:\/\/unisale.com.br\/pastoral\/?s={search_term_string}"},"query-input":{"@type":"PropertyValueSpecification","valueRequired":true,"valueName":"search_term_string"}}],"inLanguage":"pt-BR"},{"@type":"Person","@id":"https:\/\/unisale.com.br\/pastoral\/#\/schema\/person\/a16ba711a0f7dec9cb6b44563144d5a3","name":"pastoral","url":"https:\/\/unisale.com.br\/pastoral\/author\/pastoral\/"}]}},"_links":{"self":[{"href":"https:\/\/unisale.com.br\/pastoral\/wp-json\/wp\/v2\/posts\/8209","targetHints":{"allow":["GET"]}}],"collection":[{"href":"https:\/\/unisale.com.br\/pastoral\/wp-json\/wp\/v2\/posts"}],"about":[{"href":"https:\/\/unisale.com.br\/pastoral\/wp-json\/wp\/v2\/types\/post"}],"author":[{"embeddable":true,"href":"https:\/\/unisale.com.br\/pastoral\/wp-json\/wp\/v2\/users\/1"}],"replies":[{"embeddable":true,"href":"https:\/\/unisale.com.br\/pastoral\/wp-json\/wp\/v2\/comments?post=8209"}],"version-history":[{"count":0,"href":"https:\/\/unisale.com.br\/pastoral\/wp-json\/wp\/v2\/posts\/8209\/revisions"}],"wp:featuredmedia":[{"embeddable":true,"href":"https:\/\/unisale.com.br\/pastoral\/wp-json\/wp\/v2\/media\/8210"}],"wp:attachment":[{"href":"https:\/\/unisale.com.br\/pastoral\/wp-json\/wp\/v2\/media?parent=8209"}],"wp:term":[{"taxonomy":"category","embeddable":true,"href":"https:\/\/unisale.com.br\/pastoral\/wp-json\/wp\/v2\/categories?post=8209"},{"taxonomy":"post_tag","embeddable":true,"href":"https:\/\/unisale.com.br\/pastoral\/wp-json\/wp\/v2\/tags?post=8209"}],"curies":[{"name":"wp","href":"https:\/\/api.w.org\/{rel}","templated":true}]}}