{"id":8396,"date":"2023-12-13T10:47:10","date_gmt":"2023-12-13T10:47:10","guid":{"rendered":"https:\/\/unisale.com.br\/pastoral\/?p=8396"},"modified":"2023-12-13T10:47:10","modified_gmt":"2023-12-13T10:47:10","slug":"8396-2","status":"publish","type":"post","link":"https:\/\/unisale.com.br\/pastoral\/8396-2\/","title":{"rendered":"17\/12 &#8211; Ele n\u00e3o era a luz, mas veio dar testemunho da luz."},"content":{"rendered":"<p>Domingo, 17 de dezembro de 2023.<\/p>\n<p>&nbsp;<\/p>\n<p><strong>Evangelho (Jo 1,6-8.19-28)<\/strong><\/p>\n<p>&#8220;Ele n\u00e3o era a luz, mas veio dar testemunho da luz.&#8221;<\/p>\n<p>&nbsp;<\/p>\n<p><sup>6<\/sup>Surgiu um homem enviado por Deus; seu nome era Jo\u00e3o. <sup>7<\/sup>Ele veio como testemunha, para dar testemunho da luz, para que todos chegassem \u00e0 f\u00e9 por meio dele. <sup>8<\/sup>Ele n\u00e3o era a luz, mas veio dar testemunho da luz. <sup>19<\/sup>Este foi o testemunho de Jo\u00e3o, quando os judeus enviaram de Jerusal\u00e9m sacerdotes e levitas para perguntar: \u201cQuem \u00e9s tu?\u201d <sup>20<\/sup>Jo\u00e3o confessou e n\u00e3o negou. Confessou: \u201cEu n\u00e3o sou o Messias\u201d. <sup>21<\/sup>Eles perguntaram: \u201cQuem \u00e9s ent\u00e3o? \u00c9s tu Elias?\u201d Jo\u00e3o respondeu: \u201cN\u00e3o sou\u201d. Eles perguntaram: \u201c\u00c9s profeta?\u201d Ele respondeu: \u201cN\u00e3o\u201d. <sup>22<\/sup>Perguntaram ent\u00e3o: \u201cQuem \u00e9s, afinal? Temos que levar uma resposta para aqueles que nos enviaram. O que dizes de ti mesmo?\u201d <sup>23<\/sup>Jo\u00e3o declarou: \u201cEu sou a voz que grita no deserto: \u2018Aplainai o caminho do Senhor\u2019\u201d \u2014 conforme disse o profeta Isa\u00edas. <sup>24<\/sup>Ora, os que tinham sido enviados pertenciam aos fariseus <sup>25<\/sup>e perguntaram: \u201cPor que ent\u00e3o andas batizando, se n\u00e3o \u00e9s o Messias, nem Elias, nem o Profeta?\u201d <sup>26<\/sup>Jo\u00e3o respondeu: \u201cEu batizo com \u00e1gua; mas no meio de v\u00f3s est\u00e1 aquele que v\u00f3s n\u00e3o conheceis, <sup>27<\/sup>e que vem depois de mim. Eu n\u00e3o mere\u00e7o desamarrar a correia de suas sand\u00e1lias\u201d. <sup>28<\/sup>Isto aconteceu em Bet\u00e2nia, al\u00e9m do Jord\u00e3o, onde Jo\u00e3o estava batizando.<\/p>\n<p>&nbsp;<\/p>\n<p><strong>Reflex\u00e3o<\/strong><\/p>\n<p>&nbsp;<\/p>\n<p>Terceiro Domingo do Advento, \u201cDomingo Gaudete\u201d, somos chamados a nos alegrar porque o Senhor est\u00e1 perto. Esta \u00e9 a raz\u00e3o da nossa alegria. Mas o que significa esta proximidade de Deus? S\u00e3o Paulo nos diz que a vinda de Cristo \u00e9 uma certeza, mas ele pr\u00f3prio nos adverte que ningu\u00e9m pode conhecer o momento. Iluminados pelo Esp\u00edrito Santo temos que entender que a \u201cproximidade de Deus\u201d n\u00e3o \u00e9 uma quest\u00e3o de espa\u00e7o e nem de tempo, mas uma quest\u00e3o de amor. O amor aproxima. O pr\u00f3prio Natal nos recorda esta verdade, Jesus o rosto de Deus que por amor se fez pr\u00f3ximo de n\u00f3s. E o advento \u00e9 justamente o tempo que nos prepara para a visita do Senhor. Precisamos nos comprometer com este tempo. A figura e a prega\u00e7\u00e3o de Jo\u00e3o Batista apresentada no Evangelho de hoje convidam-nos para este compromisso. Jo\u00e3o se retirou no deserto para levar uma vida austera e justamente com sua vida nos convida \u00e0 convers\u00e3o. Seu batismo \u00e9 de purifica\u00e7\u00e3o. Mas afinal, quem \u00e9 Jo\u00e3o Batista? Humildemente ele nos responde: N\u00e3o sou o Messias, n\u00e3o sou a luz. N\u00e3o sou o Elias e nem o grande profeta esperado. Ele \u00e9 simplesmente o precursor, a testemunha, subordinado \u00e0quele que anuncia. Ele \u00e9 uma voz no deserto que anuncia. No mundo onde experimentamos a aus\u00eancia de Deus, n\u00f3s precisamos de vozes que nos gritem: \u201cDeus existe, est\u00e1 pr\u00f3ximo de n\u00f3s, embora \u00e0s vezes pare\u00e7a ausente. Num mundo de escurid\u00e3o como o nosso, todos somos chamados a ser luz, testemunhas da luz. Somos chamados a ser testemunhas de que a luz existe, transmitir luz ao nosso tempo. Mesmo em meio a tantas dificuldades, precisamos estar alegres porque Deus existe e est\u00e1 ao nosso lado.<\/p>\n<p><strong>Pe. Paulo Eduardo J\u00e1como, sdb.<\/strong><\/p>\n","protected":false},"excerpt":{"rendered":"<p>Domingo, 17 de dezembro de 2023. &nbsp; Evangelho (Jo 1,6-8.19-28) &#8220;Ele n\u00e3o era a luz, mas veio dar testemunho da luz.&#8221; &nbsp; 6Surgiu um homem&#8230;<\/p>\n","protected":false},"author":1,"featured_media":8397,"comment_status":"closed","ping_status":"closed","sticky":false,"template":"","format":"standard","meta":{"_acf_changed":false,"footnotes":""},"categories":[13],"tags":[],"class_list":["post-8396","post","type-post","status-publish","format-standard","has-post-thumbnail","hentry","category-reflexaodoevagelho"],"acf":[],"yoast_head":"<!-- This site is optimized with the Yoast SEO plugin v27.3 - https:\/\/yoast.com\/product\/yoast-seo-wordpress\/ -->\n<title>17\/12 - Ele n\u00e3o era a luz, mas veio dar testemunho da luz. - Pastoral Universit\u00e1ria UniSALESIANO<\/title>\n<meta name=\"robots\" content=\"index, follow, max-snippet:-1, max-image-preview:large, max-video-preview:-1\" \/>\n<link rel=\"canonical\" href=\"https:\/\/unisale.com.br\/novo\/8396-2\/\" \/>\n<meta property=\"og:locale\" content=\"pt_BR\" \/>\n<meta property=\"og:type\" content=\"article\" \/>\n<meta property=\"og:title\" content=\"17\/12 - Ele n\u00e3o era a luz, mas veio dar testemunho da luz. - Pastoral Universit\u00e1ria UniSALESIANO\" \/>\n<meta property=\"og:description\" content=\"Domingo, 17 de dezembro de 2023. &nbsp; Evangelho (Jo 1,6-8.19-28) &#8220;Ele n\u00e3o era a luz, mas veio dar testemunho da luz.&#8221; &nbsp; 6Surgiu um homem...\" \/>\n<meta property=\"og:url\" content=\"https:\/\/unisale.com.br\/novo\/8396-2\/\" \/>\n<meta property=\"og:site_name\" content=\"Pastoral Universit\u00e1ria UniSALESIANO\" \/>\n<meta property=\"article:published_time\" content=\"2023-12-13T10:47:10+00:00\" \/>\n<meta name=\"author\" content=\"pastoral\" \/>\n<meta name=\"twitter:card\" content=\"summary_large_image\" \/>\n<meta name=\"twitter:label1\" content=\"Escrito por\" \/>\n\t<meta name=\"twitter:data1\" content=\"pastoral\" \/>\n\t<meta name=\"twitter:label2\" content=\"Est. tempo de leitura\" \/>\n\t<meta name=\"twitter:data2\" content=\"3 minutos\" \/>\n<script type=\"application\/ld+json\" class=\"yoast-schema-graph\">{\"@context\":\"https:\\\/\\\/schema.org\",\"@graph\":[{\"@type\":\"Article\",\"@id\":\"https:\\\/\\\/unisale.com.br\\\/novo\\\/8396-2\\\/#article\",\"isPartOf\":{\"@id\":\"https:\\\/\\\/unisale.com.br\\\/novo\\\/8396-2\\\/\"},\"author\":{\"name\":\"pastoral\",\"@id\":\"https:\\\/\\\/unisale.com.br\\\/pastoral\\\/#\\\/schema\\\/person\\\/a16ba711a0f7dec9cb6b44563144d5a3\"},\"headline\":\"17\\\/12 &#8211; Ele n\u00e3o era a luz, mas veio dar testemunho da luz.\",\"datePublished\":\"2023-12-13T10:47:10+00:00\",\"mainEntityOfPage\":{\"@id\":\"https:\\\/\\\/unisale.com.br\\\/novo\\\/8396-2\\\/\"},\"wordCount\":575,\"image\":{\"@id\":\"https:\\\/\\\/unisale.com.br\\\/novo\\\/8396-2\\\/#primaryimage\"},\"thumbnailUrl\":\"https:\\\/\\\/unisale.com.br\\\/pastoral\\\/wp-content\\\/uploads\\\/2023\\\/12\\\/agua_baizado.jpg\",\"articleSection\":[\"Reflex\u00e3o do Evangelho\"],\"inLanguage\":\"pt-BR\"},{\"@type\":\"WebPage\",\"@id\":\"https:\\\/\\\/unisale.com.br\\\/novo\\\/8396-2\\\/\",\"url\":\"https:\\\/\\\/unisale.com.br\\\/novo\\\/8396-2\\\/\",\"name\":\"17\\\/12 - Ele n\u00e3o era a luz, mas veio dar testemunho da luz. - Pastoral Universit\u00e1ria UniSALESIANO\",\"isPartOf\":{\"@id\":\"https:\\\/\\\/unisale.com.br\\\/pastoral\\\/#website\"},\"primaryImageOfPage\":{\"@id\":\"https:\\\/\\\/unisale.com.br\\\/novo\\\/8396-2\\\/#primaryimage\"},\"image\":{\"@id\":\"https:\\\/\\\/unisale.com.br\\\/novo\\\/8396-2\\\/#primaryimage\"},\"thumbnailUrl\":\"https:\\\/\\\/unisale.com.br\\\/pastoral\\\/wp-content\\\/uploads\\\/2023\\\/12\\\/agua_baizado.jpg\",\"datePublished\":\"2023-12-13T10:47:10+00:00\",\"author\":{\"@id\":\"https:\\\/\\\/unisale.com.br\\\/pastoral\\\/#\\\/schema\\\/person\\\/a16ba711a0f7dec9cb6b44563144d5a3\"},\"inLanguage\":\"pt-BR\",\"potentialAction\":[{\"@type\":\"ReadAction\",\"target\":[\"https:\\\/\\\/unisale.com.br\\\/novo\\\/8396-2\\\/\"]}]},{\"@type\":\"ImageObject\",\"inLanguage\":\"pt-BR\",\"@id\":\"https:\\\/\\\/unisale.com.br\\\/novo\\\/8396-2\\\/#primaryimage\",\"url\":\"https:\\\/\\\/unisale.com.br\\\/pastoral\\\/wp-content\\\/uploads\\\/2023\\\/12\\\/agua_baizado.jpg\",\"contentUrl\":\"https:\\\/\\\/unisale.com.br\\\/pastoral\\\/wp-content\\\/uploads\\\/2023\\\/12\\\/agua_baizado.jpg\",\"width\":500,\"height\":500},{\"@type\":\"WebSite\",\"@id\":\"https:\\\/\\\/unisale.com.br\\\/pastoral\\\/#website\",\"url\":\"https:\\\/\\\/unisale.com.br\\\/pastoral\\\/\",\"name\":\"Pastoral Universit\u00e1ria UniSALESIANO\",\"description\":\"Site da Pastoral Universit\u00e1ria do UniSALESIANO\",\"potentialAction\":[{\"@type\":\"SearchAction\",\"target\":{\"@type\":\"EntryPoint\",\"urlTemplate\":\"https:\\\/\\\/unisale.com.br\\\/pastoral\\\/?s={search_term_string}\"},\"query-input\":{\"@type\":\"PropertyValueSpecification\",\"valueRequired\":true,\"valueName\":\"search_term_string\"}}],\"inLanguage\":\"pt-BR\"},{\"@type\":\"Person\",\"@id\":\"https:\\\/\\\/unisale.com.br\\\/pastoral\\\/#\\\/schema\\\/person\\\/a16ba711a0f7dec9cb6b44563144d5a3\",\"name\":\"pastoral\",\"url\":\"https:\\\/\\\/unisale.com.br\\\/pastoral\\\/author\\\/pastoral\\\/\"}]}<\/script>\n<!-- \/ Yoast SEO plugin. -->","yoast_head_json":{"title":"17\/12 - Ele n\u00e3o era a luz, mas veio dar testemunho da luz. - Pastoral Universit\u00e1ria UniSALESIANO","robots":{"index":"index","follow":"follow","max-snippet":"max-snippet:-1","max-image-preview":"max-image-preview:large","max-video-preview":"max-video-preview:-1"},"canonical":"https:\/\/unisale.com.br\/novo\/8396-2\/","og_locale":"pt_BR","og_type":"article","og_title":"17\/12 - Ele n\u00e3o era a luz, mas veio dar testemunho da luz. - Pastoral Universit\u00e1ria UniSALESIANO","og_description":"Domingo, 17 de dezembro de 2023. &nbsp; Evangelho (Jo 1,6-8.19-28) &#8220;Ele n\u00e3o era a luz, mas veio dar testemunho da luz.&#8221; &nbsp; 6Surgiu um homem...","og_url":"https:\/\/unisale.com.br\/novo\/8396-2\/","og_site_name":"Pastoral Universit\u00e1ria UniSALESIANO","article_published_time":"2023-12-13T10:47:10+00:00","author":"pastoral","twitter_card":"summary_large_image","twitter_misc":{"Escrito por":"pastoral","Est. tempo de leitura":"3 minutos"},"schema":{"@context":"https:\/\/schema.org","@graph":[{"@type":"Article","@id":"https:\/\/unisale.com.br\/novo\/8396-2\/#article","isPartOf":{"@id":"https:\/\/unisale.com.br\/novo\/8396-2\/"},"author":{"name":"pastoral","@id":"https:\/\/unisale.com.br\/pastoral\/#\/schema\/person\/a16ba711a0f7dec9cb6b44563144d5a3"},"headline":"17\/12 &#8211; Ele n\u00e3o era a luz, mas veio dar testemunho da luz.","datePublished":"2023-12-13T10:47:10+00:00","mainEntityOfPage":{"@id":"https:\/\/unisale.com.br\/novo\/8396-2\/"},"wordCount":575,"image":{"@id":"https:\/\/unisale.com.br\/novo\/8396-2\/#primaryimage"},"thumbnailUrl":"https:\/\/unisale.com.br\/pastoral\/wp-content\/uploads\/2023\/12\/agua_baizado.jpg","articleSection":["Reflex\u00e3o do Evangelho"],"inLanguage":"pt-BR"},{"@type":"WebPage","@id":"https:\/\/unisale.com.br\/novo\/8396-2\/","url":"https:\/\/unisale.com.br\/novo\/8396-2\/","name":"17\/12 - Ele n\u00e3o era a luz, mas veio dar testemunho da luz. - Pastoral Universit\u00e1ria UniSALESIANO","isPartOf":{"@id":"https:\/\/unisale.com.br\/pastoral\/#website"},"primaryImageOfPage":{"@id":"https:\/\/unisale.com.br\/novo\/8396-2\/#primaryimage"},"image":{"@id":"https:\/\/unisale.com.br\/novo\/8396-2\/#primaryimage"},"thumbnailUrl":"https:\/\/unisale.com.br\/pastoral\/wp-content\/uploads\/2023\/12\/agua_baizado.jpg","datePublished":"2023-12-13T10:47:10+00:00","author":{"@id":"https:\/\/unisale.com.br\/pastoral\/#\/schema\/person\/a16ba711a0f7dec9cb6b44563144d5a3"},"inLanguage":"pt-BR","potentialAction":[{"@type":"ReadAction","target":["https:\/\/unisale.com.br\/novo\/8396-2\/"]}]},{"@type":"ImageObject","inLanguage":"pt-BR","@id":"https:\/\/unisale.com.br\/novo\/8396-2\/#primaryimage","url":"https:\/\/unisale.com.br\/pastoral\/wp-content\/uploads\/2023\/12\/agua_baizado.jpg","contentUrl":"https:\/\/unisale.com.br\/pastoral\/wp-content\/uploads\/2023\/12\/agua_baizado.jpg","width":500,"height":500},{"@type":"WebSite","@id":"https:\/\/unisale.com.br\/pastoral\/#website","url":"https:\/\/unisale.com.br\/pastoral\/","name":"Pastoral Universit\u00e1ria UniSALESIANO","description":"Site da Pastoral Universit\u00e1ria do UniSALESIANO","potentialAction":[{"@type":"SearchAction","target":{"@type":"EntryPoint","urlTemplate":"https:\/\/unisale.com.br\/pastoral\/?s={search_term_string}"},"query-input":{"@type":"PropertyValueSpecification","valueRequired":true,"valueName":"search_term_string"}}],"inLanguage":"pt-BR"},{"@type":"Person","@id":"https:\/\/unisale.com.br\/pastoral\/#\/schema\/person\/a16ba711a0f7dec9cb6b44563144d5a3","name":"pastoral","url":"https:\/\/unisale.com.br\/pastoral\/author\/pastoral\/"}]}},"_links":{"self":[{"href":"https:\/\/unisale.com.br\/pastoral\/wp-json\/wp\/v2\/posts\/8396","targetHints":{"allow":["GET"]}}],"collection":[{"href":"https:\/\/unisale.com.br\/pastoral\/wp-json\/wp\/v2\/posts"}],"about":[{"href":"https:\/\/unisale.com.br\/pastoral\/wp-json\/wp\/v2\/types\/post"}],"author":[{"embeddable":true,"href":"https:\/\/unisale.com.br\/pastoral\/wp-json\/wp\/v2\/users\/1"}],"replies":[{"embeddable":true,"href":"https:\/\/unisale.com.br\/pastoral\/wp-json\/wp\/v2\/comments?post=8396"}],"version-history":[{"count":0,"href":"https:\/\/unisale.com.br\/pastoral\/wp-json\/wp\/v2\/posts\/8396\/revisions"}],"wp:featuredmedia":[{"embeddable":true,"href":"https:\/\/unisale.com.br\/pastoral\/wp-json\/wp\/v2\/media\/8397"}],"wp:attachment":[{"href":"https:\/\/unisale.com.br\/pastoral\/wp-json\/wp\/v2\/media?parent=8396"}],"wp:term":[{"taxonomy":"category","embeddable":true,"href":"https:\/\/unisale.com.br\/pastoral\/wp-json\/wp\/v2\/categories?post=8396"},{"taxonomy":"post_tag","embeddable":true,"href":"https:\/\/unisale.com.br\/pastoral\/wp-json\/wp\/v2\/tags?post=8396"}],"curies":[{"name":"wp","href":"https:\/\/api.w.org\/{rel}","templated":true}]}}