{"id":8416,"date":"2023-12-13T11:17:33","date_gmt":"2023-12-13T11:17:33","guid":{"rendered":"https:\/\/unisale.com.br\/pastoral\/?p=8416"},"modified":"2023-12-13T11:17:33","modified_gmt":"2023-12-13T11:17:33","slug":"23-12-joao-e-o-seu-nome-3","status":"publish","type":"post","link":"https:\/\/unisale.com.br\/pastoral\/23-12-joao-e-o-seu-nome-3\/","title":{"rendered":"23\/12 &#8211; Jo\u00e3o \u00e9 o seu nome!"},"content":{"rendered":"<p>S\u00e1bado, 23 de dezembro de 2023.<\/p>\n<p>&nbsp;<\/p>\n<p>Evangelho (Lc 1,57-66)<\/p>\n<p>&nbsp;<\/p>\n<p><strong>\u201cJo\u00e3o \u00e9 o seu nome!\u201d<\/strong><\/p>\n<p><strong>\u00a0<\/strong><\/p>\n<p><sup>57<\/sup>Completou-se o tempo da gravidez de Isabel, e ela deu \u00e0 luz um filho. <sup>58<\/sup>Os vizinhos e parentes ouviram dizer como o Senhor tinha sido misericordioso para com Isabel, e alegraram-se com ela. <sup>59<\/sup>No oitavo dia foram circuncidar o menino, e queriam dar-lhe o nome de seu pai, Zacarias. <sup>60<\/sup>A m\u00e3e por\u00e9m disse: \u201cN\u00e3o! Ele vai chamar-se Jo\u00e3o\u201d. <sup>61<\/sup>Os outros disseram: \u201cN\u00e3o existe nenhum parente teu com esse nome!\u201d <sup>62<\/sup>Ent\u00e3o fizeram sinais ao pai, perguntando como ele queria que o menino se chamasse. <sup>63<\/sup>Zacarias pediu uma tabuinha, e escreveu: \u201cJo\u00e3o \u00e9 o seu nome\u201d. <sup>64<\/sup>No mesmo instante, a boca de Zacarias se abriu, sua l\u00edngua se soltou, e ele come\u00e7ou a louvar a Deus. <sup>65<\/sup>Todos os vizinhos ficaram com medo, e a not\u00edcia espalhou-se por toda a regi\u00e3o montanhosa da Judeia. <sup>66<\/sup>E todos os que ouviam a not\u00edcia, ficavam pensando: \u201cO que vir\u00e1 a ser este menino?\u201d De fato, a m\u00e3o do Senhor estava com ele.<\/p>\n<p>&nbsp;<\/p>\n<p><strong>Reflex\u00e3o<\/strong><\/p>\n<p>&nbsp;<\/p>\n<p>Precisamos meditar a liturgia de hoje temo presente a sua real inten\u00e7\u00e3o: preparar o Natal reavivando a mem\u00f3ria do nascimento do precursor. E o ponto crucial \u00e9 a escolha do nome do menino. A resolu\u00e7\u00e3o do embate entre parentes e vizinhos acontece com o gesto de Zacarias que escreve numa tabuinha: \u201cJo\u00e3o \u00e9 o seu nome!\u201d, concordando assim com a escolha de Isabel. Todos ficaram maravilhados. Mas n\u00e3o se entende se o \u201cmaravilhar-se\u201d foi pela escolha do nome ou pela total comunh\u00e3o entre duas pessoas: Isabel e Zacarias. Pois \u00e9 dif\u00edcil encontrar sintonia entre duas pessoas neste mundo que tende somente a contraposi\u00e7\u00e3o. Esta sintonia talvez tenha sido a raz\u00e3o da cura de Zacarias: \u201c<sup>64<\/sup>No mesmo instante, a boca de Zacarias se abriu, sua l\u00edngua se soltou, e ele come\u00e7ou a louvar a Deus. <sup>65<\/sup>Todos os vizinhos ficaram com medo, e a not\u00edcia espalhou-se por toda a regi\u00e3o montanhosa da Judeia\u201d. Mas um outro elemento significativo desta passagem est\u00e1 no fato de que o nome Jo\u00e3o n\u00e3o faz parte da tradi\u00e7\u00e3o familiar de Zacarias e Isabel. \u00c9 como se houvesse a decis\u00e3o de sublinhar a \u201cespecialidade\u201d de Jo\u00e3o Batista. Isabel e Zacarias demonstram o amor porque defendem a unicidade, a originalidade, a diversidade do filho. Amar n\u00e3o \u00e9 uniformizar a si mesmo, mas preservar aquilo que \u00e9 \u00fanico, irrepet\u00edvel, de diferente que existe no outro. \u00c9 amar o que no outro n\u00e3o corresponde. \u00c9 permitir ao outro de ser a si mesmo at\u00e9 o fim, de ser diferente das minhas expectativas e de quem me circunda. Pois \u00e9 no diferente que pode se encontrar o dom especial que foi dado por Deus.<\/p>\n<p><strong>Pe. Paulo Eduardo J\u00e1como, sdb.<\/strong><\/p>\n","protected":false},"excerpt":{"rendered":"<p>S\u00e1bado, 23 de dezembro de 2023. &nbsp; Evangelho (Lc 1,57-66) &nbsp; \u201cJo\u00e3o \u00e9 o seu nome!\u201d \u00a0 57Completou-se o tempo da gravidez de Isabel, e&#8230;<\/p>\n","protected":false},"author":1,"featured_media":8417,"comment_status":"closed","ping_status":"closed","sticky":false,"template":"","format":"standard","meta":{"_acf_changed":false,"footnotes":""},"categories":[13],"tags":[],"class_list":["post-8416","post","type-post","status-publish","format-standard","has-post-thumbnail","hentry","category-reflexaodoevagelho"],"acf":[],"yoast_head":"<!-- This site is optimized with the Yoast SEO plugin v27.3 - https:\/\/yoast.com\/product\/yoast-seo-wordpress\/ -->\n<title>23\/12 - Jo\u00e3o \u00e9 o seu nome! - Pastoral Universit\u00e1ria UniSALESIANO<\/title>\n<meta name=\"robots\" content=\"index, follow, max-snippet:-1, max-image-preview:large, max-video-preview:-1\" \/>\n<link rel=\"canonical\" href=\"https:\/\/unisale.com.br\/novo\/23-12-joao-e-o-seu-nome-3\/\" \/>\n<meta property=\"og:locale\" content=\"pt_BR\" \/>\n<meta property=\"og:type\" content=\"article\" \/>\n<meta property=\"og:title\" content=\"23\/12 - Jo\u00e3o \u00e9 o seu nome! - Pastoral Universit\u00e1ria UniSALESIANO\" \/>\n<meta property=\"og:description\" content=\"S\u00e1bado, 23 de dezembro de 2023. &nbsp; Evangelho (Lc 1,57-66) &nbsp; \u201cJo\u00e3o \u00e9 o seu nome!\u201d \u00a0 57Completou-se o tempo da gravidez de Isabel, e...\" \/>\n<meta property=\"og:url\" content=\"https:\/\/unisale.com.br\/novo\/23-12-joao-e-o-seu-nome-3\/\" \/>\n<meta property=\"og:site_name\" content=\"Pastoral Universit\u00e1ria UniSALESIANO\" \/>\n<meta property=\"article:published_time\" content=\"2023-12-13T11:17:33+00:00\" \/>\n<meta name=\"author\" content=\"pastoral\" \/>\n<meta name=\"twitter:card\" content=\"summary_large_image\" \/>\n<meta name=\"twitter:label1\" content=\"Escrito por\" \/>\n\t<meta name=\"twitter:data1\" content=\"pastoral\" \/>\n\t<meta name=\"twitter:label2\" content=\"Est. tempo de leitura\" \/>\n\t<meta name=\"twitter:data2\" content=\"2 minutos\" \/>\n<script type=\"application\/ld+json\" class=\"yoast-schema-graph\">{\"@context\":\"https:\\\/\\\/schema.org\",\"@graph\":[{\"@type\":\"Article\",\"@id\":\"https:\\\/\\\/unisale.com.br\\\/novo\\\/23-12-joao-e-o-seu-nome-3\\\/#article\",\"isPartOf\":{\"@id\":\"https:\\\/\\\/unisale.com.br\\\/novo\\\/23-12-joao-e-o-seu-nome-3\\\/\"},\"author\":{\"name\":\"pastoral\",\"@id\":\"https:\\\/\\\/unisale.com.br\\\/pastoral\\\/#\\\/schema\\\/person\\\/a16ba711a0f7dec9cb6b44563144d5a3\"},\"headline\":\"23\\\/12 &#8211; Jo\u00e3o \u00e9 o seu nome!\",\"datePublished\":\"2023-12-13T11:17:33+00:00\",\"mainEntityOfPage\":{\"@id\":\"https:\\\/\\\/unisale.com.br\\\/novo\\\/23-12-joao-e-o-seu-nome-3\\\/\"},\"wordCount\":482,\"image\":{\"@id\":\"https:\\\/\\\/unisale.com.br\\\/novo\\\/23-12-joao-e-o-seu-nome-3\\\/#primaryimage\"},\"thumbnailUrl\":\"https:\\\/\\\/unisale.com.br\\\/pastoral\\\/wp-content\\\/uploads\\\/2023\\\/12\\\/SAO-JOAO-1.jpg\",\"articleSection\":[\"Reflex\u00e3o do Evangelho\"],\"inLanguage\":\"pt-BR\"},{\"@type\":\"WebPage\",\"@id\":\"https:\\\/\\\/unisale.com.br\\\/novo\\\/23-12-joao-e-o-seu-nome-3\\\/\",\"url\":\"https:\\\/\\\/unisale.com.br\\\/novo\\\/23-12-joao-e-o-seu-nome-3\\\/\",\"name\":\"23\\\/12 - Jo\u00e3o \u00e9 o seu nome! - Pastoral Universit\u00e1ria UniSALESIANO\",\"isPartOf\":{\"@id\":\"https:\\\/\\\/unisale.com.br\\\/pastoral\\\/#website\"},\"primaryImageOfPage\":{\"@id\":\"https:\\\/\\\/unisale.com.br\\\/novo\\\/23-12-joao-e-o-seu-nome-3\\\/#primaryimage\"},\"image\":{\"@id\":\"https:\\\/\\\/unisale.com.br\\\/novo\\\/23-12-joao-e-o-seu-nome-3\\\/#primaryimage\"},\"thumbnailUrl\":\"https:\\\/\\\/unisale.com.br\\\/pastoral\\\/wp-content\\\/uploads\\\/2023\\\/12\\\/SAO-JOAO-1.jpg\",\"datePublished\":\"2023-12-13T11:17:33+00:00\",\"author\":{\"@id\":\"https:\\\/\\\/unisale.com.br\\\/pastoral\\\/#\\\/schema\\\/person\\\/a16ba711a0f7dec9cb6b44563144d5a3\"},\"inLanguage\":\"pt-BR\",\"potentialAction\":[{\"@type\":\"ReadAction\",\"target\":[\"https:\\\/\\\/unisale.com.br\\\/novo\\\/23-12-joao-e-o-seu-nome-3\\\/\"]}]},{\"@type\":\"ImageObject\",\"inLanguage\":\"pt-BR\",\"@id\":\"https:\\\/\\\/unisale.com.br\\\/novo\\\/23-12-joao-e-o-seu-nome-3\\\/#primaryimage\",\"url\":\"https:\\\/\\\/unisale.com.br\\\/pastoral\\\/wp-content\\\/uploads\\\/2023\\\/12\\\/SAO-JOAO-1.jpg\",\"contentUrl\":\"https:\\\/\\\/unisale.com.br\\\/pastoral\\\/wp-content\\\/uploads\\\/2023\\\/12\\\/SAO-JOAO-1.jpg\",\"width\":314,\"height\":400},{\"@type\":\"WebSite\",\"@id\":\"https:\\\/\\\/unisale.com.br\\\/pastoral\\\/#website\",\"url\":\"https:\\\/\\\/unisale.com.br\\\/pastoral\\\/\",\"name\":\"Pastoral Universit\u00e1ria UniSALESIANO\",\"description\":\"Site da Pastoral Universit\u00e1ria do UniSALESIANO\",\"potentialAction\":[{\"@type\":\"SearchAction\",\"target\":{\"@type\":\"EntryPoint\",\"urlTemplate\":\"https:\\\/\\\/unisale.com.br\\\/pastoral\\\/?s={search_term_string}\"},\"query-input\":{\"@type\":\"PropertyValueSpecification\",\"valueRequired\":true,\"valueName\":\"search_term_string\"}}],\"inLanguage\":\"pt-BR\"},{\"@type\":\"Person\",\"@id\":\"https:\\\/\\\/unisale.com.br\\\/pastoral\\\/#\\\/schema\\\/person\\\/a16ba711a0f7dec9cb6b44563144d5a3\",\"name\":\"pastoral\",\"url\":\"https:\\\/\\\/unisale.com.br\\\/pastoral\\\/author\\\/pastoral\\\/\"}]}<\/script>\n<!-- \/ Yoast SEO plugin. -->","yoast_head_json":{"title":"23\/12 - Jo\u00e3o \u00e9 o seu nome! - Pastoral Universit\u00e1ria UniSALESIANO","robots":{"index":"index","follow":"follow","max-snippet":"max-snippet:-1","max-image-preview":"max-image-preview:large","max-video-preview":"max-video-preview:-1"},"canonical":"https:\/\/unisale.com.br\/novo\/23-12-joao-e-o-seu-nome-3\/","og_locale":"pt_BR","og_type":"article","og_title":"23\/12 - Jo\u00e3o \u00e9 o seu nome! - Pastoral Universit\u00e1ria UniSALESIANO","og_description":"S\u00e1bado, 23 de dezembro de 2023. &nbsp; Evangelho (Lc 1,57-66) &nbsp; \u201cJo\u00e3o \u00e9 o seu nome!\u201d \u00a0 57Completou-se o tempo da gravidez de Isabel, e...","og_url":"https:\/\/unisale.com.br\/novo\/23-12-joao-e-o-seu-nome-3\/","og_site_name":"Pastoral Universit\u00e1ria UniSALESIANO","article_published_time":"2023-12-13T11:17:33+00:00","author":"pastoral","twitter_card":"summary_large_image","twitter_misc":{"Escrito por":"pastoral","Est. tempo de leitura":"2 minutos"},"schema":{"@context":"https:\/\/schema.org","@graph":[{"@type":"Article","@id":"https:\/\/unisale.com.br\/novo\/23-12-joao-e-o-seu-nome-3\/#article","isPartOf":{"@id":"https:\/\/unisale.com.br\/novo\/23-12-joao-e-o-seu-nome-3\/"},"author":{"name":"pastoral","@id":"https:\/\/unisale.com.br\/pastoral\/#\/schema\/person\/a16ba711a0f7dec9cb6b44563144d5a3"},"headline":"23\/12 &#8211; Jo\u00e3o \u00e9 o seu nome!","datePublished":"2023-12-13T11:17:33+00:00","mainEntityOfPage":{"@id":"https:\/\/unisale.com.br\/novo\/23-12-joao-e-o-seu-nome-3\/"},"wordCount":482,"image":{"@id":"https:\/\/unisale.com.br\/novo\/23-12-joao-e-o-seu-nome-3\/#primaryimage"},"thumbnailUrl":"https:\/\/unisale.com.br\/pastoral\/wp-content\/uploads\/2023\/12\/SAO-JOAO-1.jpg","articleSection":["Reflex\u00e3o do Evangelho"],"inLanguage":"pt-BR"},{"@type":"WebPage","@id":"https:\/\/unisale.com.br\/novo\/23-12-joao-e-o-seu-nome-3\/","url":"https:\/\/unisale.com.br\/novo\/23-12-joao-e-o-seu-nome-3\/","name":"23\/12 - Jo\u00e3o \u00e9 o seu nome! - Pastoral Universit\u00e1ria UniSALESIANO","isPartOf":{"@id":"https:\/\/unisale.com.br\/pastoral\/#website"},"primaryImageOfPage":{"@id":"https:\/\/unisale.com.br\/novo\/23-12-joao-e-o-seu-nome-3\/#primaryimage"},"image":{"@id":"https:\/\/unisale.com.br\/novo\/23-12-joao-e-o-seu-nome-3\/#primaryimage"},"thumbnailUrl":"https:\/\/unisale.com.br\/pastoral\/wp-content\/uploads\/2023\/12\/SAO-JOAO-1.jpg","datePublished":"2023-12-13T11:17:33+00:00","author":{"@id":"https:\/\/unisale.com.br\/pastoral\/#\/schema\/person\/a16ba711a0f7dec9cb6b44563144d5a3"},"inLanguage":"pt-BR","potentialAction":[{"@type":"ReadAction","target":["https:\/\/unisale.com.br\/novo\/23-12-joao-e-o-seu-nome-3\/"]}]},{"@type":"ImageObject","inLanguage":"pt-BR","@id":"https:\/\/unisale.com.br\/novo\/23-12-joao-e-o-seu-nome-3\/#primaryimage","url":"https:\/\/unisale.com.br\/pastoral\/wp-content\/uploads\/2023\/12\/SAO-JOAO-1.jpg","contentUrl":"https:\/\/unisale.com.br\/pastoral\/wp-content\/uploads\/2023\/12\/SAO-JOAO-1.jpg","width":314,"height":400},{"@type":"WebSite","@id":"https:\/\/unisale.com.br\/pastoral\/#website","url":"https:\/\/unisale.com.br\/pastoral\/","name":"Pastoral Universit\u00e1ria UniSALESIANO","description":"Site da Pastoral Universit\u00e1ria do UniSALESIANO","potentialAction":[{"@type":"SearchAction","target":{"@type":"EntryPoint","urlTemplate":"https:\/\/unisale.com.br\/pastoral\/?s={search_term_string}"},"query-input":{"@type":"PropertyValueSpecification","valueRequired":true,"valueName":"search_term_string"}}],"inLanguage":"pt-BR"},{"@type":"Person","@id":"https:\/\/unisale.com.br\/pastoral\/#\/schema\/person\/a16ba711a0f7dec9cb6b44563144d5a3","name":"pastoral","url":"https:\/\/unisale.com.br\/pastoral\/author\/pastoral\/"}]}},"_links":{"self":[{"href":"https:\/\/unisale.com.br\/pastoral\/wp-json\/wp\/v2\/posts\/8416","targetHints":{"allow":["GET"]}}],"collection":[{"href":"https:\/\/unisale.com.br\/pastoral\/wp-json\/wp\/v2\/posts"}],"about":[{"href":"https:\/\/unisale.com.br\/pastoral\/wp-json\/wp\/v2\/types\/post"}],"author":[{"embeddable":true,"href":"https:\/\/unisale.com.br\/pastoral\/wp-json\/wp\/v2\/users\/1"}],"replies":[{"embeddable":true,"href":"https:\/\/unisale.com.br\/pastoral\/wp-json\/wp\/v2\/comments?post=8416"}],"version-history":[{"count":0,"href":"https:\/\/unisale.com.br\/pastoral\/wp-json\/wp\/v2\/posts\/8416\/revisions"}],"wp:featuredmedia":[{"embeddable":true,"href":"https:\/\/unisale.com.br\/pastoral\/wp-json\/wp\/v2\/media\/8417"}],"wp:attachment":[{"href":"https:\/\/unisale.com.br\/pastoral\/wp-json\/wp\/v2\/media?parent=8416"}],"wp:term":[{"taxonomy":"category","embeddable":true,"href":"https:\/\/unisale.com.br\/pastoral\/wp-json\/wp\/v2\/categories?post=8416"},{"taxonomy":"post_tag","embeddable":true,"href":"https:\/\/unisale.com.br\/pastoral\/wp-json\/wp\/v2\/tags?post=8416"}],"curies":[{"name":"wp","href":"https:\/\/api.w.org\/{rel}","templated":true}]}}