{"id":8434,"date":"2023-12-15T12:35:56","date_gmt":"2023-12-15T12:35:56","guid":{"rendered":"https:\/\/unisale.com.br\/pastoral\/?p=8434"},"modified":"2023-12-15T12:35:56","modified_gmt":"2023-12-15T12:35:56","slug":"26-12-vos-sereis-odiados-por-todos-por-causa-do-meu-nome-mas-quem-perseverar-ate-o-fim-esse-sera-salvo-2","status":"publish","type":"post","link":"https:\/\/unisale.com.br\/pastoral\/26-12-vos-sereis-odiados-por-todos-por-causa-do-meu-nome-mas-quem-perseverar-ate-o-fim-esse-sera-salvo-2\/","title":{"rendered":"26\/12 &#8211; V\u00f3s sereis odiados por todos, por causa do meu nome. Mas quem perseverar at\u00e9 o fim, esse ser\u00e1 salvo."},"content":{"rendered":"<p>Ter\u00e7a-feira, 26 de dezembro de 2023.<\/p>\n<p>&nbsp;<\/p>\n<p>Evangelho (Mt 10,17-22)<\/p>\n<p>&nbsp;<\/p>\n<p><strong>\u201cV\u00f3s sereis odiados por todos, por causa do meu nome. Mas quem perseverar at\u00e9 o fim, esse ser\u00e1 salvo.\u201d<\/strong><\/p>\n<p>&nbsp;<\/p>\n<p>Naquele tempo, disse Jesus aos seus ap\u00f3stolos: <sup>17<\/sup>\u201cCuidado com os homens, porque eles vos entregar\u00e3o aos tribunais e vos a\u00e7oitar\u00e3o nas suas sinagogas. <sup>18<\/sup>V\u00f3s sereis levados diante de governadores e reis, por minha causa, para dar testemunho diante deles e das na\u00e7\u00f5es. <sup>19<\/sup>Quando vos entregarem, n\u00e3o fiqueis preocupados como falar ou o que dizer. Ent\u00e3o naquele momento vos ser\u00e1 indicado o que deveis dizer. <sup>20<\/sup>Com efeito, n\u00e3o sereis v\u00f3s que havereis de falar, mas sim o Esp\u00edrito do vosso Pai \u00e9 que falar\u00e1 atrav\u00e9s de v\u00f3s. <sup>21<\/sup>O irm\u00e3o entregar\u00e1 \u00e0 morte o pr\u00f3prio irm\u00e3o; o pai entregar\u00e1 o filho; os filhos se levantar\u00e3o contra seus pais, e os matar\u00e3o. <sup>22<\/sup>V\u00f3s sereis odiados por todos, por causa do meu nome. Mas quem perseverar at\u00e9 o fim, esse ser\u00e1 salvo.<\/p>\n<p><strong>\u00a0<\/strong><\/p>\n<p><strong>Reflex\u00e3o<\/strong><\/p>\n<p>&nbsp;<\/p>\n<p>Um acontecimento assim terr\u00edvel parece acabar com a magia do Natal. Mas se pensarmos bem a sua hist\u00f3ria est\u00e1 absolutamente alinhada com o Natal, porque a preciosidade de algo se mede pelo fato de quanto uma pessoa est\u00e1 disposta a sacrificar por esta coisa. E saber que Santo Estev\u00e3o se disp\u00f4s a morrer por amor a Cristo recorda a cada um de n\u00f3s que ontem n\u00e3o nasceu um menino qualquer, nem simplesmente um menino prod\u00edgio, mas um menino pelo qual um dia milhares de pessoas estiveram dispostas a dar a vida para n\u00e3o renega-lo, para n\u00e3o desvalorizar a boa nova do amor que Ele veio anunciar. Isso n\u00e3o \u00e9 fanatismo, \u00e9 exig\u00eancia extrema do amor. \u00c9 a mesma l\u00f3gica de uma m\u00e3e: n\u00e3o renunciaria jamais um filho para salvar a sua pr\u00f3pria vida. O sacrif\u00edcio desta m\u00e3e n\u00e3o \u00e9 fanatismo \u00e9 exig\u00eancia do amor. Os m\u00e1rtires s\u00e3o antes de tudo pessoas profundamente enamoradas pela vida, mas colocados diante da situa\u00e7\u00e3o de dever escolher por qual motivo preferem viver e n\u00e3o renegar o motivo pelo qual preferem morrer, porque n\u00e3o teria mais sentido viver renegando o motivo pelo qual a vida \u00e9 digna de ser vivida. Se trata sempre de escolher entre aquilo que vale e aquilo que n\u00e3o vale. \u00c9 o crit\u00e9rio \u00faltimo pelo qual devemos viver todos os dias: devemos sempre nos perguntar se as coisas que vivemos valem ou n\u00e3o valem a nossa vida. Devemos sempre nos perguntar se estamos escolhendo ou se estamos somente deixando nos levar pelos acontecimentos. A coisa certa, por\u00e9m, \u00e9 que por quanto dram\u00e1tica possa ser a hist\u00f3ria do mart\u00edrio, o evangelho nos assegura ao menos uma coisa: \u201cQuando vos entregarem, n\u00e3o fiqueis preocupados como falar ou o que dizer. Ent\u00e3o naquele momento vos ser\u00e1 indicado o que deveis dizer. Com efeito, n\u00e3o sereis v\u00f3s que havereis de falar, mas sim o Esp\u00edrito do vosso Pai \u00e9 que falar\u00e1 atrav\u00e9s de v\u00f3s\u201d. Os maiores m\u00e1rtires foram mortos com estas palavras subversivas: \u201cte perd\u00f4o\u201d. As\u00a0 mesmas palavras que Jesus pronunciou na cruz para os seus algozes. S\u00e3o as mesmas palavras que Santo Estev\u00e3o pronunciou no confronto com os seus carrascos.<\/p>\n<p><strong>Pe. Paulo Eduardo J\u00e1como, sdb.<\/strong><\/p>\n","protected":false},"excerpt":{"rendered":"<p>Ter\u00e7a-feira, 26 de dezembro de 2023. &nbsp; Evangelho (Mt 10,17-22) &nbsp; \u201cV\u00f3s sereis odiados por todos, por causa do meu nome. Mas quem perseverar at\u00e9&#8230;<\/p>\n","protected":false},"author":1,"featured_media":8435,"comment_status":"closed","ping_status":"closed","sticky":false,"template":"","format":"standard","meta":{"_acf_changed":false,"footnotes":""},"categories":[13],"tags":[],"class_list":["post-8434","post","type-post","status-publish","format-standard","has-post-thumbnail","hentry","category-reflexaodoevagelho"],"acf":[],"yoast_head":"<!-- This site is optimized with the Yoast SEO plugin v27.3 - https:\/\/yoast.com\/product\/yoast-seo-wordpress\/ -->\n<title>26\/12 - V\u00f3s sereis odiados por todos, por causa do meu nome. Mas quem perseverar at\u00e9 o fim, esse ser\u00e1 salvo. - Pastoral Universit\u00e1ria UniSALESIANO<\/title>\n<meta name=\"robots\" content=\"index, follow, max-snippet:-1, max-image-preview:large, max-video-preview:-1\" \/>\n<link rel=\"canonical\" href=\"https:\/\/unisale.com.br\/novo\/26-12-vos-sereis-odiados-por-todos-por-causa-do-meu-nome-mas-quem-perseverar-ate-o-fim-esse-sera-salvo-2\/\" \/>\n<meta property=\"og:locale\" content=\"pt_BR\" \/>\n<meta property=\"og:type\" content=\"article\" \/>\n<meta property=\"og:title\" content=\"26\/12 - V\u00f3s sereis odiados por todos, por causa do meu nome. Mas quem perseverar at\u00e9 o fim, esse ser\u00e1 salvo. - Pastoral Universit\u00e1ria UniSALESIANO\" \/>\n<meta property=\"og:description\" content=\"Ter\u00e7a-feira, 26 de dezembro de 2023. &nbsp; Evangelho (Mt 10,17-22) &nbsp; \u201cV\u00f3s sereis odiados por todos, por causa do meu nome. Mas quem perseverar at\u00e9...\" \/>\n<meta property=\"og:url\" content=\"https:\/\/unisale.com.br\/novo\/26-12-vos-sereis-odiados-por-todos-por-causa-do-meu-nome-mas-quem-perseverar-ate-o-fim-esse-sera-salvo-2\/\" \/>\n<meta property=\"og:site_name\" content=\"Pastoral Universit\u00e1ria UniSALESIANO\" \/>\n<meta property=\"article:published_time\" content=\"2023-12-15T12:35:56+00:00\" \/>\n<meta name=\"author\" content=\"pastoral\" \/>\n<meta name=\"twitter:card\" content=\"summary_large_image\" \/>\n<meta name=\"twitter:label1\" content=\"Escrito por\" \/>\n\t<meta name=\"twitter:data1\" content=\"pastoral\" \/>\n\t<meta name=\"twitter:label2\" content=\"Est. tempo de leitura\" \/>\n\t<meta name=\"twitter:data2\" content=\"3 minutos\" \/>\n<script type=\"application\/ld+json\" class=\"yoast-schema-graph\">{\"@context\":\"https:\\\/\\\/schema.org\",\"@graph\":[{\"@type\":\"Article\",\"@id\":\"https:\\\/\\\/unisale.com.br\\\/novo\\\/26-12-vos-sereis-odiados-por-todos-por-causa-do-meu-nome-mas-quem-perseverar-ate-o-fim-esse-sera-salvo-2\\\/#article\",\"isPartOf\":{\"@id\":\"https:\\\/\\\/unisale.com.br\\\/novo\\\/26-12-vos-sereis-odiados-por-todos-por-causa-do-meu-nome-mas-quem-perseverar-ate-o-fim-esse-sera-salvo-2\\\/\"},\"author\":{\"name\":\"pastoral\",\"@id\":\"https:\\\/\\\/unisale.com.br\\\/pastoral\\\/#\\\/schema\\\/person\\\/a16ba711a0f7dec9cb6b44563144d5a3\"},\"headline\":\"26\\\/12 &#8211; V\u00f3s sereis odiados por todos, por causa do meu nome. Mas quem perseverar at\u00e9 o fim, esse ser\u00e1 salvo.\",\"datePublished\":\"2023-12-15T12:35:56+00:00\",\"mainEntityOfPage\":{\"@id\":\"https:\\\/\\\/unisale.com.br\\\/novo\\\/26-12-vos-sereis-odiados-por-todos-por-causa-do-meu-nome-mas-quem-perseverar-ate-o-fim-esse-sera-salvo-2\\\/\"},\"wordCount\":595,\"image\":{\"@id\":\"https:\\\/\\\/unisale.com.br\\\/novo\\\/26-12-vos-sereis-odiados-por-todos-por-causa-do-meu-nome-mas-quem-perseverar-ate-o-fim-esse-sera-salvo-2\\\/#primaryimage\"},\"thumbnailUrl\":\"https:\\\/\\\/unisale.com.br\\\/pastoral\\\/wp-content\\\/uploads\\\/2023\\\/12\\\/Persevere-ate-o-fim-para-alcancar-o-Ceu.jpg\",\"articleSection\":[\"Reflex\u00e3o do Evangelho\"],\"inLanguage\":\"pt-BR\"},{\"@type\":\"WebPage\",\"@id\":\"https:\\\/\\\/unisale.com.br\\\/novo\\\/26-12-vos-sereis-odiados-por-todos-por-causa-do-meu-nome-mas-quem-perseverar-ate-o-fim-esse-sera-salvo-2\\\/\",\"url\":\"https:\\\/\\\/unisale.com.br\\\/novo\\\/26-12-vos-sereis-odiados-por-todos-por-causa-do-meu-nome-mas-quem-perseverar-ate-o-fim-esse-sera-salvo-2\\\/\",\"name\":\"26\\\/12 - V\u00f3s sereis odiados por todos, por causa do meu nome. Mas quem perseverar at\u00e9 o fim, esse ser\u00e1 salvo. - Pastoral Universit\u00e1ria UniSALESIANO\",\"isPartOf\":{\"@id\":\"https:\\\/\\\/unisale.com.br\\\/pastoral\\\/#website\"},\"primaryImageOfPage\":{\"@id\":\"https:\\\/\\\/unisale.com.br\\\/novo\\\/26-12-vos-sereis-odiados-por-todos-por-causa-do-meu-nome-mas-quem-perseverar-ate-o-fim-esse-sera-salvo-2\\\/#primaryimage\"},\"image\":{\"@id\":\"https:\\\/\\\/unisale.com.br\\\/novo\\\/26-12-vos-sereis-odiados-por-todos-por-causa-do-meu-nome-mas-quem-perseverar-ate-o-fim-esse-sera-salvo-2\\\/#primaryimage\"},\"thumbnailUrl\":\"https:\\\/\\\/unisale.com.br\\\/pastoral\\\/wp-content\\\/uploads\\\/2023\\\/12\\\/Persevere-ate-o-fim-para-alcancar-o-Ceu.jpg\",\"datePublished\":\"2023-12-15T12:35:56+00:00\",\"author\":{\"@id\":\"https:\\\/\\\/unisale.com.br\\\/pastoral\\\/#\\\/schema\\\/person\\\/a16ba711a0f7dec9cb6b44563144d5a3\"},\"inLanguage\":\"pt-BR\",\"potentialAction\":[{\"@type\":\"ReadAction\",\"target\":[\"https:\\\/\\\/unisale.com.br\\\/novo\\\/26-12-vos-sereis-odiados-por-todos-por-causa-do-meu-nome-mas-quem-perseverar-ate-o-fim-esse-sera-salvo-2\\\/\"]}]},{\"@type\":\"ImageObject\",\"inLanguage\":\"pt-BR\",\"@id\":\"https:\\\/\\\/unisale.com.br\\\/novo\\\/26-12-vos-sereis-odiados-por-todos-por-causa-do-meu-nome-mas-quem-perseverar-ate-o-fim-esse-sera-salvo-2\\\/#primaryimage\",\"url\":\"https:\\\/\\\/unisale.com.br\\\/pastoral\\\/wp-content\\\/uploads\\\/2023\\\/12\\\/Persevere-ate-o-fim-para-alcancar-o-Ceu.jpg\",\"contentUrl\":\"https:\\\/\\\/unisale.com.br\\\/pastoral\\\/wp-content\\\/uploads\\\/2023\\\/12\\\/Persevere-ate-o-fim-para-alcancar-o-Ceu.jpg\",\"width\":667,\"height\":500},{\"@type\":\"WebSite\",\"@id\":\"https:\\\/\\\/unisale.com.br\\\/pastoral\\\/#website\",\"url\":\"https:\\\/\\\/unisale.com.br\\\/pastoral\\\/\",\"name\":\"Pastoral Universit\u00e1ria UniSALESIANO\",\"description\":\"Site da Pastoral Universit\u00e1ria do UniSALESIANO\",\"potentialAction\":[{\"@type\":\"SearchAction\",\"target\":{\"@type\":\"EntryPoint\",\"urlTemplate\":\"https:\\\/\\\/unisale.com.br\\\/pastoral\\\/?s={search_term_string}\"},\"query-input\":{\"@type\":\"PropertyValueSpecification\",\"valueRequired\":true,\"valueName\":\"search_term_string\"}}],\"inLanguage\":\"pt-BR\"},{\"@type\":\"Person\",\"@id\":\"https:\\\/\\\/unisale.com.br\\\/pastoral\\\/#\\\/schema\\\/person\\\/a16ba711a0f7dec9cb6b44563144d5a3\",\"name\":\"pastoral\",\"url\":\"https:\\\/\\\/unisale.com.br\\\/pastoral\\\/author\\\/pastoral\\\/\"}]}<\/script>\n<!-- \/ Yoast SEO plugin. -->","yoast_head_json":{"title":"26\/12 - V\u00f3s sereis odiados por todos, por causa do meu nome. Mas quem perseverar at\u00e9 o fim, esse ser\u00e1 salvo. - Pastoral Universit\u00e1ria UniSALESIANO","robots":{"index":"index","follow":"follow","max-snippet":"max-snippet:-1","max-image-preview":"max-image-preview:large","max-video-preview":"max-video-preview:-1"},"canonical":"https:\/\/unisale.com.br\/novo\/26-12-vos-sereis-odiados-por-todos-por-causa-do-meu-nome-mas-quem-perseverar-ate-o-fim-esse-sera-salvo-2\/","og_locale":"pt_BR","og_type":"article","og_title":"26\/12 - V\u00f3s sereis odiados por todos, por causa do meu nome. Mas quem perseverar at\u00e9 o fim, esse ser\u00e1 salvo. - Pastoral Universit\u00e1ria UniSALESIANO","og_description":"Ter\u00e7a-feira, 26 de dezembro de 2023. &nbsp; Evangelho (Mt 10,17-22) &nbsp; \u201cV\u00f3s sereis odiados por todos, por causa do meu nome. Mas quem perseverar at\u00e9...","og_url":"https:\/\/unisale.com.br\/novo\/26-12-vos-sereis-odiados-por-todos-por-causa-do-meu-nome-mas-quem-perseverar-ate-o-fim-esse-sera-salvo-2\/","og_site_name":"Pastoral Universit\u00e1ria UniSALESIANO","article_published_time":"2023-12-15T12:35:56+00:00","author":"pastoral","twitter_card":"summary_large_image","twitter_misc":{"Escrito por":"pastoral","Est. tempo de leitura":"3 minutos"},"schema":{"@context":"https:\/\/schema.org","@graph":[{"@type":"Article","@id":"https:\/\/unisale.com.br\/novo\/26-12-vos-sereis-odiados-por-todos-por-causa-do-meu-nome-mas-quem-perseverar-ate-o-fim-esse-sera-salvo-2\/#article","isPartOf":{"@id":"https:\/\/unisale.com.br\/novo\/26-12-vos-sereis-odiados-por-todos-por-causa-do-meu-nome-mas-quem-perseverar-ate-o-fim-esse-sera-salvo-2\/"},"author":{"name":"pastoral","@id":"https:\/\/unisale.com.br\/pastoral\/#\/schema\/person\/a16ba711a0f7dec9cb6b44563144d5a3"},"headline":"26\/12 &#8211; V\u00f3s sereis odiados por todos, por causa do meu nome. Mas quem perseverar at\u00e9 o fim, esse ser\u00e1 salvo.","datePublished":"2023-12-15T12:35:56+00:00","mainEntityOfPage":{"@id":"https:\/\/unisale.com.br\/novo\/26-12-vos-sereis-odiados-por-todos-por-causa-do-meu-nome-mas-quem-perseverar-ate-o-fim-esse-sera-salvo-2\/"},"wordCount":595,"image":{"@id":"https:\/\/unisale.com.br\/novo\/26-12-vos-sereis-odiados-por-todos-por-causa-do-meu-nome-mas-quem-perseverar-ate-o-fim-esse-sera-salvo-2\/#primaryimage"},"thumbnailUrl":"https:\/\/unisale.com.br\/pastoral\/wp-content\/uploads\/2023\/12\/Persevere-ate-o-fim-para-alcancar-o-Ceu.jpg","articleSection":["Reflex\u00e3o do Evangelho"],"inLanguage":"pt-BR"},{"@type":"WebPage","@id":"https:\/\/unisale.com.br\/novo\/26-12-vos-sereis-odiados-por-todos-por-causa-do-meu-nome-mas-quem-perseverar-ate-o-fim-esse-sera-salvo-2\/","url":"https:\/\/unisale.com.br\/novo\/26-12-vos-sereis-odiados-por-todos-por-causa-do-meu-nome-mas-quem-perseverar-ate-o-fim-esse-sera-salvo-2\/","name":"26\/12 - V\u00f3s sereis odiados por todos, por causa do meu nome. Mas quem perseverar at\u00e9 o fim, esse ser\u00e1 salvo. - Pastoral Universit\u00e1ria UniSALESIANO","isPartOf":{"@id":"https:\/\/unisale.com.br\/pastoral\/#website"},"primaryImageOfPage":{"@id":"https:\/\/unisale.com.br\/novo\/26-12-vos-sereis-odiados-por-todos-por-causa-do-meu-nome-mas-quem-perseverar-ate-o-fim-esse-sera-salvo-2\/#primaryimage"},"image":{"@id":"https:\/\/unisale.com.br\/novo\/26-12-vos-sereis-odiados-por-todos-por-causa-do-meu-nome-mas-quem-perseverar-ate-o-fim-esse-sera-salvo-2\/#primaryimage"},"thumbnailUrl":"https:\/\/unisale.com.br\/pastoral\/wp-content\/uploads\/2023\/12\/Persevere-ate-o-fim-para-alcancar-o-Ceu.jpg","datePublished":"2023-12-15T12:35:56+00:00","author":{"@id":"https:\/\/unisale.com.br\/pastoral\/#\/schema\/person\/a16ba711a0f7dec9cb6b44563144d5a3"},"inLanguage":"pt-BR","potentialAction":[{"@type":"ReadAction","target":["https:\/\/unisale.com.br\/novo\/26-12-vos-sereis-odiados-por-todos-por-causa-do-meu-nome-mas-quem-perseverar-ate-o-fim-esse-sera-salvo-2\/"]}]},{"@type":"ImageObject","inLanguage":"pt-BR","@id":"https:\/\/unisale.com.br\/novo\/26-12-vos-sereis-odiados-por-todos-por-causa-do-meu-nome-mas-quem-perseverar-ate-o-fim-esse-sera-salvo-2\/#primaryimage","url":"https:\/\/unisale.com.br\/pastoral\/wp-content\/uploads\/2023\/12\/Persevere-ate-o-fim-para-alcancar-o-Ceu.jpg","contentUrl":"https:\/\/unisale.com.br\/pastoral\/wp-content\/uploads\/2023\/12\/Persevere-ate-o-fim-para-alcancar-o-Ceu.jpg","width":667,"height":500},{"@type":"WebSite","@id":"https:\/\/unisale.com.br\/pastoral\/#website","url":"https:\/\/unisale.com.br\/pastoral\/","name":"Pastoral Universit\u00e1ria UniSALESIANO","description":"Site da Pastoral Universit\u00e1ria do UniSALESIANO","potentialAction":[{"@type":"SearchAction","target":{"@type":"EntryPoint","urlTemplate":"https:\/\/unisale.com.br\/pastoral\/?s={search_term_string}"},"query-input":{"@type":"PropertyValueSpecification","valueRequired":true,"valueName":"search_term_string"}}],"inLanguage":"pt-BR"},{"@type":"Person","@id":"https:\/\/unisale.com.br\/pastoral\/#\/schema\/person\/a16ba711a0f7dec9cb6b44563144d5a3","name":"pastoral","url":"https:\/\/unisale.com.br\/pastoral\/author\/pastoral\/"}]}},"_links":{"self":[{"href":"https:\/\/unisale.com.br\/pastoral\/wp-json\/wp\/v2\/posts\/8434","targetHints":{"allow":["GET"]}}],"collection":[{"href":"https:\/\/unisale.com.br\/pastoral\/wp-json\/wp\/v2\/posts"}],"about":[{"href":"https:\/\/unisale.com.br\/pastoral\/wp-json\/wp\/v2\/types\/post"}],"author":[{"embeddable":true,"href":"https:\/\/unisale.com.br\/pastoral\/wp-json\/wp\/v2\/users\/1"}],"replies":[{"embeddable":true,"href":"https:\/\/unisale.com.br\/pastoral\/wp-json\/wp\/v2\/comments?post=8434"}],"version-history":[{"count":0,"href":"https:\/\/unisale.com.br\/pastoral\/wp-json\/wp\/v2\/posts\/8434\/revisions"}],"wp:featuredmedia":[{"embeddable":true,"href":"https:\/\/unisale.com.br\/pastoral\/wp-json\/wp\/v2\/media\/8435"}],"wp:attachment":[{"href":"https:\/\/unisale.com.br\/pastoral\/wp-json\/wp\/v2\/media?parent=8434"}],"wp:term":[{"taxonomy":"category","embeddable":true,"href":"https:\/\/unisale.com.br\/pastoral\/wp-json\/wp\/v2\/categories?post=8434"},{"taxonomy":"post_tag","embeddable":true,"href":"https:\/\/unisale.com.br\/pastoral\/wp-json\/wp\/v2\/tags?post=8434"}],"curies":[{"name":"wp","href":"https:\/\/api.w.org\/{rel}","templated":true}]}}