{"id":8440,"date":"2023-12-15T12:39:49","date_gmt":"2023-12-15T12:39:49","guid":{"rendered":"https:\/\/unisale.com.br\/pastoral\/?p=8440"},"modified":"2023-12-15T12:39:49","modified_gmt":"2023-12-15T12:39:49","slug":"28-12-e-raquel-que-chora-seus-filhos-e-nao-quer-ser-consolada-2","status":"publish","type":"post","link":"https:\/\/unisale.com.br\/pastoral\/28-12-e-raquel-que-chora-seus-filhos-e-nao-quer-ser-consolada-2\/","title":{"rendered":"28\/12 &#8211; &#8230;\u00e9 Raquel que chora seus filhos e n\u00e3o quer ser consolada&#8230;"},"content":{"rendered":"<p>Quinta-feira, 28 de dezembro de 2023.<\/p>\n<p>&nbsp;<\/p>\n<p>Evangelho (Mt 2,13-18)<\/p>\n<p>&nbsp;<\/p>\n<p><strong>\u201c&#8230;\u00e9 Raquel que chora seus filhos e n\u00e3o quer ser consolada&#8230;\u201d<\/strong><\/p>\n<p>&nbsp;<\/p>\n<p><sup>13<\/sup>Depois que os magos partiram, o Anjo do Senhor apareceu em sonho a Jos\u00e9 e lhe disse: \u201cLevanta-te, pega o menino e sua m\u00e3e e foge para o Egito! Fica l\u00e1 at\u00e9 que eu te avise! Porque Herodes vai procurar o menino para mat\u00e1-lo\u201d. <sup>14<\/sup>Jos\u00e9 levantou-se de noite, pegou o menino e sua m\u00e3e, e partiu para o Egito. <sup>15<\/sup>Ali ficou at\u00e9 a morte de Herodes, para se cumprir o que o Senhor havia dito pelo profeta: \u201cDo Egito chamei o meu Filho\u201d. <sup>16<\/sup>Quando Herodes percebeu que os magos o haviam enganado, ficou muito furioso. Mandou matar todos os meninos de Bel\u00e9m e de todo o territ\u00f3rio vizinho, de dois anos para baixo, exatamente conforme o tempo indicado pelos magos. <sup>17<\/sup>Ent\u00e3o se cumpriu o que foi dito pelo profeta Jeremias: <sup>18<\/sup>\u201cOuviu-se um grito em Ram\u00e1, choro e grande lamento: \u00e9 Raquel que chora seus filhos, e n\u00e3o quer ser consolada, porque eles n\u00e3o existem mais\u201d.<\/p>\n<p>&nbsp;<\/p>\n<p><strong>Reflex\u00e3o<\/strong><\/p>\n<p>&nbsp;<\/p>\n<p>A pergunta que podemos fazer \u00e9: Jesus, Aquele que \u00e9 portador da paz, como \u00e9 que a Sua chegada foi marcada por este massacre, a morte dos inocentes? Os evangelhos destes dias apresentam alguns dos epis\u00f3dios que marcaram a vinda de Jesus. Hoje n\u00f3s nos deparamos com a raiva dos poderosos com rela\u00e7\u00e3o a vinda de Jesus, principalmente Herodes. Jos\u00e9 \u00e9 avisado em sonho e foge com Maria e o Menino para o Egito. Ainda crian\u00e7a Jesus se torna um fugitivo com sua fam\u00edlia. Eles iniciam a viagem da esperan\u00e7a, assim como tantas fam\u00edlias fogem hoje de sua terra indo a lugares distantes para um recome\u00e7o de vida melhor. Jesus experimenta o amargo destino dos refugiados, dos exilados, dos que devem fugir para salvar a vida. A sua condi\u00e7\u00e3o n\u00e3o de privil\u00e9gio, mas de profunda comunh\u00e3o de experi\u00eancia com a injusti\u00e7a do mundo, com a injusti\u00e7a da hist\u00f3ria, sobretudo com a injusti\u00e7a reservada aos \u00faltimos, aos pobres. O problema verdadeiro \u00e9 que Herodes n\u00e3o se curva diante do fato de n\u00e3o ter conseguido individualizar o menino sobre o qual haviam falado os Magos, assim realiza o gesto desumano da trag\u00e9dia dos inocentes, dos quais fazemos a mem\u00f3ria lit\u00fargica hoje. O Natal \u00e9 tamb\u00e9m isto: \u00e9 a dor dos inocentes que Cristo veio carregar nos ombros. O Natal \u00e9 \u00b4tamb\u00e9m o grito das m\u00e3es que choram os pr\u00f3prios filhos que n\u00e3o existem mais.<\/p>\n<p><strong>Pe. Paulo Eduardo J\u00e1como, sdb.<\/strong><\/p>\n","protected":false},"excerpt":{"rendered":"<p>Quinta-feira, 28 de dezembro de 2023. &nbsp; Evangelho (Mt 2,13-18) &nbsp; \u201c&#8230;\u00e9 Raquel que chora seus filhos e n\u00e3o quer ser consolada&#8230;\u201d &nbsp; 13Depois que&#8230;<\/p>\n","protected":false},"author":1,"featured_media":8441,"comment_status":"closed","ping_status":"closed","sticky":false,"template":"","format":"standard","meta":{"_acf_changed":false,"footnotes":""},"categories":[13],"tags":[],"class_list":["post-8440","post","type-post","status-publish","format-standard","has-post-thumbnail","hentry","category-reflexaodoevagelho"],"acf":[],"yoast_head":"<!-- This site is optimized with the Yoast SEO plugin v27.3 - https:\/\/yoast.com\/product\/yoast-seo-wordpress\/ -->\n<title>28\/12 - ...\u00e9 Raquel que chora seus filhos e n\u00e3o quer ser consolada... - Pastoral Universit\u00e1ria UniSALESIANO<\/title>\n<meta name=\"robots\" content=\"index, follow, max-snippet:-1, max-image-preview:large, max-video-preview:-1\" \/>\n<link rel=\"canonical\" href=\"https:\/\/unisale.com.br\/novo\/28-12-e-raquel-que-chora-seus-filhos-e-nao-quer-ser-consolada-2\/\" \/>\n<meta property=\"og:locale\" content=\"pt_BR\" \/>\n<meta property=\"og:type\" content=\"article\" \/>\n<meta property=\"og:title\" content=\"28\/12 - ...\u00e9 Raquel que chora seus filhos e n\u00e3o quer ser consolada... - Pastoral Universit\u00e1ria UniSALESIANO\" \/>\n<meta property=\"og:description\" content=\"Quinta-feira, 28 de dezembro de 2023. &nbsp; Evangelho (Mt 2,13-18) &nbsp; \u201c&#8230;\u00e9 Raquel que chora seus filhos e n\u00e3o quer ser consolada&#8230;\u201d &nbsp; 13Depois que...\" \/>\n<meta property=\"og:url\" content=\"https:\/\/unisale.com.br\/novo\/28-12-e-raquel-que-chora-seus-filhos-e-nao-quer-ser-consolada-2\/\" \/>\n<meta property=\"og:site_name\" content=\"Pastoral Universit\u00e1ria UniSALESIANO\" \/>\n<meta property=\"article:published_time\" content=\"2023-12-15T12:39:49+00:00\" \/>\n<meta name=\"author\" content=\"pastoral\" \/>\n<meta name=\"twitter:card\" content=\"summary_large_image\" \/>\n<meta name=\"twitter:label1\" content=\"Escrito por\" \/>\n\t<meta name=\"twitter:data1\" content=\"pastoral\" \/>\n\t<meta name=\"twitter:label2\" content=\"Est. tempo de leitura\" \/>\n\t<meta name=\"twitter:data2\" content=\"2 minutos\" \/>\n<script type=\"application\/ld+json\" class=\"yoast-schema-graph\">{\"@context\":\"https:\\\/\\\/schema.org\",\"@graph\":[{\"@type\":\"Article\",\"@id\":\"https:\\\/\\\/unisale.com.br\\\/novo\\\/28-12-e-raquel-que-chora-seus-filhos-e-nao-quer-ser-consolada-2\\\/#article\",\"isPartOf\":{\"@id\":\"https:\\\/\\\/unisale.com.br\\\/novo\\\/28-12-e-raquel-que-chora-seus-filhos-e-nao-quer-ser-consolada-2\\\/\"},\"author\":{\"name\":\"pastoral\",\"@id\":\"https:\\\/\\\/unisale.com.br\\\/pastoral\\\/#\\\/schema\\\/person\\\/a16ba711a0f7dec9cb6b44563144d5a3\"},\"headline\":\"28\\\/12 &#8211; &#8230;\u00e9 Raquel que chora seus filhos e n\u00e3o quer ser consolada&#8230;\",\"datePublished\":\"2023-12-15T12:39:49+00:00\",\"mainEntityOfPage\":{\"@id\":\"https:\\\/\\\/unisale.com.br\\\/novo\\\/28-12-e-raquel-que-chora-seus-filhos-e-nao-quer-ser-consolada-2\\\/\"},\"wordCount\":456,\"image\":{\"@id\":\"https:\\\/\\\/unisale.com.br\\\/novo\\\/28-12-e-raquel-que-chora-seus-filhos-e-nao-quer-ser-consolada-2\\\/#primaryimage\"},\"thumbnailUrl\":\"https:\\\/\\\/unisale.com.br\\\/pastoral\\\/wp-content\\\/uploads\\\/2023\\\/12\\\/Fuga.jpg\",\"articleSection\":[\"Reflex\u00e3o do Evangelho\"],\"inLanguage\":\"pt-BR\"},{\"@type\":\"WebPage\",\"@id\":\"https:\\\/\\\/unisale.com.br\\\/novo\\\/28-12-e-raquel-que-chora-seus-filhos-e-nao-quer-ser-consolada-2\\\/\",\"url\":\"https:\\\/\\\/unisale.com.br\\\/novo\\\/28-12-e-raquel-que-chora-seus-filhos-e-nao-quer-ser-consolada-2\\\/\",\"name\":\"28\\\/12 - ...\u00e9 Raquel que chora seus filhos e n\u00e3o quer ser consolada... - Pastoral Universit\u00e1ria UniSALESIANO\",\"isPartOf\":{\"@id\":\"https:\\\/\\\/unisale.com.br\\\/pastoral\\\/#website\"},\"primaryImageOfPage\":{\"@id\":\"https:\\\/\\\/unisale.com.br\\\/novo\\\/28-12-e-raquel-que-chora-seus-filhos-e-nao-quer-ser-consolada-2\\\/#primaryimage\"},\"image\":{\"@id\":\"https:\\\/\\\/unisale.com.br\\\/novo\\\/28-12-e-raquel-que-chora-seus-filhos-e-nao-quer-ser-consolada-2\\\/#primaryimage\"},\"thumbnailUrl\":\"https:\\\/\\\/unisale.com.br\\\/pastoral\\\/wp-content\\\/uploads\\\/2023\\\/12\\\/Fuga.jpg\",\"datePublished\":\"2023-12-15T12:39:49+00:00\",\"author\":{\"@id\":\"https:\\\/\\\/unisale.com.br\\\/pastoral\\\/#\\\/schema\\\/person\\\/a16ba711a0f7dec9cb6b44563144d5a3\"},\"inLanguage\":\"pt-BR\",\"potentialAction\":[{\"@type\":\"ReadAction\",\"target\":[\"https:\\\/\\\/unisale.com.br\\\/novo\\\/28-12-e-raquel-que-chora-seus-filhos-e-nao-quer-ser-consolada-2\\\/\"]}]},{\"@type\":\"ImageObject\",\"inLanguage\":\"pt-BR\",\"@id\":\"https:\\\/\\\/unisale.com.br\\\/novo\\\/28-12-e-raquel-que-chora-seus-filhos-e-nao-quer-ser-consolada-2\\\/#primaryimage\",\"url\":\"https:\\\/\\\/unisale.com.br\\\/pastoral\\\/wp-content\\\/uploads\\\/2023\\\/12\\\/Fuga.jpg\",\"contentUrl\":\"https:\\\/\\\/unisale.com.br\\\/pastoral\\\/wp-content\\\/uploads\\\/2023\\\/12\\\/Fuga.jpg\",\"width\":265,\"height\":149},{\"@type\":\"WebSite\",\"@id\":\"https:\\\/\\\/unisale.com.br\\\/pastoral\\\/#website\",\"url\":\"https:\\\/\\\/unisale.com.br\\\/pastoral\\\/\",\"name\":\"Pastoral Universit\u00e1ria UniSALESIANO\",\"description\":\"Site da Pastoral Universit\u00e1ria do UniSALESIANO\",\"potentialAction\":[{\"@type\":\"SearchAction\",\"target\":{\"@type\":\"EntryPoint\",\"urlTemplate\":\"https:\\\/\\\/unisale.com.br\\\/pastoral\\\/?s={search_term_string}\"},\"query-input\":{\"@type\":\"PropertyValueSpecification\",\"valueRequired\":true,\"valueName\":\"search_term_string\"}}],\"inLanguage\":\"pt-BR\"},{\"@type\":\"Person\",\"@id\":\"https:\\\/\\\/unisale.com.br\\\/pastoral\\\/#\\\/schema\\\/person\\\/a16ba711a0f7dec9cb6b44563144d5a3\",\"name\":\"pastoral\",\"url\":\"https:\\\/\\\/unisale.com.br\\\/pastoral\\\/author\\\/pastoral\\\/\"}]}<\/script>\n<!-- \/ Yoast SEO plugin. -->","yoast_head_json":{"title":"28\/12 - ...\u00e9 Raquel que chora seus filhos e n\u00e3o quer ser consolada... - Pastoral Universit\u00e1ria UniSALESIANO","robots":{"index":"index","follow":"follow","max-snippet":"max-snippet:-1","max-image-preview":"max-image-preview:large","max-video-preview":"max-video-preview:-1"},"canonical":"https:\/\/unisale.com.br\/novo\/28-12-e-raquel-que-chora-seus-filhos-e-nao-quer-ser-consolada-2\/","og_locale":"pt_BR","og_type":"article","og_title":"28\/12 - ...\u00e9 Raquel que chora seus filhos e n\u00e3o quer ser consolada... - Pastoral Universit\u00e1ria UniSALESIANO","og_description":"Quinta-feira, 28 de dezembro de 2023. &nbsp; Evangelho (Mt 2,13-18) &nbsp; \u201c&#8230;\u00e9 Raquel que chora seus filhos e n\u00e3o quer ser consolada&#8230;\u201d &nbsp; 13Depois que...","og_url":"https:\/\/unisale.com.br\/novo\/28-12-e-raquel-que-chora-seus-filhos-e-nao-quer-ser-consolada-2\/","og_site_name":"Pastoral Universit\u00e1ria UniSALESIANO","article_published_time":"2023-12-15T12:39:49+00:00","author":"pastoral","twitter_card":"summary_large_image","twitter_misc":{"Escrito por":"pastoral","Est. tempo de leitura":"2 minutos"},"schema":{"@context":"https:\/\/schema.org","@graph":[{"@type":"Article","@id":"https:\/\/unisale.com.br\/novo\/28-12-e-raquel-que-chora-seus-filhos-e-nao-quer-ser-consolada-2\/#article","isPartOf":{"@id":"https:\/\/unisale.com.br\/novo\/28-12-e-raquel-que-chora-seus-filhos-e-nao-quer-ser-consolada-2\/"},"author":{"name":"pastoral","@id":"https:\/\/unisale.com.br\/pastoral\/#\/schema\/person\/a16ba711a0f7dec9cb6b44563144d5a3"},"headline":"28\/12 &#8211; &#8230;\u00e9 Raquel que chora seus filhos e n\u00e3o quer ser consolada&#8230;","datePublished":"2023-12-15T12:39:49+00:00","mainEntityOfPage":{"@id":"https:\/\/unisale.com.br\/novo\/28-12-e-raquel-que-chora-seus-filhos-e-nao-quer-ser-consolada-2\/"},"wordCount":456,"image":{"@id":"https:\/\/unisale.com.br\/novo\/28-12-e-raquel-que-chora-seus-filhos-e-nao-quer-ser-consolada-2\/#primaryimage"},"thumbnailUrl":"https:\/\/unisale.com.br\/pastoral\/wp-content\/uploads\/2023\/12\/Fuga.jpg","articleSection":["Reflex\u00e3o do Evangelho"],"inLanguage":"pt-BR"},{"@type":"WebPage","@id":"https:\/\/unisale.com.br\/novo\/28-12-e-raquel-que-chora-seus-filhos-e-nao-quer-ser-consolada-2\/","url":"https:\/\/unisale.com.br\/novo\/28-12-e-raquel-que-chora-seus-filhos-e-nao-quer-ser-consolada-2\/","name":"28\/12 - ...\u00e9 Raquel que chora seus filhos e n\u00e3o quer ser consolada... - Pastoral Universit\u00e1ria UniSALESIANO","isPartOf":{"@id":"https:\/\/unisale.com.br\/pastoral\/#website"},"primaryImageOfPage":{"@id":"https:\/\/unisale.com.br\/novo\/28-12-e-raquel-que-chora-seus-filhos-e-nao-quer-ser-consolada-2\/#primaryimage"},"image":{"@id":"https:\/\/unisale.com.br\/novo\/28-12-e-raquel-que-chora-seus-filhos-e-nao-quer-ser-consolada-2\/#primaryimage"},"thumbnailUrl":"https:\/\/unisale.com.br\/pastoral\/wp-content\/uploads\/2023\/12\/Fuga.jpg","datePublished":"2023-12-15T12:39:49+00:00","author":{"@id":"https:\/\/unisale.com.br\/pastoral\/#\/schema\/person\/a16ba711a0f7dec9cb6b44563144d5a3"},"inLanguage":"pt-BR","potentialAction":[{"@type":"ReadAction","target":["https:\/\/unisale.com.br\/novo\/28-12-e-raquel-que-chora-seus-filhos-e-nao-quer-ser-consolada-2\/"]}]},{"@type":"ImageObject","inLanguage":"pt-BR","@id":"https:\/\/unisale.com.br\/novo\/28-12-e-raquel-que-chora-seus-filhos-e-nao-quer-ser-consolada-2\/#primaryimage","url":"https:\/\/unisale.com.br\/pastoral\/wp-content\/uploads\/2023\/12\/Fuga.jpg","contentUrl":"https:\/\/unisale.com.br\/pastoral\/wp-content\/uploads\/2023\/12\/Fuga.jpg","width":265,"height":149},{"@type":"WebSite","@id":"https:\/\/unisale.com.br\/pastoral\/#website","url":"https:\/\/unisale.com.br\/pastoral\/","name":"Pastoral Universit\u00e1ria UniSALESIANO","description":"Site da Pastoral Universit\u00e1ria do UniSALESIANO","potentialAction":[{"@type":"SearchAction","target":{"@type":"EntryPoint","urlTemplate":"https:\/\/unisale.com.br\/pastoral\/?s={search_term_string}"},"query-input":{"@type":"PropertyValueSpecification","valueRequired":true,"valueName":"search_term_string"}}],"inLanguage":"pt-BR"},{"@type":"Person","@id":"https:\/\/unisale.com.br\/pastoral\/#\/schema\/person\/a16ba711a0f7dec9cb6b44563144d5a3","name":"pastoral","url":"https:\/\/unisale.com.br\/pastoral\/author\/pastoral\/"}]}},"_links":{"self":[{"href":"https:\/\/unisale.com.br\/pastoral\/wp-json\/wp\/v2\/posts\/8440","targetHints":{"allow":["GET"]}}],"collection":[{"href":"https:\/\/unisale.com.br\/pastoral\/wp-json\/wp\/v2\/posts"}],"about":[{"href":"https:\/\/unisale.com.br\/pastoral\/wp-json\/wp\/v2\/types\/post"}],"author":[{"embeddable":true,"href":"https:\/\/unisale.com.br\/pastoral\/wp-json\/wp\/v2\/users\/1"}],"replies":[{"embeddable":true,"href":"https:\/\/unisale.com.br\/pastoral\/wp-json\/wp\/v2\/comments?post=8440"}],"version-history":[{"count":0,"href":"https:\/\/unisale.com.br\/pastoral\/wp-json\/wp\/v2\/posts\/8440\/revisions"}],"wp:featuredmedia":[{"embeddable":true,"href":"https:\/\/unisale.com.br\/pastoral\/wp-json\/wp\/v2\/media\/8441"}],"wp:attachment":[{"href":"https:\/\/unisale.com.br\/pastoral\/wp-json\/wp\/v2\/media?parent=8440"}],"wp:term":[{"taxonomy":"category","embeddable":true,"href":"https:\/\/unisale.com.br\/pastoral\/wp-json\/wp\/v2\/categories?post=8440"},{"taxonomy":"post_tag","embeddable":true,"href":"https:\/\/unisale.com.br\/pastoral\/wp-json\/wp\/v2\/tags?post=8440"}],"curies":[{"name":"wp","href":"https:\/\/api.w.org\/{rel}","templated":true}]}}