{"id":8446,"date":"2023-12-15T12:42:01","date_gmt":"2023-12-15T12:42:01","guid":{"rendered":"https:\/\/unisale.com.br\/pastoral\/?p=8446"},"modified":"2023-12-15T12:42:01","modified_gmt":"2023-12-15T12:42:01","slug":"30-12-o-menino-crescia-e-tornava-se-forte-cheio-de-sabedoria-e-a-graca-de-deus-estava-com-ele-2","status":"publish","type":"post","link":"https:\/\/unisale.com.br\/pastoral\/30-12-o-menino-crescia-e-tornava-se-forte-cheio-de-sabedoria-e-a-graca-de-deus-estava-com-ele-2\/","title":{"rendered":"30\/12 &#8211; O menino crescia e tornava-se forte, cheio de sabedoria; e a gra\u00e7a de Deus estava com ele."},"content":{"rendered":"<p>S\u00e1bado, 30 de dezembro de 2023.<\/p>\n<p>&nbsp;<\/p>\n<p>Evangelho (Lc 2,36-40)<\/p>\n<p>&nbsp;<\/p>\n<p><strong>\u201cO menino crescia e tornava-se forte, cheio de sabedoria; e a gra\u00e7a de Deus estava com ele\u201d<\/strong><\/p>\n<p>&nbsp;<\/p>\n<p>Naquele tempo, <sup>36<\/sup>havia tamb\u00e9m uma profetisa, chamada Ana, filha de Fanuel, da tribo de Aser. Era de idade muito avan\u00e7ada; quando jovem, tinha sido casada e vivera sete anos com o marido. <sup>37<\/sup>Depois ficara vi\u00fava, e agora j\u00e1 estava com oitenta e quatro anos. N\u00e3o sa\u00eda do Templo, dia e noite servindo a Deus com jejuns e ora\u00e7\u00f5es. <sup>38<\/sup>Ana chegou nesse momento e p\u00f4s-se a louvar a Deus e a falar do menino a todos os que esperavam a liberta\u00e7\u00e3o de Jerusal\u00e9m. <sup>39<\/sup>Depois de cumprirem tudo, conforme a Lei do Senhor, voltaram \u00e0 Galileia, para Nazar\u00e9, sua cidade. <sup>40<\/sup>O menino crescia e tornava-se forte, cheio de sabedoria; e a gra\u00e7a de Deus estava com ele.<\/p>\n<p>&nbsp;<\/p>\n<p><strong>Reflex\u00e3o<\/strong><\/p>\n<p>&nbsp;<\/p>\n<p>Dois anci\u00e3os que aguardavam esperan\u00e7osos a chegada do Salvador, Sime\u00e3o e Ana. Ele, \u00edcone da espera, ela, \u00edcone da fidelidade. Sua fidelidade \u00e9 inabal\u00e1vel. N\u00e3o existe vitimismo, depress\u00e3o, fechamento, raiva nesta mulher. Transformou a trag\u00e9dia de ter perdido o marido quando ainda era jovem em servi\u00e7o. A sua ora\u00e7\u00e3o n\u00e3o uma fuga ou o preenchimento de um vazio, \u00e9 a escolha consciente de ser, no entanto, fecunda e apaixonada, n\u00e3o obstante tudo. Tamb\u00e9m ela, que talvez n\u00e3o tivesse tido filhos, se ocupa como uma m\u00e3e e uma mulher extraordin\u00e1ria, \u201cnoite e dia\u201d, nos diz o Evangelho. N\u00e3o \u00e9 a imagem daquelas mulheres fastidiosas que arrastam o ros\u00e1rio e fofocas e que s\u00e3o todas ora\u00e7\u00f5es e fatos dos outros. N\u00e3o, ela \u00e9 uma mulher capaz de jejuar. E o jejum \u00e9 um fato tamb\u00e9m da l\u00edngua. Ali\u00e1s, \u00e9 o jejum mais exigente. A esta mulher Jesus concede o dom de ser visto em faixas. Ana nos mostra assim que o Natal \u00e9 tamb\u00e9m a realiza\u00e7\u00e3o de vidas que pareciam estar pela metade. De vidas que podiam suscitar a d\u00favida do fato contr\u00e1rio. Todos n\u00f3s muitas vezes olhando a nossa vida podemos pensar que existem muitos buracos, e muitos distor\u00e7\u00f5es para dizer de ter tido uma vida justa, ou vida plena. Mas a grandeza da vida n\u00e3o depende daquilo que nos acontece, mas daquilo que encontramos naquilo que acontece. Ana, nas suas experi\u00eancias pessoais de viuvez e de esterilidade teve, por\u00e9m, a alegria de encontrar a Cristo. E este encontro que d\u00e1 significado \u00e0 sua vida, n\u00e3o os simples eventos assim como lhe acontecem.<\/p>\n<p><strong>Pe. Paulo Eduardo J\u00e1como, sdb.<\/strong><\/p>\n","protected":false},"excerpt":{"rendered":"<p>S\u00e1bado, 30 de dezembro de 2023. &nbsp; Evangelho (Lc 2,36-40) &nbsp; \u201cO menino crescia e tornava-se forte, cheio de sabedoria; e a gra\u00e7a de Deus&#8230;<\/p>\n","protected":false},"author":1,"featured_media":8447,"comment_status":"closed","ping_status":"closed","sticky":false,"template":"","format":"standard","meta":{"_acf_changed":false,"footnotes":""},"categories":[13],"tags":[],"class_list":["post-8446","post","type-post","status-publish","format-standard","has-post-thumbnail","hentry","category-reflexaodoevagelho"],"acf":[],"yoast_head":"<!-- This site is optimized with the Yoast SEO plugin v27.3 - https:\/\/yoast.com\/product\/yoast-seo-wordpress\/ -->\n<title>30\/12 - O menino crescia e tornava-se forte, cheio de sabedoria; e a gra\u00e7a de Deus estava com ele. - Pastoral Universit\u00e1ria UniSALESIANO<\/title>\n<meta name=\"robots\" content=\"index, follow, max-snippet:-1, max-image-preview:large, max-video-preview:-1\" \/>\n<link rel=\"canonical\" href=\"https:\/\/unisale.com.br\/novo\/30-12-o-menino-crescia-e-tornava-se-forte-cheio-de-sabedoria-e-a-graca-de-deus-estava-com-ele-2\/\" \/>\n<meta property=\"og:locale\" content=\"pt_BR\" \/>\n<meta property=\"og:type\" content=\"article\" \/>\n<meta property=\"og:title\" content=\"30\/12 - O menino crescia e tornava-se forte, cheio de sabedoria; e a gra\u00e7a de Deus estava com ele. - Pastoral Universit\u00e1ria UniSALESIANO\" \/>\n<meta property=\"og:description\" content=\"S\u00e1bado, 30 de dezembro de 2023. &nbsp; Evangelho (Lc 2,36-40) &nbsp; \u201cO menino crescia e tornava-se forte, cheio de sabedoria; e a gra\u00e7a de Deus...\" \/>\n<meta property=\"og:url\" content=\"https:\/\/unisale.com.br\/novo\/30-12-o-menino-crescia-e-tornava-se-forte-cheio-de-sabedoria-e-a-graca-de-deus-estava-com-ele-2\/\" \/>\n<meta property=\"og:site_name\" content=\"Pastoral Universit\u00e1ria UniSALESIANO\" \/>\n<meta property=\"article:published_time\" content=\"2023-12-15T12:42:01+00:00\" \/>\n<meta name=\"author\" content=\"pastoral\" \/>\n<meta name=\"twitter:card\" content=\"summary_large_image\" \/>\n<meta name=\"twitter:label1\" content=\"Escrito por\" \/>\n\t<meta name=\"twitter:data1\" content=\"pastoral\" \/>\n\t<meta name=\"twitter:label2\" content=\"Est. tempo de leitura\" \/>\n\t<meta name=\"twitter:data2\" content=\"2 minutos\" \/>\n<script type=\"application\/ld+json\" class=\"yoast-schema-graph\">{\"@context\":\"https:\\\/\\\/schema.org\",\"@graph\":[{\"@type\":\"Article\",\"@id\":\"https:\\\/\\\/unisale.com.br\\\/novo\\\/30-12-o-menino-crescia-e-tornava-se-forte-cheio-de-sabedoria-e-a-graca-de-deus-estava-com-ele-2\\\/#article\",\"isPartOf\":{\"@id\":\"https:\\\/\\\/unisale.com.br\\\/novo\\\/30-12-o-menino-crescia-e-tornava-se-forte-cheio-de-sabedoria-e-a-graca-de-deus-estava-com-ele-2\\\/\"},\"author\":{\"name\":\"pastoral\",\"@id\":\"https:\\\/\\\/unisale.com.br\\\/pastoral\\\/#\\\/schema\\\/person\\\/a16ba711a0f7dec9cb6b44563144d5a3\"},\"headline\":\"30\\\/12 &#8211; O menino crescia e tornava-se forte, cheio de sabedoria; e a gra\u00e7a de Deus estava com ele.\",\"datePublished\":\"2023-12-15T12:42:01+00:00\",\"mainEntityOfPage\":{\"@id\":\"https:\\\/\\\/unisale.com.br\\\/novo\\\/30-12-o-menino-crescia-e-tornava-se-forte-cheio-de-sabedoria-e-a-graca-de-deus-estava-com-ele-2\\\/\"},\"wordCount\":469,\"image\":{\"@id\":\"https:\\\/\\\/unisale.com.br\\\/novo\\\/30-12-o-menino-crescia-e-tornava-se-forte-cheio-de-sabedoria-e-a-graca-de-deus-estava-com-ele-2\\\/#primaryimage\"},\"thumbnailUrl\":\"https:\\\/\\\/unisale.com.br\\\/pastoral\\\/wp-content\\\/uploads\\\/2023\\\/12\\\/liturgia-apresentacao-do-senhor-frame.jpg\",\"articleSection\":[\"Reflex\u00e3o do Evangelho\"],\"inLanguage\":\"pt-BR\"},{\"@type\":\"WebPage\",\"@id\":\"https:\\\/\\\/unisale.com.br\\\/novo\\\/30-12-o-menino-crescia-e-tornava-se-forte-cheio-de-sabedoria-e-a-graca-de-deus-estava-com-ele-2\\\/\",\"url\":\"https:\\\/\\\/unisale.com.br\\\/novo\\\/30-12-o-menino-crescia-e-tornava-se-forte-cheio-de-sabedoria-e-a-graca-de-deus-estava-com-ele-2\\\/\",\"name\":\"30\\\/12 - O menino crescia e tornava-se forte, cheio de sabedoria; e a gra\u00e7a de Deus estava com ele. - Pastoral Universit\u00e1ria UniSALESIANO\",\"isPartOf\":{\"@id\":\"https:\\\/\\\/unisale.com.br\\\/pastoral\\\/#website\"},\"primaryImageOfPage\":{\"@id\":\"https:\\\/\\\/unisale.com.br\\\/novo\\\/30-12-o-menino-crescia-e-tornava-se-forte-cheio-de-sabedoria-e-a-graca-de-deus-estava-com-ele-2\\\/#primaryimage\"},\"image\":{\"@id\":\"https:\\\/\\\/unisale.com.br\\\/novo\\\/30-12-o-menino-crescia-e-tornava-se-forte-cheio-de-sabedoria-e-a-graca-de-deus-estava-com-ele-2\\\/#primaryimage\"},\"thumbnailUrl\":\"https:\\\/\\\/unisale.com.br\\\/pastoral\\\/wp-content\\\/uploads\\\/2023\\\/12\\\/liturgia-apresentacao-do-senhor-frame.jpg\",\"datePublished\":\"2023-12-15T12:42:01+00:00\",\"author\":{\"@id\":\"https:\\\/\\\/unisale.com.br\\\/pastoral\\\/#\\\/schema\\\/person\\\/a16ba711a0f7dec9cb6b44563144d5a3\"},\"inLanguage\":\"pt-BR\",\"potentialAction\":[{\"@type\":\"ReadAction\",\"target\":[\"https:\\\/\\\/unisale.com.br\\\/novo\\\/30-12-o-menino-crescia-e-tornava-se-forte-cheio-de-sabedoria-e-a-graca-de-deus-estava-com-ele-2\\\/\"]}]},{\"@type\":\"ImageObject\",\"inLanguage\":\"pt-BR\",\"@id\":\"https:\\\/\\\/unisale.com.br\\\/novo\\\/30-12-o-menino-crescia-e-tornava-se-forte-cheio-de-sabedoria-e-a-graca-de-deus-estava-com-ele-2\\\/#primaryimage\",\"url\":\"https:\\\/\\\/unisale.com.br\\\/pastoral\\\/wp-content\\\/uploads\\\/2023\\\/12\\\/liturgia-apresentacao-do-senhor-frame.jpg\",\"contentUrl\":\"https:\\\/\\\/unisale.com.br\\\/pastoral\\\/wp-content\\\/uploads\\\/2023\\\/12\\\/liturgia-apresentacao-do-senhor-frame.jpg\",\"width\":1280,\"height\":720},{\"@type\":\"WebSite\",\"@id\":\"https:\\\/\\\/unisale.com.br\\\/pastoral\\\/#website\",\"url\":\"https:\\\/\\\/unisale.com.br\\\/pastoral\\\/\",\"name\":\"Pastoral Universit\u00e1ria UniSALESIANO\",\"description\":\"Site da Pastoral Universit\u00e1ria do UniSALESIANO\",\"potentialAction\":[{\"@type\":\"SearchAction\",\"target\":{\"@type\":\"EntryPoint\",\"urlTemplate\":\"https:\\\/\\\/unisale.com.br\\\/pastoral\\\/?s={search_term_string}\"},\"query-input\":{\"@type\":\"PropertyValueSpecification\",\"valueRequired\":true,\"valueName\":\"search_term_string\"}}],\"inLanguage\":\"pt-BR\"},{\"@type\":\"Person\",\"@id\":\"https:\\\/\\\/unisale.com.br\\\/pastoral\\\/#\\\/schema\\\/person\\\/a16ba711a0f7dec9cb6b44563144d5a3\",\"name\":\"pastoral\",\"url\":\"https:\\\/\\\/unisale.com.br\\\/pastoral\\\/author\\\/pastoral\\\/\"}]}<\/script>\n<!-- \/ Yoast SEO plugin. -->","yoast_head_json":{"title":"30\/12 - O menino crescia e tornava-se forte, cheio de sabedoria; e a gra\u00e7a de Deus estava com ele. - Pastoral Universit\u00e1ria UniSALESIANO","robots":{"index":"index","follow":"follow","max-snippet":"max-snippet:-1","max-image-preview":"max-image-preview:large","max-video-preview":"max-video-preview:-1"},"canonical":"https:\/\/unisale.com.br\/novo\/30-12-o-menino-crescia-e-tornava-se-forte-cheio-de-sabedoria-e-a-graca-de-deus-estava-com-ele-2\/","og_locale":"pt_BR","og_type":"article","og_title":"30\/12 - O menino crescia e tornava-se forte, cheio de sabedoria; e a gra\u00e7a de Deus estava com ele. - Pastoral Universit\u00e1ria UniSALESIANO","og_description":"S\u00e1bado, 30 de dezembro de 2023. &nbsp; Evangelho (Lc 2,36-40) &nbsp; \u201cO menino crescia e tornava-se forte, cheio de sabedoria; e a gra\u00e7a de Deus...","og_url":"https:\/\/unisale.com.br\/novo\/30-12-o-menino-crescia-e-tornava-se-forte-cheio-de-sabedoria-e-a-graca-de-deus-estava-com-ele-2\/","og_site_name":"Pastoral Universit\u00e1ria UniSALESIANO","article_published_time":"2023-12-15T12:42:01+00:00","author":"pastoral","twitter_card":"summary_large_image","twitter_misc":{"Escrito por":"pastoral","Est. tempo de leitura":"2 minutos"},"schema":{"@context":"https:\/\/schema.org","@graph":[{"@type":"Article","@id":"https:\/\/unisale.com.br\/novo\/30-12-o-menino-crescia-e-tornava-se-forte-cheio-de-sabedoria-e-a-graca-de-deus-estava-com-ele-2\/#article","isPartOf":{"@id":"https:\/\/unisale.com.br\/novo\/30-12-o-menino-crescia-e-tornava-se-forte-cheio-de-sabedoria-e-a-graca-de-deus-estava-com-ele-2\/"},"author":{"name":"pastoral","@id":"https:\/\/unisale.com.br\/pastoral\/#\/schema\/person\/a16ba711a0f7dec9cb6b44563144d5a3"},"headline":"30\/12 &#8211; O menino crescia e tornava-se forte, cheio de sabedoria; e a gra\u00e7a de Deus estava com ele.","datePublished":"2023-12-15T12:42:01+00:00","mainEntityOfPage":{"@id":"https:\/\/unisale.com.br\/novo\/30-12-o-menino-crescia-e-tornava-se-forte-cheio-de-sabedoria-e-a-graca-de-deus-estava-com-ele-2\/"},"wordCount":469,"image":{"@id":"https:\/\/unisale.com.br\/novo\/30-12-o-menino-crescia-e-tornava-se-forte-cheio-de-sabedoria-e-a-graca-de-deus-estava-com-ele-2\/#primaryimage"},"thumbnailUrl":"https:\/\/unisale.com.br\/pastoral\/wp-content\/uploads\/2023\/12\/liturgia-apresentacao-do-senhor-frame.jpg","articleSection":["Reflex\u00e3o do Evangelho"],"inLanguage":"pt-BR"},{"@type":"WebPage","@id":"https:\/\/unisale.com.br\/novo\/30-12-o-menino-crescia-e-tornava-se-forte-cheio-de-sabedoria-e-a-graca-de-deus-estava-com-ele-2\/","url":"https:\/\/unisale.com.br\/novo\/30-12-o-menino-crescia-e-tornava-se-forte-cheio-de-sabedoria-e-a-graca-de-deus-estava-com-ele-2\/","name":"30\/12 - O menino crescia e tornava-se forte, cheio de sabedoria; e a gra\u00e7a de Deus estava com ele. - Pastoral Universit\u00e1ria UniSALESIANO","isPartOf":{"@id":"https:\/\/unisale.com.br\/pastoral\/#website"},"primaryImageOfPage":{"@id":"https:\/\/unisale.com.br\/novo\/30-12-o-menino-crescia-e-tornava-se-forte-cheio-de-sabedoria-e-a-graca-de-deus-estava-com-ele-2\/#primaryimage"},"image":{"@id":"https:\/\/unisale.com.br\/novo\/30-12-o-menino-crescia-e-tornava-se-forte-cheio-de-sabedoria-e-a-graca-de-deus-estava-com-ele-2\/#primaryimage"},"thumbnailUrl":"https:\/\/unisale.com.br\/pastoral\/wp-content\/uploads\/2023\/12\/liturgia-apresentacao-do-senhor-frame.jpg","datePublished":"2023-12-15T12:42:01+00:00","author":{"@id":"https:\/\/unisale.com.br\/pastoral\/#\/schema\/person\/a16ba711a0f7dec9cb6b44563144d5a3"},"inLanguage":"pt-BR","potentialAction":[{"@type":"ReadAction","target":["https:\/\/unisale.com.br\/novo\/30-12-o-menino-crescia-e-tornava-se-forte-cheio-de-sabedoria-e-a-graca-de-deus-estava-com-ele-2\/"]}]},{"@type":"ImageObject","inLanguage":"pt-BR","@id":"https:\/\/unisale.com.br\/novo\/30-12-o-menino-crescia-e-tornava-se-forte-cheio-de-sabedoria-e-a-graca-de-deus-estava-com-ele-2\/#primaryimage","url":"https:\/\/unisale.com.br\/pastoral\/wp-content\/uploads\/2023\/12\/liturgia-apresentacao-do-senhor-frame.jpg","contentUrl":"https:\/\/unisale.com.br\/pastoral\/wp-content\/uploads\/2023\/12\/liturgia-apresentacao-do-senhor-frame.jpg","width":1280,"height":720},{"@type":"WebSite","@id":"https:\/\/unisale.com.br\/pastoral\/#website","url":"https:\/\/unisale.com.br\/pastoral\/","name":"Pastoral Universit\u00e1ria UniSALESIANO","description":"Site da Pastoral Universit\u00e1ria do UniSALESIANO","potentialAction":[{"@type":"SearchAction","target":{"@type":"EntryPoint","urlTemplate":"https:\/\/unisale.com.br\/pastoral\/?s={search_term_string}"},"query-input":{"@type":"PropertyValueSpecification","valueRequired":true,"valueName":"search_term_string"}}],"inLanguage":"pt-BR"},{"@type":"Person","@id":"https:\/\/unisale.com.br\/pastoral\/#\/schema\/person\/a16ba711a0f7dec9cb6b44563144d5a3","name":"pastoral","url":"https:\/\/unisale.com.br\/pastoral\/author\/pastoral\/"}]}},"_links":{"self":[{"href":"https:\/\/unisale.com.br\/pastoral\/wp-json\/wp\/v2\/posts\/8446","targetHints":{"allow":["GET"]}}],"collection":[{"href":"https:\/\/unisale.com.br\/pastoral\/wp-json\/wp\/v2\/posts"}],"about":[{"href":"https:\/\/unisale.com.br\/pastoral\/wp-json\/wp\/v2\/types\/post"}],"author":[{"embeddable":true,"href":"https:\/\/unisale.com.br\/pastoral\/wp-json\/wp\/v2\/users\/1"}],"replies":[{"embeddable":true,"href":"https:\/\/unisale.com.br\/pastoral\/wp-json\/wp\/v2\/comments?post=8446"}],"version-history":[{"count":0,"href":"https:\/\/unisale.com.br\/pastoral\/wp-json\/wp\/v2\/posts\/8446\/revisions"}],"wp:featuredmedia":[{"embeddable":true,"href":"https:\/\/unisale.com.br\/pastoral\/wp-json\/wp\/v2\/media\/8447"}],"wp:attachment":[{"href":"https:\/\/unisale.com.br\/pastoral\/wp-json\/wp\/v2\/media?parent=8446"}],"wp:term":[{"taxonomy":"category","embeddable":true,"href":"https:\/\/unisale.com.br\/pastoral\/wp-json\/wp\/v2\/categories?post=8446"},{"taxonomy":"post_tag","embeddable":true,"href":"https:\/\/unisale.com.br\/pastoral\/wp-json\/wp\/v2\/tags?post=8446"}],"curies":[{"name":"wp","href":"https:\/\/api.w.org\/{rel}","templated":true}]}}