{"id":8467,"date":"2023-12-15T12:53:10","date_gmt":"2023-12-15T12:53:10","guid":{"rendered":"https:\/\/unisale.com.br\/pastoral\/?p=8467"},"modified":"2023-12-15T12:53:10","modified_gmt":"2023-12-15T12:53:10","slug":"06-12-eu-vos-batizei-com-agua-mas-ele-vos-batizara-com-o-espirito-santo","status":"publish","type":"post","link":"https:\/\/unisale.com.br\/pastoral\/06-12-eu-vos-batizei-com-agua-mas-ele-vos-batizara-com-o-espirito-santo\/","title":{"rendered":"06\/01 &#8211; Eu vos batizei com \u00e1gua, mas ele vos batizar\u00e1 com o Esp\u00edrito Santo."},"content":{"rendered":"<p>S\u00e1bado, 06 de janeiro de 2024.<\/p>\n<p>&nbsp;<\/p>\n<p>Evangelho (Mc 1,7-11)<\/p>\n<p>&nbsp;<\/p>\n<p><strong>\u201cEu vos batizei com \u00e1gua, mas ele vos batizar\u00e1 com o Esp\u00edrito Santo\u201d<\/strong><\/p>\n<p>&nbsp;<\/p>\n<p>Naquele tempo, <sup>7<\/sup>Jo\u00e3o pregava, dizendo: \u201cDepois de mim vir\u00e1 algu\u00e9m mais forte do que eu. Eu nem sou digno de me abaixar para desamarrar suas sand\u00e1lias. <sup>8<\/sup>Eu vos batizei com \u00e1gua, mas ele vos batizar\u00e1 com o Esp\u00edrito Santo\u201d. <sup>9<\/sup>Naqueles dias, Jesus veio de Nazar\u00e9 da Galileia, e foi batizado por Jo\u00e3o no rio Jord\u00e3o. <sup>10<\/sup>E logo, ao sair da \u00e1gua, viu o c\u00e9u se abrindo, e o Esp\u00edrito, como pomba, descer sobre ele. <sup>11<\/sup>E do c\u00e9u veio uma voz: \u201cTu \u00e9s o meu Filho amado, em ti ponho meu bem-querer\u201d.<\/p>\n<p>&nbsp;<\/p>\n<p><strong>Reflex\u00e3o<\/strong><\/p>\n<p>&nbsp;<\/p>\n<p>Jo\u00e3o Batista \u00e9 o chamado \u201cPrecursor\u201d, ou seja, aquele que abre a estrada, o guia. Na natureza acontece um fen\u00f4meno contr\u00e1rio, o crep\u00fasculo da manh\u00e3 que precede o nascer do sol, n\u00e3o \u00e9 a luz principal, mas o preambulo do esplendor solar, o seu primeiro sinal. Assim podemos entender a diferen\u00e7a do termo \u201cguia\u201d no sentido profano e no sentido espiritual. Assim, o fundador de uma Associa\u00e7\u00e3o \u00e9 aquele que teve a inspira\u00e7\u00e3o e a come\u00e7ou. O mestre \u00e9 aquele que sabe a mat\u00e9ria melhor do que aquele a quem a ensina. Tamb\u00e9m a Igreja guia e ensina, forma comunidade e organiza\u00e7\u00f5es. Os grandes padres espirituais da hist\u00f3ria do cristianismo, jamais esqueceram em suas vidas que a sua miss\u00e3o era ensinar \u00e0s pessoas os primeiros passos; o resto, certamente seria feito pela gra\u00e7a de Deus. Tirar as sand\u00e1lias, lavar os p\u00e9s \u00e9 sinal de humildade, mas expressa tamb\u00e9m um gesto antigo de se colocar de joelhos: o homem se faz pequeno para reconhecer que o outro \u00e9 maior. Muita humildade diante dos outros \u00e9 sinal de fraqueza ou de hipocrisia. O crist\u00e3o \u00e9 consciente da pr\u00f3pria dignidade de filho de Deus e se humilha realmente somente diante dEle. Nos tornamos verdadeiramente humildes diante dos homens, quando neles conseguimos ver o pr\u00f3prio Deus. Esta \u00e9 a humildade que \u201cabaixando-se\u201d, se torna grande. Como batismo o crist\u00e3o renasce da \u00e1gua e do Espirito. Dois elementos que est\u00e3o unidos, e a\u00ed est\u00e1 a for\u00e7a dos sacramentos. Lavar \u00e9 o s\u00edmbolo do esfor\u00e7o de purificar a alma. Mas a \u00e1gua n\u00e3o penetraria no cora\u00e7\u00e3o se n\u00e3o estivesse unida \u00e0 for\u00e7a da gra\u00e7a de Deus que nos lava interiormente. S\u00e3o Jo\u00e3o Batizava, isto simbolicamente lavava os homens, que reconheciam a necessidade de serem puros diante de Deus. Quando Cristo envia os disc\u00edpulos em todo o mundo para batizar, promete que estaria sempre com eles e enviaria o Espirito, que daria ao batismo realizados por eles uma for\u00e7a particular, sacramental. O mesmo acontece nos outros sacramentos, e num certo sentido em todas as nossas obras. O prov\u00e9rbio diz: \u201cO m\u00e9dico cura, mas Deus sara\u201d. Simbolicamente tudo aquilo que fazemos \u00e9 uma cura m\u00e9dica. Desejamos nos manter vivos, melhorar a nossa condi\u00e7\u00e3o, chegar com sa\u00fade na velhice. No curamos, mas nos tornaremos realmente s\u00e3os com o aux\u00edlio de Deus, que ajuda quem se ajuda.<\/p>\n<p><strong>Pe. Paulo Eduardo J\u00e1como, sdb.<\/strong><\/p>\n","protected":false},"excerpt":{"rendered":"<p>S\u00e1bado, 06 de janeiro de 2024. &nbsp; Evangelho (Mc 1,7-11) &nbsp; \u201cEu vos batizei com \u00e1gua, mas ele vos batizar\u00e1 com o Esp\u00edrito Santo\u201d &nbsp;&#8230;<\/p>\n","protected":false},"author":1,"featured_media":8468,"comment_status":"closed","ping_status":"closed","sticky":false,"template":"","format":"standard","meta":{"_acf_changed":false,"footnotes":""},"categories":[13],"tags":[],"class_list":["post-8467","post","type-post","status-publish","format-standard","has-post-thumbnail","hentry","category-reflexaodoevagelho"],"acf":[],"yoast_head":"<!-- This site is optimized with the Yoast SEO plugin v27.3 - https:\/\/yoast.com\/product\/yoast-seo-wordpress\/ -->\n<title>06\/01 - Eu vos batizei com \u00e1gua, mas ele vos batizar\u00e1 com o Esp\u00edrito Santo. - Pastoral Universit\u00e1ria UniSALESIANO<\/title>\n<meta name=\"robots\" content=\"index, follow, max-snippet:-1, max-image-preview:large, max-video-preview:-1\" \/>\n<link rel=\"canonical\" href=\"https:\/\/unisale.com.br\/novo\/06-12-eu-vos-batizei-com-agua-mas-ele-vos-batizara-com-o-espirito-santo\/\" \/>\n<meta property=\"og:locale\" content=\"pt_BR\" \/>\n<meta property=\"og:type\" content=\"article\" \/>\n<meta property=\"og:title\" content=\"06\/01 - Eu vos batizei com \u00e1gua, mas ele vos batizar\u00e1 com o Esp\u00edrito Santo. - Pastoral Universit\u00e1ria UniSALESIANO\" \/>\n<meta property=\"og:description\" content=\"S\u00e1bado, 06 de janeiro de 2024. &nbsp; Evangelho (Mc 1,7-11) &nbsp; \u201cEu vos batizei com \u00e1gua, mas ele vos batizar\u00e1 com o Esp\u00edrito Santo\u201d &nbsp;...\" \/>\n<meta property=\"og:url\" content=\"https:\/\/unisale.com.br\/novo\/06-12-eu-vos-batizei-com-agua-mas-ele-vos-batizara-com-o-espirito-santo\/\" \/>\n<meta property=\"og:site_name\" content=\"Pastoral Universit\u00e1ria UniSALESIANO\" \/>\n<meta property=\"article:published_time\" content=\"2023-12-15T12:53:10+00:00\" \/>\n<meta name=\"author\" content=\"pastoral\" \/>\n<meta name=\"twitter:card\" content=\"summary_large_image\" \/>\n<meta name=\"twitter:label1\" content=\"Escrito por\" \/>\n\t<meta name=\"twitter:data1\" content=\"pastoral\" \/>\n\t<meta name=\"twitter:label2\" content=\"Est. tempo de leitura\" \/>\n\t<meta name=\"twitter:data2\" content=\"3 minutos\" \/>\n<script type=\"application\/ld+json\" class=\"yoast-schema-graph\">{\"@context\":\"https:\\\/\\\/schema.org\",\"@graph\":[{\"@type\":\"Article\",\"@id\":\"https:\\\/\\\/unisale.com.br\\\/novo\\\/06-12-eu-vos-batizei-com-agua-mas-ele-vos-batizara-com-o-espirito-santo\\\/#article\",\"isPartOf\":{\"@id\":\"https:\\\/\\\/unisale.com.br\\\/novo\\\/06-12-eu-vos-batizei-com-agua-mas-ele-vos-batizara-com-o-espirito-santo\\\/\"},\"author\":{\"name\":\"pastoral\",\"@id\":\"https:\\\/\\\/unisale.com.br\\\/pastoral\\\/#\\\/schema\\\/person\\\/a16ba711a0f7dec9cb6b44563144d5a3\"},\"headline\":\"06\\\/01 &#8211; Eu vos batizei com \u00e1gua, mas ele vos batizar\u00e1 com o Esp\u00edrito Santo.\",\"datePublished\":\"2023-12-15T12:53:10+00:00\",\"mainEntityOfPage\":{\"@id\":\"https:\\\/\\\/unisale.com.br\\\/novo\\\/06-12-eu-vos-batizei-com-agua-mas-ele-vos-batizara-com-o-espirito-santo\\\/\"},\"wordCount\":567,\"image\":{\"@id\":\"https:\\\/\\\/unisale.com.br\\\/novo\\\/06-12-eu-vos-batizei-com-agua-mas-ele-vos-batizara-com-o-espirito-santo\\\/#primaryimage\"},\"thumbnailUrl\":\"https:\\\/\\\/unisale.com.br\\\/pastoral\\\/wp-content\\\/uploads\\\/2023\\\/12\\\/batismo-2.jpg\",\"articleSection\":[\"Reflex\u00e3o do Evangelho\"],\"inLanguage\":\"pt-BR\"},{\"@type\":\"WebPage\",\"@id\":\"https:\\\/\\\/unisale.com.br\\\/novo\\\/06-12-eu-vos-batizei-com-agua-mas-ele-vos-batizara-com-o-espirito-santo\\\/\",\"url\":\"https:\\\/\\\/unisale.com.br\\\/novo\\\/06-12-eu-vos-batizei-com-agua-mas-ele-vos-batizara-com-o-espirito-santo\\\/\",\"name\":\"06\\\/01 - Eu vos batizei com \u00e1gua, mas ele vos batizar\u00e1 com o Esp\u00edrito Santo. - Pastoral Universit\u00e1ria UniSALESIANO\",\"isPartOf\":{\"@id\":\"https:\\\/\\\/unisale.com.br\\\/pastoral\\\/#website\"},\"primaryImageOfPage\":{\"@id\":\"https:\\\/\\\/unisale.com.br\\\/novo\\\/06-12-eu-vos-batizei-com-agua-mas-ele-vos-batizara-com-o-espirito-santo\\\/#primaryimage\"},\"image\":{\"@id\":\"https:\\\/\\\/unisale.com.br\\\/novo\\\/06-12-eu-vos-batizei-com-agua-mas-ele-vos-batizara-com-o-espirito-santo\\\/#primaryimage\"},\"thumbnailUrl\":\"https:\\\/\\\/unisale.com.br\\\/pastoral\\\/wp-content\\\/uploads\\\/2023\\\/12\\\/batismo-2.jpg\",\"datePublished\":\"2023-12-15T12:53:10+00:00\",\"author\":{\"@id\":\"https:\\\/\\\/unisale.com.br\\\/pastoral\\\/#\\\/schema\\\/person\\\/a16ba711a0f7dec9cb6b44563144d5a3\"},\"inLanguage\":\"pt-BR\",\"potentialAction\":[{\"@type\":\"ReadAction\",\"target\":[\"https:\\\/\\\/unisale.com.br\\\/novo\\\/06-12-eu-vos-batizei-com-agua-mas-ele-vos-batizara-com-o-espirito-santo\\\/\"]}]},{\"@type\":\"ImageObject\",\"inLanguage\":\"pt-BR\",\"@id\":\"https:\\\/\\\/unisale.com.br\\\/novo\\\/06-12-eu-vos-batizei-com-agua-mas-ele-vos-batizara-com-o-espirito-santo\\\/#primaryimage\",\"url\":\"https:\\\/\\\/unisale.com.br\\\/pastoral\\\/wp-content\\\/uploads\\\/2023\\\/12\\\/batismo-2.jpg\",\"contentUrl\":\"https:\\\/\\\/unisale.com.br\\\/pastoral\\\/wp-content\\\/uploads\\\/2023\\\/12\\\/batismo-2.jpg\",\"width\":723,\"height\":500},{\"@type\":\"WebSite\",\"@id\":\"https:\\\/\\\/unisale.com.br\\\/pastoral\\\/#website\",\"url\":\"https:\\\/\\\/unisale.com.br\\\/pastoral\\\/\",\"name\":\"Pastoral Universit\u00e1ria UniSALESIANO\",\"description\":\"Site da Pastoral Universit\u00e1ria do UniSALESIANO\",\"potentialAction\":[{\"@type\":\"SearchAction\",\"target\":{\"@type\":\"EntryPoint\",\"urlTemplate\":\"https:\\\/\\\/unisale.com.br\\\/pastoral\\\/?s={search_term_string}\"},\"query-input\":{\"@type\":\"PropertyValueSpecification\",\"valueRequired\":true,\"valueName\":\"search_term_string\"}}],\"inLanguage\":\"pt-BR\"},{\"@type\":\"Person\",\"@id\":\"https:\\\/\\\/unisale.com.br\\\/pastoral\\\/#\\\/schema\\\/person\\\/a16ba711a0f7dec9cb6b44563144d5a3\",\"name\":\"pastoral\",\"url\":\"https:\\\/\\\/unisale.com.br\\\/pastoral\\\/author\\\/pastoral\\\/\"}]}<\/script>\n<!-- \/ Yoast SEO plugin. -->","yoast_head_json":{"title":"06\/01 - Eu vos batizei com \u00e1gua, mas ele vos batizar\u00e1 com o Esp\u00edrito Santo. - Pastoral Universit\u00e1ria UniSALESIANO","robots":{"index":"index","follow":"follow","max-snippet":"max-snippet:-1","max-image-preview":"max-image-preview:large","max-video-preview":"max-video-preview:-1"},"canonical":"https:\/\/unisale.com.br\/novo\/06-12-eu-vos-batizei-com-agua-mas-ele-vos-batizara-com-o-espirito-santo\/","og_locale":"pt_BR","og_type":"article","og_title":"06\/01 - Eu vos batizei com \u00e1gua, mas ele vos batizar\u00e1 com o Esp\u00edrito Santo. - Pastoral Universit\u00e1ria UniSALESIANO","og_description":"S\u00e1bado, 06 de janeiro de 2024. &nbsp; Evangelho (Mc 1,7-11) &nbsp; \u201cEu vos batizei com \u00e1gua, mas ele vos batizar\u00e1 com o Esp\u00edrito Santo\u201d &nbsp;...","og_url":"https:\/\/unisale.com.br\/novo\/06-12-eu-vos-batizei-com-agua-mas-ele-vos-batizara-com-o-espirito-santo\/","og_site_name":"Pastoral Universit\u00e1ria UniSALESIANO","article_published_time":"2023-12-15T12:53:10+00:00","author":"pastoral","twitter_card":"summary_large_image","twitter_misc":{"Escrito por":"pastoral","Est. tempo de leitura":"3 minutos"},"schema":{"@context":"https:\/\/schema.org","@graph":[{"@type":"Article","@id":"https:\/\/unisale.com.br\/novo\/06-12-eu-vos-batizei-com-agua-mas-ele-vos-batizara-com-o-espirito-santo\/#article","isPartOf":{"@id":"https:\/\/unisale.com.br\/novo\/06-12-eu-vos-batizei-com-agua-mas-ele-vos-batizara-com-o-espirito-santo\/"},"author":{"name":"pastoral","@id":"https:\/\/unisale.com.br\/pastoral\/#\/schema\/person\/a16ba711a0f7dec9cb6b44563144d5a3"},"headline":"06\/01 &#8211; Eu vos batizei com \u00e1gua, mas ele vos batizar\u00e1 com o Esp\u00edrito Santo.","datePublished":"2023-12-15T12:53:10+00:00","mainEntityOfPage":{"@id":"https:\/\/unisale.com.br\/novo\/06-12-eu-vos-batizei-com-agua-mas-ele-vos-batizara-com-o-espirito-santo\/"},"wordCount":567,"image":{"@id":"https:\/\/unisale.com.br\/novo\/06-12-eu-vos-batizei-com-agua-mas-ele-vos-batizara-com-o-espirito-santo\/#primaryimage"},"thumbnailUrl":"https:\/\/unisale.com.br\/pastoral\/wp-content\/uploads\/2023\/12\/batismo-2.jpg","articleSection":["Reflex\u00e3o do Evangelho"],"inLanguage":"pt-BR"},{"@type":"WebPage","@id":"https:\/\/unisale.com.br\/novo\/06-12-eu-vos-batizei-com-agua-mas-ele-vos-batizara-com-o-espirito-santo\/","url":"https:\/\/unisale.com.br\/novo\/06-12-eu-vos-batizei-com-agua-mas-ele-vos-batizara-com-o-espirito-santo\/","name":"06\/01 - Eu vos batizei com \u00e1gua, mas ele vos batizar\u00e1 com o Esp\u00edrito Santo. - Pastoral Universit\u00e1ria UniSALESIANO","isPartOf":{"@id":"https:\/\/unisale.com.br\/pastoral\/#website"},"primaryImageOfPage":{"@id":"https:\/\/unisale.com.br\/novo\/06-12-eu-vos-batizei-com-agua-mas-ele-vos-batizara-com-o-espirito-santo\/#primaryimage"},"image":{"@id":"https:\/\/unisale.com.br\/novo\/06-12-eu-vos-batizei-com-agua-mas-ele-vos-batizara-com-o-espirito-santo\/#primaryimage"},"thumbnailUrl":"https:\/\/unisale.com.br\/pastoral\/wp-content\/uploads\/2023\/12\/batismo-2.jpg","datePublished":"2023-12-15T12:53:10+00:00","author":{"@id":"https:\/\/unisale.com.br\/pastoral\/#\/schema\/person\/a16ba711a0f7dec9cb6b44563144d5a3"},"inLanguage":"pt-BR","potentialAction":[{"@type":"ReadAction","target":["https:\/\/unisale.com.br\/novo\/06-12-eu-vos-batizei-com-agua-mas-ele-vos-batizara-com-o-espirito-santo\/"]}]},{"@type":"ImageObject","inLanguage":"pt-BR","@id":"https:\/\/unisale.com.br\/novo\/06-12-eu-vos-batizei-com-agua-mas-ele-vos-batizara-com-o-espirito-santo\/#primaryimage","url":"https:\/\/unisale.com.br\/pastoral\/wp-content\/uploads\/2023\/12\/batismo-2.jpg","contentUrl":"https:\/\/unisale.com.br\/pastoral\/wp-content\/uploads\/2023\/12\/batismo-2.jpg","width":723,"height":500},{"@type":"WebSite","@id":"https:\/\/unisale.com.br\/pastoral\/#website","url":"https:\/\/unisale.com.br\/pastoral\/","name":"Pastoral Universit\u00e1ria UniSALESIANO","description":"Site da Pastoral Universit\u00e1ria do UniSALESIANO","potentialAction":[{"@type":"SearchAction","target":{"@type":"EntryPoint","urlTemplate":"https:\/\/unisale.com.br\/pastoral\/?s={search_term_string}"},"query-input":{"@type":"PropertyValueSpecification","valueRequired":true,"valueName":"search_term_string"}}],"inLanguage":"pt-BR"},{"@type":"Person","@id":"https:\/\/unisale.com.br\/pastoral\/#\/schema\/person\/a16ba711a0f7dec9cb6b44563144d5a3","name":"pastoral","url":"https:\/\/unisale.com.br\/pastoral\/author\/pastoral\/"}]}},"_links":{"self":[{"href":"https:\/\/unisale.com.br\/pastoral\/wp-json\/wp\/v2\/posts\/8467","targetHints":{"allow":["GET"]}}],"collection":[{"href":"https:\/\/unisale.com.br\/pastoral\/wp-json\/wp\/v2\/posts"}],"about":[{"href":"https:\/\/unisale.com.br\/pastoral\/wp-json\/wp\/v2\/types\/post"}],"author":[{"embeddable":true,"href":"https:\/\/unisale.com.br\/pastoral\/wp-json\/wp\/v2\/users\/1"}],"replies":[{"embeddable":true,"href":"https:\/\/unisale.com.br\/pastoral\/wp-json\/wp\/v2\/comments?post=8467"}],"version-history":[{"count":0,"href":"https:\/\/unisale.com.br\/pastoral\/wp-json\/wp\/v2\/posts\/8467\/revisions"}],"wp:featuredmedia":[{"embeddable":true,"href":"https:\/\/unisale.com.br\/pastoral\/wp-json\/wp\/v2\/media\/8468"}],"wp:attachment":[{"href":"https:\/\/unisale.com.br\/pastoral\/wp-json\/wp\/v2\/media?parent=8467"}],"wp:term":[{"taxonomy":"category","embeddable":true,"href":"https:\/\/unisale.com.br\/pastoral\/wp-json\/wp\/v2\/categories?post=8467"},{"taxonomy":"post_tag","embeddable":true,"href":"https:\/\/unisale.com.br\/pastoral\/wp-json\/wp\/v2\/tags?post=8467"}],"curies":[{"name":"wp","href":"https:\/\/api.w.org\/{rel}","templated":true}]}}