{"id":8506,"date":"2023-12-18T14:56:16","date_gmt":"2023-12-18T14:56:16","guid":{"rendered":"https:\/\/unisale.com.br\/pastoral\/?p=8506"},"modified":"2023-12-18T14:56:16","modified_gmt":"2023-12-18T14:56:16","slug":"13-01-segue-me","status":"publish","type":"post","link":"https:\/\/unisale.com.br\/pastoral\/13-01-segue-me\/","title":{"rendered":"13\/01 &#8211; Segue-me!"},"content":{"rendered":"<p>S\u00e1bado, 13 de janeiro de 2024.<\/p>\n<p>&nbsp;<\/p>\n<p><strong>Evangelho (Mc 2,13-17)<\/p>\n<p>\u201cSegue-me!\u201d<\/strong><\/p>\n<p>&nbsp;<\/p>\n<p>Naquele tempo, <sup>13<\/sup>Jesus saiu de novo para a beira mar. Toda a multid\u00e3o ia a seu encontro, e Jesus os ensinava. <sup>14<\/sup>Enquanto passava, Jesus viu Levi, o filho de Alfeu, sentado na coletoria de impostos, e disse-lhe: \u201cSegue-me!\u201d Levi se levantou e o seguiu. <sup>15<\/sup>E aconteceu que, estando \u00e0 mesa na casa de Levi, muitos cobradores de impostos e pecadores tamb\u00e9m estavam \u00e0 mesa com Jesus e seus disc\u00edpulos. Com efeito, eram muitos os que o seguiam. <sup>16<\/sup>Alguns doutores da Lei, que eram fariseus, viram que Jesus estava comendo com pecadores e cobradores de impostos. Ent\u00e3o eles perguntaram aos disc\u00edpulos: \u201cPor que ele come com cobradores de impostos e pecadores?\u201d <sup>17<\/sup>Tendo ouvido, Jesus respondeu-lhes: \u201cN\u00e3o s\u00e3o as pessoas sadias que precisam de m\u00e9dico, mas as doentes. Eu n\u00e3o vim para chamar justos, mas sim pecadores\u201d.<\/p>\n<p>&nbsp;<\/p>\n<p><strong>Reflex\u00e3o<\/strong><\/p>\n<p>&nbsp;<\/p>\n<p>Sermos visto \u00e9 que salva a nossa vida e, ser visto significa fazer a experi\u00eancia de ser reconhecido na nossa exist\u00eancia. Uma crian\u00e7a que \u00e9 ignorada pelos seus pais vive na infelicidade de n\u00e3o se sentir plenamente vivo porque se sente invis\u00edvel aos olhos daqueles que deveriam am\u00e1-la e reconhece-lo na sua exist\u00eancia. N\u00e3o \u00e9 por acaso que uma crian\u00e7a quando \u00e9 ignorada faz qualquer coisa para chamar a aten\u00e7\u00e3o sobre si, mas o problema \u00e9 que se n\u00e3o superamos ou se n\u00e3o fizemos a experi\u00eancia profunda, isso se estende para a vida adulta. Muito narcisismo n\u00e3o nasce da superficialidade ou da maldade, mas da necessidade de se sentir de qualquer maneira reconhecido pelos outros. A vida espiritual parece tomar a s\u00e9rio esta necessidade, por isto tem um sabor todo particular o Evangelho de hoje: <sup>\u201c<\/sup>Enquanto passava, Jesus viu Levi, o filho de Alfeu, sentado na coletoria de impostos, e disse-lhe: \u201cSegue-me!\u201d Levi se levantou e o seguiu\u201d. N\u00e3o se tem uma resposta assim t\u00e3o r\u00e1pida da parte de Levi se n\u00e3o porque finalmente algu\u00e9m reconheceu a sua exist\u00eancia. E importa pouco se at\u00e9 agora viveu mal ou fez coisas erradas. Quando algu\u00e9m nos olha com amor nos salva, e nos d\u00e1 a oportunidade de viver de forma diferente. Mas n\u00e3o compreende isso se algu\u00e9m n\u00e3o experimentou este amor: \u201cPor que ele come com cobradores de impostos e pecadores?\u201d <sup>17<\/sup>Tendo ouvido, Jesus respondeu-lhes: \u201cN\u00e3o s\u00e3o as pessoas sadias que precisam de m\u00e9dico, mas as doentes. Eu n\u00e3o vim para chamar justos, mas sim pecadores\u201d. E como se Jesus dissesse: \u201cEu vim olhar com olhar de amor e miseric\u00f3rdia aquilo que os outros olharam com julgamentos\u201d.<\/p>\n<p><strong>Pe. Paulo Eduardo J\u00e1como, sdb.<\/strong><\/p>\n","protected":false},"excerpt":{"rendered":"<p>S\u00e1bado, 13 de janeiro de 2024. &nbsp; Evangelho (Mc 2,13-17) \u201cSegue-me!\u201d &nbsp; Naquele tempo, 13Jesus saiu de novo para a beira mar. Toda a multid\u00e3o&#8230;<\/p>\n","protected":false},"author":1,"featured_media":8507,"comment_status":"closed","ping_status":"closed","sticky":false,"template":"","format":"standard","meta":{"_acf_changed":false,"footnotes":""},"categories":[13],"tags":[],"class_list":["post-8506","post","type-post","status-publish","format-standard","has-post-thumbnail","hentry","category-reflexaodoevagelho"],"acf":[],"yoast_head":"<!-- This site is optimized with the Yoast SEO plugin v27.3 - https:\/\/yoast.com\/product\/yoast-seo-wordpress\/ -->\n<title>13\/01 - Segue-me! - Pastoral Universit\u00e1ria UniSALESIANO<\/title>\n<meta name=\"robots\" content=\"index, follow, max-snippet:-1, max-image-preview:large, max-video-preview:-1\" \/>\n<link rel=\"canonical\" href=\"https:\/\/unisale.com.br\/novo\/13-01-segue-me\/\" \/>\n<meta property=\"og:locale\" content=\"pt_BR\" \/>\n<meta property=\"og:type\" content=\"article\" \/>\n<meta property=\"og:title\" content=\"13\/01 - Segue-me! - Pastoral Universit\u00e1ria UniSALESIANO\" \/>\n<meta property=\"og:description\" content=\"S\u00e1bado, 13 de janeiro de 2024. &nbsp; Evangelho (Mc 2,13-17) \u201cSegue-me!\u201d &nbsp; Naquele tempo, 13Jesus saiu de novo para a beira mar. Toda a multid\u00e3o...\" \/>\n<meta property=\"og:url\" content=\"https:\/\/unisale.com.br\/novo\/13-01-segue-me\/\" \/>\n<meta property=\"og:site_name\" content=\"Pastoral Universit\u00e1ria UniSALESIANO\" \/>\n<meta property=\"article:published_time\" content=\"2023-12-18T14:56:16+00:00\" \/>\n<meta name=\"author\" content=\"pastoral\" \/>\n<meta name=\"twitter:card\" content=\"summary_large_image\" \/>\n<meta name=\"twitter:label1\" content=\"Escrito por\" \/>\n\t<meta name=\"twitter:data1\" content=\"pastoral\" \/>\n\t<meta name=\"twitter:label2\" content=\"Est. tempo de leitura\" \/>\n\t<meta name=\"twitter:data2\" content=\"2 minutos\" \/>\n<script type=\"application\/ld+json\" class=\"yoast-schema-graph\">{\"@context\":\"https:\\\/\\\/schema.org\",\"@graph\":[{\"@type\":\"Article\",\"@id\":\"https:\\\/\\\/unisale.com.br\\\/novo\\\/13-01-segue-me\\\/#article\",\"isPartOf\":{\"@id\":\"https:\\\/\\\/unisale.com.br\\\/novo\\\/13-01-segue-me\\\/\"},\"author\":{\"name\":\"pastoral\",\"@id\":\"https:\\\/\\\/unisale.com.br\\\/pastoral\\\/#\\\/schema\\\/person\\\/a16ba711a0f7dec9cb6b44563144d5a3\"},\"headline\":\"13\\\/01 &#8211; Segue-me!\",\"datePublished\":\"2023-12-18T14:56:16+00:00\",\"mainEntityOfPage\":{\"@id\":\"https:\\\/\\\/unisale.com.br\\\/novo\\\/13-01-segue-me\\\/\"},\"wordCount\":465,\"image\":{\"@id\":\"https:\\\/\\\/unisale.com.br\\\/novo\\\/13-01-segue-me\\\/#primaryimage\"},\"thumbnailUrl\":\"https:\\\/\\\/unisale.com.br\\\/pastoral\\\/wp-content\\\/uploads\\\/2023\\\/12\\\/Chamamento.jpg\",\"articleSection\":[\"Reflex\u00e3o do Evangelho\"],\"inLanguage\":\"pt-BR\"},{\"@type\":\"WebPage\",\"@id\":\"https:\\\/\\\/unisale.com.br\\\/novo\\\/13-01-segue-me\\\/\",\"url\":\"https:\\\/\\\/unisale.com.br\\\/novo\\\/13-01-segue-me\\\/\",\"name\":\"13\\\/01 - Segue-me! - Pastoral Universit\u00e1ria UniSALESIANO\",\"isPartOf\":{\"@id\":\"https:\\\/\\\/unisale.com.br\\\/pastoral\\\/#website\"},\"primaryImageOfPage\":{\"@id\":\"https:\\\/\\\/unisale.com.br\\\/novo\\\/13-01-segue-me\\\/#primaryimage\"},\"image\":{\"@id\":\"https:\\\/\\\/unisale.com.br\\\/novo\\\/13-01-segue-me\\\/#primaryimage\"},\"thumbnailUrl\":\"https:\\\/\\\/unisale.com.br\\\/pastoral\\\/wp-content\\\/uploads\\\/2023\\\/12\\\/Chamamento.jpg\",\"datePublished\":\"2023-12-18T14:56:16+00:00\",\"author\":{\"@id\":\"https:\\\/\\\/unisale.com.br\\\/pastoral\\\/#\\\/schema\\\/person\\\/a16ba711a0f7dec9cb6b44563144d5a3\"},\"inLanguage\":\"pt-BR\",\"potentialAction\":[{\"@type\":\"ReadAction\",\"target\":[\"https:\\\/\\\/unisale.com.br\\\/novo\\\/13-01-segue-me\\\/\"]}]},{\"@type\":\"ImageObject\",\"inLanguage\":\"pt-BR\",\"@id\":\"https:\\\/\\\/unisale.com.br\\\/novo\\\/13-01-segue-me\\\/#primaryimage\",\"url\":\"https:\\\/\\\/unisale.com.br\\\/pastoral\\\/wp-content\\\/uploads\\\/2023\\\/12\\\/Chamamento.jpg\",\"contentUrl\":\"https:\\\/\\\/unisale.com.br\\\/pastoral\\\/wp-content\\\/uploads\\\/2023\\\/12\\\/Chamamento.jpg\",\"width\":267,\"height\":150},{\"@type\":\"WebSite\",\"@id\":\"https:\\\/\\\/unisale.com.br\\\/pastoral\\\/#website\",\"url\":\"https:\\\/\\\/unisale.com.br\\\/pastoral\\\/\",\"name\":\"Pastoral Universit\u00e1ria UniSALESIANO\",\"description\":\"Site da Pastoral Universit\u00e1ria do UniSALESIANO\",\"potentialAction\":[{\"@type\":\"SearchAction\",\"target\":{\"@type\":\"EntryPoint\",\"urlTemplate\":\"https:\\\/\\\/unisale.com.br\\\/pastoral\\\/?s={search_term_string}\"},\"query-input\":{\"@type\":\"PropertyValueSpecification\",\"valueRequired\":true,\"valueName\":\"search_term_string\"}}],\"inLanguage\":\"pt-BR\"},{\"@type\":\"Person\",\"@id\":\"https:\\\/\\\/unisale.com.br\\\/pastoral\\\/#\\\/schema\\\/person\\\/a16ba711a0f7dec9cb6b44563144d5a3\",\"name\":\"pastoral\",\"url\":\"https:\\\/\\\/unisale.com.br\\\/pastoral\\\/author\\\/pastoral\\\/\"}]}<\/script>\n<!-- \/ Yoast SEO plugin. -->","yoast_head_json":{"title":"13\/01 - Segue-me! - Pastoral Universit\u00e1ria UniSALESIANO","robots":{"index":"index","follow":"follow","max-snippet":"max-snippet:-1","max-image-preview":"max-image-preview:large","max-video-preview":"max-video-preview:-1"},"canonical":"https:\/\/unisale.com.br\/novo\/13-01-segue-me\/","og_locale":"pt_BR","og_type":"article","og_title":"13\/01 - Segue-me! - Pastoral Universit\u00e1ria UniSALESIANO","og_description":"S\u00e1bado, 13 de janeiro de 2024. &nbsp; Evangelho (Mc 2,13-17) \u201cSegue-me!\u201d &nbsp; Naquele tempo, 13Jesus saiu de novo para a beira mar. Toda a multid\u00e3o...","og_url":"https:\/\/unisale.com.br\/novo\/13-01-segue-me\/","og_site_name":"Pastoral Universit\u00e1ria UniSALESIANO","article_published_time":"2023-12-18T14:56:16+00:00","author":"pastoral","twitter_card":"summary_large_image","twitter_misc":{"Escrito por":"pastoral","Est. tempo de leitura":"2 minutos"},"schema":{"@context":"https:\/\/schema.org","@graph":[{"@type":"Article","@id":"https:\/\/unisale.com.br\/novo\/13-01-segue-me\/#article","isPartOf":{"@id":"https:\/\/unisale.com.br\/novo\/13-01-segue-me\/"},"author":{"name":"pastoral","@id":"https:\/\/unisale.com.br\/pastoral\/#\/schema\/person\/a16ba711a0f7dec9cb6b44563144d5a3"},"headline":"13\/01 &#8211; Segue-me!","datePublished":"2023-12-18T14:56:16+00:00","mainEntityOfPage":{"@id":"https:\/\/unisale.com.br\/novo\/13-01-segue-me\/"},"wordCount":465,"image":{"@id":"https:\/\/unisale.com.br\/novo\/13-01-segue-me\/#primaryimage"},"thumbnailUrl":"https:\/\/unisale.com.br\/pastoral\/wp-content\/uploads\/2023\/12\/Chamamento.jpg","articleSection":["Reflex\u00e3o do Evangelho"],"inLanguage":"pt-BR"},{"@type":"WebPage","@id":"https:\/\/unisale.com.br\/novo\/13-01-segue-me\/","url":"https:\/\/unisale.com.br\/novo\/13-01-segue-me\/","name":"13\/01 - Segue-me! - Pastoral Universit\u00e1ria UniSALESIANO","isPartOf":{"@id":"https:\/\/unisale.com.br\/pastoral\/#website"},"primaryImageOfPage":{"@id":"https:\/\/unisale.com.br\/novo\/13-01-segue-me\/#primaryimage"},"image":{"@id":"https:\/\/unisale.com.br\/novo\/13-01-segue-me\/#primaryimage"},"thumbnailUrl":"https:\/\/unisale.com.br\/pastoral\/wp-content\/uploads\/2023\/12\/Chamamento.jpg","datePublished":"2023-12-18T14:56:16+00:00","author":{"@id":"https:\/\/unisale.com.br\/pastoral\/#\/schema\/person\/a16ba711a0f7dec9cb6b44563144d5a3"},"inLanguage":"pt-BR","potentialAction":[{"@type":"ReadAction","target":["https:\/\/unisale.com.br\/novo\/13-01-segue-me\/"]}]},{"@type":"ImageObject","inLanguage":"pt-BR","@id":"https:\/\/unisale.com.br\/novo\/13-01-segue-me\/#primaryimage","url":"https:\/\/unisale.com.br\/pastoral\/wp-content\/uploads\/2023\/12\/Chamamento.jpg","contentUrl":"https:\/\/unisale.com.br\/pastoral\/wp-content\/uploads\/2023\/12\/Chamamento.jpg","width":267,"height":150},{"@type":"WebSite","@id":"https:\/\/unisale.com.br\/pastoral\/#website","url":"https:\/\/unisale.com.br\/pastoral\/","name":"Pastoral Universit\u00e1ria UniSALESIANO","description":"Site da Pastoral Universit\u00e1ria do UniSALESIANO","potentialAction":[{"@type":"SearchAction","target":{"@type":"EntryPoint","urlTemplate":"https:\/\/unisale.com.br\/pastoral\/?s={search_term_string}"},"query-input":{"@type":"PropertyValueSpecification","valueRequired":true,"valueName":"search_term_string"}}],"inLanguage":"pt-BR"},{"@type":"Person","@id":"https:\/\/unisale.com.br\/pastoral\/#\/schema\/person\/a16ba711a0f7dec9cb6b44563144d5a3","name":"pastoral","url":"https:\/\/unisale.com.br\/pastoral\/author\/pastoral\/"}]}},"_links":{"self":[{"href":"https:\/\/unisale.com.br\/pastoral\/wp-json\/wp\/v2\/posts\/8506","targetHints":{"allow":["GET"]}}],"collection":[{"href":"https:\/\/unisale.com.br\/pastoral\/wp-json\/wp\/v2\/posts"}],"about":[{"href":"https:\/\/unisale.com.br\/pastoral\/wp-json\/wp\/v2\/types\/post"}],"author":[{"embeddable":true,"href":"https:\/\/unisale.com.br\/pastoral\/wp-json\/wp\/v2\/users\/1"}],"replies":[{"embeddable":true,"href":"https:\/\/unisale.com.br\/pastoral\/wp-json\/wp\/v2\/comments?post=8506"}],"version-history":[{"count":0,"href":"https:\/\/unisale.com.br\/pastoral\/wp-json\/wp\/v2\/posts\/8506\/revisions"}],"wp:featuredmedia":[{"embeddable":true,"href":"https:\/\/unisale.com.br\/pastoral\/wp-json\/wp\/v2\/media\/8507"}],"wp:attachment":[{"href":"https:\/\/unisale.com.br\/pastoral\/wp-json\/wp\/v2\/media?parent=8506"}],"wp:term":[{"taxonomy":"category","embeddable":true,"href":"https:\/\/unisale.com.br\/pastoral\/wp-json\/wp\/v2\/categories?post=8506"},{"taxonomy":"post_tag","embeddable":true,"href":"https:\/\/unisale.com.br\/pastoral\/wp-json\/wp\/v2\/tags?post=8506"}],"curies":[{"name":"wp","href":"https:\/\/api.w.org\/{rel}","templated":true}]}}