{"id":8562,"date":"2023-12-19T11:20:48","date_gmt":"2023-12-19T11:20:48","guid":{"rendered":"https:\/\/unisale.com.br\/pastoral\/?p=8562"},"modified":"2023-12-19T11:20:48","modified_gmt":"2023-12-19T11:20:48","slug":"31-01-um-profeta-so-nao-e-estimado-em-sua-patria-entre-seus-parentes-e-familiares","status":"publish","type":"post","link":"https:\/\/unisale.com.br\/pastoral\/31-01-um-profeta-so-nao-e-estimado-em-sua-patria-entre-seus-parentes-e-familiares\/","title":{"rendered":"31\/01 &#8211; Um profeta s\u00f3 n\u00e3o \u00e9 estimado em sua p\u00e1tria, entre seus parentes e familiares."},"content":{"rendered":"<p>Quarta-feira, 31 de janeiro de 2024.<\/p>\n<p>&nbsp;<\/p>\n<p>Evangelho (Mc 6,1-6)<\/p>\n<p>&nbsp;<\/p>\n<p><strong>\u201cUm profeta s\u00f3 n\u00e3o \u00e9 estimado em sua p\u00e1tria, entre seus parentes e familiares\u201d<\/strong><\/p>\n<p>&nbsp;<\/p>\n<p>Naquele tempo: <sup>1<\/sup>Jesus foi a Nazar\u00e9, sua terra, e seus disc\u00edpulos o acompanharam. <sup>2<\/sup>Quando chegou o s\u00e1bado, come\u00e7ou a ensinar na sinagoga. Muitos que o escutavam ficavam admirados e diziam: &#8216;De onde recebeu ele tudo isto? Como conseguiu tanta sabedoria? E esses grandes milagres que s\u00e3o realizados por suas m\u00e3os? <sup>3<\/sup>Este homem n\u00e3o \u00e9 o carpinteiro, filho de Maria e irm\u00e3o de Tiago, de Jos\u00e9, de Judas e de Sim\u00e3o? Suas irm\u00e3s n\u00e3o moram aqui conosco?&#8217; E ficaram escandalizados por causa dele. <sup>4<\/sup>Jesus lhes dizia: &#8216;Um profeta s\u00f3 n\u00e3o \u00e9 estimado em sua p\u00e1tria, entre seus parentes e familiares&#8217;. <sup>5<\/sup>E ali n\u00e3o p\u00f4de fazer milagre algum. Apenas curou alguns doentes, impondo-lhes as m\u00e3os. <sup>6<\/sup>E admirou-se com a falta de f\u00e9 deles. Jesus percorria os povoados das redondezas, ensinando.<\/p>\n<p>&nbsp;<\/p>\n<p><strong>Reflex\u00e3o<\/strong><\/p>\n<p>&nbsp;<\/p>\n<p>Nem sempre os lugares mais familiares a n\u00f3s s\u00e3o tamb\u00e9m os mais ideais. O Evangelho de hoje nos d\u00e1 um exemplo quando nos relata os coment\u00e1rios dos conterr\u00e2neos de Jesus: \u201cDe onde recebeu ele tudo isto? Como conseguiu tanta sabedoria? E esses grandes milagres que s\u00e3o realizados por suas m\u00e3os? Este homem n\u00e3o \u00e9 o carpinteiro, filho de Maria e irm\u00e3o de Tiago, de Jos\u00e9, de Judas e de Sim\u00e3o? Suas irm\u00e3s n\u00e3o moram aqui conosco?&#8217; E ficaram escandalizados por causa dele\u201d. \u00c9 dif\u00edcil fazer agir a gra\u00e7a diante de um julgamento, porque este \u00e9 a soberba convic\u00e7\u00e3o de conhecer, de saber, de n\u00e3o esperar nada se n\u00e3o aquilo que j\u00e1 se cr\u00ea conhecer. Se se raciocina com o julgamento Deus n\u00e3o pode fazer muita coisa, porque Deus n\u00e3o age fazendo coisas diferentes, mas suscitando coisas novas naquelas que s\u00e3o as j\u00e1 as coisas de sempre da nossa vida. Se de uma pessoa que lhe \u00e9 pr\u00f3xima voc\u00ea n\u00e3o espera nada diferente do que j\u00e1 conhece e voc\u00ea j\u00e1 lhe colocou um r\u00f3tulo, talvez com toda a raz\u00e3o do mundo, Deus n\u00e3o pode operar nenhuma mudan\u00e7a nesta pessoa porque voc\u00ea decidiu que n\u00e3o pode ser diferente. Voc\u00ea espera pessoas novas, mas n\u00e3o coisas novas nas pessoas que j\u00e1 conhece. \u201c&#8217;Um profeta s\u00f3 n\u00e3o \u00e9 estimado em sua p\u00e1tria, entre seus parentes e familiares&#8217;. E ali n\u00e3o p\u00f4de fazer milagre algum. Apenas curou alguns doentes, impondo-lhes as m\u00e3os. E admirou-se com a falta de f\u00e9 deles\u201d. O Evangelho de hoje nos revela que aquilo que pode ser impedimento \u00e0 gra\u00e7a de Deus n\u00e3o \u00e9, antes de tudo o mal, mas se nos somos os primeiros a n\u00e3o acreditar agora ser\u00e1 dif\u00edcil ver algo diferente. No fundo Jesus est\u00e1 disposto sempre a fazer milagres, mas com a condi\u00e7\u00e3o da f\u00e9 e n\u00e3o com a condi\u00e7\u00e3o dos nossos julgamentos.<\/p>\n<p><strong>Pe. Paulo Eduardo J\u00e1como, sdb.<\/strong><\/p>\n","protected":false},"excerpt":{"rendered":"<p>Quarta-feira, 31 de janeiro de 2024. &nbsp; Evangelho (Mc 6,1-6) &nbsp; \u201cUm profeta s\u00f3 n\u00e3o \u00e9 estimado em sua p\u00e1tria, entre seus parentes e familiares\u201d&#8230;<\/p>\n","protected":false},"author":1,"featured_media":8563,"comment_status":"closed","ping_status":"closed","sticky":false,"template":"","format":"standard","meta":{"_acf_changed":false,"footnotes":""},"categories":[13],"tags":[],"class_list":["post-8562","post","type-post","status-publish","format-standard","has-post-thumbnail","hentry","category-reflexaodoevagelho"],"acf":[],"yoast_head":"<!-- This site is optimized with the Yoast SEO plugin v27.3 - https:\/\/yoast.com\/product\/yoast-seo-wordpress\/ -->\n<title>31\/01 - Um profeta s\u00f3 n\u00e3o \u00e9 estimado em sua p\u00e1tria, entre seus parentes e familiares. - Pastoral Universit\u00e1ria UniSALESIANO<\/title>\n<meta name=\"robots\" content=\"index, follow, max-snippet:-1, max-image-preview:large, max-video-preview:-1\" \/>\n<link rel=\"canonical\" href=\"https:\/\/unisale.com.br\/novo\/31-01-um-profeta-so-nao-e-estimado-em-sua-patria-entre-seus-parentes-e-familiares\/\" \/>\n<meta property=\"og:locale\" content=\"pt_BR\" \/>\n<meta property=\"og:type\" content=\"article\" \/>\n<meta property=\"og:title\" content=\"31\/01 - Um profeta s\u00f3 n\u00e3o \u00e9 estimado em sua p\u00e1tria, entre seus parentes e familiares. - Pastoral Universit\u00e1ria UniSALESIANO\" \/>\n<meta property=\"og:description\" content=\"Quarta-feira, 31 de janeiro de 2024. &nbsp; Evangelho (Mc 6,1-6) &nbsp; \u201cUm profeta s\u00f3 n\u00e3o \u00e9 estimado em sua p\u00e1tria, entre seus parentes e familiares\u201d...\" \/>\n<meta property=\"og:url\" content=\"https:\/\/unisale.com.br\/novo\/31-01-um-profeta-so-nao-e-estimado-em-sua-patria-entre-seus-parentes-e-familiares\/\" \/>\n<meta property=\"og:site_name\" content=\"Pastoral Universit\u00e1ria UniSALESIANO\" \/>\n<meta property=\"article:published_time\" content=\"2023-12-19T11:20:48+00:00\" \/>\n<meta name=\"author\" content=\"pastoral\" \/>\n<meta name=\"twitter:card\" content=\"summary_large_image\" \/>\n<meta name=\"twitter:label1\" content=\"Escrito por\" \/>\n\t<meta name=\"twitter:data1\" content=\"pastoral\" \/>\n\t<meta name=\"twitter:label2\" content=\"Est. tempo de leitura\" \/>\n\t<meta name=\"twitter:data2\" content=\"3 minutos\" \/>\n<script type=\"application\/ld+json\" class=\"yoast-schema-graph\">{\"@context\":\"https:\\\/\\\/schema.org\",\"@graph\":[{\"@type\":\"Article\",\"@id\":\"https:\\\/\\\/unisale.com.br\\\/novo\\\/31-01-um-profeta-so-nao-e-estimado-em-sua-patria-entre-seus-parentes-e-familiares\\\/#article\",\"isPartOf\":{\"@id\":\"https:\\\/\\\/unisale.com.br\\\/novo\\\/31-01-um-profeta-so-nao-e-estimado-em-sua-patria-entre-seus-parentes-e-familiares\\\/\"},\"author\":{\"name\":\"pastoral\",\"@id\":\"https:\\\/\\\/unisale.com.br\\\/pastoral\\\/#\\\/schema\\\/person\\\/a16ba711a0f7dec9cb6b44563144d5a3\"},\"headline\":\"31\\\/01 &#8211; Um profeta s\u00f3 n\u00e3o \u00e9 estimado em sua p\u00e1tria, entre seus parentes e familiares.\",\"datePublished\":\"2023-12-19T11:20:48+00:00\",\"mainEntityOfPage\":{\"@id\":\"https:\\\/\\\/unisale.com.br\\\/novo\\\/31-01-um-profeta-so-nao-e-estimado-em-sua-patria-entre-seus-parentes-e-familiares\\\/\"},\"wordCount\":531,\"image\":{\"@id\":\"https:\\\/\\\/unisale.com.br\\\/novo\\\/31-01-um-profeta-so-nao-e-estimado-em-sua-patria-entre-seus-parentes-e-familiares\\\/#primaryimage\"},\"thumbnailUrl\":\"https:\\\/\\\/unisale.com.br\\\/pastoral\\\/wp-content\\\/uploads\\\/2023\\\/12\\\/Profeta.jpg\",\"articleSection\":[\"Reflex\u00e3o do Evangelho\"],\"inLanguage\":\"pt-BR\"},{\"@type\":\"WebPage\",\"@id\":\"https:\\\/\\\/unisale.com.br\\\/novo\\\/31-01-um-profeta-so-nao-e-estimado-em-sua-patria-entre-seus-parentes-e-familiares\\\/\",\"url\":\"https:\\\/\\\/unisale.com.br\\\/novo\\\/31-01-um-profeta-so-nao-e-estimado-em-sua-patria-entre-seus-parentes-e-familiares\\\/\",\"name\":\"31\\\/01 - Um profeta s\u00f3 n\u00e3o \u00e9 estimado em sua p\u00e1tria, entre seus parentes e familiares. - Pastoral Universit\u00e1ria UniSALESIANO\",\"isPartOf\":{\"@id\":\"https:\\\/\\\/unisale.com.br\\\/pastoral\\\/#website\"},\"primaryImageOfPage\":{\"@id\":\"https:\\\/\\\/unisale.com.br\\\/novo\\\/31-01-um-profeta-so-nao-e-estimado-em-sua-patria-entre-seus-parentes-e-familiares\\\/#primaryimage\"},\"image\":{\"@id\":\"https:\\\/\\\/unisale.com.br\\\/novo\\\/31-01-um-profeta-so-nao-e-estimado-em-sua-patria-entre-seus-parentes-e-familiares\\\/#primaryimage\"},\"thumbnailUrl\":\"https:\\\/\\\/unisale.com.br\\\/pastoral\\\/wp-content\\\/uploads\\\/2023\\\/12\\\/Profeta.jpg\",\"datePublished\":\"2023-12-19T11:20:48+00:00\",\"author\":{\"@id\":\"https:\\\/\\\/unisale.com.br\\\/pastoral\\\/#\\\/schema\\\/person\\\/a16ba711a0f7dec9cb6b44563144d5a3\"},\"inLanguage\":\"pt-BR\",\"potentialAction\":[{\"@type\":\"ReadAction\",\"target\":[\"https:\\\/\\\/unisale.com.br\\\/novo\\\/31-01-um-profeta-so-nao-e-estimado-em-sua-patria-entre-seus-parentes-e-familiares\\\/\"]}]},{\"@type\":\"ImageObject\",\"inLanguage\":\"pt-BR\",\"@id\":\"https:\\\/\\\/unisale.com.br\\\/novo\\\/31-01-um-profeta-so-nao-e-estimado-em-sua-patria-entre-seus-parentes-e-familiares\\\/#primaryimage\",\"url\":\"https:\\\/\\\/unisale.com.br\\\/pastoral\\\/wp-content\\\/uploads\\\/2023\\\/12\\\/Profeta.jpg\",\"contentUrl\":\"https:\\\/\\\/unisale.com.br\\\/pastoral\\\/wp-content\\\/uploads\\\/2023\\\/12\\\/Profeta.jpg\",\"width\":860,\"height\":500},{\"@type\":\"WebSite\",\"@id\":\"https:\\\/\\\/unisale.com.br\\\/pastoral\\\/#website\",\"url\":\"https:\\\/\\\/unisale.com.br\\\/pastoral\\\/\",\"name\":\"Pastoral Universit\u00e1ria UniSALESIANO\",\"description\":\"Site da Pastoral Universit\u00e1ria do UniSALESIANO\",\"potentialAction\":[{\"@type\":\"SearchAction\",\"target\":{\"@type\":\"EntryPoint\",\"urlTemplate\":\"https:\\\/\\\/unisale.com.br\\\/pastoral\\\/?s={search_term_string}\"},\"query-input\":{\"@type\":\"PropertyValueSpecification\",\"valueRequired\":true,\"valueName\":\"search_term_string\"}}],\"inLanguage\":\"pt-BR\"},{\"@type\":\"Person\",\"@id\":\"https:\\\/\\\/unisale.com.br\\\/pastoral\\\/#\\\/schema\\\/person\\\/a16ba711a0f7dec9cb6b44563144d5a3\",\"name\":\"pastoral\",\"url\":\"https:\\\/\\\/unisale.com.br\\\/pastoral\\\/author\\\/pastoral\\\/\"}]}<\/script>\n<!-- \/ Yoast SEO plugin. -->","yoast_head_json":{"title":"31\/01 - Um profeta s\u00f3 n\u00e3o \u00e9 estimado em sua p\u00e1tria, entre seus parentes e familiares. - Pastoral Universit\u00e1ria UniSALESIANO","robots":{"index":"index","follow":"follow","max-snippet":"max-snippet:-1","max-image-preview":"max-image-preview:large","max-video-preview":"max-video-preview:-1"},"canonical":"https:\/\/unisale.com.br\/novo\/31-01-um-profeta-so-nao-e-estimado-em-sua-patria-entre-seus-parentes-e-familiares\/","og_locale":"pt_BR","og_type":"article","og_title":"31\/01 - Um profeta s\u00f3 n\u00e3o \u00e9 estimado em sua p\u00e1tria, entre seus parentes e familiares. - Pastoral Universit\u00e1ria UniSALESIANO","og_description":"Quarta-feira, 31 de janeiro de 2024. &nbsp; Evangelho (Mc 6,1-6) &nbsp; \u201cUm profeta s\u00f3 n\u00e3o \u00e9 estimado em sua p\u00e1tria, entre seus parentes e familiares\u201d...","og_url":"https:\/\/unisale.com.br\/novo\/31-01-um-profeta-so-nao-e-estimado-em-sua-patria-entre-seus-parentes-e-familiares\/","og_site_name":"Pastoral Universit\u00e1ria UniSALESIANO","article_published_time":"2023-12-19T11:20:48+00:00","author":"pastoral","twitter_card":"summary_large_image","twitter_misc":{"Escrito por":"pastoral","Est. tempo de leitura":"3 minutos"},"schema":{"@context":"https:\/\/schema.org","@graph":[{"@type":"Article","@id":"https:\/\/unisale.com.br\/novo\/31-01-um-profeta-so-nao-e-estimado-em-sua-patria-entre-seus-parentes-e-familiares\/#article","isPartOf":{"@id":"https:\/\/unisale.com.br\/novo\/31-01-um-profeta-so-nao-e-estimado-em-sua-patria-entre-seus-parentes-e-familiares\/"},"author":{"name":"pastoral","@id":"https:\/\/unisale.com.br\/pastoral\/#\/schema\/person\/a16ba711a0f7dec9cb6b44563144d5a3"},"headline":"31\/01 &#8211; Um profeta s\u00f3 n\u00e3o \u00e9 estimado em sua p\u00e1tria, entre seus parentes e familiares.","datePublished":"2023-12-19T11:20:48+00:00","mainEntityOfPage":{"@id":"https:\/\/unisale.com.br\/novo\/31-01-um-profeta-so-nao-e-estimado-em-sua-patria-entre-seus-parentes-e-familiares\/"},"wordCount":531,"image":{"@id":"https:\/\/unisale.com.br\/novo\/31-01-um-profeta-so-nao-e-estimado-em-sua-patria-entre-seus-parentes-e-familiares\/#primaryimage"},"thumbnailUrl":"https:\/\/unisale.com.br\/pastoral\/wp-content\/uploads\/2023\/12\/Profeta.jpg","articleSection":["Reflex\u00e3o do Evangelho"],"inLanguage":"pt-BR"},{"@type":"WebPage","@id":"https:\/\/unisale.com.br\/novo\/31-01-um-profeta-so-nao-e-estimado-em-sua-patria-entre-seus-parentes-e-familiares\/","url":"https:\/\/unisale.com.br\/novo\/31-01-um-profeta-so-nao-e-estimado-em-sua-patria-entre-seus-parentes-e-familiares\/","name":"31\/01 - Um profeta s\u00f3 n\u00e3o \u00e9 estimado em sua p\u00e1tria, entre seus parentes e familiares. - Pastoral Universit\u00e1ria UniSALESIANO","isPartOf":{"@id":"https:\/\/unisale.com.br\/pastoral\/#website"},"primaryImageOfPage":{"@id":"https:\/\/unisale.com.br\/novo\/31-01-um-profeta-so-nao-e-estimado-em-sua-patria-entre-seus-parentes-e-familiares\/#primaryimage"},"image":{"@id":"https:\/\/unisale.com.br\/novo\/31-01-um-profeta-so-nao-e-estimado-em-sua-patria-entre-seus-parentes-e-familiares\/#primaryimage"},"thumbnailUrl":"https:\/\/unisale.com.br\/pastoral\/wp-content\/uploads\/2023\/12\/Profeta.jpg","datePublished":"2023-12-19T11:20:48+00:00","author":{"@id":"https:\/\/unisale.com.br\/pastoral\/#\/schema\/person\/a16ba711a0f7dec9cb6b44563144d5a3"},"inLanguage":"pt-BR","potentialAction":[{"@type":"ReadAction","target":["https:\/\/unisale.com.br\/novo\/31-01-um-profeta-so-nao-e-estimado-em-sua-patria-entre-seus-parentes-e-familiares\/"]}]},{"@type":"ImageObject","inLanguage":"pt-BR","@id":"https:\/\/unisale.com.br\/novo\/31-01-um-profeta-so-nao-e-estimado-em-sua-patria-entre-seus-parentes-e-familiares\/#primaryimage","url":"https:\/\/unisale.com.br\/pastoral\/wp-content\/uploads\/2023\/12\/Profeta.jpg","contentUrl":"https:\/\/unisale.com.br\/pastoral\/wp-content\/uploads\/2023\/12\/Profeta.jpg","width":860,"height":500},{"@type":"WebSite","@id":"https:\/\/unisale.com.br\/pastoral\/#website","url":"https:\/\/unisale.com.br\/pastoral\/","name":"Pastoral Universit\u00e1ria UniSALESIANO","description":"Site da Pastoral Universit\u00e1ria do UniSALESIANO","potentialAction":[{"@type":"SearchAction","target":{"@type":"EntryPoint","urlTemplate":"https:\/\/unisale.com.br\/pastoral\/?s={search_term_string}"},"query-input":{"@type":"PropertyValueSpecification","valueRequired":true,"valueName":"search_term_string"}}],"inLanguage":"pt-BR"},{"@type":"Person","@id":"https:\/\/unisale.com.br\/pastoral\/#\/schema\/person\/a16ba711a0f7dec9cb6b44563144d5a3","name":"pastoral","url":"https:\/\/unisale.com.br\/pastoral\/author\/pastoral\/"}]}},"_links":{"self":[{"href":"https:\/\/unisale.com.br\/pastoral\/wp-json\/wp\/v2\/posts\/8562","targetHints":{"allow":["GET"]}}],"collection":[{"href":"https:\/\/unisale.com.br\/pastoral\/wp-json\/wp\/v2\/posts"}],"about":[{"href":"https:\/\/unisale.com.br\/pastoral\/wp-json\/wp\/v2\/types\/post"}],"author":[{"embeddable":true,"href":"https:\/\/unisale.com.br\/pastoral\/wp-json\/wp\/v2\/users\/1"}],"replies":[{"embeddable":true,"href":"https:\/\/unisale.com.br\/pastoral\/wp-json\/wp\/v2\/comments?post=8562"}],"version-history":[{"count":0,"href":"https:\/\/unisale.com.br\/pastoral\/wp-json\/wp\/v2\/posts\/8562\/revisions"}],"wp:featuredmedia":[{"embeddable":true,"href":"https:\/\/unisale.com.br\/pastoral\/wp-json\/wp\/v2\/media\/8563"}],"wp:attachment":[{"href":"https:\/\/unisale.com.br\/pastoral\/wp-json\/wp\/v2\/media?parent=8562"}],"wp:term":[{"taxonomy":"category","embeddable":true,"href":"https:\/\/unisale.com.br\/pastoral\/wp-json\/wp\/v2\/categories?post=8562"},{"taxonomy":"post_tag","embeddable":true,"href":"https:\/\/unisale.com.br\/pastoral\/wp-json\/wp\/v2\/tags?post=8562"}],"curies":[{"name":"wp","href":"https:\/\/api.w.org\/{rel}","templated":true}]}}