{"id":8706,"date":"2024-01-19T12:03:57","date_gmt":"2024-01-19T12:03:57","guid":{"rendered":"https:\/\/unisale.com.br\/pastoral\/?p=8706"},"modified":"2024-01-19T12:03:57","modified_gmt":"2024-01-19T12:03:57","slug":"unisalesiano-celebra-conquistas-de-formandos-de-sete-cursos-da-area-da-saude","status":"publish","type":"post","link":"https:\/\/unisale.com.br\/pastoral\/unisalesiano-celebra-conquistas-de-formandos-de-sete-cursos-da-area-da-saude\/","title":{"rendered":"UniSALESIANO celebra conquistas de formandos de sete cursos da \u00e1rea da sa\u00fade"},"content":{"rendered":"<h3>O evento, realizado na noite de 20 de dezembro, reuniu formandos, amigos, familiares e membros da Institui\u00e7\u00e3o<\/h3>\n<p>A Igreja Universit\u00e1ria do\u00a0<strong>UniSALESIANO<\/strong>\u00a0foi palco da solene cerim\u00f4nia de formatura da 10\u00aa turma do<strong>\u00a0Curso de Nutri\u00e7\u00e3o<\/strong>, da 6\u00aa turma do\u00a0<strong>Curso de Psicologia<\/strong>, da 10\u00aa turma do\u00a0<strong>Curso de Farm\u00e1cia<\/strong>, da 16\u00aa turma do\u00a0<strong>Curso de Fisioterapia<\/strong>, da 11\u00aa turma do\u00a0<strong>Curso de Educa\u00e7\u00e3o F\u00edsica<\/strong>, da 8\u00aa turma do\u00a0<strong>Curso de Biomedicina<\/strong>\u00a0e da 17\u00aa turma do\u00a0<strong>Curso de Enfermagem<\/strong>.<\/p>\n<p>O evento, realizado na noite de 20 de dezembro, reuniu formandos, amigos, familiares e membros da Institui\u00e7\u00e3o.<\/p>\n<p>A mesa de honra foi composta pelo\u00a0<strong>Pr\u00f3-Reitor de Ensino, Pesquisa e P\u00f3s-Gradua\u00e7\u00e3o, Prof. Dr. Andr\u00e9 Ornellas, o Pr\u00f3-Reitor de Pastoral, Pe. Paulo J\u00e1como, SDB, a Pr\u00f3-Reitora Administrativa, Vanda Moura<\/strong>, al\u00e9m de docentes e coordenadores dos cursos.<\/p>\n<p>Ap\u00f3s a cerim\u00f4nia religiosa presidida por Pe. Paulo, os presentes entoaram o Hino Nacional, seguido do Juramento pronunciado por\u00a0<strong>Francielly Monique Santos Pereira<\/strong>, representante dos formandos. A entrega dos diplomas e a imposi\u00e7\u00e3o do capelo foram conduzidas pelos membros da Reitoria, paraninfos e patronos. O enfermeiro,\u00a0<strong>Felipe Cust\u00f3dio Pedroso de Souz<\/strong>a, emocionou a todos com seu discurso como orador das turmas, enquanto a professora,\u00a0<strong>Juliana Sedlacek Bassani<\/strong>, assumiu o papel de paraninfo.<\/p>\n<p>O evento tamb\u00e9m prestou homenagens especiais aos professores e familiares, conduzidas pelo farmac\u00eautico\u00a0<strong>Lucas de Oliveira Silveira<\/strong>\u00a0e pela psic\u00f3loga\u00a0<strong>Ang\u00e9lica Tayn\u00e1 Alves Cardoso<\/strong>, respectivamente.<\/p>\n<p>Destacando o m\u00e9rito, as medalhas de Honra ao M\u00e9rito foram entregues aos estudantes mais destacados de cada turma pelo Pr\u00f3-Reitor de Ensino, Pesquisa e P\u00f3s-Gradua\u00e7\u00e3o, Prof. Andr\u00e9 Ornellas. Os crit\u00e9rios considerados inclu\u00edram comportamento, identifica\u00e7\u00e3o com a Institui\u00e7\u00e3o, participa\u00e7\u00e3o em atividades acad\u00eamicas e eventos, dedica\u00e7\u00e3o aos estudos e desempenho acad\u00eamico exemplar.\u00a0<strong>Heitor Tatsuo Kawase (Biomedicina), Mariana Silva Prando (Educa\u00e7\u00e3o F\u00edsica), Camila Torquetti da Silva (Enfermagem), Leandro da Silva Rodrigues Alves (Farm\u00e1cia), Rafael Henrique dos Santos (Fisioterapia), Heloisa Schorz Marchiori (Nutri\u00e7\u00e3o) e Mauricio de Almeida Benetti J\u00fanior (Psicologia),<\/strong>\u00a0foram os homenageados da noite.<\/p>\n<p><strong>BEM-ESTAR<\/strong><\/p>\n<p>No encerramento, o Prof. Andr\u00e9 Ornellas destacou que, desde 2001, o UniSALESIANO nutriu o sonho dos cursos da \u00e1rea da Sa\u00fade, uma jornada que culminou no estabelecimento do \u00faltimo curso poss\u00edvel, a Medicina, o qual tamb\u00e9m formou sua primeira turma, no in\u00edcio deste m\u00eas. \u201cVoc\u00eas, profissionais da sa\u00fade, foram desafiados durante uma pandemia. Embora estejamos agora na p\u00f3s-pandemia, \u00e9 crucial n\u00e3o esquecer o impacto que ela teve sobre todos n\u00f3s. Portanto, gostaria de expressar sinceros agradecimentos por todo o trabalho \u00e1rduo que voc\u00eas realizaram. O esfor\u00e7o de voc\u00eas n\u00e3o apenas moldou o seu pr\u00f3prio caminho, mas tamb\u00e9m proporcionou oportunidades significativas para o bem-estar de todos. Parab\u00e9ns e que Deus os aben\u00e7oe\u201d, disse.<\/p>\n<p>Pe. Paulo, por fim, invocou a presen\u00e7a de Deus para que continue a aben\u00e7oar a caminhada dos formandos. \u201cHoje, est\u00e3o concretizando parte de um sonho, e aprendemos que os sonhos podem se tornar realidade. Concluir esta fase dentro do ambiente salesiano \u00e9 significativo e marca uma etapa importante em suas vidas. Que essa experi\u00eancia deixe marcas positivas e que a orienta\u00e7\u00e3o divina continue a iluminar o caminho de cada um de voc\u00eas\u201d, finalizou.<\/p>\n\n\t\t<style type=\"text\/css\">\n\t\t\t#gallery-1 {\n\t\t\t\tmargin: auto;\n\t\t\t}\n\t\t\t#gallery-1 .gallery-item {\n\t\t\t\tfloat: left;\n\t\t\t\tmargin-top: 10px;\n\t\t\t\ttext-align: center;\n\t\t\t\twidth: 33%;\n\t\t\t}\n\t\t\t#gallery-1 img {\n\t\t\t\tborder: 2px solid #cfcfcf;\n\t\t\t}\n\t\t\t#gallery-1 .gallery-caption {\n\t\t\t\tmargin-left: 0;\n\t\t\t}\n\t\t\t\/* see gallery_shortcode() in wp-includes\/media.php *\/\n\t\t<\/style>\n\t\t<div id='gallery-1' class='gallery galleryid-8706 gallery-columns-3 gallery-size-thumbnail'><dl class='gallery-item'>\n\t\t\t<dt class='gallery-icon landscape'>\n\t\t\t\t<a href='https:\/\/unisale.com.br\/pastoral\/784a9399\/'><img decoding=\"async\" width=\"150\" height=\"150\" src=\"https:\/\/unisale.com.br\/pastoral\/wp-content\/uploads\/2024\/01\/784A9399-scaled-1-150x150.jpg\" class=\"attachment-thumbnail size-thumbnail\" alt=\"\" \/><\/a>\n\t\t\t<\/dt><\/dl><dl class='gallery-item'>\n\t\t\t<dt class='gallery-icon landscape'>\n\t\t\t\t<a href='https:\/\/unisale.com.br\/pastoral\/784a9405\/'><img decoding=\"async\" width=\"150\" height=\"150\" src=\"https:\/\/unisale.com.br\/pastoral\/wp-content\/uploads\/2024\/01\/784A9405-scaled-1-150x150.jpg\" class=\"attachment-thumbnail size-thumbnail\" alt=\"\" \/><\/a>\n\t\t\t<\/dt><\/dl><dl class='gallery-item'>\n\t\t\t<dt class='gallery-icon landscape'>\n\t\t\t\t<a href='https:\/\/unisale.com.br\/pastoral\/img_4802\/'><img decoding=\"async\" width=\"150\" height=\"150\" src=\"https:\/\/unisale.com.br\/pastoral\/wp-content\/uploads\/2024\/01\/IMG_4802-scaled-1-150x150.jpg\" class=\"attachment-thumbnail size-thumbnail\" alt=\"\" \/><\/a>\n\t\t\t<\/dt><\/dl><br style=\"clear: both\" \/><dl class='gallery-item'>\n\t\t\t<dt class='gallery-icon landscape'>\n\t\t\t\t<a href='https:\/\/unisale.com.br\/pastoral\/img_4824\/'><img loading=\"lazy\" decoding=\"async\" width=\"150\" height=\"150\" src=\"https:\/\/unisale.com.br\/pastoral\/wp-content\/uploads\/2024\/01\/IMG_4824-scaled-1-150x150.jpg\" class=\"attachment-thumbnail size-thumbnail\" alt=\"\" \/><\/a>\n\t\t\t<\/dt><\/dl><dl class='gallery-item'>\n\t\t\t<dt class='gallery-icon landscape'>\n\t\t\t\t<a href='https:\/\/unisale.com.br\/pastoral\/img_4830\/'><img loading=\"lazy\" decoding=\"async\" width=\"150\" height=\"150\" src=\"https:\/\/unisale.com.br\/pastoral\/wp-content\/uploads\/2024\/01\/IMG_4830-scaled-1-150x150.jpg\" class=\"attachment-thumbnail size-thumbnail\" alt=\"\" \/><\/a>\n\t\t\t<\/dt><\/dl><dl class='gallery-item'>\n\t\t\t<dt class='gallery-icon landscape'>\n\t\t\t\t<a href='https:\/\/unisale.com.br\/pastoral\/unisalesiano-celebra-conquistas-de-formandos-de-sete-cursos-da-area-da-saude\/img_4857\/'><img loading=\"lazy\" decoding=\"async\" width=\"150\" height=\"150\" src=\"https:\/\/unisale.com.br\/pastoral\/wp-content\/uploads\/2024\/01\/IMG_4857-scaled-1-150x150.jpg\" class=\"attachment-thumbnail size-thumbnail\" alt=\"\" \/><\/a>\n\t\t\t<\/dt><\/dl><br style=\"clear: both\" \/><dl class='gallery-item'>\n\t\t\t<dt class='gallery-icon landscape'>\n\t\t\t\t<a href='https:\/\/unisale.com.br\/pastoral\/unisalesiano-celebra-conquistas-de-formandos-de-sete-cursos-da-area-da-saude\/img_5071\/'><img loading=\"lazy\" decoding=\"async\" width=\"150\" height=\"150\" src=\"https:\/\/unisale.com.br\/pastoral\/wp-content\/uploads\/2024\/01\/IMG_5071-scaled-1-150x150.jpg\" class=\"attachment-thumbnail size-thumbnail\" alt=\"\" \/><\/a>\n\t\t\t<\/dt><\/dl><dl class='gallery-item'>\n\t\t\t<dt class='gallery-icon landscape'>\n\t\t\t\t<a href='https:\/\/unisale.com.br\/pastoral\/unisalesiano-celebra-conquistas-de-formandos-de-sete-cursos-da-area-da-saude\/img_5078\/'><img loading=\"lazy\" decoding=\"async\" width=\"150\" height=\"150\" src=\"https:\/\/unisale.com.br\/pastoral\/wp-content\/uploads\/2024\/01\/IMG_5078-scaled-1-150x150.jpg\" class=\"attachment-thumbnail size-thumbnail\" alt=\"\" \/><\/a>\n\t\t\t<\/dt><\/dl><dl class='gallery-item'>\n\t\t\t<dt class='gallery-icon landscape'>\n\t\t\t\t<a href='https:\/\/unisale.com.br\/pastoral\/unisalesiano-celebra-conquistas-de-formandos-de-sete-cursos-da-area-da-saude\/784a9362\/'><img loading=\"lazy\" decoding=\"async\" width=\"150\" height=\"150\" src=\"https:\/\/unisale.com.br\/pastoral\/wp-content\/uploads\/2024\/01\/784A9362-scaled-1-150x150.jpg\" class=\"attachment-thumbnail size-thumbnail\" alt=\"\" \/><\/a>\n\t\t\t<\/dt><\/dl><br style=\"clear: both\" \/><dl class='gallery-item'>\n\t\t\t<dt class='gallery-icon landscape'>\n\t\t\t\t<a href='https:\/\/unisale.com.br\/pastoral\/unisalesiano-celebra-conquistas-de-formandos-de-sete-cursos-da-area-da-saude\/784a9367\/'><img loading=\"lazy\" decoding=\"async\" width=\"150\" height=\"150\" src=\"https:\/\/unisale.com.br\/pastoral\/wp-content\/uploads\/2024\/01\/784A9367-scaled-1-150x150.jpg\" class=\"attachment-thumbnail size-thumbnail\" alt=\"\" \/><\/a>\n\t\t\t<\/dt><\/dl><dl class='gallery-item'>\n\t\t\t<dt class='gallery-icon landscape'>\n\t\t\t\t<a href='https:\/\/unisale.com.br\/pastoral\/unisalesiano-celebra-conquistas-de-formandos-de-sete-cursos-da-area-da-saude\/784a9379\/'><img loading=\"lazy\" decoding=\"async\" width=\"150\" height=\"150\" src=\"https:\/\/unisale.com.br\/pastoral\/wp-content\/uploads\/2024\/01\/784A9379-scaled-1-150x150.jpg\" class=\"attachment-thumbnail size-thumbnail\" alt=\"\" \/><\/a>\n\t\t\t<\/dt><\/dl><dl class='gallery-item'>\n\t\t\t<dt class='gallery-icon landscape'>\n\t\t\t\t<a href='https:\/\/unisale.com.br\/pastoral\/unisalesiano-celebra-conquistas-de-formandos-de-sete-cursos-da-area-da-saude\/784a9386\/'><img loading=\"lazy\" decoding=\"async\" width=\"150\" height=\"150\" src=\"https:\/\/unisale.com.br\/pastoral\/wp-content\/uploads\/2024\/01\/784A9386-scaled-1-150x150.jpg\" class=\"attachment-thumbnail size-thumbnail\" alt=\"\" \/><\/a>\n\t\t\t<\/dt><\/dl><br style=\"clear: both\" \/><dl class='gallery-item'>\n\t\t\t<dt class='gallery-icon landscape'>\n\t\t\t\t<a href='https:\/\/unisale.com.br\/pastoral\/unisalesiano-celebra-conquistas-de-formandos-de-sete-cursos-da-area-da-saude\/784a9394\/'><img loading=\"lazy\" decoding=\"async\" width=\"150\" height=\"150\" src=\"https:\/\/unisale.com.br\/pastoral\/wp-content\/uploads\/2024\/01\/784A9394-scaled-1-150x150.jpg\" class=\"attachment-thumbnail size-thumbnail\" alt=\"\" \/><\/a>\n\t\t\t<\/dt><\/dl>\n\t\t\t<br style='clear: both' \/>\n\t\t<\/div>\n\n","protected":false},"excerpt":{"rendered":"<p>O evento, realizado na noite de 20 de dezembro, reuniu formandos, amigos, familiares e membros da Institui\u00e7\u00e3o A Igreja Universit\u00e1ria do\u00a0UniSALESIANO\u00a0foi palco da solene cerim\u00f4nia&#8230;<\/p>\n","protected":false},"author":1,"featured_media":8707,"comment_status":"closed","ping_status":"closed","sticky":false,"template":"","format":"standard","meta":{"_acf_changed":false,"footnotes":""},"categories":[3],"tags":[],"class_list":["post-8706","post","type-post","status-publish","format-standard","has-post-thumbnail","hentry","category-not"],"acf":[],"yoast_head":"<!-- This site is optimized with the Yoast SEO plugin v27.3 - https:\/\/yoast.com\/product\/yoast-seo-wordpress\/ -->\n<title>UniSALESIANO celebra conquistas de formandos de sete cursos da \u00e1rea da sa\u00fade - Pastoral Universit\u00e1ria UniSALESIANO<\/title>\n<meta name=\"robots\" content=\"index, follow, max-snippet:-1, max-image-preview:large, max-video-preview:-1\" \/>\n<link rel=\"canonical\" href=\"https:\/\/unisale.com.br\/novo\/unisalesiano-celebra-conquistas-de-formandos-de-sete-cursos-da-area-da-saude\/\" \/>\n<meta property=\"og:locale\" content=\"pt_BR\" \/>\n<meta property=\"og:type\" content=\"article\" \/>\n<meta property=\"og:title\" content=\"UniSALESIANO celebra conquistas de formandos de sete cursos da \u00e1rea da sa\u00fade - Pastoral Universit\u00e1ria UniSALESIANO\" \/>\n<meta property=\"og:description\" content=\"O evento, realizado na noite de 20 de dezembro, reuniu formandos, amigos, familiares e membros da Institui\u00e7\u00e3o A Igreja Universit\u00e1ria do\u00a0UniSALESIANO\u00a0foi palco da solene cerim\u00f4nia...\" \/>\n<meta property=\"og:url\" content=\"https:\/\/unisale.com.br\/novo\/unisalesiano-celebra-conquistas-de-formandos-de-sete-cursos-da-area-da-saude\/\" \/>\n<meta property=\"og:site_name\" content=\"Pastoral Universit\u00e1ria UniSALESIANO\" \/>\n<meta property=\"article:published_time\" content=\"2024-01-19T12:03:57+00:00\" \/>\n<meta property=\"og:image\" content=\"https:\/\/unisale.com.br\/novo\/wp-content\/uploads\/2024\/01\/784A9399-scaled-1-150x150.jpg\" \/>\n<meta name=\"author\" content=\"pastoral\" \/>\n<meta name=\"twitter:card\" content=\"summary_large_image\" \/>\n<meta name=\"twitter:label1\" content=\"Escrito por\" \/>\n\t<meta name=\"twitter:data1\" content=\"pastoral\" \/>\n\t<meta name=\"twitter:label2\" content=\"Est. tempo de leitura\" \/>\n\t<meta name=\"twitter:data2\" content=\"3 minutos\" \/>\n<script type=\"application\/ld+json\" class=\"yoast-schema-graph\">{\"@context\":\"https:\\\/\\\/schema.org\",\"@graph\":[{\"@type\":\"Article\",\"@id\":\"https:\\\/\\\/unisale.com.br\\\/novo\\\/unisalesiano-celebra-conquistas-de-formandos-de-sete-cursos-da-area-da-saude\\\/#article\",\"isPartOf\":{\"@id\":\"https:\\\/\\\/unisale.com.br\\\/novo\\\/unisalesiano-celebra-conquistas-de-formandos-de-sete-cursos-da-area-da-saude\\\/\"},\"author\":{\"name\":\"pastoral\",\"@id\":\"https:\\\/\\\/unisale.com.br\\\/pastoral\\\/#\\\/schema\\\/person\\\/a16ba711a0f7dec9cb6b44563144d5a3\"},\"headline\":\"UniSALESIANO celebra conquistas de formandos de sete cursos da \u00e1rea da sa\u00fade\",\"datePublished\":\"2024-01-19T12:03:57+00:00\",\"mainEntityOfPage\":{\"@id\":\"https:\\\/\\\/unisale.com.br\\\/novo\\\/unisalesiano-celebra-conquistas-de-formandos-de-sete-cursos-da-area-da-saude\\\/\"},\"wordCount\":576,\"image\":{\"@id\":\"https:\\\/\\\/unisale.com.br\\\/novo\\\/unisalesiano-celebra-conquistas-de-formandos-de-sete-cursos-da-area-da-saude\\\/#primaryimage\"},\"thumbnailUrl\":\"https:\\\/\\\/unisale.com.br\\\/pastoral\\\/wp-content\\\/uploads\\\/2024\\\/01\\\/IMG_4820-768x512-1.jpg\",\"articleSection\":[\"Not\u00edcias\"],\"inLanguage\":\"pt-BR\"},{\"@type\":\"WebPage\",\"@id\":\"https:\\\/\\\/unisale.com.br\\\/novo\\\/unisalesiano-celebra-conquistas-de-formandos-de-sete-cursos-da-area-da-saude\\\/\",\"url\":\"https:\\\/\\\/unisale.com.br\\\/novo\\\/unisalesiano-celebra-conquistas-de-formandos-de-sete-cursos-da-area-da-saude\\\/\",\"name\":\"UniSALESIANO celebra conquistas de formandos de sete cursos da \u00e1rea da sa\u00fade - Pastoral Universit\u00e1ria UniSALESIANO\",\"isPartOf\":{\"@id\":\"https:\\\/\\\/unisale.com.br\\\/pastoral\\\/#website\"},\"primaryImageOfPage\":{\"@id\":\"https:\\\/\\\/unisale.com.br\\\/novo\\\/unisalesiano-celebra-conquistas-de-formandos-de-sete-cursos-da-area-da-saude\\\/#primaryimage\"},\"image\":{\"@id\":\"https:\\\/\\\/unisale.com.br\\\/novo\\\/unisalesiano-celebra-conquistas-de-formandos-de-sete-cursos-da-area-da-saude\\\/#primaryimage\"},\"thumbnailUrl\":\"https:\\\/\\\/unisale.com.br\\\/pastoral\\\/wp-content\\\/uploads\\\/2024\\\/01\\\/IMG_4820-768x512-1.jpg\",\"datePublished\":\"2024-01-19T12:03:57+00:00\",\"author\":{\"@id\":\"https:\\\/\\\/unisale.com.br\\\/pastoral\\\/#\\\/schema\\\/person\\\/a16ba711a0f7dec9cb6b44563144d5a3\"},\"inLanguage\":\"pt-BR\",\"potentialAction\":[{\"@type\":\"ReadAction\",\"target\":[\"https:\\\/\\\/unisale.com.br\\\/novo\\\/unisalesiano-celebra-conquistas-de-formandos-de-sete-cursos-da-area-da-saude\\\/\"]}]},{\"@type\":\"ImageObject\",\"inLanguage\":\"pt-BR\",\"@id\":\"https:\\\/\\\/unisale.com.br\\\/novo\\\/unisalesiano-celebra-conquistas-de-formandos-de-sete-cursos-da-area-da-saude\\\/#primaryimage\",\"url\":\"https:\\\/\\\/unisale.com.br\\\/pastoral\\\/wp-content\\\/uploads\\\/2024\\\/01\\\/IMG_4820-768x512-1.jpg\",\"contentUrl\":\"https:\\\/\\\/unisale.com.br\\\/pastoral\\\/wp-content\\\/uploads\\\/2024\\\/01\\\/IMG_4820-768x512-1.jpg\",\"width\":750,\"height\":500},{\"@type\":\"WebSite\",\"@id\":\"https:\\\/\\\/unisale.com.br\\\/pastoral\\\/#website\",\"url\":\"https:\\\/\\\/unisale.com.br\\\/pastoral\\\/\",\"name\":\"Pastoral Universit\u00e1ria UniSALESIANO\",\"description\":\"Site da Pastoral Universit\u00e1ria do UniSALESIANO\",\"potentialAction\":[{\"@type\":\"SearchAction\",\"target\":{\"@type\":\"EntryPoint\",\"urlTemplate\":\"https:\\\/\\\/unisale.com.br\\\/pastoral\\\/?s={search_term_string}\"},\"query-input\":{\"@type\":\"PropertyValueSpecification\",\"valueRequired\":true,\"valueName\":\"search_term_string\"}}],\"inLanguage\":\"pt-BR\"},{\"@type\":\"Person\",\"@id\":\"https:\\\/\\\/unisale.com.br\\\/pastoral\\\/#\\\/schema\\\/person\\\/a16ba711a0f7dec9cb6b44563144d5a3\",\"name\":\"pastoral\",\"url\":\"https:\\\/\\\/unisale.com.br\\\/pastoral\\\/author\\\/pastoral\\\/\"}]}<\/script>\n<!-- \/ Yoast SEO plugin. -->","yoast_head_json":{"title":"UniSALESIANO celebra conquistas de formandos de sete cursos da \u00e1rea da sa\u00fade - Pastoral Universit\u00e1ria UniSALESIANO","robots":{"index":"index","follow":"follow","max-snippet":"max-snippet:-1","max-image-preview":"max-image-preview:large","max-video-preview":"max-video-preview:-1"},"canonical":"https:\/\/unisale.com.br\/novo\/unisalesiano-celebra-conquistas-de-formandos-de-sete-cursos-da-area-da-saude\/","og_locale":"pt_BR","og_type":"article","og_title":"UniSALESIANO celebra conquistas de formandos de sete cursos da \u00e1rea da sa\u00fade - Pastoral Universit\u00e1ria UniSALESIANO","og_description":"O evento, realizado na noite de 20 de dezembro, reuniu formandos, amigos, familiares e membros da Institui\u00e7\u00e3o A Igreja Universit\u00e1ria do\u00a0UniSALESIANO\u00a0foi palco da solene cerim\u00f4nia...","og_url":"https:\/\/unisale.com.br\/novo\/unisalesiano-celebra-conquistas-de-formandos-de-sete-cursos-da-area-da-saude\/","og_site_name":"Pastoral Universit\u00e1ria UniSALESIANO","article_published_time":"2024-01-19T12:03:57+00:00","og_image":[{"url":"https:\/\/unisale.com.br\/novo\/wp-content\/uploads\/2024\/01\/784A9399-scaled-1-150x150.jpg","type":"","width":"","height":""}],"author":"pastoral","twitter_card":"summary_large_image","twitter_misc":{"Escrito por":"pastoral","Est. tempo de leitura":"3 minutos"},"schema":{"@context":"https:\/\/schema.org","@graph":[{"@type":"Article","@id":"https:\/\/unisale.com.br\/novo\/unisalesiano-celebra-conquistas-de-formandos-de-sete-cursos-da-area-da-saude\/#article","isPartOf":{"@id":"https:\/\/unisale.com.br\/novo\/unisalesiano-celebra-conquistas-de-formandos-de-sete-cursos-da-area-da-saude\/"},"author":{"name":"pastoral","@id":"https:\/\/unisale.com.br\/pastoral\/#\/schema\/person\/a16ba711a0f7dec9cb6b44563144d5a3"},"headline":"UniSALESIANO celebra conquistas de formandos de sete cursos da \u00e1rea da sa\u00fade","datePublished":"2024-01-19T12:03:57+00:00","mainEntityOfPage":{"@id":"https:\/\/unisale.com.br\/novo\/unisalesiano-celebra-conquistas-de-formandos-de-sete-cursos-da-area-da-saude\/"},"wordCount":576,"image":{"@id":"https:\/\/unisale.com.br\/novo\/unisalesiano-celebra-conquistas-de-formandos-de-sete-cursos-da-area-da-saude\/#primaryimage"},"thumbnailUrl":"https:\/\/unisale.com.br\/pastoral\/wp-content\/uploads\/2024\/01\/IMG_4820-768x512-1.jpg","articleSection":["Not\u00edcias"],"inLanguage":"pt-BR"},{"@type":"WebPage","@id":"https:\/\/unisale.com.br\/novo\/unisalesiano-celebra-conquistas-de-formandos-de-sete-cursos-da-area-da-saude\/","url":"https:\/\/unisale.com.br\/novo\/unisalesiano-celebra-conquistas-de-formandos-de-sete-cursos-da-area-da-saude\/","name":"UniSALESIANO celebra conquistas de formandos de sete cursos da \u00e1rea da sa\u00fade - Pastoral Universit\u00e1ria UniSALESIANO","isPartOf":{"@id":"https:\/\/unisale.com.br\/pastoral\/#website"},"primaryImageOfPage":{"@id":"https:\/\/unisale.com.br\/novo\/unisalesiano-celebra-conquistas-de-formandos-de-sete-cursos-da-area-da-saude\/#primaryimage"},"image":{"@id":"https:\/\/unisale.com.br\/novo\/unisalesiano-celebra-conquistas-de-formandos-de-sete-cursos-da-area-da-saude\/#primaryimage"},"thumbnailUrl":"https:\/\/unisale.com.br\/pastoral\/wp-content\/uploads\/2024\/01\/IMG_4820-768x512-1.jpg","datePublished":"2024-01-19T12:03:57+00:00","author":{"@id":"https:\/\/unisale.com.br\/pastoral\/#\/schema\/person\/a16ba711a0f7dec9cb6b44563144d5a3"},"inLanguage":"pt-BR","potentialAction":[{"@type":"ReadAction","target":["https:\/\/unisale.com.br\/novo\/unisalesiano-celebra-conquistas-de-formandos-de-sete-cursos-da-area-da-saude\/"]}]},{"@type":"ImageObject","inLanguage":"pt-BR","@id":"https:\/\/unisale.com.br\/novo\/unisalesiano-celebra-conquistas-de-formandos-de-sete-cursos-da-area-da-saude\/#primaryimage","url":"https:\/\/unisale.com.br\/pastoral\/wp-content\/uploads\/2024\/01\/IMG_4820-768x512-1.jpg","contentUrl":"https:\/\/unisale.com.br\/pastoral\/wp-content\/uploads\/2024\/01\/IMG_4820-768x512-1.jpg","width":750,"height":500},{"@type":"WebSite","@id":"https:\/\/unisale.com.br\/pastoral\/#website","url":"https:\/\/unisale.com.br\/pastoral\/","name":"Pastoral Universit\u00e1ria UniSALESIANO","description":"Site da Pastoral Universit\u00e1ria do UniSALESIANO","potentialAction":[{"@type":"SearchAction","target":{"@type":"EntryPoint","urlTemplate":"https:\/\/unisale.com.br\/pastoral\/?s={search_term_string}"},"query-input":{"@type":"PropertyValueSpecification","valueRequired":true,"valueName":"search_term_string"}}],"inLanguage":"pt-BR"},{"@type":"Person","@id":"https:\/\/unisale.com.br\/pastoral\/#\/schema\/person\/a16ba711a0f7dec9cb6b44563144d5a3","name":"pastoral","url":"https:\/\/unisale.com.br\/pastoral\/author\/pastoral\/"}]}},"_links":{"self":[{"href":"https:\/\/unisale.com.br\/pastoral\/wp-json\/wp\/v2\/posts\/8706","targetHints":{"allow":["GET"]}}],"collection":[{"href":"https:\/\/unisale.com.br\/pastoral\/wp-json\/wp\/v2\/posts"}],"about":[{"href":"https:\/\/unisale.com.br\/pastoral\/wp-json\/wp\/v2\/types\/post"}],"author":[{"embeddable":true,"href":"https:\/\/unisale.com.br\/pastoral\/wp-json\/wp\/v2\/users\/1"}],"replies":[{"embeddable":true,"href":"https:\/\/unisale.com.br\/pastoral\/wp-json\/wp\/v2\/comments?post=8706"}],"version-history":[{"count":0,"href":"https:\/\/unisale.com.br\/pastoral\/wp-json\/wp\/v2\/posts\/8706\/revisions"}],"wp:featuredmedia":[{"embeddable":true,"href":"https:\/\/unisale.com.br\/pastoral\/wp-json\/wp\/v2\/media\/8707"}],"wp:attachment":[{"href":"https:\/\/unisale.com.br\/pastoral\/wp-json\/wp\/v2\/media?parent=8706"}],"wp:term":[{"taxonomy":"category","embeddable":true,"href":"https:\/\/unisale.com.br\/pastoral\/wp-json\/wp\/v2\/categories?post=8706"},{"taxonomy":"post_tag","embeddable":true,"href":"https:\/\/unisale.com.br\/pastoral\/wp-json\/wp\/v2\/tags?post=8706"}],"curies":[{"name":"wp","href":"https:\/\/api.w.org\/{rel}","templated":true}]}}