{"id":8864,"date":"2024-02-21T13:01:56","date_gmt":"2024-02-21T13:01:56","guid":{"rendered":"https:\/\/unisale.com.br\/pastoral\/?p=8864"},"modified":"2024-02-21T13:01:56","modified_gmt":"2024-02-21T13:01:56","slug":"28-02-por-acaso-podeis-beber-o-calice-que-eu-vou-beber","status":"publish","type":"post","link":"https:\/\/unisale.com.br\/pastoral\/28-02-por-acaso-podeis-beber-o-calice-que-eu-vou-beber\/","title":{"rendered":"28\/02 &#8211; Por acaso podeis beber o c\u00e1lice que eu vou beber?"},"content":{"rendered":"<p>Quarta-feira, 28 de fevereiro de 2024.<\/p>\n<p>&nbsp;<\/p>\n<p>Evangelho (Mt 20,17-28)<\/p>\n<p>&nbsp;<\/p>\n<p><strong>\u201cPor acaso podeis beber o c\u00e1lice que eu vou beber?\u201d<\/strong><\/p>\n<p>&nbsp;<\/p>\n<p>Naquele tempo, <sup>17<\/sup>enquanto Jesus subia para Jerusal\u00e9m, ele tomou os doze disc\u00edpulos \u00e0 parte e, durante a caminhada, disse-lhes: <sup>18<\/sup>\u201cEis que estamos subindo para Jerusal\u00e9m, e o Filho do Homem ser\u00e1 entregue aos sumos sacerdotes e aos mestres da Lei. Eles o condenar\u00e3o \u00e0 morte, <sup>19<\/sup>e o entregar\u00e3o aos pag\u00e3os para zombarem dele, para flagel\u00e1-lo e crucific\u00e1-lo. Mas no terceiro dia ressuscitar\u00e1\u201d. <sup>20<\/sup>A m\u00e3e dos filhos de Zebedeu aproximou-se de Jesus com seus filhos e ajoelhou-se com a inten\u00e7\u00e3o de fazer um pedido. <sup>21<\/sup>Jesus perguntou: \u201cQue queres?\u201d Ela respondeu: \u201cManda que estes meus dois filhos se sentem, no teu Reino, um \u00e0 tua direita e outro \u00e0 tua esquerda\u201d. <sup>22<\/sup>Jesus, ent\u00e3o, respondeu-lhe: \u201cN\u00e3o sabeis o que estais pedindo. Por acaso podeis beber o c\u00e1lice que eu vou beber?\u201d Eles responderam: \u201cPodemos\u201d. <sup>23<\/sup>Ent\u00e3o Jesus lhes disse: \u201cDe fato, v\u00f3s bebereis do meu c\u00e1lice, mas n\u00e3o depende de mim conceder o lugar \u00e0 minha direita ou \u00e0 minha esquerda. Meu Pai \u00e9 quem dar\u00e1 esses lugares \u00e0queles para os quais ele os preparou\u201d. <sup>24<\/sup>Quando os outros dez disc\u00edpulos ouviram isso, ficaram irritados contra os dois irm\u00e3os. <sup>25<\/sup>Jesus, por\u00e9m, chamou-os, e disse: \u201cV\u00f3s sabeis que os chefes das na\u00e7\u00f5es t\u00eam poder sobre elas e os grandes as oprimem. <sup>26<\/sup>Entre v\u00f3s n\u00e3o dever\u00e1 ser assim. Quem quiser tornar-se grande, torne-se vosso servidor; <sup>27<\/sup>quem quiser ser o primeiro, seja vosso servo. <sup>28<\/sup>Pois, o Filho do Homem n\u00e3o veio para ser servido, mas para servir e dar a sua vida como resgate em favor de muitos\u201d.<\/p>\n<p>&nbsp;<\/p>\n<p><strong>Reflex\u00e3o<\/strong><\/p>\n<p>&nbsp;<\/p>\n<p>\u201cEis que estamos subindo para Jerusal\u00e9m, e o Filho do Homem ser\u00e1 entregue aos sumos sacerdotes e aos mestres da Lei. Eles o condenar\u00e3o \u00e0 morte, e o entregar\u00e3o aos pag\u00e3os para zombarem dele, para flagel\u00e1-lo e crucific\u00e1-lo. Mas no terceiro dia ressuscitar\u00e1\u201d. Estas palavras assinalam de maneira profunda a intimidade que Jesus constr\u00f3i com os seus disc\u00edpulos enquanto se aproxima de Jerusal\u00e9m. De fato, a intimidade n\u00e3o nasce simplesmente com o passar dos tempos juntos, ou do fazer as coisas juntos, mas nasce do confiar ao outro aquilo que mais verdadeiro e decisivo acontece na nossa vida. Enganosamente muitas vezes pensamos de ter muitos amigos, mas a amizade verdadeira n\u00e3o \u00e9 entretenimento, n\u00e3o \u00e9 falar sempre de banalidades, mas \u00e9 poder entrar na intimidade com o outro, e isto acontece na medida em que se \u00e9 capaz de fazer discursos profundos. Jesus parece fazer com os seus disc\u00edpulos exatamente isto. No Evangelho de hoje confia a eles uma grande verdade da sua vida. Mas a rea\u00e7\u00e3o \u00e9 estranha: <sup>\u201c<\/sup>A m\u00e3e dos filhos de Zebedeu aproximou-se de Jesus com seus filhos e ajoelhou-se com a inten\u00e7\u00e3o de fazer um pedido. Jesus perguntou: \u201cQue queres?\u201d Ela respondeu: \u201cManda que estes meus dois filhos se sentem, no teu Reino, um \u00e0 tua direita e outro \u00e0 tua esquerda\u201d. Jesus, ent\u00e3o, respondeu-lhe: \u201cN\u00e3o sabeis o que estais pedindo. Por acaso podeis beber o c\u00e1lice que eu vou beber?\u201d Como \u00e9 poss\u00edvel que diante da entrega mais \u00edntima de Jesus a rea\u00e7\u00e3o de que lhe est\u00e1 perto \u00e9 a de buscar os melhores lugares, segundo a l\u00f3gica mundana que n\u00e3o tem nada a haver com o que Jesus veio nos anunciar? Ser\u00e1 que hoje n\u00e3o vivemos a mesma tenta\u00e7\u00e3o? N\u00e3o parece que nas nossas fam\u00edlias, nos nossos lugares de trabalho ou nas nossas comunidades buscamos somente o que nos \u00e9 conveniente sem levar a s\u00e9rio no cora\u00e7\u00e3o a mensagem de Jesus? Mas creio que tudo acontece como um mecanismo inconsciente de defesa. Temos medo da cruz. Temos medo de levar a s\u00e9rio as palavras de Jesus e por isto preferimos viver as coisas banais, mundanas, distantes do esp\u00edrito do Evangelho.<\/p>\n<p><strong>Pe. Paulo Eduardo J\u00e1como, SDB.<\/strong><\/p>\n","protected":false},"excerpt":{"rendered":"<p>Quarta-feira, 28 de fevereiro de 2024. &nbsp; Evangelho (Mt 20,17-28) &nbsp; \u201cPor acaso podeis beber o c\u00e1lice que eu vou beber?\u201d &nbsp; Naquele tempo, 17enquanto&#8230;<\/p>\n","protected":false},"author":1,"featured_media":8865,"comment_status":"closed","ping_status":"closed","sticky":false,"template":"","format":"standard","meta":{"_acf_changed":false,"footnotes":""},"categories":[13],"tags":[],"class_list":["post-8864","post","type-post","status-publish","format-standard","has-post-thumbnail","hentry","category-reflexaodoevagelho"],"acf":[],"yoast_head":"<!-- This site is optimized with the Yoast SEO plugin v27.3 - https:\/\/yoast.com\/product\/yoast-seo-wordpress\/ -->\n<title>28\/02 - Por acaso podeis beber o c\u00e1lice que eu vou beber? - Pastoral Universit\u00e1ria UniSALESIANO<\/title>\n<meta name=\"robots\" content=\"index, follow, max-snippet:-1, max-image-preview:large, max-video-preview:-1\" \/>\n<link rel=\"canonical\" href=\"https:\/\/unisale.com.br\/novo\/28-02-por-acaso-podeis-beber-o-calice-que-eu-vou-beber\/\" \/>\n<meta property=\"og:locale\" content=\"pt_BR\" \/>\n<meta property=\"og:type\" content=\"article\" \/>\n<meta property=\"og:title\" content=\"28\/02 - Por acaso podeis beber o c\u00e1lice que eu vou beber? - Pastoral Universit\u00e1ria UniSALESIANO\" \/>\n<meta property=\"og:description\" content=\"Quarta-feira, 28 de fevereiro de 2024. &nbsp; Evangelho (Mt 20,17-28) &nbsp; \u201cPor acaso podeis beber o c\u00e1lice que eu vou beber?\u201d &nbsp; Naquele tempo, 17enquanto...\" \/>\n<meta property=\"og:url\" content=\"https:\/\/unisale.com.br\/novo\/28-02-por-acaso-podeis-beber-o-calice-que-eu-vou-beber\/\" \/>\n<meta property=\"og:site_name\" content=\"Pastoral Universit\u00e1ria UniSALESIANO\" \/>\n<meta property=\"article:published_time\" content=\"2024-02-21T13:01:56+00:00\" \/>\n<meta name=\"author\" content=\"pastoral\" \/>\n<meta name=\"twitter:card\" content=\"summary_large_image\" \/>\n<meta name=\"twitter:label1\" content=\"Escrito por\" \/>\n\t<meta name=\"twitter:data1\" content=\"pastoral\" \/>\n\t<meta name=\"twitter:label2\" content=\"Est. tempo de leitura\" \/>\n\t<meta name=\"twitter:data2\" content=\"3 minutos\" \/>\n<script type=\"application\/ld+json\" class=\"yoast-schema-graph\">{\"@context\":\"https:\\\/\\\/schema.org\",\"@graph\":[{\"@type\":\"Article\",\"@id\":\"https:\\\/\\\/unisale.com.br\\\/novo\\\/28-02-por-acaso-podeis-beber-o-calice-que-eu-vou-beber\\\/#article\",\"isPartOf\":{\"@id\":\"https:\\\/\\\/unisale.com.br\\\/novo\\\/28-02-por-acaso-podeis-beber-o-calice-que-eu-vou-beber\\\/\"},\"author\":{\"name\":\"pastoral\",\"@id\":\"https:\\\/\\\/unisale.com.br\\\/pastoral\\\/#\\\/schema\\\/person\\\/a16ba711a0f7dec9cb6b44563144d5a3\"},\"headline\":\"28\\\/02 &#8211; Por acaso podeis beber o c\u00e1lice que eu vou beber?\",\"datePublished\":\"2024-02-21T13:01:56+00:00\",\"mainEntityOfPage\":{\"@id\":\"https:\\\/\\\/unisale.com.br\\\/novo\\\/28-02-por-acaso-podeis-beber-o-calice-que-eu-vou-beber\\\/\"},\"wordCount\":688,\"image\":{\"@id\":\"https:\\\/\\\/unisale.com.br\\\/novo\\\/28-02-por-acaso-podeis-beber-o-calice-que-eu-vou-beber\\\/#primaryimage\"},\"thumbnailUrl\":\"https:\\\/\\\/unisale.com.br\\\/pastoral\\\/wp-content\\\/uploads\\\/2024\\\/02\\\/calice-dourado.jpg\",\"articleSection\":[\"Reflex\u00e3o do Evangelho\"],\"inLanguage\":\"pt-BR\"},{\"@type\":\"WebPage\",\"@id\":\"https:\\\/\\\/unisale.com.br\\\/novo\\\/28-02-por-acaso-podeis-beber-o-calice-que-eu-vou-beber\\\/\",\"url\":\"https:\\\/\\\/unisale.com.br\\\/novo\\\/28-02-por-acaso-podeis-beber-o-calice-que-eu-vou-beber\\\/\",\"name\":\"28\\\/02 - Por acaso podeis beber o c\u00e1lice que eu vou beber? - Pastoral Universit\u00e1ria UniSALESIANO\",\"isPartOf\":{\"@id\":\"https:\\\/\\\/unisale.com.br\\\/pastoral\\\/#website\"},\"primaryImageOfPage\":{\"@id\":\"https:\\\/\\\/unisale.com.br\\\/novo\\\/28-02-por-acaso-podeis-beber-o-calice-que-eu-vou-beber\\\/#primaryimage\"},\"image\":{\"@id\":\"https:\\\/\\\/unisale.com.br\\\/novo\\\/28-02-por-acaso-podeis-beber-o-calice-que-eu-vou-beber\\\/#primaryimage\"},\"thumbnailUrl\":\"https:\\\/\\\/unisale.com.br\\\/pastoral\\\/wp-content\\\/uploads\\\/2024\\\/02\\\/calice-dourado.jpg\",\"datePublished\":\"2024-02-21T13:01:56+00:00\",\"author\":{\"@id\":\"https:\\\/\\\/unisale.com.br\\\/pastoral\\\/#\\\/schema\\\/person\\\/a16ba711a0f7dec9cb6b44563144d5a3\"},\"inLanguage\":\"pt-BR\",\"potentialAction\":[{\"@type\":\"ReadAction\",\"target\":[\"https:\\\/\\\/unisale.com.br\\\/novo\\\/28-02-por-acaso-podeis-beber-o-calice-que-eu-vou-beber\\\/\"]}]},{\"@type\":\"ImageObject\",\"inLanguage\":\"pt-BR\",\"@id\":\"https:\\\/\\\/unisale.com.br\\\/novo\\\/28-02-por-acaso-podeis-beber-o-calice-que-eu-vou-beber\\\/#primaryimage\",\"url\":\"https:\\\/\\\/unisale.com.br\\\/pastoral\\\/wp-content\\\/uploads\\\/2024\\\/02\\\/calice-dourado.jpg\",\"contentUrl\":\"https:\\\/\\\/unisale.com.br\\\/pastoral\\\/wp-content\\\/uploads\\\/2024\\\/02\\\/calice-dourado.jpg\",\"width\":751,\"height\":500},{\"@type\":\"WebSite\",\"@id\":\"https:\\\/\\\/unisale.com.br\\\/pastoral\\\/#website\",\"url\":\"https:\\\/\\\/unisale.com.br\\\/pastoral\\\/\",\"name\":\"Pastoral Universit\u00e1ria UniSALESIANO\",\"description\":\"Site da Pastoral Universit\u00e1ria do UniSALESIANO\",\"potentialAction\":[{\"@type\":\"SearchAction\",\"target\":{\"@type\":\"EntryPoint\",\"urlTemplate\":\"https:\\\/\\\/unisale.com.br\\\/pastoral\\\/?s={search_term_string}\"},\"query-input\":{\"@type\":\"PropertyValueSpecification\",\"valueRequired\":true,\"valueName\":\"search_term_string\"}}],\"inLanguage\":\"pt-BR\"},{\"@type\":\"Person\",\"@id\":\"https:\\\/\\\/unisale.com.br\\\/pastoral\\\/#\\\/schema\\\/person\\\/a16ba711a0f7dec9cb6b44563144d5a3\",\"name\":\"pastoral\",\"url\":\"https:\\\/\\\/unisale.com.br\\\/pastoral\\\/author\\\/pastoral\\\/\"}]}<\/script>\n<!-- \/ Yoast SEO plugin. -->","yoast_head_json":{"title":"28\/02 - Por acaso podeis beber o c\u00e1lice que eu vou beber? - Pastoral Universit\u00e1ria UniSALESIANO","robots":{"index":"index","follow":"follow","max-snippet":"max-snippet:-1","max-image-preview":"max-image-preview:large","max-video-preview":"max-video-preview:-1"},"canonical":"https:\/\/unisale.com.br\/novo\/28-02-por-acaso-podeis-beber-o-calice-que-eu-vou-beber\/","og_locale":"pt_BR","og_type":"article","og_title":"28\/02 - Por acaso podeis beber o c\u00e1lice que eu vou beber? - Pastoral Universit\u00e1ria UniSALESIANO","og_description":"Quarta-feira, 28 de fevereiro de 2024. &nbsp; Evangelho (Mt 20,17-28) &nbsp; \u201cPor acaso podeis beber o c\u00e1lice que eu vou beber?\u201d &nbsp; Naquele tempo, 17enquanto...","og_url":"https:\/\/unisale.com.br\/novo\/28-02-por-acaso-podeis-beber-o-calice-que-eu-vou-beber\/","og_site_name":"Pastoral Universit\u00e1ria UniSALESIANO","article_published_time":"2024-02-21T13:01:56+00:00","author":"pastoral","twitter_card":"summary_large_image","twitter_misc":{"Escrito por":"pastoral","Est. tempo de leitura":"3 minutos"},"schema":{"@context":"https:\/\/schema.org","@graph":[{"@type":"Article","@id":"https:\/\/unisale.com.br\/novo\/28-02-por-acaso-podeis-beber-o-calice-que-eu-vou-beber\/#article","isPartOf":{"@id":"https:\/\/unisale.com.br\/novo\/28-02-por-acaso-podeis-beber-o-calice-que-eu-vou-beber\/"},"author":{"name":"pastoral","@id":"https:\/\/unisale.com.br\/pastoral\/#\/schema\/person\/a16ba711a0f7dec9cb6b44563144d5a3"},"headline":"28\/02 &#8211; Por acaso podeis beber o c\u00e1lice que eu vou beber?","datePublished":"2024-02-21T13:01:56+00:00","mainEntityOfPage":{"@id":"https:\/\/unisale.com.br\/novo\/28-02-por-acaso-podeis-beber-o-calice-que-eu-vou-beber\/"},"wordCount":688,"image":{"@id":"https:\/\/unisale.com.br\/novo\/28-02-por-acaso-podeis-beber-o-calice-que-eu-vou-beber\/#primaryimage"},"thumbnailUrl":"https:\/\/unisale.com.br\/pastoral\/wp-content\/uploads\/2024\/02\/calice-dourado.jpg","articleSection":["Reflex\u00e3o do Evangelho"],"inLanguage":"pt-BR"},{"@type":"WebPage","@id":"https:\/\/unisale.com.br\/novo\/28-02-por-acaso-podeis-beber-o-calice-que-eu-vou-beber\/","url":"https:\/\/unisale.com.br\/novo\/28-02-por-acaso-podeis-beber-o-calice-que-eu-vou-beber\/","name":"28\/02 - Por acaso podeis beber o c\u00e1lice que eu vou beber? - Pastoral Universit\u00e1ria UniSALESIANO","isPartOf":{"@id":"https:\/\/unisale.com.br\/pastoral\/#website"},"primaryImageOfPage":{"@id":"https:\/\/unisale.com.br\/novo\/28-02-por-acaso-podeis-beber-o-calice-que-eu-vou-beber\/#primaryimage"},"image":{"@id":"https:\/\/unisale.com.br\/novo\/28-02-por-acaso-podeis-beber-o-calice-que-eu-vou-beber\/#primaryimage"},"thumbnailUrl":"https:\/\/unisale.com.br\/pastoral\/wp-content\/uploads\/2024\/02\/calice-dourado.jpg","datePublished":"2024-02-21T13:01:56+00:00","author":{"@id":"https:\/\/unisale.com.br\/pastoral\/#\/schema\/person\/a16ba711a0f7dec9cb6b44563144d5a3"},"inLanguage":"pt-BR","potentialAction":[{"@type":"ReadAction","target":["https:\/\/unisale.com.br\/novo\/28-02-por-acaso-podeis-beber-o-calice-que-eu-vou-beber\/"]}]},{"@type":"ImageObject","inLanguage":"pt-BR","@id":"https:\/\/unisale.com.br\/novo\/28-02-por-acaso-podeis-beber-o-calice-que-eu-vou-beber\/#primaryimage","url":"https:\/\/unisale.com.br\/pastoral\/wp-content\/uploads\/2024\/02\/calice-dourado.jpg","contentUrl":"https:\/\/unisale.com.br\/pastoral\/wp-content\/uploads\/2024\/02\/calice-dourado.jpg","width":751,"height":500},{"@type":"WebSite","@id":"https:\/\/unisale.com.br\/pastoral\/#website","url":"https:\/\/unisale.com.br\/pastoral\/","name":"Pastoral Universit\u00e1ria UniSALESIANO","description":"Site da Pastoral Universit\u00e1ria do UniSALESIANO","potentialAction":[{"@type":"SearchAction","target":{"@type":"EntryPoint","urlTemplate":"https:\/\/unisale.com.br\/pastoral\/?s={search_term_string}"},"query-input":{"@type":"PropertyValueSpecification","valueRequired":true,"valueName":"search_term_string"}}],"inLanguage":"pt-BR"},{"@type":"Person","@id":"https:\/\/unisale.com.br\/pastoral\/#\/schema\/person\/a16ba711a0f7dec9cb6b44563144d5a3","name":"pastoral","url":"https:\/\/unisale.com.br\/pastoral\/author\/pastoral\/"}]}},"_links":{"self":[{"href":"https:\/\/unisale.com.br\/pastoral\/wp-json\/wp\/v2\/posts\/8864","targetHints":{"allow":["GET"]}}],"collection":[{"href":"https:\/\/unisale.com.br\/pastoral\/wp-json\/wp\/v2\/posts"}],"about":[{"href":"https:\/\/unisale.com.br\/pastoral\/wp-json\/wp\/v2\/types\/post"}],"author":[{"embeddable":true,"href":"https:\/\/unisale.com.br\/pastoral\/wp-json\/wp\/v2\/users\/1"}],"replies":[{"embeddable":true,"href":"https:\/\/unisale.com.br\/pastoral\/wp-json\/wp\/v2\/comments?post=8864"}],"version-history":[{"count":0,"href":"https:\/\/unisale.com.br\/pastoral\/wp-json\/wp\/v2\/posts\/8864\/revisions"}],"wp:featuredmedia":[{"embeddable":true,"href":"https:\/\/unisale.com.br\/pastoral\/wp-json\/wp\/v2\/media\/8865"}],"wp:attachment":[{"href":"https:\/\/unisale.com.br\/pastoral\/wp-json\/wp\/v2\/media?parent=8864"}],"wp:term":[{"taxonomy":"category","embeddable":true,"href":"https:\/\/unisale.com.br\/pastoral\/wp-json\/wp\/v2\/categories?post=8864"},{"taxonomy":"post_tag","embeddable":true,"href":"https:\/\/unisale.com.br\/pastoral\/wp-json\/wp\/v2\/tags?post=8864"}],"curies":[{"name":"wp","href":"https:\/\/api.w.org\/{rel}","templated":true}]}}