{"id":8893,"date":"2024-02-28T11:29:12","date_gmt":"2024-02-28T11:29:12","guid":{"rendered":"https:\/\/unisale.com.br\/pastoral\/?p=8893"},"modified":"2024-02-28T11:29:12","modified_gmt":"2024-02-28T11:29:12","slug":"02-03-mas-era-preciso-festejar-e-alegrar-nos-porque-este-teu-irmao-estava-morto-e-tornou-a-viver-estava-perdido-e-foi-encontrado","status":"publish","type":"post","link":"https:\/\/unisale.com.br\/pastoral\/02-03-mas-era-preciso-festejar-e-alegrar-nos-porque-este-teu-irmao-estava-morto-e-tornou-a-viver-estava-perdido-e-foi-encontrado\/","title":{"rendered":"02\/03 &#8211; Mas era preciso festejar e alegrar-nos, porque este teu irm\u00e3o estava morto e tornou a viver; estava perdido, e foi encontrado."},"content":{"rendered":"<p>S\u00e1bado, 02 de mar\u00e7o de 2024.<\/p>\n<p>&nbsp;<\/p>\n<p><strong>Evangelho (Lc 15,1-3.11-32)<\/strong><\/p>\n<p>&nbsp;<\/p>\n<p><strong>\u201cMas era preciso festejar e alegrar-nos, porque este teu irm\u00e3o estava morto e tornou a viver; estava perdido, e foi encontrado.\u201d<\/strong><\/p>\n<p>&nbsp;<\/p>\n<p>Naquele tempo, <sup>1<\/sup>os publi\u00adcanos e pecadores aproximaram-se de Jesus para o escutar. <sup>2<\/sup>Os fariseus, por\u00e9m, e os mestres da Lei criticavam Jesus: \u201cEste homem acolhe os pecadores e faz refei\u00e7\u00e3o com eles\u201d. <sup>3<\/sup>Ent\u00e3o Jesus contou-lhes esta par\u00e1bola: <sup>11<\/sup>\u201cUm homem tinha dois filhos. <sup>12<\/sup>O filho mais novo disse ao pai: \u2018Pai, d\u00e1-me a parte da heran\u00e7a que me cabe\u2019. E o pai dividiu os bens entre eles. <sup>13<\/sup>Poucos dias depois, o filho mais novo juntou o que era seu e partiu para um lugar distante. E ali esbanjou tudo numa vida desenfreada. <sup>14<\/sup>Quando tinha gasto tudo o que possu\u00eda, houve uma grande fome naquela regi\u00e3o, e ele come\u00e7ou a passar necessidade. <sup>15<\/sup>Ent\u00e3o foi pedir trabalho a um homem do lugar, que o mandou para seu campo cuidar dos porcos. <sup>16<\/sup>O rapaz queira matar a fome com a comida que os porcos comiam, mas nem isto lhe davam. <sup>17<\/sup>Ent\u00e3o caiu em si e disse: \u2018Quantos empregados do meu pai t\u00eam p\u00e3o com fartura, e eu aqui, morrendo de fome\u2019. <sup>18<\/sup>Vou-me embora, vou voltar para meu pai e dizer-lhe: \u2018Pai, pequei contra Deus e contra ti; <sup>19<\/sup>j\u00e1 n\u00e3o mere\u00e7o ser chamado teu filho. Trata-me como a um dos teus empregados\u2019. <sup>20<\/sup>Ent\u00e3o ele partiu e voltou para seu pai. Quando ainda estava longe, seu pai o avistou e sentiu compaix\u00e3o. Correu-lhe ao encontro, abra\u00e7ou-o e cobriu-o de beijos. <sup>21<\/sup>O filho, ent\u00e3o, lhe disse: \u2018Pai, pequei contra Deus e contra ti. J\u00e1 n\u00e3o mere\u00e7o ser chamado teu filho\u2019. <sup>22<\/sup>Mas o pai disse aos empregados: \u2018Trazei depressa a melhor t\u00fanica para vestir meu filho. E colocai um anel no seu dedo e sand\u00e1lias nos p\u00e9s. <sup>23<\/sup>Trazei um novilho gordo e matai-o. Vamos fazer um banquete. <sup>24<\/sup>Porque este meu filho estava morto e tornou a viver; estava perdido e foi encontrado\u2019. E come\u00e7aram a festa. <sup>25<\/sup>O filho mais velho estava no campo. Ao voltar, j\u00e1 perto de casa, ouviu m\u00fasica e barulho de dan\u00e7a. <sup>26<\/sup>Ent\u00e3o chamou um dos criados e perguntou o que estava acontecendo. <sup>27<\/sup>O criado respondeu: \u2018\u00c9 teu irm\u00e3o que voltou. Teu pai matou o novilho gordo, porque o recuperou com sa\u00fade\u2019. <sup>28<\/sup>Mas ele ficou com raiva e n\u00e3o queria entrar. O pai, saindo, insistia com ele. <sup>29<\/sup>Ele, por\u00e9m, respondeu ao pai: \u2018Eu trabalho para ti h\u00e1 tantos anos, jamais desobedeci a qualquer ordem tua. E tu nunca me deste um cabrito para eu festejar com meus amigos. <sup>30<\/sup>Quando chegou esse teu filho, que esbanjou teus bens com prostitutas, matas para ele o novilho cevado\u2019. <sup>31<\/sup>Ent\u00e3o o pai lhe disse: \u2018Filho, tu est\u00e1s sempre comigo, e tudo o que \u00e9 meu \u00e9 teu. <sup>32<\/sup>Mas era preciso festejar e alegrar-nos, porque este teu irm\u00e3o estava morto e tornou a viver; estava perdido, e foi encontrado\u201d\u2019.<\/p>\n<p>&nbsp;<\/p>\n<p><strong>Reflex\u00e3o<\/strong><\/p>\n<p>&nbsp;<\/p>\n<p>\u201cEste homem acolhe os pecadores e faz refei\u00e7\u00e3o com eles.\u201d<\/p>\n<p>&nbsp;<\/p>\n<p>Esta \u00e9 a provoca\u00e7\u00e3o que faz nascer a par\u00e1bola do Filho Pr\u00f3digo. O que impede as pessoas de entenderem Jesus \u00e9 justamente este modo que ele tem de ir ao encontro daqueles que \u201cest\u00e3o longe\u201d. E isto tudo \u00e9 desconcertante porque n\u00f3s ainda temos a mentalidade da meritocracia, ou seja, \u201cprecisamos merecer\u201d para que Jesus venha nos visitar. Sem m\u00e9rito, somos exclu\u00eddos do amor. Mas \u00e9 justamente a concep\u00e7\u00e3o de um amor assim que blorqueia a compreens\u00e3o de Deus que Jesus veio anunciar. Jesus parece dizer com toda sua vida justamente o contr\u00e1rio: o amor de Deus \u00e9 incondicional, \u00e9 gratuito, e \u00e9 justamente por isso que nos salva a vida. Eis porque a par\u00e1bola do filho pr\u00f3digo \u00e9 a explica\u00e7\u00e3o mais claro desta l\u00f3gica de Jesus. Um homem tem dois filhos. O mais novo pede a sua heran\u00e7a e vai embora de casa. Fazer com que o pai d\u00ea a parte de sua heran\u00e7a \u00e9 como que considerar o pai morto. Para ele o pai est\u00e1 morto, e esta morte \u00e9 conveniente porque lhe d\u00e1 a heran\u00e7a. Sem pai ao qual prestar contas e com os bolsos cheios de dinheiro, faz aquilo que quer at\u00e9 acabar com tudo. Mas logo se encontra a invejar os porcos que diferente dele, t\u00eam o que comer, assim decide voltar para casa. Contada assim esta hist\u00f3ria n\u00e3o parece a hist\u00f3ria de uma convers\u00e3o, mas somente a hist\u00f3ria de um oportunista. E de fato, assim \u00e9 este filho. A sua vida, por\u00e9m, n\u00e3o muda porque encontrando-se em dificuldade decide voltar para casa. A sua vida muda quando retornando efetivamente para casa n\u00e3o encontra a porta fechada, mas os bra\u00e7os abertos do pai que vai correndo ao seu encontro. \u00c9 a inesperada rea\u00e7\u00e3o do pai que o converte. O amor justamente porque \u00e9 gratuito e sem condi\u00e7\u00f5es \u00e9 sempre um acontecimento inesperado, e justamente por isto nos muda a vida. As mudan\u00e7as que ao inv\u00e9s nascem calculadas s\u00e3o sempre destinadas a um fim. Este modo de agir \u00e9 incompreens\u00edvel se n\u00e3o se come\u00e7a a raciocinar como Jesus. At\u00e9 agora a \u00fanica rea\u00e7\u00e3o que suscita \u00e9 o infort\u00fanio.<\/p>\n<p><strong>Pe. Paulo Eduardo J\u00e1como, SDB.<\/strong><\/p>\n","protected":false},"excerpt":{"rendered":"<p>S\u00e1bado, 02 de mar\u00e7o de 2024. &nbsp; Evangelho (Lc 15,1-3.11-32) &nbsp; \u201cMas era preciso festejar e alegrar-nos, porque este teu irm\u00e3o estava morto e tornou&#8230;<\/p>\n","protected":false},"author":1,"featured_media":8901,"comment_status":"closed","ping_status":"closed","sticky":false,"template":"","format":"standard","meta":{"_acf_changed":false,"footnotes":""},"categories":[13],"tags":[],"class_list":["post-8893","post","type-post","status-publish","format-standard","has-post-thumbnail","hentry","category-reflexaodoevagelho"],"acf":[],"yoast_head":"<!-- This site is optimized with the Yoast SEO plugin v27.3 - https:\/\/yoast.com\/product\/yoast-seo-wordpress\/ -->\n<title>02\/03 - Mas era preciso festejar e alegrar-nos, porque este teu irm\u00e3o estava morto e tornou a viver; estava perdido, e foi encontrado. - Pastoral Universit\u00e1ria UniSALESIANO<\/title>\n<meta name=\"robots\" content=\"index, follow, max-snippet:-1, max-image-preview:large, max-video-preview:-1\" \/>\n<link rel=\"canonical\" href=\"https:\/\/unisale.com.br\/novo\/02-03-mas-era-preciso-festejar-e-alegrar-nos-porque-este-teu-irmao-estava-morto-e-tornou-a-viver-estava-perdido-e-foi-encontrado\/\" \/>\n<meta property=\"og:locale\" content=\"pt_BR\" \/>\n<meta property=\"og:type\" content=\"article\" \/>\n<meta property=\"og:title\" content=\"02\/03 - Mas era preciso festejar e alegrar-nos, porque este teu irm\u00e3o estava morto e tornou a viver; estava perdido, e foi encontrado. - Pastoral Universit\u00e1ria UniSALESIANO\" \/>\n<meta property=\"og:description\" content=\"S\u00e1bado, 02 de mar\u00e7o de 2024. &nbsp; Evangelho (Lc 15,1-3.11-32) &nbsp; \u201cMas era preciso festejar e alegrar-nos, porque este teu irm\u00e3o estava morto e tornou...\" \/>\n<meta property=\"og:url\" content=\"https:\/\/unisale.com.br\/novo\/02-03-mas-era-preciso-festejar-e-alegrar-nos-porque-este-teu-irmao-estava-morto-e-tornou-a-viver-estava-perdido-e-foi-encontrado\/\" \/>\n<meta property=\"og:site_name\" content=\"Pastoral Universit\u00e1ria UniSALESIANO\" \/>\n<meta property=\"article:published_time\" content=\"2024-02-28T11:29:12+00:00\" \/>\n<meta name=\"author\" content=\"pastoral\" \/>\n<meta name=\"twitter:card\" content=\"summary_large_image\" \/>\n<meta name=\"twitter:label1\" content=\"Escrito por\" \/>\n\t<meta name=\"twitter:data1\" content=\"pastoral\" \/>\n\t<meta name=\"twitter:label2\" content=\"Est. tempo de leitura\" \/>\n\t<meta name=\"twitter:data2\" content=\"5 minutos\" \/>\n<script type=\"application\/ld+json\" class=\"yoast-schema-graph\">{\"@context\":\"https:\\\/\\\/schema.org\",\"@graph\":[{\"@type\":\"Article\",\"@id\":\"https:\\\/\\\/unisale.com.br\\\/novo\\\/02-03-mas-era-preciso-festejar-e-alegrar-nos-porque-este-teu-irmao-estava-morto-e-tornou-a-viver-estava-perdido-e-foi-encontrado\\\/#article\",\"isPartOf\":{\"@id\":\"https:\\\/\\\/unisale.com.br\\\/novo\\\/02-03-mas-era-preciso-festejar-e-alegrar-nos-porque-este-teu-irmao-estava-morto-e-tornou-a-viver-estava-perdido-e-foi-encontrado\\\/\"},\"author\":{\"name\":\"pastoral\",\"@id\":\"https:\\\/\\\/unisale.com.br\\\/pastoral\\\/#\\\/schema\\\/person\\\/a16ba711a0f7dec9cb6b44563144d5a3\"},\"headline\":\"02\\\/03 &#8211; Mas era preciso festejar e alegrar-nos, porque este teu irm\u00e3o estava morto e tornou a viver; estava perdido, e foi encontrado.\",\"datePublished\":\"2024-02-28T11:29:12+00:00\",\"mainEntityOfPage\":{\"@id\":\"https:\\\/\\\/unisale.com.br\\\/novo\\\/02-03-mas-era-preciso-festejar-e-alegrar-nos-porque-este-teu-irmao-estava-morto-e-tornou-a-viver-estava-perdido-e-foi-encontrado\\\/\"},\"wordCount\":935,\"image\":{\"@id\":\"https:\\\/\\\/unisale.com.br\\\/novo\\\/02-03-mas-era-preciso-festejar-e-alegrar-nos-porque-este-teu-irmao-estava-morto-e-tornou-a-viver-estava-perdido-e-foi-encontrado\\\/#primaryimage\"},\"thumbnailUrl\":\"https:\\\/\\\/unisale.com.br\\\/pastoral\\\/wp-content\\\/uploads\\\/2024\\\/02\\\/4114_miseric-1.jpg\",\"articleSection\":[\"Reflex\u00e3o do Evangelho\"],\"inLanguage\":\"pt-BR\"},{\"@type\":\"WebPage\",\"@id\":\"https:\\\/\\\/unisale.com.br\\\/novo\\\/02-03-mas-era-preciso-festejar-e-alegrar-nos-porque-este-teu-irmao-estava-morto-e-tornou-a-viver-estava-perdido-e-foi-encontrado\\\/\",\"url\":\"https:\\\/\\\/unisale.com.br\\\/novo\\\/02-03-mas-era-preciso-festejar-e-alegrar-nos-porque-este-teu-irmao-estava-morto-e-tornou-a-viver-estava-perdido-e-foi-encontrado\\\/\",\"name\":\"02\\\/03 - Mas era preciso festejar e alegrar-nos, porque este teu irm\u00e3o estava morto e tornou a viver; estava perdido, e foi encontrado. - Pastoral Universit\u00e1ria UniSALESIANO\",\"isPartOf\":{\"@id\":\"https:\\\/\\\/unisale.com.br\\\/pastoral\\\/#website\"},\"primaryImageOfPage\":{\"@id\":\"https:\\\/\\\/unisale.com.br\\\/novo\\\/02-03-mas-era-preciso-festejar-e-alegrar-nos-porque-este-teu-irmao-estava-morto-e-tornou-a-viver-estava-perdido-e-foi-encontrado\\\/#primaryimage\"},\"image\":{\"@id\":\"https:\\\/\\\/unisale.com.br\\\/novo\\\/02-03-mas-era-preciso-festejar-e-alegrar-nos-porque-este-teu-irmao-estava-morto-e-tornou-a-viver-estava-perdido-e-foi-encontrado\\\/#primaryimage\"},\"thumbnailUrl\":\"https:\\\/\\\/unisale.com.br\\\/pastoral\\\/wp-content\\\/uploads\\\/2024\\\/02\\\/4114_miseric-1.jpg\",\"datePublished\":\"2024-02-28T11:29:12+00:00\",\"author\":{\"@id\":\"https:\\\/\\\/unisale.com.br\\\/pastoral\\\/#\\\/schema\\\/person\\\/a16ba711a0f7dec9cb6b44563144d5a3\"},\"inLanguage\":\"pt-BR\",\"potentialAction\":[{\"@type\":\"ReadAction\",\"target\":[\"https:\\\/\\\/unisale.com.br\\\/novo\\\/02-03-mas-era-preciso-festejar-e-alegrar-nos-porque-este-teu-irmao-estava-morto-e-tornou-a-viver-estava-perdido-e-foi-encontrado\\\/\"]}]},{\"@type\":\"ImageObject\",\"inLanguage\":\"pt-BR\",\"@id\":\"https:\\\/\\\/unisale.com.br\\\/novo\\\/02-03-mas-era-preciso-festejar-e-alegrar-nos-porque-este-teu-irmao-estava-morto-e-tornou-a-viver-estava-perdido-e-foi-encontrado\\\/#primaryimage\",\"url\":\"https:\\\/\\\/unisale.com.br\\\/pastoral\\\/wp-content\\\/uploads\\\/2024\\\/02\\\/4114_miseric-1.jpg\",\"contentUrl\":\"https:\\\/\\\/unisale.com.br\\\/pastoral\\\/wp-content\\\/uploads\\\/2024\\\/02\\\/4114_miseric-1.jpg\",\"width\":750,\"height\":472},{\"@type\":\"WebSite\",\"@id\":\"https:\\\/\\\/unisale.com.br\\\/pastoral\\\/#website\",\"url\":\"https:\\\/\\\/unisale.com.br\\\/pastoral\\\/\",\"name\":\"Pastoral Universit\u00e1ria UniSALESIANO\",\"description\":\"Site da Pastoral Universit\u00e1ria do UniSALESIANO\",\"potentialAction\":[{\"@type\":\"SearchAction\",\"target\":{\"@type\":\"EntryPoint\",\"urlTemplate\":\"https:\\\/\\\/unisale.com.br\\\/pastoral\\\/?s={search_term_string}\"},\"query-input\":{\"@type\":\"PropertyValueSpecification\",\"valueRequired\":true,\"valueName\":\"search_term_string\"}}],\"inLanguage\":\"pt-BR\"},{\"@type\":\"Person\",\"@id\":\"https:\\\/\\\/unisale.com.br\\\/pastoral\\\/#\\\/schema\\\/person\\\/a16ba711a0f7dec9cb6b44563144d5a3\",\"name\":\"pastoral\",\"url\":\"https:\\\/\\\/unisale.com.br\\\/pastoral\\\/author\\\/pastoral\\\/\"}]}<\/script>\n<!-- \/ Yoast SEO plugin. -->","yoast_head_json":{"title":"02\/03 - Mas era preciso festejar e alegrar-nos, porque este teu irm\u00e3o estava morto e tornou a viver; estava perdido, e foi encontrado. - Pastoral Universit\u00e1ria UniSALESIANO","robots":{"index":"index","follow":"follow","max-snippet":"max-snippet:-1","max-image-preview":"max-image-preview:large","max-video-preview":"max-video-preview:-1"},"canonical":"https:\/\/unisale.com.br\/novo\/02-03-mas-era-preciso-festejar-e-alegrar-nos-porque-este-teu-irmao-estava-morto-e-tornou-a-viver-estava-perdido-e-foi-encontrado\/","og_locale":"pt_BR","og_type":"article","og_title":"02\/03 - Mas era preciso festejar e alegrar-nos, porque este teu irm\u00e3o estava morto e tornou a viver; estava perdido, e foi encontrado. - Pastoral Universit\u00e1ria UniSALESIANO","og_description":"S\u00e1bado, 02 de mar\u00e7o de 2024. &nbsp; Evangelho (Lc 15,1-3.11-32) &nbsp; \u201cMas era preciso festejar e alegrar-nos, porque este teu irm\u00e3o estava morto e tornou...","og_url":"https:\/\/unisale.com.br\/novo\/02-03-mas-era-preciso-festejar-e-alegrar-nos-porque-este-teu-irmao-estava-morto-e-tornou-a-viver-estava-perdido-e-foi-encontrado\/","og_site_name":"Pastoral Universit\u00e1ria UniSALESIANO","article_published_time":"2024-02-28T11:29:12+00:00","author":"pastoral","twitter_card":"summary_large_image","twitter_misc":{"Escrito por":"pastoral","Est. tempo de leitura":"5 minutos"},"schema":{"@context":"https:\/\/schema.org","@graph":[{"@type":"Article","@id":"https:\/\/unisale.com.br\/novo\/02-03-mas-era-preciso-festejar-e-alegrar-nos-porque-este-teu-irmao-estava-morto-e-tornou-a-viver-estava-perdido-e-foi-encontrado\/#article","isPartOf":{"@id":"https:\/\/unisale.com.br\/novo\/02-03-mas-era-preciso-festejar-e-alegrar-nos-porque-este-teu-irmao-estava-morto-e-tornou-a-viver-estava-perdido-e-foi-encontrado\/"},"author":{"name":"pastoral","@id":"https:\/\/unisale.com.br\/pastoral\/#\/schema\/person\/a16ba711a0f7dec9cb6b44563144d5a3"},"headline":"02\/03 &#8211; Mas era preciso festejar e alegrar-nos, porque este teu irm\u00e3o estava morto e tornou a viver; estava perdido, e foi encontrado.","datePublished":"2024-02-28T11:29:12+00:00","mainEntityOfPage":{"@id":"https:\/\/unisale.com.br\/novo\/02-03-mas-era-preciso-festejar-e-alegrar-nos-porque-este-teu-irmao-estava-morto-e-tornou-a-viver-estava-perdido-e-foi-encontrado\/"},"wordCount":935,"image":{"@id":"https:\/\/unisale.com.br\/novo\/02-03-mas-era-preciso-festejar-e-alegrar-nos-porque-este-teu-irmao-estava-morto-e-tornou-a-viver-estava-perdido-e-foi-encontrado\/#primaryimage"},"thumbnailUrl":"https:\/\/unisale.com.br\/pastoral\/wp-content\/uploads\/2024\/02\/4114_miseric-1.jpg","articleSection":["Reflex\u00e3o do Evangelho"],"inLanguage":"pt-BR"},{"@type":"WebPage","@id":"https:\/\/unisale.com.br\/novo\/02-03-mas-era-preciso-festejar-e-alegrar-nos-porque-este-teu-irmao-estava-morto-e-tornou-a-viver-estava-perdido-e-foi-encontrado\/","url":"https:\/\/unisale.com.br\/novo\/02-03-mas-era-preciso-festejar-e-alegrar-nos-porque-este-teu-irmao-estava-morto-e-tornou-a-viver-estava-perdido-e-foi-encontrado\/","name":"02\/03 - Mas era preciso festejar e alegrar-nos, porque este teu irm\u00e3o estava morto e tornou a viver; estava perdido, e foi encontrado. - Pastoral Universit\u00e1ria UniSALESIANO","isPartOf":{"@id":"https:\/\/unisale.com.br\/pastoral\/#website"},"primaryImageOfPage":{"@id":"https:\/\/unisale.com.br\/novo\/02-03-mas-era-preciso-festejar-e-alegrar-nos-porque-este-teu-irmao-estava-morto-e-tornou-a-viver-estava-perdido-e-foi-encontrado\/#primaryimage"},"image":{"@id":"https:\/\/unisale.com.br\/novo\/02-03-mas-era-preciso-festejar-e-alegrar-nos-porque-este-teu-irmao-estava-morto-e-tornou-a-viver-estava-perdido-e-foi-encontrado\/#primaryimage"},"thumbnailUrl":"https:\/\/unisale.com.br\/pastoral\/wp-content\/uploads\/2024\/02\/4114_miseric-1.jpg","datePublished":"2024-02-28T11:29:12+00:00","author":{"@id":"https:\/\/unisale.com.br\/pastoral\/#\/schema\/person\/a16ba711a0f7dec9cb6b44563144d5a3"},"inLanguage":"pt-BR","potentialAction":[{"@type":"ReadAction","target":["https:\/\/unisale.com.br\/novo\/02-03-mas-era-preciso-festejar-e-alegrar-nos-porque-este-teu-irmao-estava-morto-e-tornou-a-viver-estava-perdido-e-foi-encontrado\/"]}]},{"@type":"ImageObject","inLanguage":"pt-BR","@id":"https:\/\/unisale.com.br\/novo\/02-03-mas-era-preciso-festejar-e-alegrar-nos-porque-este-teu-irmao-estava-morto-e-tornou-a-viver-estava-perdido-e-foi-encontrado\/#primaryimage","url":"https:\/\/unisale.com.br\/pastoral\/wp-content\/uploads\/2024\/02\/4114_miseric-1.jpg","contentUrl":"https:\/\/unisale.com.br\/pastoral\/wp-content\/uploads\/2024\/02\/4114_miseric-1.jpg","width":750,"height":472},{"@type":"WebSite","@id":"https:\/\/unisale.com.br\/pastoral\/#website","url":"https:\/\/unisale.com.br\/pastoral\/","name":"Pastoral Universit\u00e1ria UniSALESIANO","description":"Site da Pastoral Universit\u00e1ria do UniSALESIANO","potentialAction":[{"@type":"SearchAction","target":{"@type":"EntryPoint","urlTemplate":"https:\/\/unisale.com.br\/pastoral\/?s={search_term_string}"},"query-input":{"@type":"PropertyValueSpecification","valueRequired":true,"valueName":"search_term_string"}}],"inLanguage":"pt-BR"},{"@type":"Person","@id":"https:\/\/unisale.com.br\/pastoral\/#\/schema\/person\/a16ba711a0f7dec9cb6b44563144d5a3","name":"pastoral","url":"https:\/\/unisale.com.br\/pastoral\/author\/pastoral\/"}]}},"_links":{"self":[{"href":"https:\/\/unisale.com.br\/pastoral\/wp-json\/wp\/v2\/posts\/8893","targetHints":{"allow":["GET"]}}],"collection":[{"href":"https:\/\/unisale.com.br\/pastoral\/wp-json\/wp\/v2\/posts"}],"about":[{"href":"https:\/\/unisale.com.br\/pastoral\/wp-json\/wp\/v2\/types\/post"}],"author":[{"embeddable":true,"href":"https:\/\/unisale.com.br\/pastoral\/wp-json\/wp\/v2\/users\/1"}],"replies":[{"embeddable":true,"href":"https:\/\/unisale.com.br\/pastoral\/wp-json\/wp\/v2\/comments?post=8893"}],"version-history":[{"count":0,"href":"https:\/\/unisale.com.br\/pastoral\/wp-json\/wp\/v2\/posts\/8893\/revisions"}],"wp:featuredmedia":[{"embeddable":true,"href":"https:\/\/unisale.com.br\/pastoral\/wp-json\/wp\/v2\/media\/8901"}],"wp:attachment":[{"href":"https:\/\/unisale.com.br\/pastoral\/wp-json\/wp\/v2\/media?parent=8893"}],"wp:term":[{"taxonomy":"category","embeddable":true,"href":"https:\/\/unisale.com.br\/pastoral\/wp-json\/wp\/v2\/categories?post=8893"},{"taxonomy":"post_tag","embeddable":true,"href":"https:\/\/unisale.com.br\/pastoral\/wp-json\/wp\/v2\/tags?post=8893"}],"curies":[{"name":"wp","href":"https:\/\/api.w.org\/{rel}","templated":true}]}}