{"id":8926,"date":"2024-03-06T10:30:25","date_gmt":"2024-03-06T10:30:25","guid":{"rendered":"https:\/\/unisale.com.br\/pastoral\/?p=8926"},"modified":"2024-03-06T10:30:25","modified_gmt":"2024-03-06T10:30:25","slug":"07-03-quem-nao-esta-comigo-esta-contra-mim","status":"publish","type":"post","link":"https:\/\/unisale.com.br\/pastoral\/07-03-quem-nao-esta-comigo-esta-contra-mim\/","title":{"rendered":"07\/03 &#8211; Quem n\u00e3o est\u00e1 comigo est\u00e1 contra mim."},"content":{"rendered":"<p>Quinta-feira, 07 de mar\u00e7o de 2024.<\/p>\n<p>Evangelho (Lc 11,14-23)<\/p>\n<p>\u201cQuem n\u00e3o est\u00e1 comigo est\u00e1 contra mim\u201d<\/p>\n<p>Naquele tempo, <sup>14<\/sup>Jesus estava expulsando um dem\u00f4nio que era mudo. Quando o dem\u00f4nio saiu, o mudo come\u00e7ou a falar, e as multid\u00f5es ficaram admiradas. <sup>15<\/sup>Mas alguns disseram: &#8216;\u00c9 por Belzebu, o pr\u00edncipe dos dem\u00f4nios, que ele expulsa os dem\u00f4nios.&#8217; <sup>16<\/sup>Outros, para tentar Jesus, pediam-lhe um sinal do c\u00e9u. <sup>17<\/sup>Mas, conhecendo seus pensamentos, Jesus disse-lhes: &#8216;Todo reino dividido contra si mesmo ser\u00e1 destru\u00eddo; e cair\u00e1 uma casa por cima da outra. <sup>18<\/sup>Ora, se at\u00e9 Satan\u00e1s est\u00e1 dividido contra si mesmo, como poder\u00e1 sobreviver o seu reino. V\u00f3s dizeis que \u00e9 por Belzebu que eu expulso os dem\u00f4nios. <sup>19<\/sup>Se \u00e9 por meio de Belzebu que eu expulso dem\u00f4nios, vossos filhos os expulsam por meio de quem? Por isso, eles mesmos ser\u00e3o vossos ju\u00edzes. <sup>20<\/sup>Mas, se \u00e9 pelo dedo de Deus que eu expulso os dem\u00f4nios, ent\u00e3o chegou para v\u00f3s o Reino de Deus. <sup>21<\/sup>Quando um homem forte e bem armado guarda a pr\u00f3pria casa, seus bens est\u00e3o seguros. <sup>22<\/sup>Mas, quando chega um homem mais forte do que ele, vence-o, arranca-lhe a armadura na qual ele confiava, e reparte o que roubou. <sup>23<\/sup>Quem n\u00e3o est\u00e1 comigo, est\u00e1 contra mim. E quem n\u00e3o recolhe comigo, dispersa.<\/p>\n<p>&nbsp;<\/p>\n<p><strong>Reflex\u00e3o<\/strong><\/p>\n<p>Costumeiramente os homens falam sob a influ\u00eancia do Maligno, isto \u00e9, sobre o efeito dos mal pensamentos. Dizem coisas que n\u00e3o diriam jamais quando est\u00e3o em paz. A mal\u00edcia conduz tamb\u00e9m ao comportamento contr\u00e1rio, isto \u00e9, \u00e0 mudez. Muitas vezes bastaria pouco, um gesto, uma palavra, pedir desculpas, uma sauda\u00e7\u00e3o e poderia fazer nascer a paz entre os que brigam. Mas quem n\u00e3o tem vontade emudece. O \u00f3dio no cora\u00e7\u00e3o produz a mudez, uma mudez no sentido literal, isto \u00e9, interrompe as rela\u00e7\u00f5es com os outros. Os mudos muitas vezes n\u00e3o falam porque tamb\u00e9m s\u00e3o surdos: n\u00e3o ouvem a voz, n\u00e3o conseguem reproduzi-la e n\u00e3o podem se comunicar com os outros. Uma coisa semelhante acontece na mudez espiritual que vem do Maligno. Se come\u00e7a com a decis\u00e3o de n\u00e3o escutar, de ignorar o pr\u00f3ximo e as suas exig\u00eancias. E se termina por n\u00e3o dizer mais nada ao outro. Somente o amor pode curar deste sil\u00eancio. Acontece muitas vezes no Antigo Testamento. Israel est\u00e1 em perigo, est\u00e1 para ser invadida por um ex\u00e9rcito estrangeiro. Agora o rei procura aliados, sempre estrangeiros: contra os Ass\u00edrios e os Babil\u00f4nicos pediu ajuda aos Eg\u00edpcios e vice-versa. Sempre, por\u00e9m, surge um profeta e condena tal atitude. Como faz pro exemplo Isaias com o rei Acaz. O tema da sua prega\u00e7\u00e3o \u00e9 simples: Se n\u00e3o continueis a ter f\u00e9, sereis derrotados. Em ouras palavras, o perigo e preciso ter f\u00e9 somente em Deus e em nenhum outro. O mal, de fato, se pode tamb\u00e9m expulsar com um outro mal, mas o \u00eaxito final \u00e9 pior que o rem\u00e9dio. A hist\u00f3ria de Israel \u00e9 semelhante ao que acontece na alma humana, onde as inclina\u00e7\u00f5es para o mal se digladiam para conquistar poder no cora\u00e7\u00e3o. A avareza contra a embriaguez, a soberba contra a pregui\u00e7a, a vaidade contra a tristeza. O cora\u00e7\u00e3o n\u00e3o estar\u00e1 jamais em paz at\u00e9 que Deus mesmo o defenda, como dizia Santo Agostinho: \u201cInquieto estar\u00e1 o meu cora\u00e7\u00e3o enquanto n\u00e3o repousar em V\u00f3s\u201d.<\/p>\n<p><strong>Pe. Paulo Eduardo J\u00e1como, SDB.<\/strong><\/p>\n","protected":false},"excerpt":{"rendered":"<p>Quinta-feira, 07 de mar\u00e7o de 2024. Evangelho (Lc 11,14-23) \u201cQuem n\u00e3o est\u00e1 comigo est\u00e1 contra mim\u201d Naquele tempo, 14Jesus estava expulsando um dem\u00f4nio que era&#8230;<\/p>\n","protected":false},"author":1,"featured_media":8927,"comment_status":"closed","ping_status":"closed","sticky":false,"template":"","format":"standard","meta":{"_acf_changed":false,"footnotes":""},"categories":[13],"tags":[],"class_list":["post-8926","post","type-post","status-publish","format-standard","has-post-thumbnail","hentry","category-reflexaodoevagelho"],"acf":[],"yoast_head":"<!-- This site is optimized with the Yoast SEO plugin v27.3 - https:\/\/yoast.com\/product\/yoast-seo-wordpress\/ -->\n<title>07\/03 - Quem n\u00e3o est\u00e1 comigo est\u00e1 contra mim. - Pastoral Universit\u00e1ria UniSALESIANO<\/title>\n<meta name=\"robots\" content=\"index, follow, max-snippet:-1, max-image-preview:large, max-video-preview:-1\" \/>\n<link rel=\"canonical\" href=\"https:\/\/unisale.com.br\/novo\/07-03-quem-nao-esta-comigo-esta-contra-mim\/\" \/>\n<meta property=\"og:locale\" content=\"pt_BR\" \/>\n<meta property=\"og:type\" content=\"article\" \/>\n<meta property=\"og:title\" content=\"07\/03 - Quem n\u00e3o est\u00e1 comigo est\u00e1 contra mim. - Pastoral Universit\u00e1ria UniSALESIANO\" \/>\n<meta property=\"og:description\" content=\"Quinta-feira, 07 de mar\u00e7o de 2024. Evangelho (Lc 11,14-23) \u201cQuem n\u00e3o est\u00e1 comigo est\u00e1 contra mim\u201d Naquele tempo, 14Jesus estava expulsando um dem\u00f4nio que era...\" \/>\n<meta property=\"og:url\" content=\"https:\/\/unisale.com.br\/novo\/07-03-quem-nao-esta-comigo-esta-contra-mim\/\" \/>\n<meta property=\"og:site_name\" content=\"Pastoral Universit\u00e1ria UniSALESIANO\" \/>\n<meta property=\"article:published_time\" content=\"2024-03-06T10:30:25+00:00\" \/>\n<meta name=\"author\" content=\"pastoral\" \/>\n<meta name=\"twitter:card\" content=\"summary_large_image\" \/>\n<meta name=\"twitter:label1\" content=\"Escrito por\" \/>\n\t<meta name=\"twitter:data1\" content=\"pastoral\" \/>\n\t<meta name=\"twitter:label2\" content=\"Est. tempo de leitura\" \/>\n\t<meta name=\"twitter:data2\" content=\"3 minutos\" \/>\n<script type=\"application\/ld+json\" class=\"yoast-schema-graph\">{\"@context\":\"https:\\\/\\\/schema.org\",\"@graph\":[{\"@type\":\"Article\",\"@id\":\"https:\\\/\\\/unisale.com.br\\\/novo\\\/07-03-quem-nao-esta-comigo-esta-contra-mim\\\/#article\",\"isPartOf\":{\"@id\":\"https:\\\/\\\/unisale.com.br\\\/novo\\\/07-03-quem-nao-esta-comigo-esta-contra-mim\\\/\"},\"author\":{\"name\":\"pastoral\",\"@id\":\"https:\\\/\\\/unisale.com.br\\\/pastoral\\\/#\\\/schema\\\/person\\\/a16ba711a0f7dec9cb6b44563144d5a3\"},\"headline\":\"07\\\/03 &#8211; Quem n\u00e3o est\u00e1 comigo est\u00e1 contra mim.\",\"datePublished\":\"2024-03-06T10:30:25+00:00\",\"mainEntityOfPage\":{\"@id\":\"https:\\\/\\\/unisale.com.br\\\/novo\\\/07-03-quem-nao-esta-comigo-esta-contra-mim\\\/\"},\"wordCount\":607,\"image\":{\"@id\":\"https:\\\/\\\/unisale.com.br\\\/novo\\\/07-03-quem-nao-esta-comigo-esta-contra-mim\\\/#primaryimage\"},\"thumbnailUrl\":\"https:\\\/\\\/unisale.com.br\\\/pastoral\\\/wp-content\\\/uploads\\\/2024\\\/03\\\/0104-Bem-x-mal-1024x576-1.jpg\",\"articleSection\":[\"Reflex\u00e3o do Evangelho\"],\"inLanguage\":\"pt-BR\"},{\"@type\":\"WebPage\",\"@id\":\"https:\\\/\\\/unisale.com.br\\\/novo\\\/07-03-quem-nao-esta-comigo-esta-contra-mim\\\/\",\"url\":\"https:\\\/\\\/unisale.com.br\\\/novo\\\/07-03-quem-nao-esta-comigo-esta-contra-mim\\\/\",\"name\":\"07\\\/03 - Quem n\u00e3o est\u00e1 comigo est\u00e1 contra mim. - Pastoral Universit\u00e1ria UniSALESIANO\",\"isPartOf\":{\"@id\":\"https:\\\/\\\/unisale.com.br\\\/pastoral\\\/#website\"},\"primaryImageOfPage\":{\"@id\":\"https:\\\/\\\/unisale.com.br\\\/novo\\\/07-03-quem-nao-esta-comigo-esta-contra-mim\\\/#primaryimage\"},\"image\":{\"@id\":\"https:\\\/\\\/unisale.com.br\\\/novo\\\/07-03-quem-nao-esta-comigo-esta-contra-mim\\\/#primaryimage\"},\"thumbnailUrl\":\"https:\\\/\\\/unisale.com.br\\\/pastoral\\\/wp-content\\\/uploads\\\/2024\\\/03\\\/0104-Bem-x-mal-1024x576-1.jpg\",\"datePublished\":\"2024-03-06T10:30:25+00:00\",\"author\":{\"@id\":\"https:\\\/\\\/unisale.com.br\\\/pastoral\\\/#\\\/schema\\\/person\\\/a16ba711a0f7dec9cb6b44563144d5a3\"},\"inLanguage\":\"pt-BR\",\"potentialAction\":[{\"@type\":\"ReadAction\",\"target\":[\"https:\\\/\\\/unisale.com.br\\\/novo\\\/07-03-quem-nao-esta-comigo-esta-contra-mim\\\/\"]}]},{\"@type\":\"ImageObject\",\"inLanguage\":\"pt-BR\",\"@id\":\"https:\\\/\\\/unisale.com.br\\\/novo\\\/07-03-quem-nao-esta-comigo-esta-contra-mim\\\/#primaryimage\",\"url\":\"https:\\\/\\\/unisale.com.br\\\/pastoral\\\/wp-content\\\/uploads\\\/2024\\\/03\\\/0104-Bem-x-mal-1024x576-1.jpg\",\"contentUrl\":\"https:\\\/\\\/unisale.com.br\\\/pastoral\\\/wp-content\\\/uploads\\\/2024\\\/03\\\/0104-Bem-x-mal-1024x576-1.jpg\",\"width\":889,\"height\":500},{\"@type\":\"WebSite\",\"@id\":\"https:\\\/\\\/unisale.com.br\\\/pastoral\\\/#website\",\"url\":\"https:\\\/\\\/unisale.com.br\\\/pastoral\\\/\",\"name\":\"Pastoral Universit\u00e1ria UniSALESIANO\",\"description\":\"Site da Pastoral Universit\u00e1ria do UniSALESIANO\",\"potentialAction\":[{\"@type\":\"SearchAction\",\"target\":{\"@type\":\"EntryPoint\",\"urlTemplate\":\"https:\\\/\\\/unisale.com.br\\\/pastoral\\\/?s={search_term_string}\"},\"query-input\":{\"@type\":\"PropertyValueSpecification\",\"valueRequired\":true,\"valueName\":\"search_term_string\"}}],\"inLanguage\":\"pt-BR\"},{\"@type\":\"Person\",\"@id\":\"https:\\\/\\\/unisale.com.br\\\/pastoral\\\/#\\\/schema\\\/person\\\/a16ba711a0f7dec9cb6b44563144d5a3\",\"name\":\"pastoral\",\"url\":\"https:\\\/\\\/unisale.com.br\\\/pastoral\\\/author\\\/pastoral\\\/\"}]}<\/script>\n<!-- \/ Yoast SEO plugin. -->","yoast_head_json":{"title":"07\/03 - Quem n\u00e3o est\u00e1 comigo est\u00e1 contra mim. - Pastoral Universit\u00e1ria UniSALESIANO","robots":{"index":"index","follow":"follow","max-snippet":"max-snippet:-1","max-image-preview":"max-image-preview:large","max-video-preview":"max-video-preview:-1"},"canonical":"https:\/\/unisale.com.br\/novo\/07-03-quem-nao-esta-comigo-esta-contra-mim\/","og_locale":"pt_BR","og_type":"article","og_title":"07\/03 - Quem n\u00e3o est\u00e1 comigo est\u00e1 contra mim. - Pastoral Universit\u00e1ria UniSALESIANO","og_description":"Quinta-feira, 07 de mar\u00e7o de 2024. Evangelho (Lc 11,14-23) \u201cQuem n\u00e3o est\u00e1 comigo est\u00e1 contra mim\u201d Naquele tempo, 14Jesus estava expulsando um dem\u00f4nio que era...","og_url":"https:\/\/unisale.com.br\/novo\/07-03-quem-nao-esta-comigo-esta-contra-mim\/","og_site_name":"Pastoral Universit\u00e1ria UniSALESIANO","article_published_time":"2024-03-06T10:30:25+00:00","author":"pastoral","twitter_card":"summary_large_image","twitter_misc":{"Escrito por":"pastoral","Est. tempo de leitura":"3 minutos"},"schema":{"@context":"https:\/\/schema.org","@graph":[{"@type":"Article","@id":"https:\/\/unisale.com.br\/novo\/07-03-quem-nao-esta-comigo-esta-contra-mim\/#article","isPartOf":{"@id":"https:\/\/unisale.com.br\/novo\/07-03-quem-nao-esta-comigo-esta-contra-mim\/"},"author":{"name":"pastoral","@id":"https:\/\/unisale.com.br\/pastoral\/#\/schema\/person\/a16ba711a0f7dec9cb6b44563144d5a3"},"headline":"07\/03 &#8211; Quem n\u00e3o est\u00e1 comigo est\u00e1 contra mim.","datePublished":"2024-03-06T10:30:25+00:00","mainEntityOfPage":{"@id":"https:\/\/unisale.com.br\/novo\/07-03-quem-nao-esta-comigo-esta-contra-mim\/"},"wordCount":607,"image":{"@id":"https:\/\/unisale.com.br\/novo\/07-03-quem-nao-esta-comigo-esta-contra-mim\/#primaryimage"},"thumbnailUrl":"https:\/\/unisale.com.br\/pastoral\/wp-content\/uploads\/2024\/03\/0104-Bem-x-mal-1024x576-1.jpg","articleSection":["Reflex\u00e3o do Evangelho"],"inLanguage":"pt-BR"},{"@type":"WebPage","@id":"https:\/\/unisale.com.br\/novo\/07-03-quem-nao-esta-comigo-esta-contra-mim\/","url":"https:\/\/unisale.com.br\/novo\/07-03-quem-nao-esta-comigo-esta-contra-mim\/","name":"07\/03 - Quem n\u00e3o est\u00e1 comigo est\u00e1 contra mim. - Pastoral Universit\u00e1ria UniSALESIANO","isPartOf":{"@id":"https:\/\/unisale.com.br\/pastoral\/#website"},"primaryImageOfPage":{"@id":"https:\/\/unisale.com.br\/novo\/07-03-quem-nao-esta-comigo-esta-contra-mim\/#primaryimage"},"image":{"@id":"https:\/\/unisale.com.br\/novo\/07-03-quem-nao-esta-comigo-esta-contra-mim\/#primaryimage"},"thumbnailUrl":"https:\/\/unisale.com.br\/pastoral\/wp-content\/uploads\/2024\/03\/0104-Bem-x-mal-1024x576-1.jpg","datePublished":"2024-03-06T10:30:25+00:00","author":{"@id":"https:\/\/unisale.com.br\/pastoral\/#\/schema\/person\/a16ba711a0f7dec9cb6b44563144d5a3"},"inLanguage":"pt-BR","potentialAction":[{"@type":"ReadAction","target":["https:\/\/unisale.com.br\/novo\/07-03-quem-nao-esta-comigo-esta-contra-mim\/"]}]},{"@type":"ImageObject","inLanguage":"pt-BR","@id":"https:\/\/unisale.com.br\/novo\/07-03-quem-nao-esta-comigo-esta-contra-mim\/#primaryimage","url":"https:\/\/unisale.com.br\/pastoral\/wp-content\/uploads\/2024\/03\/0104-Bem-x-mal-1024x576-1.jpg","contentUrl":"https:\/\/unisale.com.br\/pastoral\/wp-content\/uploads\/2024\/03\/0104-Bem-x-mal-1024x576-1.jpg","width":889,"height":500},{"@type":"WebSite","@id":"https:\/\/unisale.com.br\/pastoral\/#website","url":"https:\/\/unisale.com.br\/pastoral\/","name":"Pastoral Universit\u00e1ria UniSALESIANO","description":"Site da Pastoral Universit\u00e1ria do UniSALESIANO","potentialAction":[{"@type":"SearchAction","target":{"@type":"EntryPoint","urlTemplate":"https:\/\/unisale.com.br\/pastoral\/?s={search_term_string}"},"query-input":{"@type":"PropertyValueSpecification","valueRequired":true,"valueName":"search_term_string"}}],"inLanguage":"pt-BR"},{"@type":"Person","@id":"https:\/\/unisale.com.br\/pastoral\/#\/schema\/person\/a16ba711a0f7dec9cb6b44563144d5a3","name":"pastoral","url":"https:\/\/unisale.com.br\/pastoral\/author\/pastoral\/"}]}},"_links":{"self":[{"href":"https:\/\/unisale.com.br\/pastoral\/wp-json\/wp\/v2\/posts\/8926","targetHints":{"allow":["GET"]}}],"collection":[{"href":"https:\/\/unisale.com.br\/pastoral\/wp-json\/wp\/v2\/posts"}],"about":[{"href":"https:\/\/unisale.com.br\/pastoral\/wp-json\/wp\/v2\/types\/post"}],"author":[{"embeddable":true,"href":"https:\/\/unisale.com.br\/pastoral\/wp-json\/wp\/v2\/users\/1"}],"replies":[{"embeddable":true,"href":"https:\/\/unisale.com.br\/pastoral\/wp-json\/wp\/v2\/comments?post=8926"}],"version-history":[{"count":0,"href":"https:\/\/unisale.com.br\/pastoral\/wp-json\/wp\/v2\/posts\/8926\/revisions"}],"wp:featuredmedia":[{"embeddable":true,"href":"https:\/\/unisale.com.br\/pastoral\/wp-json\/wp\/v2\/media\/8927"}],"wp:attachment":[{"href":"https:\/\/unisale.com.br\/pastoral\/wp-json\/wp\/v2\/media?parent=8926"}],"wp:term":[{"taxonomy":"category","embeddable":true,"href":"https:\/\/unisale.com.br\/pastoral\/wp-json\/wp\/v2\/categories?post=8926"},{"taxonomy":"post_tag","embeddable":true,"href":"https:\/\/unisale.com.br\/pastoral\/wp-json\/wp\/v2\/tags?post=8926"}],"curies":[{"name":"wp","href":"https:\/\/api.w.org\/{rel}","templated":true}]}}