{"id":8939,"date":"2024-03-11T13:39:20","date_gmt":"2024-03-11T13:39:20","guid":{"rendered":"https:\/\/unisale.com.br\/pastoral\/?p=8939"},"modified":"2024-03-11T13:39:20","modified_gmt":"2024-03-11T13:39:20","slug":"11-03-o-homem-acreditou-na-palavra-de-jesus","status":"publish","type":"post","link":"https:\/\/unisale.com.br\/pastoral\/11-03-o-homem-acreditou-na-palavra-de-jesus\/","title":{"rendered":"11\/03 &#8211; O homem acreditou na palavra de Jesus&#8230;"},"content":{"rendered":"<p>Segunda-feira, 11 de mar\u00e7o de 2024.<\/p>\n<p>Evangelho (Jo 4,43-54)<\/p>\n<p><strong>\u201cO homem acreditou na palavra de Jesus&#8230;\u201d<\/strong><\/p>\n<p>Naquele tempo, <sup>43<\/sup>Jesus partiu da Samaria para a Galileia. <sup>44<\/sup>O pr\u00f3prio Jesus tinha declarado, que um profeta n\u00e3o \u00e9 honrado na sua pr\u00f3pria terra. <sup>45<\/sup>Quando ent\u00e3o chegou \u00e0 Galileia, os galileus receberam-no bem, porque tinham visto tudo o que Jesus havia feito em Jerusal\u00e9m, durante a festa. Pois tamb\u00e9m eles tinham ido \u00e0 festa. <sup>46<\/sup>Assim, Jesus voltou para Can\u00e1 da Galileia, onde havia transformado \u00e1gua em vinho. Havia em Cafarnaum um fun\u00adcion\u00e1rio do rei que tinha um filho doente. <sup>47<\/sup>Ouviu dizer que Jesus tinha vindo da Judeia para a Galileia. Ele saiu ao seu encontro e pediu-lhe que fosse a Cafarnaum curar seu filho, que estava morrendo. <sup>48<\/sup>Jesus disse-lhe: \u201cSe n\u00e3o virdes sinais e prod\u00edgios, n\u00e3o acreditais\u201d. <sup>49<\/sup>O funcion\u00e1rio do rei disse: \u201cSenhor, desce, antes que meu filho morra!\u201d <sup>50<\/sup>Jesus lhe disse: \u201cPodes ir, teu filho est\u00e1 vivo\u201d. O homem acreditou na palavra de Jesus e foi embora. <sup>51<\/sup>Enquanto descia para Ca\u00adfarnaum, seus empregados foram ao seu encontro, dizendo que o seu filho estava vivo. <sup>52<\/sup>O funcion\u00e1rio perguntou a que horas o menino tinha melhorado. Eles responderam: \u201cA febre desapareceu, ontem, pela uma da tarde\u201d. <sup>53<\/sup>O pai verificou que tinha sido exatamente na mesma hora em que Jesus lhe havia dito: \u201cTeu filho est\u00e1 vivo\u201d. Ent\u00e3o, ele abra\u00e7ou a f\u00e9, juntamente com toda a sua fam\u00edlia. <sup>54<\/sup>Esse foi o segundo sinal de Jesus. Realizou-o quando voltou da Judeia para a Galileia.<\/p>\n<p>&nbsp;<\/p>\n<p><strong>Reflex\u00e3o<\/strong><\/p>\n<p>A hist\u00f3ria contada no Evangelho de hoje poderia se assemelhar a tantas outras hist\u00f3rias de cura narradas no Evangelho. Tamb\u00e9m o desespero deste pai que procura Jesus porque seu filho est\u00e1 morrendo encontra no evangelho de Jo\u00e3o alguns detalhes interessasntes: \u201cSenhor, desce, antes que meu filho morra!\u201d <sup>50<\/sup>Jesus lhe disse: \u201cPodes ir, teu filho est\u00e1 vivo\u201d. Este homem cr\u00ea nas palavras de Jesus e se coloca a caminho. Crer \u00e9 justamente colocar-se a caminho justamente quando faltam provas evidentes sobre aquilo que cremos. A f\u00e9 n\u00e3o \u00e9 um \u201cconvencer-se um pouco\u201d de cada vez, mas \u00e9 um confiar um pouco de cada vez. \u00c9 nesta din\u00e2mica de gradual confian\u00e7a que a gra\u00e7a de Deus realiza mudan\u00e7as: <sup>\u201c<\/sup>Enquanto descia para Ca\u00adfarnaum, seus empregados foram ao seu encontro, dizendo que o seu filho estava vivo. O funcion\u00e1rio perguntou a que horas o menino tinha melhorado. Eles responderam: \u201cA febre desapareceu, ontem, pela uma da tarde\u201d. O pai verificou que tinha sido exatamente na mesma hora em que Jesus lhe havia dito: \u201cTeu filho est\u00e1 vivo\u201d. Ent\u00e3o, ele abra\u00e7ou a f\u00e9, juntamente com toda a sua fam\u00edlia\u201d. Muitos de n\u00f3s pensamos ao contr\u00e1rio porque buscamos provas para poder confiar ignorando que somente a f\u00e9 nos permite ver uma mudan\u00e7a. Sem f\u00e9 n\u00f3s permanecemos s\u00e9 e os fatos sem uma sa\u00edda, a f\u00e9 ao inv\u00e9s \u00e9 a intui\u00e7\u00e3o de um imprevisto que muda tudo. Se n\u00e3o acreditamos que possa existir um imprevisto nos acontecimentos da vida, agora a vida permanece imut\u00e1vel.<\/p>\n<p><strong>Pe. Paulo Eduardo J\u00e1como, SDB.<\/strong><\/p>\n","protected":false},"excerpt":{"rendered":"<p>Segunda-feira, 11 de mar\u00e7o de 2024. Evangelho (Jo 4,43-54) \u201cO homem acreditou na palavra de Jesus&#8230;\u201d Naquele tempo, 43Jesus partiu da Samaria para a Galileia&#8230;.<\/p>\n","protected":false},"author":1,"featured_media":8940,"comment_status":"closed","ping_status":"closed","sticky":false,"template":"","format":"standard","meta":{"_acf_changed":false,"footnotes":""},"categories":[13],"tags":[],"class_list":["post-8939","post","type-post","status-publish","format-standard","has-post-thumbnail","hentry","category-reflexaodoevagelho"],"acf":[],"yoast_head":"<!-- This site is optimized with the Yoast SEO plugin v27.3 - https:\/\/yoast.com\/product\/yoast-seo-wordpress\/ -->\n<title>11\/03 - O homem acreditou na palavra de Jesus... - Pastoral Universit\u00e1ria UniSALESIANO<\/title>\n<meta name=\"robots\" content=\"index, follow, max-snippet:-1, max-image-preview:large, max-video-preview:-1\" \/>\n<link rel=\"canonical\" href=\"https:\/\/unisale.com.br\/novo\/11-03-o-homem-acreditou-na-palavra-de-jesus\/\" \/>\n<meta property=\"og:locale\" content=\"pt_BR\" \/>\n<meta property=\"og:type\" content=\"article\" \/>\n<meta property=\"og:title\" content=\"11\/03 - O homem acreditou na palavra de Jesus... - Pastoral Universit\u00e1ria UniSALESIANO\" \/>\n<meta property=\"og:description\" content=\"Segunda-feira, 11 de mar\u00e7o de 2024. Evangelho (Jo 4,43-54) \u201cO homem acreditou na palavra de Jesus&#8230;\u201d Naquele tempo, 43Jesus partiu da Samaria para a Galileia....\" \/>\n<meta property=\"og:url\" content=\"https:\/\/unisale.com.br\/novo\/11-03-o-homem-acreditou-na-palavra-de-jesus\/\" \/>\n<meta property=\"og:site_name\" content=\"Pastoral Universit\u00e1ria UniSALESIANO\" \/>\n<meta property=\"article:published_time\" content=\"2024-03-11T13:39:20+00:00\" \/>\n<meta name=\"author\" content=\"pastoral\" \/>\n<meta name=\"twitter:card\" content=\"summary_large_image\" \/>\n<meta name=\"twitter:label1\" content=\"Escrito por\" \/>\n\t<meta name=\"twitter:data1\" content=\"pastoral\" \/>\n\t<meta name=\"twitter:label2\" content=\"Est. tempo de leitura\" \/>\n\t<meta name=\"twitter:data2\" content=\"3 minutos\" \/>\n<script type=\"application\/ld+json\" class=\"yoast-schema-graph\">{\"@context\":\"https:\\\/\\\/schema.org\",\"@graph\":[{\"@type\":\"Article\",\"@id\":\"https:\\\/\\\/unisale.com.br\\\/novo\\\/11-03-o-homem-acreditou-na-palavra-de-jesus\\\/#article\",\"isPartOf\":{\"@id\":\"https:\\\/\\\/unisale.com.br\\\/novo\\\/11-03-o-homem-acreditou-na-palavra-de-jesus\\\/\"},\"author\":{\"name\":\"pastoral\",\"@id\":\"https:\\\/\\\/unisale.com.br\\\/pastoral\\\/#\\\/schema\\\/person\\\/a16ba711a0f7dec9cb6b44563144d5a3\"},\"headline\":\"11\\\/03 &#8211; O homem acreditou na palavra de Jesus&#8230;\",\"datePublished\":\"2024-03-11T13:39:20+00:00\",\"mainEntityOfPage\":{\"@id\":\"https:\\\/\\\/unisale.com.br\\\/novo\\\/11-03-o-homem-acreditou-na-palavra-de-jesus\\\/\"},\"wordCount\":542,\"image\":{\"@id\":\"https:\\\/\\\/unisale.com.br\\\/novo\\\/11-03-o-homem-acreditou-na-palavra-de-jesus\\\/#primaryimage\"},\"thumbnailUrl\":\"https:\\\/\\\/unisale.com.br\\\/pastoral\\\/wp-content\\\/uploads\\\/2024\\\/03\\\/download.jpeg\",\"articleSection\":[\"Reflex\u00e3o do Evangelho\"],\"inLanguage\":\"pt-BR\"},{\"@type\":\"WebPage\",\"@id\":\"https:\\\/\\\/unisale.com.br\\\/novo\\\/11-03-o-homem-acreditou-na-palavra-de-jesus\\\/\",\"url\":\"https:\\\/\\\/unisale.com.br\\\/novo\\\/11-03-o-homem-acreditou-na-palavra-de-jesus\\\/\",\"name\":\"11\\\/03 - O homem acreditou na palavra de Jesus... - Pastoral Universit\u00e1ria UniSALESIANO\",\"isPartOf\":{\"@id\":\"https:\\\/\\\/unisale.com.br\\\/pastoral\\\/#website\"},\"primaryImageOfPage\":{\"@id\":\"https:\\\/\\\/unisale.com.br\\\/novo\\\/11-03-o-homem-acreditou-na-palavra-de-jesus\\\/#primaryimage\"},\"image\":{\"@id\":\"https:\\\/\\\/unisale.com.br\\\/novo\\\/11-03-o-homem-acreditou-na-palavra-de-jesus\\\/#primaryimage\"},\"thumbnailUrl\":\"https:\\\/\\\/unisale.com.br\\\/pastoral\\\/wp-content\\\/uploads\\\/2024\\\/03\\\/download.jpeg\",\"datePublished\":\"2024-03-11T13:39:20+00:00\",\"author\":{\"@id\":\"https:\\\/\\\/unisale.com.br\\\/pastoral\\\/#\\\/schema\\\/person\\\/a16ba711a0f7dec9cb6b44563144d5a3\"},\"inLanguage\":\"pt-BR\",\"potentialAction\":[{\"@type\":\"ReadAction\",\"target\":[\"https:\\\/\\\/unisale.com.br\\\/novo\\\/11-03-o-homem-acreditou-na-palavra-de-jesus\\\/\"]}]},{\"@type\":\"ImageObject\",\"inLanguage\":\"pt-BR\",\"@id\":\"https:\\\/\\\/unisale.com.br\\\/novo\\\/11-03-o-homem-acreditou-na-palavra-de-jesus\\\/#primaryimage\",\"url\":\"https:\\\/\\\/unisale.com.br\\\/pastoral\\\/wp-content\\\/uploads\\\/2024\\\/03\\\/download.jpeg\",\"contentUrl\":\"https:\\\/\\\/unisale.com.br\\\/pastoral\\\/wp-content\\\/uploads\\\/2024\\\/03\\\/download.jpeg\",\"width\":288,\"height\":175},{\"@type\":\"WebSite\",\"@id\":\"https:\\\/\\\/unisale.com.br\\\/pastoral\\\/#website\",\"url\":\"https:\\\/\\\/unisale.com.br\\\/pastoral\\\/\",\"name\":\"Pastoral Universit\u00e1ria UniSALESIANO\",\"description\":\"Site da Pastoral Universit\u00e1ria do UniSALESIANO\",\"potentialAction\":[{\"@type\":\"SearchAction\",\"target\":{\"@type\":\"EntryPoint\",\"urlTemplate\":\"https:\\\/\\\/unisale.com.br\\\/pastoral\\\/?s={search_term_string}\"},\"query-input\":{\"@type\":\"PropertyValueSpecification\",\"valueRequired\":true,\"valueName\":\"search_term_string\"}}],\"inLanguage\":\"pt-BR\"},{\"@type\":\"Person\",\"@id\":\"https:\\\/\\\/unisale.com.br\\\/pastoral\\\/#\\\/schema\\\/person\\\/a16ba711a0f7dec9cb6b44563144d5a3\",\"name\":\"pastoral\",\"url\":\"https:\\\/\\\/unisale.com.br\\\/pastoral\\\/author\\\/pastoral\\\/\"}]}<\/script>\n<!-- \/ Yoast SEO plugin. -->","yoast_head_json":{"title":"11\/03 - O homem acreditou na palavra de Jesus... - Pastoral Universit\u00e1ria UniSALESIANO","robots":{"index":"index","follow":"follow","max-snippet":"max-snippet:-1","max-image-preview":"max-image-preview:large","max-video-preview":"max-video-preview:-1"},"canonical":"https:\/\/unisale.com.br\/novo\/11-03-o-homem-acreditou-na-palavra-de-jesus\/","og_locale":"pt_BR","og_type":"article","og_title":"11\/03 - O homem acreditou na palavra de Jesus... - Pastoral Universit\u00e1ria UniSALESIANO","og_description":"Segunda-feira, 11 de mar\u00e7o de 2024. Evangelho (Jo 4,43-54) \u201cO homem acreditou na palavra de Jesus&#8230;\u201d Naquele tempo, 43Jesus partiu da Samaria para a Galileia....","og_url":"https:\/\/unisale.com.br\/novo\/11-03-o-homem-acreditou-na-palavra-de-jesus\/","og_site_name":"Pastoral Universit\u00e1ria UniSALESIANO","article_published_time":"2024-03-11T13:39:20+00:00","author":"pastoral","twitter_card":"summary_large_image","twitter_misc":{"Escrito por":"pastoral","Est. tempo de leitura":"3 minutos"},"schema":{"@context":"https:\/\/schema.org","@graph":[{"@type":"Article","@id":"https:\/\/unisale.com.br\/novo\/11-03-o-homem-acreditou-na-palavra-de-jesus\/#article","isPartOf":{"@id":"https:\/\/unisale.com.br\/novo\/11-03-o-homem-acreditou-na-palavra-de-jesus\/"},"author":{"name":"pastoral","@id":"https:\/\/unisale.com.br\/pastoral\/#\/schema\/person\/a16ba711a0f7dec9cb6b44563144d5a3"},"headline":"11\/03 &#8211; O homem acreditou na palavra de Jesus&#8230;","datePublished":"2024-03-11T13:39:20+00:00","mainEntityOfPage":{"@id":"https:\/\/unisale.com.br\/novo\/11-03-o-homem-acreditou-na-palavra-de-jesus\/"},"wordCount":542,"image":{"@id":"https:\/\/unisale.com.br\/novo\/11-03-o-homem-acreditou-na-palavra-de-jesus\/#primaryimage"},"thumbnailUrl":"https:\/\/unisale.com.br\/pastoral\/wp-content\/uploads\/2024\/03\/download.jpeg","articleSection":["Reflex\u00e3o do Evangelho"],"inLanguage":"pt-BR"},{"@type":"WebPage","@id":"https:\/\/unisale.com.br\/novo\/11-03-o-homem-acreditou-na-palavra-de-jesus\/","url":"https:\/\/unisale.com.br\/novo\/11-03-o-homem-acreditou-na-palavra-de-jesus\/","name":"11\/03 - O homem acreditou na palavra de Jesus... - Pastoral Universit\u00e1ria UniSALESIANO","isPartOf":{"@id":"https:\/\/unisale.com.br\/pastoral\/#website"},"primaryImageOfPage":{"@id":"https:\/\/unisale.com.br\/novo\/11-03-o-homem-acreditou-na-palavra-de-jesus\/#primaryimage"},"image":{"@id":"https:\/\/unisale.com.br\/novo\/11-03-o-homem-acreditou-na-palavra-de-jesus\/#primaryimage"},"thumbnailUrl":"https:\/\/unisale.com.br\/pastoral\/wp-content\/uploads\/2024\/03\/download.jpeg","datePublished":"2024-03-11T13:39:20+00:00","author":{"@id":"https:\/\/unisale.com.br\/pastoral\/#\/schema\/person\/a16ba711a0f7dec9cb6b44563144d5a3"},"inLanguage":"pt-BR","potentialAction":[{"@type":"ReadAction","target":["https:\/\/unisale.com.br\/novo\/11-03-o-homem-acreditou-na-palavra-de-jesus\/"]}]},{"@type":"ImageObject","inLanguage":"pt-BR","@id":"https:\/\/unisale.com.br\/novo\/11-03-o-homem-acreditou-na-palavra-de-jesus\/#primaryimage","url":"https:\/\/unisale.com.br\/pastoral\/wp-content\/uploads\/2024\/03\/download.jpeg","contentUrl":"https:\/\/unisale.com.br\/pastoral\/wp-content\/uploads\/2024\/03\/download.jpeg","width":288,"height":175},{"@type":"WebSite","@id":"https:\/\/unisale.com.br\/pastoral\/#website","url":"https:\/\/unisale.com.br\/pastoral\/","name":"Pastoral Universit\u00e1ria UniSALESIANO","description":"Site da Pastoral Universit\u00e1ria do UniSALESIANO","potentialAction":[{"@type":"SearchAction","target":{"@type":"EntryPoint","urlTemplate":"https:\/\/unisale.com.br\/pastoral\/?s={search_term_string}"},"query-input":{"@type":"PropertyValueSpecification","valueRequired":true,"valueName":"search_term_string"}}],"inLanguage":"pt-BR"},{"@type":"Person","@id":"https:\/\/unisale.com.br\/pastoral\/#\/schema\/person\/a16ba711a0f7dec9cb6b44563144d5a3","name":"pastoral","url":"https:\/\/unisale.com.br\/pastoral\/author\/pastoral\/"}]}},"_links":{"self":[{"href":"https:\/\/unisale.com.br\/pastoral\/wp-json\/wp\/v2\/posts\/8939","targetHints":{"allow":["GET"]}}],"collection":[{"href":"https:\/\/unisale.com.br\/pastoral\/wp-json\/wp\/v2\/posts"}],"about":[{"href":"https:\/\/unisale.com.br\/pastoral\/wp-json\/wp\/v2\/types\/post"}],"author":[{"embeddable":true,"href":"https:\/\/unisale.com.br\/pastoral\/wp-json\/wp\/v2\/users\/1"}],"replies":[{"embeddable":true,"href":"https:\/\/unisale.com.br\/pastoral\/wp-json\/wp\/v2\/comments?post=8939"}],"version-history":[{"count":0,"href":"https:\/\/unisale.com.br\/pastoral\/wp-json\/wp\/v2\/posts\/8939\/revisions"}],"wp:featuredmedia":[{"embeddable":true,"href":"https:\/\/unisale.com.br\/pastoral\/wp-json\/wp\/v2\/media\/8940"}],"wp:attachment":[{"href":"https:\/\/unisale.com.br\/pastoral\/wp-json\/wp\/v2\/media?parent=8939"}],"wp:term":[{"taxonomy":"category","embeddable":true,"href":"https:\/\/unisale.com.br\/pastoral\/wp-json\/wp\/v2\/categories?post=8939"},{"taxonomy":"post_tag","embeddable":true,"href":"https:\/\/unisale.com.br\/pastoral\/wp-json\/wp\/v2\/tags?post=8939"}],"curies":[{"name":"wp","href":"https:\/\/api.w.org\/{rel}","templated":true}]}}