{"id":8958,"date":"2024-03-12T10:17:35","date_gmt":"2024-03-12T10:17:35","guid":{"rendered":"https:\/\/unisale.com.br\/pastoral\/?p=8958"},"modified":"2024-03-12T10:17:35","modified_gmt":"2024-03-12T10:17:35","slug":"15-03-nao-e-este-a-quem-procuram-matar","status":"publish","type":"post","link":"https:\/\/unisale.com.br\/pastoral\/15-03-nao-e-este-a-quem-procuram-matar\/","title":{"rendered":"15\/03 &#8211; N\u00e3o \u00e9 este a quem procuram matar?"},"content":{"rendered":"<p>Sexta-feira, 15 de mar\u00e7o de 2024.<\/p>\n<p>&nbsp;<\/p>\n<p>Evangelho (Jo 7,1-2.10.25-30)<\/p>\n<p>&nbsp;<\/p>\n<p><strong>\u201cN\u00e3o \u00e9 este a quem procuram matar?\u201d<\/strong><\/p>\n<p>&nbsp;<\/p>\n<p>Naquele tempo, <sup>1<\/sup>Jesus andava percorrendo a Galileia. Evitava andar pela Judeia, porque os judeus procuravam mat\u00e1-lo. <sup>2<\/sup>Entretanto, aproximava-se a festa judaica das Tendas. <sup>10<\/sup>Quando seus irm\u00e3os j\u00e1 tinham subido, ent\u00e3o tamb\u00e9m ele subiu para a festa, n\u00e3o publicamente mas sim como que \u00e0s escondidas. <sup>25<\/sup>Alguns habitantes de Jerusal\u00e9m disseram ent\u00e3o: \u201cN\u00e3o \u00e9 este a quem procuram matar? <sup>26<\/sup>Eis que fala em p\u00fablico e nada lhe dizem. Ser\u00e1 que, na verdade, as autoridades reconheceram que ele \u00e9 o Messias? <sup>27<\/sup>Mas este, n\u00f3s sabemos donde \u00e9. O Cristo, quando vier, ningu\u00e9m saber\u00e1 donde \u00e9\u201d. <sup>28<\/sup>Em alta voz, Jesus ensinava no Templo, dizendo: \u201cV\u00f3s me conheceis e sabeis de onde sou; eu n\u00e3o vim por mim mesmo, mas o que me enviou \u00e9 fidedigno. A esse, n\u00e3o o conheceis, <sup>29<\/sup>mas eu o conhe\u00e7o, porque venho da parte dele, e ele foi quem me enviou\u201d. <sup>30<\/sup>Ent\u00e3o, queriam prend\u00ea-lo, mas ningu\u00e9m p\u00f4s a m\u00e3o nele, porque ainda n\u00e3o tinha chegado a sua hora.<\/p>\n<p>&nbsp;<\/p>\n<p><strong>Reflex\u00e3o<\/strong><\/p>\n<p>&nbsp;<\/p>\n<p>Muitos acreditavam que o Messias deveria nascer em Bel\u00e9m, outros pensavam que talvez vivesse escondido em qualquer lugar secreto, at\u00e9 mesmo no c\u00e9u, esperando o momento para se manifestar em Jerusal\u00e9m. Em Nazar\u00e9 Jesus tamb\u00e9m vivia escondido esperando o momento para assumir a sua miss\u00e3o. Quanto a origem de Jesus, sabemos que ele tamb\u00e9m veio do c\u00e9u, mas tamb\u00e9m ningu\u00e9m sabia disso. Maria guardava tudo em segredo e Jesus n\u00e3o revela a sua verdadeira identidade. Por isso, a conclus\u00e3o dos hebreus \u00e9 esta que vemos aqui no texto: \u201cEste a\u00ed, sabemos de onde veio\u201d. Tamb\u00e9m n\u00f3s n\u00e3o sabemos nada uns dos outros, julgamos somente baseados na apar\u00eancia e \u00e0s poucas informa\u00e7\u00f5es que temos. Por isso os nossos ju\u00edzos s\u00e3o muitas vezes equivocados. Portanto, o evangelho nos pro\u00edbe de julgas os outros. Quanto a Jesus, Ele assegura ter vindo do Pai. Deus \u00e9 com Ele. Assim como Cristo est\u00e1 com os disc\u00edpulos no mundo. Jesus \u00e9 o \u201cEmanuel\u201d, isto \u00e9, o Deus conosco. O pai que \u00e9 Verdade confia a sua miss\u00e3o ao Filho que tamb\u00e9m pode dizer \u201cEu sou a Verdade\u201d (Jo 14,6). E quem na hist\u00f3ria anuncia a hist\u00f3ria de Cristo, tamb\u00e9m diz a verdade.<\/p>\n<p><strong>Pe. Paulo Eduardo J\u00e1como, SDB.<\/strong><\/p>\n","protected":false},"excerpt":{"rendered":"<p>Sexta-feira, 15 de mar\u00e7o de 2024. &nbsp; Evangelho (Jo 7,1-2.10.25-30) &nbsp; \u201cN\u00e3o \u00e9 este a quem procuram matar?\u201d &nbsp; Naquele tempo, 1Jesus andava percorrendo a&#8230;<\/p>\n","protected":false},"author":1,"featured_media":8959,"comment_status":"closed","ping_status":"closed","sticky":false,"template":"","format":"standard","meta":{"_acf_changed":false,"footnotes":""},"categories":[13],"tags":[],"class_list":["post-8958","post","type-post","status-publish","format-standard","has-post-thumbnail","hentry","category-reflexaodoevagelho"],"acf":[],"yoast_head":"<!-- This site is optimized with the Yoast SEO plugin v27.3 - https:\/\/yoast.com\/product\/yoast-seo-wordpress\/ -->\n<title>15\/03 - N\u00e3o \u00e9 este a quem procuram matar? - Pastoral Universit\u00e1ria UniSALESIANO<\/title>\n<meta name=\"robots\" content=\"index, follow, max-snippet:-1, max-image-preview:large, max-video-preview:-1\" \/>\n<link rel=\"canonical\" href=\"https:\/\/unisale.com.br\/novo\/15-03-nao-e-este-a-quem-procuram-matar\/\" \/>\n<meta property=\"og:locale\" content=\"pt_BR\" \/>\n<meta property=\"og:type\" content=\"article\" \/>\n<meta property=\"og:title\" content=\"15\/03 - N\u00e3o \u00e9 este a quem procuram matar? - Pastoral Universit\u00e1ria UniSALESIANO\" \/>\n<meta property=\"og:description\" content=\"Sexta-feira, 15 de mar\u00e7o de 2024. &nbsp; Evangelho (Jo 7,1-2.10.25-30) &nbsp; \u201cN\u00e3o \u00e9 este a quem procuram matar?\u201d &nbsp; Naquele tempo, 1Jesus andava percorrendo a...\" \/>\n<meta property=\"og:url\" content=\"https:\/\/unisale.com.br\/novo\/15-03-nao-e-este-a-quem-procuram-matar\/\" \/>\n<meta property=\"og:site_name\" content=\"Pastoral Universit\u00e1ria UniSALESIANO\" \/>\n<meta property=\"article:published_time\" content=\"2024-03-12T10:17:35+00:00\" \/>\n<meta name=\"author\" content=\"pastoral\" \/>\n<meta name=\"twitter:card\" content=\"summary_large_image\" \/>\n<meta name=\"twitter:label1\" content=\"Escrito por\" \/>\n\t<meta name=\"twitter:data1\" content=\"pastoral\" \/>\n\t<meta name=\"twitter:label2\" content=\"Est. tempo de leitura\" \/>\n\t<meta name=\"twitter:data2\" content=\"2 minutos\" \/>\n<script type=\"application\/ld+json\" class=\"yoast-schema-graph\">{\"@context\":\"https:\\\/\\\/schema.org\",\"@graph\":[{\"@type\":\"Article\",\"@id\":\"https:\\\/\\\/unisale.com.br\\\/novo\\\/15-03-nao-e-este-a-quem-procuram-matar\\\/#article\",\"isPartOf\":{\"@id\":\"https:\\\/\\\/unisale.com.br\\\/novo\\\/15-03-nao-e-este-a-quem-procuram-matar\\\/\"},\"author\":{\"name\":\"pastoral\",\"@id\":\"https:\\\/\\\/unisale.com.br\\\/pastoral\\\/#\\\/schema\\\/person\\\/a16ba711a0f7dec9cb6b44563144d5a3\"},\"headline\":\"15\\\/03 &#8211; N\u00e3o \u00e9 este a quem procuram matar?\",\"datePublished\":\"2024-03-12T10:17:35+00:00\",\"mainEntityOfPage\":{\"@id\":\"https:\\\/\\\/unisale.com.br\\\/novo\\\/15-03-nao-e-este-a-quem-procuram-matar\\\/\"},\"wordCount\":426,\"image\":{\"@id\":\"https:\\\/\\\/unisale.com.br\\\/novo\\\/15-03-nao-e-este-a-quem-procuram-matar\\\/#primaryimage\"},\"thumbnailUrl\":\"https:\\\/\\\/unisale.com.br\\\/pastoral\\\/wp-content\\\/uploads\\\/2024\\\/03\\\/os-judeus-pedem-sinais-os-gregos-sabedoria.jpg\",\"articleSection\":[\"Reflex\u00e3o do Evangelho\"],\"inLanguage\":\"pt-BR\"},{\"@type\":\"WebPage\",\"@id\":\"https:\\\/\\\/unisale.com.br\\\/novo\\\/15-03-nao-e-este-a-quem-procuram-matar\\\/\",\"url\":\"https:\\\/\\\/unisale.com.br\\\/novo\\\/15-03-nao-e-este-a-quem-procuram-matar\\\/\",\"name\":\"15\\\/03 - N\u00e3o \u00e9 este a quem procuram matar? - Pastoral Universit\u00e1ria UniSALESIANO\",\"isPartOf\":{\"@id\":\"https:\\\/\\\/unisale.com.br\\\/pastoral\\\/#website\"},\"primaryImageOfPage\":{\"@id\":\"https:\\\/\\\/unisale.com.br\\\/novo\\\/15-03-nao-e-este-a-quem-procuram-matar\\\/#primaryimage\"},\"image\":{\"@id\":\"https:\\\/\\\/unisale.com.br\\\/novo\\\/15-03-nao-e-este-a-quem-procuram-matar\\\/#primaryimage\"},\"thumbnailUrl\":\"https:\\\/\\\/unisale.com.br\\\/pastoral\\\/wp-content\\\/uploads\\\/2024\\\/03\\\/os-judeus-pedem-sinais-os-gregos-sabedoria.jpg\",\"datePublished\":\"2024-03-12T10:17:35+00:00\",\"author\":{\"@id\":\"https:\\\/\\\/unisale.com.br\\\/pastoral\\\/#\\\/schema\\\/person\\\/a16ba711a0f7dec9cb6b44563144d5a3\"},\"inLanguage\":\"pt-BR\",\"potentialAction\":[{\"@type\":\"ReadAction\",\"target\":[\"https:\\\/\\\/unisale.com.br\\\/novo\\\/15-03-nao-e-este-a-quem-procuram-matar\\\/\"]}]},{\"@type\":\"ImageObject\",\"inLanguage\":\"pt-BR\",\"@id\":\"https:\\\/\\\/unisale.com.br\\\/novo\\\/15-03-nao-e-este-a-quem-procuram-matar\\\/#primaryimage\",\"url\":\"https:\\\/\\\/unisale.com.br\\\/pastoral\\\/wp-content\\\/uploads\\\/2024\\\/03\\\/os-judeus-pedem-sinais-os-gregos-sabedoria.jpg\",\"contentUrl\":\"https:\\\/\\\/unisale.com.br\\\/pastoral\\\/wp-content\\\/uploads\\\/2024\\\/03\\\/os-judeus-pedem-sinais-os-gregos-sabedoria.jpg\",\"width\":667,\"height\":500},{\"@type\":\"WebSite\",\"@id\":\"https:\\\/\\\/unisale.com.br\\\/pastoral\\\/#website\",\"url\":\"https:\\\/\\\/unisale.com.br\\\/pastoral\\\/\",\"name\":\"Pastoral Universit\u00e1ria UniSALESIANO\",\"description\":\"Site da Pastoral Universit\u00e1ria do UniSALESIANO\",\"potentialAction\":[{\"@type\":\"SearchAction\",\"target\":{\"@type\":\"EntryPoint\",\"urlTemplate\":\"https:\\\/\\\/unisale.com.br\\\/pastoral\\\/?s={search_term_string}\"},\"query-input\":{\"@type\":\"PropertyValueSpecification\",\"valueRequired\":true,\"valueName\":\"search_term_string\"}}],\"inLanguage\":\"pt-BR\"},{\"@type\":\"Person\",\"@id\":\"https:\\\/\\\/unisale.com.br\\\/pastoral\\\/#\\\/schema\\\/person\\\/a16ba711a0f7dec9cb6b44563144d5a3\",\"name\":\"pastoral\",\"url\":\"https:\\\/\\\/unisale.com.br\\\/pastoral\\\/author\\\/pastoral\\\/\"}]}<\/script>\n<!-- \/ Yoast SEO plugin. -->","yoast_head_json":{"title":"15\/03 - N\u00e3o \u00e9 este a quem procuram matar? - Pastoral Universit\u00e1ria UniSALESIANO","robots":{"index":"index","follow":"follow","max-snippet":"max-snippet:-1","max-image-preview":"max-image-preview:large","max-video-preview":"max-video-preview:-1"},"canonical":"https:\/\/unisale.com.br\/novo\/15-03-nao-e-este-a-quem-procuram-matar\/","og_locale":"pt_BR","og_type":"article","og_title":"15\/03 - N\u00e3o \u00e9 este a quem procuram matar? - Pastoral Universit\u00e1ria UniSALESIANO","og_description":"Sexta-feira, 15 de mar\u00e7o de 2024. &nbsp; Evangelho (Jo 7,1-2.10.25-30) &nbsp; \u201cN\u00e3o \u00e9 este a quem procuram matar?\u201d &nbsp; Naquele tempo, 1Jesus andava percorrendo a...","og_url":"https:\/\/unisale.com.br\/novo\/15-03-nao-e-este-a-quem-procuram-matar\/","og_site_name":"Pastoral Universit\u00e1ria UniSALESIANO","article_published_time":"2024-03-12T10:17:35+00:00","author":"pastoral","twitter_card":"summary_large_image","twitter_misc":{"Escrito por":"pastoral","Est. tempo de leitura":"2 minutos"},"schema":{"@context":"https:\/\/schema.org","@graph":[{"@type":"Article","@id":"https:\/\/unisale.com.br\/novo\/15-03-nao-e-este-a-quem-procuram-matar\/#article","isPartOf":{"@id":"https:\/\/unisale.com.br\/novo\/15-03-nao-e-este-a-quem-procuram-matar\/"},"author":{"name":"pastoral","@id":"https:\/\/unisale.com.br\/pastoral\/#\/schema\/person\/a16ba711a0f7dec9cb6b44563144d5a3"},"headline":"15\/03 &#8211; N\u00e3o \u00e9 este a quem procuram matar?","datePublished":"2024-03-12T10:17:35+00:00","mainEntityOfPage":{"@id":"https:\/\/unisale.com.br\/novo\/15-03-nao-e-este-a-quem-procuram-matar\/"},"wordCount":426,"image":{"@id":"https:\/\/unisale.com.br\/novo\/15-03-nao-e-este-a-quem-procuram-matar\/#primaryimage"},"thumbnailUrl":"https:\/\/unisale.com.br\/pastoral\/wp-content\/uploads\/2024\/03\/os-judeus-pedem-sinais-os-gregos-sabedoria.jpg","articleSection":["Reflex\u00e3o do Evangelho"],"inLanguage":"pt-BR"},{"@type":"WebPage","@id":"https:\/\/unisale.com.br\/novo\/15-03-nao-e-este-a-quem-procuram-matar\/","url":"https:\/\/unisale.com.br\/novo\/15-03-nao-e-este-a-quem-procuram-matar\/","name":"15\/03 - N\u00e3o \u00e9 este a quem procuram matar? - Pastoral Universit\u00e1ria UniSALESIANO","isPartOf":{"@id":"https:\/\/unisale.com.br\/pastoral\/#website"},"primaryImageOfPage":{"@id":"https:\/\/unisale.com.br\/novo\/15-03-nao-e-este-a-quem-procuram-matar\/#primaryimage"},"image":{"@id":"https:\/\/unisale.com.br\/novo\/15-03-nao-e-este-a-quem-procuram-matar\/#primaryimage"},"thumbnailUrl":"https:\/\/unisale.com.br\/pastoral\/wp-content\/uploads\/2024\/03\/os-judeus-pedem-sinais-os-gregos-sabedoria.jpg","datePublished":"2024-03-12T10:17:35+00:00","author":{"@id":"https:\/\/unisale.com.br\/pastoral\/#\/schema\/person\/a16ba711a0f7dec9cb6b44563144d5a3"},"inLanguage":"pt-BR","potentialAction":[{"@type":"ReadAction","target":["https:\/\/unisale.com.br\/novo\/15-03-nao-e-este-a-quem-procuram-matar\/"]}]},{"@type":"ImageObject","inLanguage":"pt-BR","@id":"https:\/\/unisale.com.br\/novo\/15-03-nao-e-este-a-quem-procuram-matar\/#primaryimage","url":"https:\/\/unisale.com.br\/pastoral\/wp-content\/uploads\/2024\/03\/os-judeus-pedem-sinais-os-gregos-sabedoria.jpg","contentUrl":"https:\/\/unisale.com.br\/pastoral\/wp-content\/uploads\/2024\/03\/os-judeus-pedem-sinais-os-gregos-sabedoria.jpg","width":667,"height":500},{"@type":"WebSite","@id":"https:\/\/unisale.com.br\/pastoral\/#website","url":"https:\/\/unisale.com.br\/pastoral\/","name":"Pastoral Universit\u00e1ria UniSALESIANO","description":"Site da Pastoral Universit\u00e1ria do UniSALESIANO","potentialAction":[{"@type":"SearchAction","target":{"@type":"EntryPoint","urlTemplate":"https:\/\/unisale.com.br\/pastoral\/?s={search_term_string}"},"query-input":{"@type":"PropertyValueSpecification","valueRequired":true,"valueName":"search_term_string"}}],"inLanguage":"pt-BR"},{"@type":"Person","@id":"https:\/\/unisale.com.br\/pastoral\/#\/schema\/person\/a16ba711a0f7dec9cb6b44563144d5a3","name":"pastoral","url":"https:\/\/unisale.com.br\/pastoral\/author\/pastoral\/"}]}},"_links":{"self":[{"href":"https:\/\/unisale.com.br\/pastoral\/wp-json\/wp\/v2\/posts\/8958","targetHints":{"allow":["GET"]}}],"collection":[{"href":"https:\/\/unisale.com.br\/pastoral\/wp-json\/wp\/v2\/posts"}],"about":[{"href":"https:\/\/unisale.com.br\/pastoral\/wp-json\/wp\/v2\/types\/post"}],"author":[{"embeddable":true,"href":"https:\/\/unisale.com.br\/pastoral\/wp-json\/wp\/v2\/users\/1"}],"replies":[{"embeddable":true,"href":"https:\/\/unisale.com.br\/pastoral\/wp-json\/wp\/v2\/comments?post=8958"}],"version-history":[{"count":0,"href":"https:\/\/unisale.com.br\/pastoral\/wp-json\/wp\/v2\/posts\/8958\/revisions"}],"wp:featuredmedia":[{"embeddable":true,"href":"https:\/\/unisale.com.br\/pastoral\/wp-json\/wp\/v2\/media\/8959"}],"wp:attachment":[{"href":"https:\/\/unisale.com.br\/pastoral\/wp-json\/wp\/v2\/media?parent=8958"}],"wp:term":[{"taxonomy":"category","embeddable":true,"href":"https:\/\/unisale.com.br\/pastoral\/wp-json\/wp\/v2\/categories?post=8958"},{"taxonomy":"post_tag","embeddable":true,"href":"https:\/\/unisale.com.br\/pastoral\/wp-json\/wp\/v2\/tags?post=8958"}],"curies":[{"name":"wp","href":"https:\/\/api.w.org\/{rel}","templated":true}]}}