{"id":8961,"date":"2024-03-12T10:21:30","date_gmt":"2024-03-12T10:21:30","guid":{"rendered":"https:\/\/unisale.com.br\/pastoral\/?p=8961"},"modified":"2024-03-12T10:21:30","modified_gmt":"2024-03-12T10:21:30","slug":"16-03-ninguem-jamais-falou-como-este-homem","status":"publish","type":"post","link":"https:\/\/unisale.com.br\/pastoral\/16-03-ninguem-jamais-falou-como-este-homem\/","title":{"rendered":"16\/03 &#8211; Ningu\u00e9m jamais falou como este homem."},"content":{"rendered":"<p>S\u00e1bado, 16 de mar\u00e7o de 2024.<\/p>\n<p>&nbsp;<\/p>\n<p>Evangelho (Jo 7,40-53)<\/p>\n<p>&nbsp;<\/p>\n<p><strong>\u201cNingu\u00e9m jamais falou como este homem\u201d<\/strong><\/p>\n<p>&nbsp;<\/p>\n<p>Naquele tempo, <sup>40<\/sup>ao ouvirem as palavras de Jesus, algumas pessoas diziam: \u201cEste \u00e9, verdadeiramente, o Profeta\u201d. <sup>41<\/sup>Outros diziam: \u201cEle \u00e9 o Messias\u201d. Mas alguns objetavam: \u201cPorventura o Messias vir\u00e1 da Galileia? <sup>42<\/sup>N\u00e3o diz a Escritura que o Messias ser\u00e1 da descend\u00eancia de Davi e vir\u00e1 de Bel\u00e9m, povoado de onde era Davi?\u201d <sup>43<\/sup>Assim, houve divis\u00e3o no meio do povo por causa de Jesus. <sup>44<\/sup>Alguns queriam prend\u00ea-lo, mas ningu\u00e9m p\u00f4s as m\u00e3os nele. <sup>45<\/sup>Ent\u00e3o, os guardas do Templo voltaram para os sumos sacerdotes e os fariseus, e estes lhes perguntaram: \u201cPor que n\u00e3o o trouxestes?\u201d <sup>46<\/sup>Os guardas responderam: \u201cNingu\u00e9m jamais falou como este homem\u201d. <sup>47<\/sup>Ent\u00e3o os fariseus disseram-lhes: \u201cTamb\u00e9m v\u00f3s vos deixastes enganar? <sup>48<\/sup>Por acaso algum dos chefes ou dos fariseus acreditou nele? <sup>49<\/sup>Mas esta gente que n\u00e3o conhece a Lei, \u00e9 maldita!\u201d <sup>50<\/sup>Nicodemos, por\u00e9m, um dos fariseus, aquele que se tinha encontrado com Jesus anteriormente, disse: <sup>51<\/sup>\u201cSer\u00e1 que a nossa Lei julga algu\u00e9m, antes de o ouvir e saber o que ele fez?\u201d <sup>52<\/sup>Eles responderam: \u201cTamb\u00e9m tu \u00e9s galileu, porventura? Vai estudar e ver\u00e1s que da Galileia n\u00e3o surge profeta\u201d. <sup>53<\/sup>E cada um voltou para sua casa.<\/p>\n<p>&nbsp;<\/p>\n<p><strong>Reflex\u00e3o<\/strong><\/p>\n<p>&nbsp;<\/p>\n<p>As pessoas gostam de discutir sobre muitas coisas e algumas vezes essas discuss\u00f5es geram conflitos. Mas n\u00e3o se briga por tudo. Em geral as pessoas brigam quando o assunto \u00e9 pol\u00edtica, futebol, quest\u00f5es financeiras, heran\u00e7a. Infelizmente, tamb\u00e9m se briga por causa de religi\u00e3o. Seria melhor resolver as quest\u00f5es religiosas em paz e serenidade, escutar o pr\u00f3ximo sem ter medo de perder ou de colocar em risco a pr\u00f3pria f\u00e9 por causa da opini\u00e3o dos outros. \u00c9 isso que recomenda a Igreja. A religi\u00e3o \u00e9 um tema sens\u00edvel, porque h\u00e1 profundas consequ\u00eancia sobre a vida. Consequ\u00eancias concretas que colocam em jogo interesses que n\u00e3o t\u00eam nada que ver com a religi\u00e3o e que revelam \u00f3dio e paix\u00e3o. O di\u00e1logo religioso verdadeiro \u00e9 sempre sem conflitos, e pressup\u00f5e uma rela\u00e7\u00e3o profundamente espiritual de todas as partes. Quando um di\u00e1logo termina em conflito, come\u00e7am as acusa\u00e7\u00f5es rec\u00edprocas. Por exemplo esta situa\u00e7\u00e3o de Nicodemos que, embora pertencesse ao grupo que era contra Jesus, pede que o mesmo seja julgado com imparcialidade, e por isso \u00e9 reprovado pelos companheiros. Quando brigamos, muitas vezes pretendemos um ju\u00edzo a parte. A doutrina da Igreja n\u00e3o toma jamais posi\u00e7\u00e3o contra ou a favor de pessoas. Tamb\u00e9m se na hist\u00f3ria da igreja temos p\u00e1ginas tristes deste ponto de vista, pedimos perd\u00e3o, como fez o Papa S\u00e3o Jo\u00e3o Paulo II no Grande Jubileu. Ao mesmo tempo devemos pedir perd\u00e3o todas as vezes que cedemos \u00e0 tenta\u00e7\u00e3o de discutir a f\u00e9 para al\u00e9m dos confins da justi\u00e7a e do amor crist\u00e3o. A maneira mais simples e radial de resolver um conflito parece ser aquela de destruir o advers\u00e1rio matando-o ou excluindo-o da sociedade. Os crist\u00e3os s\u00e3o expostos a este perigo. O evangelho de Jo\u00e3o conta que os hebreus procuravam matar Jesus em mais de uma ocasi\u00e3o. O \u00f3dio com rela\u00e7\u00e3o aos crist\u00e3os n\u00e3o pode ser explicado s\u00f3 com motivos psicol\u00f3gicos, pol\u00edticos ou nacionais; faz parte da guerra que do come\u00e7o ao fim se move contra Deus. Mas Deus est\u00e1 ao nosso lado at\u00e9 o sacrif\u00edcio supremo. Quem \u00e9 chamado por Deus \u00e0 miss\u00e3o do mart\u00edrio recebe uma fo\u00e7a e uma gra\u00e7a especial parar aceitar livremente a com alegria o sacrif\u00edcio, na esperan\u00e7a da vit\u00f3ria de Cristo e da pr\u00f3pria vit\u00f3ria.<\/p>\n<p><strong>Pe. Paulo Eduardo J\u00e1como, SDB.<\/strong><\/p>\n","protected":false},"excerpt":{"rendered":"<p>S\u00e1bado, 16 de mar\u00e7o de 2024. &nbsp; Evangelho (Jo 7,40-53) &nbsp; \u201cNingu\u00e9m jamais falou como este homem\u201d &nbsp; Naquele tempo, 40ao ouvirem as palavras de&#8230;<\/p>\n","protected":false},"author":1,"featured_media":8962,"comment_status":"closed","ping_status":"closed","sticky":false,"template":"","format":"standard","meta":{"_acf_changed":false,"footnotes":""},"categories":[13],"tags":[],"class_list":["post-8961","post","type-post","status-publish","format-standard","has-post-thumbnail","hentry","category-reflexaodoevagelho"],"acf":[],"yoast_head":"<!-- This site is optimized with the Yoast SEO plugin v27.3 - https:\/\/yoast.com\/product\/yoast-seo-wordpress\/ -->\n<title>16\/03 - Ningu\u00e9m jamais falou como este homem. - Pastoral Universit\u00e1ria UniSALESIANO<\/title>\n<meta name=\"robots\" content=\"index, follow, max-snippet:-1, max-image-preview:large, max-video-preview:-1\" \/>\n<link rel=\"canonical\" href=\"https:\/\/unisale.com.br\/novo\/16-03-ninguem-jamais-falou-como-este-homem\/\" \/>\n<meta property=\"og:locale\" content=\"pt_BR\" \/>\n<meta property=\"og:type\" content=\"article\" \/>\n<meta property=\"og:title\" content=\"16\/03 - Ningu\u00e9m jamais falou como este homem. - Pastoral Universit\u00e1ria UniSALESIANO\" \/>\n<meta property=\"og:description\" content=\"S\u00e1bado, 16 de mar\u00e7o de 2024. &nbsp; Evangelho (Jo 7,40-53) &nbsp; \u201cNingu\u00e9m jamais falou como este homem\u201d &nbsp; Naquele tempo, 40ao ouvirem as palavras de...\" \/>\n<meta property=\"og:url\" content=\"https:\/\/unisale.com.br\/novo\/16-03-ninguem-jamais-falou-como-este-homem\/\" \/>\n<meta property=\"og:site_name\" content=\"Pastoral Universit\u00e1ria UniSALESIANO\" \/>\n<meta property=\"article:published_time\" content=\"2024-03-12T10:21:30+00:00\" \/>\n<meta name=\"author\" content=\"pastoral\" \/>\n<meta name=\"twitter:card\" content=\"summary_large_image\" \/>\n<meta name=\"twitter:label1\" content=\"Escrito por\" \/>\n\t<meta name=\"twitter:data1\" content=\"pastoral\" \/>\n\t<meta name=\"twitter:label2\" content=\"Est. tempo de leitura\" \/>\n\t<meta name=\"twitter:data2\" content=\"3 minutos\" \/>\n<script type=\"application\/ld+json\" class=\"yoast-schema-graph\">{\"@context\":\"https:\\\/\\\/schema.org\",\"@graph\":[{\"@type\":\"Article\",\"@id\":\"https:\\\/\\\/unisale.com.br\\\/novo\\\/16-03-ninguem-jamais-falou-como-este-homem\\\/#article\",\"isPartOf\":{\"@id\":\"https:\\\/\\\/unisale.com.br\\\/novo\\\/16-03-ninguem-jamais-falou-como-este-homem\\\/\"},\"author\":{\"name\":\"pastoral\",\"@id\":\"https:\\\/\\\/unisale.com.br\\\/pastoral\\\/#\\\/schema\\\/person\\\/a16ba711a0f7dec9cb6b44563144d5a3\"},\"headline\":\"16\\\/03 &#8211; Ningu\u00e9m jamais falou como este homem.\",\"datePublished\":\"2024-03-12T10:21:30+00:00\",\"mainEntityOfPage\":{\"@id\":\"https:\\\/\\\/unisale.com.br\\\/novo\\\/16-03-ninguem-jamais-falou-como-este-homem\\\/\"},\"wordCount\":664,\"image\":{\"@id\":\"https:\\\/\\\/unisale.com.br\\\/novo\\\/16-03-ninguem-jamais-falou-como-este-homem\\\/#primaryimage\"},\"thumbnailUrl\":\"https:\\\/\\\/unisale.com.br\\\/pastoral\\\/wp-content\\\/uploads\\\/2024\\\/03\\\/155923589-catholic-religion-concept-catholic-symbols-composition-the-cross-monstrance-holy-bible-and-golden-ch.jpeg\",\"articleSection\":[\"Reflex\u00e3o do Evangelho\"],\"inLanguage\":\"pt-BR\"},{\"@type\":\"WebPage\",\"@id\":\"https:\\\/\\\/unisale.com.br\\\/novo\\\/16-03-ninguem-jamais-falou-como-este-homem\\\/\",\"url\":\"https:\\\/\\\/unisale.com.br\\\/novo\\\/16-03-ninguem-jamais-falou-como-este-homem\\\/\",\"name\":\"16\\\/03 - Ningu\u00e9m jamais falou como este homem. - Pastoral Universit\u00e1ria UniSALESIANO\",\"isPartOf\":{\"@id\":\"https:\\\/\\\/unisale.com.br\\\/pastoral\\\/#website\"},\"primaryImageOfPage\":{\"@id\":\"https:\\\/\\\/unisale.com.br\\\/novo\\\/16-03-ninguem-jamais-falou-como-este-homem\\\/#primaryimage\"},\"image\":{\"@id\":\"https:\\\/\\\/unisale.com.br\\\/novo\\\/16-03-ninguem-jamais-falou-como-este-homem\\\/#primaryimage\"},\"thumbnailUrl\":\"https:\\\/\\\/unisale.com.br\\\/pastoral\\\/wp-content\\\/uploads\\\/2024\\\/03\\\/155923589-catholic-religion-concept-catholic-symbols-composition-the-cross-monstrance-holy-bible-and-golden-ch.jpeg\",\"datePublished\":\"2024-03-12T10:21:30+00:00\",\"author\":{\"@id\":\"https:\\\/\\\/unisale.com.br\\\/pastoral\\\/#\\\/schema\\\/person\\\/a16ba711a0f7dec9cb6b44563144d5a3\"},\"inLanguage\":\"pt-BR\",\"potentialAction\":[{\"@type\":\"ReadAction\",\"target\":[\"https:\\\/\\\/unisale.com.br\\\/novo\\\/16-03-ninguem-jamais-falou-como-este-homem\\\/\"]}]},{\"@type\":\"ImageObject\",\"inLanguage\":\"pt-BR\",\"@id\":\"https:\\\/\\\/unisale.com.br\\\/novo\\\/16-03-ninguem-jamais-falou-como-este-homem\\\/#primaryimage\",\"url\":\"https:\\\/\\\/unisale.com.br\\\/pastoral\\\/wp-content\\\/uploads\\\/2024\\\/03\\\/155923589-catholic-religion-concept-catholic-symbols-composition-the-cross-monstrance-holy-bible-and-golden-ch.jpeg\",\"contentUrl\":\"https:\\\/\\\/unisale.com.br\\\/pastoral\\\/wp-content\\\/uploads\\\/2024\\\/03\\\/155923589-catholic-religion-concept-catholic-symbols-composition-the-cross-monstrance-holy-bible-and-golden-ch.jpeg\",\"width\":450,\"height\":300},{\"@type\":\"WebSite\",\"@id\":\"https:\\\/\\\/unisale.com.br\\\/pastoral\\\/#website\",\"url\":\"https:\\\/\\\/unisale.com.br\\\/pastoral\\\/\",\"name\":\"Pastoral Universit\u00e1ria UniSALESIANO\",\"description\":\"Site da Pastoral Universit\u00e1ria do UniSALESIANO\",\"potentialAction\":[{\"@type\":\"SearchAction\",\"target\":{\"@type\":\"EntryPoint\",\"urlTemplate\":\"https:\\\/\\\/unisale.com.br\\\/pastoral\\\/?s={search_term_string}\"},\"query-input\":{\"@type\":\"PropertyValueSpecification\",\"valueRequired\":true,\"valueName\":\"search_term_string\"}}],\"inLanguage\":\"pt-BR\"},{\"@type\":\"Person\",\"@id\":\"https:\\\/\\\/unisale.com.br\\\/pastoral\\\/#\\\/schema\\\/person\\\/a16ba711a0f7dec9cb6b44563144d5a3\",\"name\":\"pastoral\",\"url\":\"https:\\\/\\\/unisale.com.br\\\/pastoral\\\/author\\\/pastoral\\\/\"}]}<\/script>\n<!-- \/ Yoast SEO plugin. -->","yoast_head_json":{"title":"16\/03 - Ningu\u00e9m jamais falou como este homem. - Pastoral Universit\u00e1ria UniSALESIANO","robots":{"index":"index","follow":"follow","max-snippet":"max-snippet:-1","max-image-preview":"max-image-preview:large","max-video-preview":"max-video-preview:-1"},"canonical":"https:\/\/unisale.com.br\/novo\/16-03-ninguem-jamais-falou-como-este-homem\/","og_locale":"pt_BR","og_type":"article","og_title":"16\/03 - Ningu\u00e9m jamais falou como este homem. - Pastoral Universit\u00e1ria UniSALESIANO","og_description":"S\u00e1bado, 16 de mar\u00e7o de 2024. &nbsp; Evangelho (Jo 7,40-53) &nbsp; \u201cNingu\u00e9m jamais falou como este homem\u201d &nbsp; Naquele tempo, 40ao ouvirem as palavras de...","og_url":"https:\/\/unisale.com.br\/novo\/16-03-ninguem-jamais-falou-como-este-homem\/","og_site_name":"Pastoral Universit\u00e1ria UniSALESIANO","article_published_time":"2024-03-12T10:21:30+00:00","author":"pastoral","twitter_card":"summary_large_image","twitter_misc":{"Escrito por":"pastoral","Est. tempo de leitura":"3 minutos"},"schema":{"@context":"https:\/\/schema.org","@graph":[{"@type":"Article","@id":"https:\/\/unisale.com.br\/novo\/16-03-ninguem-jamais-falou-como-este-homem\/#article","isPartOf":{"@id":"https:\/\/unisale.com.br\/novo\/16-03-ninguem-jamais-falou-como-este-homem\/"},"author":{"name":"pastoral","@id":"https:\/\/unisale.com.br\/pastoral\/#\/schema\/person\/a16ba711a0f7dec9cb6b44563144d5a3"},"headline":"16\/03 &#8211; Ningu\u00e9m jamais falou como este homem.","datePublished":"2024-03-12T10:21:30+00:00","mainEntityOfPage":{"@id":"https:\/\/unisale.com.br\/novo\/16-03-ninguem-jamais-falou-como-este-homem\/"},"wordCount":664,"image":{"@id":"https:\/\/unisale.com.br\/novo\/16-03-ninguem-jamais-falou-como-este-homem\/#primaryimage"},"thumbnailUrl":"https:\/\/unisale.com.br\/pastoral\/wp-content\/uploads\/2024\/03\/155923589-catholic-religion-concept-catholic-symbols-composition-the-cross-monstrance-holy-bible-and-golden-ch.jpeg","articleSection":["Reflex\u00e3o do Evangelho"],"inLanguage":"pt-BR"},{"@type":"WebPage","@id":"https:\/\/unisale.com.br\/novo\/16-03-ninguem-jamais-falou-como-este-homem\/","url":"https:\/\/unisale.com.br\/novo\/16-03-ninguem-jamais-falou-como-este-homem\/","name":"16\/03 - Ningu\u00e9m jamais falou como este homem. - Pastoral Universit\u00e1ria UniSALESIANO","isPartOf":{"@id":"https:\/\/unisale.com.br\/pastoral\/#website"},"primaryImageOfPage":{"@id":"https:\/\/unisale.com.br\/novo\/16-03-ninguem-jamais-falou-como-este-homem\/#primaryimage"},"image":{"@id":"https:\/\/unisale.com.br\/novo\/16-03-ninguem-jamais-falou-como-este-homem\/#primaryimage"},"thumbnailUrl":"https:\/\/unisale.com.br\/pastoral\/wp-content\/uploads\/2024\/03\/155923589-catholic-religion-concept-catholic-symbols-composition-the-cross-monstrance-holy-bible-and-golden-ch.jpeg","datePublished":"2024-03-12T10:21:30+00:00","author":{"@id":"https:\/\/unisale.com.br\/pastoral\/#\/schema\/person\/a16ba711a0f7dec9cb6b44563144d5a3"},"inLanguage":"pt-BR","potentialAction":[{"@type":"ReadAction","target":["https:\/\/unisale.com.br\/novo\/16-03-ninguem-jamais-falou-como-este-homem\/"]}]},{"@type":"ImageObject","inLanguage":"pt-BR","@id":"https:\/\/unisale.com.br\/novo\/16-03-ninguem-jamais-falou-como-este-homem\/#primaryimage","url":"https:\/\/unisale.com.br\/pastoral\/wp-content\/uploads\/2024\/03\/155923589-catholic-religion-concept-catholic-symbols-composition-the-cross-monstrance-holy-bible-and-golden-ch.jpeg","contentUrl":"https:\/\/unisale.com.br\/pastoral\/wp-content\/uploads\/2024\/03\/155923589-catholic-religion-concept-catholic-symbols-composition-the-cross-monstrance-holy-bible-and-golden-ch.jpeg","width":450,"height":300},{"@type":"WebSite","@id":"https:\/\/unisale.com.br\/pastoral\/#website","url":"https:\/\/unisale.com.br\/pastoral\/","name":"Pastoral Universit\u00e1ria UniSALESIANO","description":"Site da Pastoral Universit\u00e1ria do UniSALESIANO","potentialAction":[{"@type":"SearchAction","target":{"@type":"EntryPoint","urlTemplate":"https:\/\/unisale.com.br\/pastoral\/?s={search_term_string}"},"query-input":{"@type":"PropertyValueSpecification","valueRequired":true,"valueName":"search_term_string"}}],"inLanguage":"pt-BR"},{"@type":"Person","@id":"https:\/\/unisale.com.br\/pastoral\/#\/schema\/person\/a16ba711a0f7dec9cb6b44563144d5a3","name":"pastoral","url":"https:\/\/unisale.com.br\/pastoral\/author\/pastoral\/"}]}},"_links":{"self":[{"href":"https:\/\/unisale.com.br\/pastoral\/wp-json\/wp\/v2\/posts\/8961","targetHints":{"allow":["GET"]}}],"collection":[{"href":"https:\/\/unisale.com.br\/pastoral\/wp-json\/wp\/v2\/posts"}],"about":[{"href":"https:\/\/unisale.com.br\/pastoral\/wp-json\/wp\/v2\/types\/post"}],"author":[{"embeddable":true,"href":"https:\/\/unisale.com.br\/pastoral\/wp-json\/wp\/v2\/users\/1"}],"replies":[{"embeddable":true,"href":"https:\/\/unisale.com.br\/pastoral\/wp-json\/wp\/v2\/comments?post=8961"}],"version-history":[{"count":0,"href":"https:\/\/unisale.com.br\/pastoral\/wp-json\/wp\/v2\/posts\/8961\/revisions"}],"wp:featuredmedia":[{"embeddable":true,"href":"https:\/\/unisale.com.br\/pastoral\/wp-json\/wp\/v2\/media\/8962"}],"wp:attachment":[{"href":"https:\/\/unisale.com.br\/pastoral\/wp-json\/wp\/v2\/media?parent=8961"}],"wp:term":[{"taxonomy":"category","embeddable":true,"href":"https:\/\/unisale.com.br\/pastoral\/wp-json\/wp\/v2\/categories?post=8961"},{"taxonomy":"post_tag","embeddable":true,"href":"https:\/\/unisale.com.br\/pastoral\/wp-json\/wp\/v2\/tags?post=8961"}],"curies":[{"name":"wp","href":"https:\/\/api.w.org\/{rel}","templated":true}]}}