{"id":8983,"date":"2024-03-18T10:53:05","date_gmt":"2024-03-18T10:53:05","guid":{"rendered":"https:\/\/unisale.com.br\/pastoral\/?p=8983"},"modified":"2024-03-18T10:53:05","modified_gmt":"2024-03-18T10:53:05","slug":"20-03-se-permanecerdes-na-minha-palavra-sereis-verdadeiramente-meus-discipulos","status":"publish","type":"post","link":"https:\/\/unisale.com.br\/pastoral\/20-03-se-permanecerdes-na-minha-palavra-sereis-verdadeiramente-meus-discipulos\/","title":{"rendered":"20\/03 &#8211; Se permanecerdes na minha palavra, sereis verdadeiramente meus disc\u00edpulos."},"content":{"rendered":"<p>Quarta-feira, 20 de mar\u00e7o de 2024.<\/p>\n<p>&nbsp;<\/p>\n<p>Evangelho (Jo 8,31-42)<\/p>\n<p>&nbsp;<\/p>\n<p><strong>\u201cSe permanecerdes na minha palavra, sereis verdadeiramente meus disc\u00edpulos\u201d<\/strong><\/p>\n<p>&nbsp;<\/p>\n<p>Naquele tempo, <sup>31<\/sup>Jesus disse aos judeus que nele tinham acreditado: &#8216;Se permanecerdes na minha palavra, sereis verdadeiramente meus disc\u00edpulos, <sup>32<\/sup>e conhecereis a verdade, e a verdade vos libertar\u00e1.&#8217; <sup>33<\/sup>Responderam eles: &#8216;Somos descendentes de Abra\u00e3o, e nunca fomos escravos de ningu\u00e9m. Como podes dizer: &#8216;V\u00f3s vos tornareis livres&#8217;?&#8217; <sup>34<\/sup>Jesus respondeu: &#8216;Em verdade, em verdade vos digo, todo aquele que comete pecado \u00e9 escravo do pecado. <sup>35<\/sup>O escravo n\u00e3o permanece para sempre numa fam\u00edlia, mas o filho permanece nela para sempre. <sup>36<\/sup>Se, pois, o Filho vos libertar, sereis verdadeiramente livres. <sup>37<\/sup>Bem sei que sois descendentes de Abra\u00e3o, no entanto, procurais matar-me, porque a minha palavra n\u00e3o \u00e9 acolhida por v\u00f3s. <sup>38<\/sup>Eu falo o que vi junto do Pai; e v\u00f3s fazeis o que ouvistes do vosso pai.&#8217; <sup>39<\/sup>Eles responderam ent\u00e3o: &#8216;O nosso pai \u00e9 Abra\u00e3o.&#8217; Disse-lhes Jesus: &#8216;Se sois filhos de Abra\u00e3o, praticai as obras de Abra\u00e3o! <sup>40<\/sup>Mas agora, v\u00f3s procurais matar-me, a mim, que vos falei a verdade que ouvi de Deus. Isto, Abra\u00e3o n\u00e3o o fez. <sup>41<\/sup>V\u00f3s fazeis as obras do vosso pai.&#8217; Disseram-lhe, ent\u00e3o: &#8216;N\u00f3s n\u00e3o nascemos do adult\u00e9rio, temos um s\u00f3 pai: Deus.&#8217; <sup>42<\/sup>Respondeu-lhes Jesus: &#8216;Se Deus fosse vosso Pai, v\u00f3s certamente me amar\u00edeis, porque de Deus \u00e9 que eu sa\u00ed, e vim. N\u00e3o vim por mim mesmo, mas foi ele que me enviou.<\/p>\n<p>&nbsp;<\/p>\n<p><strong>Reflex\u00e3o<\/strong><\/p>\n<p>&nbsp;<\/p>\n<p>Liberdade, o que realmente nos faz livres? Ou melhor dizendo, o que significa agir livremente? Muitos de n\u00f3s combatemos pela liberdade. Dostoevskij escreveu: o homem combate sempre pela liberdade, e logo depois descobre-se escravo. Como isso \u00e9 poss\u00edvel? O fil\u00f3sofo Arist\u00f3teles define como livre um ato que n\u00e3o tem outra causa se n\u00e3o ele mesmo. \u00c9 um ato que ningu\u00e9m nos imp\u00f5em, ao qual ningu\u00e9m te obriga. Mas \u00e9 um ato bom, segundo a natureza. O pecado ao inv\u00e9s, \u00e9 contra a natureza, portanto, tamb\u00e9m contra a liberdade. Come\u00e7a com um pensamento ruim, com uma inclina\u00e7\u00e3o perversa que, se observamos bem, n\u00e3o vem de n\u00f3s mesmos. O pensamento ruim vem de fora, n\u00f3s nos colocamos o desejo de realiz\u00e1-lo. Talvez tentemos at\u00e9 resistir, depois consentimos, e nos iludimos de haver agido livremente. Na realidade, cedendo a uma press\u00e3o, nos tornamos escravos. O evangelho nos diz que a verdade nos far\u00e1 livres. Ningu\u00e9m admite de ter cedido aos cativos impulsos. Quando realizou aquilo que o pensamento ruim lhe sugeriu, depois procura um jeito de justificar-se. Se por exemplo perdemos a paci\u00eancia e agredimos algu\u00e9m, dificilmente admitimos de n\u00e3o termos sido capazes de nos controlar. Nos justificamos dizendo de ter agido por amor a justi\u00e7a: tamb\u00e9m Cristo se enraiveceu e expulsou os vendilh\u00f5es do Templo. Mesmo n\u00e3o dizendo a verdade sobre si mesmo, o homem se coloca a citar as Escrituras. Segundo os autores, \u00e9 um perigoso engano espiritual. A vida constru\u00edda sobre ilus\u00f5es \u00e9 como a casa sobre a areia, que cai diante das primeiras dificuldades. Os livros espirituais nos dizem de pedir conselhos ao diretor espiritual para vermos onde estamos nos enganando. Mas n\u00e3o ser\u00e1 f\u00e1cil que o diretor espiritual seja expl\u00edcito em mostrar o nosso erro; procurar\u00e1 antes dizer qualquer palavra que possa colocar a pessoa no caminho justo para chegar a entender sozinho. Sabemos que reconhecer o erro \u00e9 o primeiro passo para corrigir-se. Mas a consci\u00eancia, sozinha, n\u00e3o \u00e9 capaz de vencer a escravid\u00e3o do pecado. O bem \u00e9 segundo a lei da natureza e segundo aquela de Deus. Mas o pecado nos imp\u00f4s uma tend\u00eancia que se repete com tamanha frequ\u00eancia que quase parece criar uma lei. S\u00e3o Paulo fala da \u201clei do pecado\u201d que habita na sua carne e que combate contra a lei do esp\u00edrito. No cap\u00edtulo 7 da carta aos Romanos ele descreve esta luta de modo sugestivo: \u201cN\u00e3o entendo o que fa\u00e7o. Pois n\u00e3o fa\u00e7o o que desejo, mas o que odeio. E, se fa\u00e7o o que n\u00e3o desejo, admito que a lei \u00e9 boa. Neste caso, n\u00e3o sou mais eu quem o faz, mas o pecado que habita em mim&#8230; Quem me libertar\u00e1 do corpo sujeito a esta morte? Gra\u00e7as a Deus por Jesus Cristo, nosso Senhor! S\u00e3o Paulo viveu com a pr\u00f3pria experi\u00eancia aquilo que Cristo promete a todos, que far\u00e1 de n\u00f3s homens verdadeiramente livres.<\/p>\n<p>&nbsp;<\/p>\n<p><strong>Pe. Paulo Eduardo J\u00e1como, SDB.<\/strong><\/p>\n","protected":false},"excerpt":{"rendered":"<p>Quarta-feira, 20 de mar\u00e7o de 2024. &nbsp; Evangelho (Jo 8,31-42) &nbsp; \u201cSe permanecerdes na minha palavra, sereis verdadeiramente meus disc\u00edpulos\u201d &nbsp; Naquele tempo, 31Jesus disse&#8230;<\/p>\n","protected":false},"author":1,"featured_media":8984,"comment_status":"closed","ping_status":"closed","sticky":false,"template":"","format":"standard","meta":{"_acf_changed":false,"footnotes":""},"categories":[13],"tags":[],"class_list":["post-8983","post","type-post","status-publish","format-standard","has-post-thumbnail","hentry","category-reflexaodoevagelho"],"acf":[],"yoast_head":"<!-- This site is optimized with the Yoast SEO plugin v27.3 - https:\/\/yoast.com\/product\/yoast-seo-wordpress\/ -->\n<title>20\/03 - Se permanecerdes na minha palavra, sereis verdadeiramente meus disc\u00edpulos. - Pastoral Universit\u00e1ria UniSALESIANO<\/title>\n<meta name=\"robots\" content=\"index, follow, max-snippet:-1, max-image-preview:large, max-video-preview:-1\" \/>\n<link rel=\"canonical\" href=\"https:\/\/unisale.com.br\/novo\/20-03-se-permanecerdes-na-minha-palavra-sereis-verdadeiramente-meus-discipulos\/\" \/>\n<meta property=\"og:locale\" content=\"pt_BR\" \/>\n<meta property=\"og:type\" content=\"article\" \/>\n<meta property=\"og:title\" content=\"20\/03 - Se permanecerdes na minha palavra, sereis verdadeiramente meus disc\u00edpulos. - Pastoral Universit\u00e1ria UniSALESIANO\" \/>\n<meta property=\"og:description\" content=\"Quarta-feira, 20 de mar\u00e7o de 2024. &nbsp; Evangelho (Jo 8,31-42) &nbsp; \u201cSe permanecerdes na minha palavra, sereis verdadeiramente meus disc\u00edpulos\u201d &nbsp; Naquele tempo, 31Jesus disse...\" \/>\n<meta property=\"og:url\" content=\"https:\/\/unisale.com.br\/novo\/20-03-se-permanecerdes-na-minha-palavra-sereis-verdadeiramente-meus-discipulos\/\" \/>\n<meta property=\"og:site_name\" content=\"Pastoral Universit\u00e1ria UniSALESIANO\" \/>\n<meta property=\"article:published_time\" content=\"2024-03-18T10:53:05+00:00\" \/>\n<meta name=\"author\" content=\"pastoral\" \/>\n<meta name=\"twitter:card\" content=\"summary_large_image\" \/>\n<meta name=\"twitter:label1\" content=\"Escrito por\" \/>\n\t<meta name=\"twitter:data1\" content=\"pastoral\" \/>\n\t<meta name=\"twitter:label2\" content=\"Est. tempo de leitura\" \/>\n\t<meta name=\"twitter:data2\" content=\"4 minutos\" \/>\n<script type=\"application\/ld+json\" class=\"yoast-schema-graph\">{\"@context\":\"https:\\\/\\\/schema.org\",\"@graph\":[{\"@type\":\"Article\",\"@id\":\"https:\\\/\\\/unisale.com.br\\\/novo\\\/20-03-se-permanecerdes-na-minha-palavra-sereis-verdadeiramente-meus-discipulos\\\/#article\",\"isPartOf\":{\"@id\":\"https:\\\/\\\/unisale.com.br\\\/novo\\\/20-03-se-permanecerdes-na-minha-palavra-sereis-verdadeiramente-meus-discipulos\\\/\"},\"author\":{\"name\":\"pastoral\",\"@id\":\"https:\\\/\\\/unisale.com.br\\\/pastoral\\\/#\\\/schema\\\/person\\\/a16ba711a0f7dec9cb6b44563144d5a3\"},\"headline\":\"20\\\/03 &#8211; Se permanecerdes na minha palavra, sereis verdadeiramente meus disc\u00edpulos.\",\"datePublished\":\"2024-03-18T10:53:05+00:00\",\"mainEntityOfPage\":{\"@id\":\"https:\\\/\\\/unisale.com.br\\\/novo\\\/20-03-se-permanecerdes-na-minha-palavra-sereis-verdadeiramente-meus-discipulos\\\/\"},\"wordCount\":797,\"image\":{\"@id\":\"https:\\\/\\\/unisale.com.br\\\/novo\\\/20-03-se-permanecerdes-na-minha-palavra-sereis-verdadeiramente-meus-discipulos\\\/#primaryimage\"},\"thumbnailUrl\":\"https:\\\/\\\/unisale.com.br\\\/pastoral\\\/wp-content\\\/uploads\\\/2024\\\/03\\\/freedom-1886402_1920-960x540-1.jpg\",\"articleSection\":[\"Reflex\u00e3o do Evangelho\"],\"inLanguage\":\"pt-BR\"},{\"@type\":\"WebPage\",\"@id\":\"https:\\\/\\\/unisale.com.br\\\/novo\\\/20-03-se-permanecerdes-na-minha-palavra-sereis-verdadeiramente-meus-discipulos\\\/\",\"url\":\"https:\\\/\\\/unisale.com.br\\\/novo\\\/20-03-se-permanecerdes-na-minha-palavra-sereis-verdadeiramente-meus-discipulos\\\/\",\"name\":\"20\\\/03 - Se permanecerdes na minha palavra, sereis verdadeiramente meus disc\u00edpulos. - Pastoral Universit\u00e1ria UniSALESIANO\",\"isPartOf\":{\"@id\":\"https:\\\/\\\/unisale.com.br\\\/pastoral\\\/#website\"},\"primaryImageOfPage\":{\"@id\":\"https:\\\/\\\/unisale.com.br\\\/novo\\\/20-03-se-permanecerdes-na-minha-palavra-sereis-verdadeiramente-meus-discipulos\\\/#primaryimage\"},\"image\":{\"@id\":\"https:\\\/\\\/unisale.com.br\\\/novo\\\/20-03-se-permanecerdes-na-minha-palavra-sereis-verdadeiramente-meus-discipulos\\\/#primaryimage\"},\"thumbnailUrl\":\"https:\\\/\\\/unisale.com.br\\\/pastoral\\\/wp-content\\\/uploads\\\/2024\\\/03\\\/freedom-1886402_1920-960x540-1.jpg\",\"datePublished\":\"2024-03-18T10:53:05+00:00\",\"author\":{\"@id\":\"https:\\\/\\\/unisale.com.br\\\/pastoral\\\/#\\\/schema\\\/person\\\/a16ba711a0f7dec9cb6b44563144d5a3\"},\"inLanguage\":\"pt-BR\",\"potentialAction\":[{\"@type\":\"ReadAction\",\"target\":[\"https:\\\/\\\/unisale.com.br\\\/novo\\\/20-03-se-permanecerdes-na-minha-palavra-sereis-verdadeiramente-meus-discipulos\\\/\"]}]},{\"@type\":\"ImageObject\",\"inLanguage\":\"pt-BR\",\"@id\":\"https:\\\/\\\/unisale.com.br\\\/novo\\\/20-03-se-permanecerdes-na-minha-palavra-sereis-verdadeiramente-meus-discipulos\\\/#primaryimage\",\"url\":\"https:\\\/\\\/unisale.com.br\\\/pastoral\\\/wp-content\\\/uploads\\\/2024\\\/03\\\/freedom-1886402_1920-960x540-1.jpg\",\"contentUrl\":\"https:\\\/\\\/unisale.com.br\\\/pastoral\\\/wp-content\\\/uploads\\\/2024\\\/03\\\/freedom-1886402_1920-960x540-1.jpg\",\"width\":889,\"height\":500},{\"@type\":\"WebSite\",\"@id\":\"https:\\\/\\\/unisale.com.br\\\/pastoral\\\/#website\",\"url\":\"https:\\\/\\\/unisale.com.br\\\/pastoral\\\/\",\"name\":\"Pastoral Universit\u00e1ria UniSALESIANO\",\"description\":\"Site da Pastoral Universit\u00e1ria do UniSALESIANO\",\"potentialAction\":[{\"@type\":\"SearchAction\",\"target\":{\"@type\":\"EntryPoint\",\"urlTemplate\":\"https:\\\/\\\/unisale.com.br\\\/pastoral\\\/?s={search_term_string}\"},\"query-input\":{\"@type\":\"PropertyValueSpecification\",\"valueRequired\":true,\"valueName\":\"search_term_string\"}}],\"inLanguage\":\"pt-BR\"},{\"@type\":\"Person\",\"@id\":\"https:\\\/\\\/unisale.com.br\\\/pastoral\\\/#\\\/schema\\\/person\\\/a16ba711a0f7dec9cb6b44563144d5a3\",\"name\":\"pastoral\",\"url\":\"https:\\\/\\\/unisale.com.br\\\/pastoral\\\/author\\\/pastoral\\\/\"}]}<\/script>\n<!-- \/ Yoast SEO plugin. -->","yoast_head_json":{"title":"20\/03 - Se permanecerdes na minha palavra, sereis verdadeiramente meus disc\u00edpulos. - Pastoral Universit\u00e1ria UniSALESIANO","robots":{"index":"index","follow":"follow","max-snippet":"max-snippet:-1","max-image-preview":"max-image-preview:large","max-video-preview":"max-video-preview:-1"},"canonical":"https:\/\/unisale.com.br\/novo\/20-03-se-permanecerdes-na-minha-palavra-sereis-verdadeiramente-meus-discipulos\/","og_locale":"pt_BR","og_type":"article","og_title":"20\/03 - Se permanecerdes na minha palavra, sereis verdadeiramente meus disc\u00edpulos. - Pastoral Universit\u00e1ria UniSALESIANO","og_description":"Quarta-feira, 20 de mar\u00e7o de 2024. &nbsp; Evangelho (Jo 8,31-42) &nbsp; \u201cSe permanecerdes na minha palavra, sereis verdadeiramente meus disc\u00edpulos\u201d &nbsp; Naquele tempo, 31Jesus disse...","og_url":"https:\/\/unisale.com.br\/novo\/20-03-se-permanecerdes-na-minha-palavra-sereis-verdadeiramente-meus-discipulos\/","og_site_name":"Pastoral Universit\u00e1ria UniSALESIANO","article_published_time":"2024-03-18T10:53:05+00:00","author":"pastoral","twitter_card":"summary_large_image","twitter_misc":{"Escrito por":"pastoral","Est. tempo de leitura":"4 minutos"},"schema":{"@context":"https:\/\/schema.org","@graph":[{"@type":"Article","@id":"https:\/\/unisale.com.br\/novo\/20-03-se-permanecerdes-na-minha-palavra-sereis-verdadeiramente-meus-discipulos\/#article","isPartOf":{"@id":"https:\/\/unisale.com.br\/novo\/20-03-se-permanecerdes-na-minha-palavra-sereis-verdadeiramente-meus-discipulos\/"},"author":{"name":"pastoral","@id":"https:\/\/unisale.com.br\/pastoral\/#\/schema\/person\/a16ba711a0f7dec9cb6b44563144d5a3"},"headline":"20\/03 &#8211; Se permanecerdes na minha palavra, sereis verdadeiramente meus disc\u00edpulos.","datePublished":"2024-03-18T10:53:05+00:00","mainEntityOfPage":{"@id":"https:\/\/unisale.com.br\/novo\/20-03-se-permanecerdes-na-minha-palavra-sereis-verdadeiramente-meus-discipulos\/"},"wordCount":797,"image":{"@id":"https:\/\/unisale.com.br\/novo\/20-03-se-permanecerdes-na-minha-palavra-sereis-verdadeiramente-meus-discipulos\/#primaryimage"},"thumbnailUrl":"https:\/\/unisale.com.br\/pastoral\/wp-content\/uploads\/2024\/03\/freedom-1886402_1920-960x540-1.jpg","articleSection":["Reflex\u00e3o do Evangelho"],"inLanguage":"pt-BR"},{"@type":"WebPage","@id":"https:\/\/unisale.com.br\/novo\/20-03-se-permanecerdes-na-minha-palavra-sereis-verdadeiramente-meus-discipulos\/","url":"https:\/\/unisale.com.br\/novo\/20-03-se-permanecerdes-na-minha-palavra-sereis-verdadeiramente-meus-discipulos\/","name":"20\/03 - Se permanecerdes na minha palavra, sereis verdadeiramente meus disc\u00edpulos. - Pastoral Universit\u00e1ria UniSALESIANO","isPartOf":{"@id":"https:\/\/unisale.com.br\/pastoral\/#website"},"primaryImageOfPage":{"@id":"https:\/\/unisale.com.br\/novo\/20-03-se-permanecerdes-na-minha-palavra-sereis-verdadeiramente-meus-discipulos\/#primaryimage"},"image":{"@id":"https:\/\/unisale.com.br\/novo\/20-03-se-permanecerdes-na-minha-palavra-sereis-verdadeiramente-meus-discipulos\/#primaryimage"},"thumbnailUrl":"https:\/\/unisale.com.br\/pastoral\/wp-content\/uploads\/2024\/03\/freedom-1886402_1920-960x540-1.jpg","datePublished":"2024-03-18T10:53:05+00:00","author":{"@id":"https:\/\/unisale.com.br\/pastoral\/#\/schema\/person\/a16ba711a0f7dec9cb6b44563144d5a3"},"inLanguage":"pt-BR","potentialAction":[{"@type":"ReadAction","target":["https:\/\/unisale.com.br\/novo\/20-03-se-permanecerdes-na-minha-palavra-sereis-verdadeiramente-meus-discipulos\/"]}]},{"@type":"ImageObject","inLanguage":"pt-BR","@id":"https:\/\/unisale.com.br\/novo\/20-03-se-permanecerdes-na-minha-palavra-sereis-verdadeiramente-meus-discipulos\/#primaryimage","url":"https:\/\/unisale.com.br\/pastoral\/wp-content\/uploads\/2024\/03\/freedom-1886402_1920-960x540-1.jpg","contentUrl":"https:\/\/unisale.com.br\/pastoral\/wp-content\/uploads\/2024\/03\/freedom-1886402_1920-960x540-1.jpg","width":889,"height":500},{"@type":"WebSite","@id":"https:\/\/unisale.com.br\/pastoral\/#website","url":"https:\/\/unisale.com.br\/pastoral\/","name":"Pastoral Universit\u00e1ria UniSALESIANO","description":"Site da Pastoral Universit\u00e1ria do UniSALESIANO","potentialAction":[{"@type":"SearchAction","target":{"@type":"EntryPoint","urlTemplate":"https:\/\/unisale.com.br\/pastoral\/?s={search_term_string}"},"query-input":{"@type":"PropertyValueSpecification","valueRequired":true,"valueName":"search_term_string"}}],"inLanguage":"pt-BR"},{"@type":"Person","@id":"https:\/\/unisale.com.br\/pastoral\/#\/schema\/person\/a16ba711a0f7dec9cb6b44563144d5a3","name":"pastoral","url":"https:\/\/unisale.com.br\/pastoral\/author\/pastoral\/"}]}},"_links":{"self":[{"href":"https:\/\/unisale.com.br\/pastoral\/wp-json\/wp\/v2\/posts\/8983","targetHints":{"allow":["GET"]}}],"collection":[{"href":"https:\/\/unisale.com.br\/pastoral\/wp-json\/wp\/v2\/posts"}],"about":[{"href":"https:\/\/unisale.com.br\/pastoral\/wp-json\/wp\/v2\/types\/post"}],"author":[{"embeddable":true,"href":"https:\/\/unisale.com.br\/pastoral\/wp-json\/wp\/v2\/users\/1"}],"replies":[{"embeddable":true,"href":"https:\/\/unisale.com.br\/pastoral\/wp-json\/wp\/v2\/comments?post=8983"}],"version-history":[{"count":0,"href":"https:\/\/unisale.com.br\/pastoral\/wp-json\/wp\/v2\/posts\/8983\/revisions"}],"wp:featuredmedia":[{"embeddable":true,"href":"https:\/\/unisale.com.br\/pastoral\/wp-json\/wp\/v2\/media\/8984"}],"wp:attachment":[{"href":"https:\/\/unisale.com.br\/pastoral\/wp-json\/wp\/v2\/media?parent=8983"}],"wp:term":[{"taxonomy":"category","embeddable":true,"href":"https:\/\/unisale.com.br\/pastoral\/wp-json\/wp\/v2\/categories?post=8983"},{"taxonomy":"post_tag","embeddable":true,"href":"https:\/\/unisale.com.br\/pastoral\/wp-json\/wp\/v2\/tags?post=8983"}],"curies":[{"name":"wp","href":"https:\/\/api.w.org\/{rel}","templated":true}]}}