{"id":8986,"date":"2024-03-18T10:58:33","date_gmt":"2024-03-18T10:58:33","guid":{"rendered":"https:\/\/unisale.com.br\/pastoral\/?p=8986"},"modified":"2024-03-18T10:58:33","modified_gmt":"2024-03-18T10:58:33","slug":"21-03-em-verdade-em-verdade-eu-vos-digo-se-alguem-guardar-a-minha-palavra-jamais-vera-a-morte","status":"publish","type":"post","link":"https:\/\/unisale.com.br\/pastoral\/21-03-em-verdade-em-verdade-eu-vos-digo-se-alguem-guardar-a-minha-palavra-jamais-vera-a-morte\/","title":{"rendered":"21\/03 &#8211; Em verdade, em verdade, eu vos digo, se algu\u00e9m guardar a minha palavra, jamais ver\u00e1 a morte."},"content":{"rendered":"<p>Quinta-feira, 21 de mar\u00e7o de 2024.<\/p>\n<p>&nbsp;<\/p>\n<p>Evangelho (Jo 8,51-59)<\/p>\n<p>&nbsp;<\/p>\n<p><strong>\u201cEm verdade, em verdade, eu vos digo, se algu\u00e9m guardar a minha palavra, jamais ver\u00e1 a morte.\u201d<\/strong><\/p>\n<p>&nbsp;<\/p>\n<p>Naquele tempo, disse Jesus aos judeus: <sup>51<\/sup>\u201cEm verdade, em verdade vos digo: se algu\u00e9m guardar a minha palavra, jamais ver\u00e1 a morte\u201d. <sup>52<\/sup>Disseram ent\u00e3o os judeus: \u201cAgora sabemos que tens um dem\u00f4nio. Abra\u00e3o morreu e os profetas tamb\u00e9m, e tu dizes: \u2018Se algu\u00e9m guardar a minha palavra jamais ver\u00e1 a morte\u2019. <sup>53<\/sup>Acaso \u00e9s maior do que nosso pai Abra\u00e3o, que morreu, como tamb\u00e9m os profetas? Quem pretendes ser?\u201d <sup>54<\/sup>Jesus respondeu: \u201cSe me glorifico a mim mesmo, minha gl\u00f3ria n\u00e3o vale nada. Quem me glorifica \u00e9 o meu Pai, aquele que v\u00f3s dizeis ser o vosso Deus. <sup>55<\/sup>No entanto, n\u00e3o o conheceis. Mas eu o conhe\u00e7o e, se dissesse que n\u00e3o o conhe\u00e7o, seria um mentiroso, como v\u00f3s! Mas eu o conhe\u00e7o e guardo a sua palavra. <sup>56<\/sup>Vosso pai Abra\u00e3o exultou, por ver o meu dia; ele o viu, e alegrou-se\u201d. <sup>57<\/sup>Os judeus disseram-lhe ent\u00e3o: \u201cNem sequer cinquenta anos tens, e viste Abra\u00e3o!\u201d <sup>58<\/sup>Jesus respondeu: \u201cEm verdade, em verdade vos digo, antes que Abra\u00e3o existisse, eu sou\u201d. <sup>59<\/sup>Ent\u00e3o eles pegaram em pedras para apedrejar Jesus, mas ele escondeu-se e saiu do Templo.<\/p>\n<p>&nbsp;<\/p>\n<p><strong>Reflex\u00e3o<\/strong><\/p>\n<p>&nbsp;<\/p>\n<p>Contar os anos para n\u00f3s \u00e9 importante para n\u00f3s que vivemos no tempo, mas para Deus, que \u00e9 eterno, tudo \u00e9 presente. Os Padres da Igreja repetiram muitas vezes que Cristo \u00e9 o centro de toda a cria\u00e7\u00e3o. De fato, ele \u00e9 a luz do mundo. Os Padres gregos apresentavam a hist\u00f3ria do mundo como uma tens\u00e3o rumo ao in\u00edcio, como um retorno \u00e0 perfei\u00e7\u00e3o da primeira imagem. Se a cria\u00e7\u00e3o foi iniciada com Cristo, com ele tamb\u00e9m terminar\u00e1, quando toda a cria\u00e7\u00e3o atingir\u00e1 a sua perfei\u00e7\u00e3o. O que sabia Abra\u00e3o? \u00c9 dif\u00edcil para n\u00f3s imaginar como ele vivia pessoalmente a sua f\u00e9, mas Cristo que conhece o cora\u00e7\u00e3o de todas as gera\u00e7\u00f5es o descreve com estas palavras: \u201cExultou por ver o meu dia\u201d. Aos m\u00edsticos acontece muitas vezes de viver o passado e o futuro como uma \u00fanica maravilhosa realidade. Tamb\u00e9m para os simples crist\u00e3os a segunda vinda de Cristo n\u00e3o ser\u00e1 um terr\u00edvel dia de ira. Os primeiros crist\u00e3os falavam deste dia com entusiasmo e rezavam: <em>\u201cMarana th\u00e1: vem Senhor!\u201d<\/em> Quando Jesus revela o mist\u00e9rio da sua identidade e da exist\u00eancia do mundo, e completa assim a imagem da cria\u00e7\u00e3o e da reden\u00e7\u00e3o descrita na B\u00edblia, os hebreus tiveram uma terr\u00edvel rea\u00e7\u00e3o. S\u00e3o Paulo n\u00e3o se espantou: a sabedoria de Deus e estupidez aos olhos do mundo. Para o mundo, est\u00fapido \u00e9 quem atribui as coisas um valor diferente daquele que \u00e9 comum. Uma pessoa \u201cnormal\u201d gasta dinheiro, o \u201cest\u00fapido\u201d n\u00e3o lhe d\u00e1 valor. Est\u00fapido foi considerado S\u00e3o Francisco de Assis, tamb\u00e9m se ao final da sua vida ningu\u00e9m mais acreditava que o fosse. As pessoas suspeitavam do seu modo contr\u00e1rio de ver as coisas, como do algo de uma montanha. Mas sobre aquela montanha deveria subir cada um de n\u00f3s, para compreender o ensinamento e a pessoa de Cristo. Somente sobre uma montanha exultaremos, desfrutaremos a beleza do panorama.<\/p>\n<p><strong>Pe. Paulo Eduardo J\u00e1como, SDB.<\/strong><\/p>\n","protected":false},"excerpt":{"rendered":"<p>Quinta-feira, 21 de mar\u00e7o de 2024. &nbsp; Evangelho (Jo 8,51-59) &nbsp; \u201cEm verdade, em verdade, eu vos digo, se algu\u00e9m guardar a minha palavra, jamais&#8230;<\/p>\n","protected":false},"author":1,"featured_media":8987,"comment_status":"closed","ping_status":"closed","sticky":false,"template":"","format":"standard","meta":{"_acf_changed":false,"footnotes":""},"categories":[13],"tags":[],"class_list":["post-8986","post","type-post","status-publish","format-standard","has-post-thumbnail","hentry","category-reflexaodoevagelho"],"acf":[],"yoast_head":"<!-- This site is optimized with the Yoast SEO plugin v27.3 - https:\/\/yoast.com\/product\/yoast-seo-wordpress\/ -->\n<title>21\/03 - Em verdade, em verdade, eu vos digo, se algu\u00e9m guardar a minha palavra, jamais ver\u00e1 a morte. - Pastoral Universit\u00e1ria UniSALESIANO<\/title>\n<meta name=\"robots\" content=\"index, follow, max-snippet:-1, max-image-preview:large, max-video-preview:-1\" \/>\n<link rel=\"canonical\" href=\"https:\/\/unisale.com.br\/novo\/21-03-em-verdade-em-verdade-eu-vos-digo-se-alguem-guardar-a-minha-palavra-jamais-vera-a-morte\/\" \/>\n<meta property=\"og:locale\" content=\"pt_BR\" \/>\n<meta property=\"og:type\" content=\"article\" \/>\n<meta property=\"og:title\" content=\"21\/03 - Em verdade, em verdade, eu vos digo, se algu\u00e9m guardar a minha palavra, jamais ver\u00e1 a morte. - Pastoral Universit\u00e1ria UniSALESIANO\" \/>\n<meta property=\"og:description\" content=\"Quinta-feira, 21 de mar\u00e7o de 2024. &nbsp; Evangelho (Jo 8,51-59) &nbsp; \u201cEm verdade, em verdade, eu vos digo, se algu\u00e9m guardar a minha palavra, jamais...\" \/>\n<meta property=\"og:url\" content=\"https:\/\/unisale.com.br\/novo\/21-03-em-verdade-em-verdade-eu-vos-digo-se-alguem-guardar-a-minha-palavra-jamais-vera-a-morte\/\" \/>\n<meta property=\"og:site_name\" content=\"Pastoral Universit\u00e1ria UniSALESIANO\" \/>\n<meta property=\"article:published_time\" content=\"2024-03-18T10:58:33+00:00\" \/>\n<meta name=\"author\" content=\"pastoral\" \/>\n<meta name=\"twitter:card\" content=\"summary_large_image\" \/>\n<meta name=\"twitter:label1\" content=\"Escrito por\" \/>\n\t<meta name=\"twitter:data1\" content=\"pastoral\" \/>\n\t<meta name=\"twitter:label2\" content=\"Est. tempo de leitura\" \/>\n\t<meta name=\"twitter:data2\" content=\"3 minutos\" \/>\n<script type=\"application\/ld+json\" class=\"yoast-schema-graph\">{\"@context\":\"https:\\\/\\\/schema.org\",\"@graph\":[{\"@type\":\"Article\",\"@id\":\"https:\\\/\\\/unisale.com.br\\\/novo\\\/21-03-em-verdade-em-verdade-eu-vos-digo-se-alguem-guardar-a-minha-palavra-jamais-vera-a-morte\\\/#article\",\"isPartOf\":{\"@id\":\"https:\\\/\\\/unisale.com.br\\\/novo\\\/21-03-em-verdade-em-verdade-eu-vos-digo-se-alguem-guardar-a-minha-palavra-jamais-vera-a-morte\\\/\"},\"author\":{\"name\":\"pastoral\",\"@id\":\"https:\\\/\\\/unisale.com.br\\\/pastoral\\\/#\\\/schema\\\/person\\\/a16ba711a0f7dec9cb6b44563144d5a3\"},\"headline\":\"21\\\/03 &#8211; Em verdade, em verdade, eu vos digo, se algu\u00e9m guardar a minha palavra, jamais ver\u00e1 a morte.\",\"datePublished\":\"2024-03-18T10:58:33+00:00\",\"mainEntityOfPage\":{\"@id\":\"https:\\\/\\\/unisale.com.br\\\/novo\\\/21-03-em-verdade-em-verdade-eu-vos-digo-se-alguem-guardar-a-minha-palavra-jamais-vera-a-morte\\\/\"},\"wordCount\":603,\"image\":{\"@id\":\"https:\\\/\\\/unisale.com.br\\\/novo\\\/21-03-em-verdade-em-verdade-eu-vos-digo-se-alguem-guardar-a-minha-palavra-jamais-vera-a-morte\\\/#primaryimage\"},\"thumbnailUrl\":\"https:\\\/\\\/unisale.com.br\\\/pastoral\\\/wp-content\\\/uploads\\\/2024\\\/03\\\/lapidar.jpg\",\"articleSection\":[\"Reflex\u00e3o do Evangelho\"],\"inLanguage\":\"pt-BR\"},{\"@type\":\"WebPage\",\"@id\":\"https:\\\/\\\/unisale.com.br\\\/novo\\\/21-03-em-verdade-em-verdade-eu-vos-digo-se-alguem-guardar-a-minha-palavra-jamais-vera-a-morte\\\/\",\"url\":\"https:\\\/\\\/unisale.com.br\\\/novo\\\/21-03-em-verdade-em-verdade-eu-vos-digo-se-alguem-guardar-a-minha-palavra-jamais-vera-a-morte\\\/\",\"name\":\"21\\\/03 - Em verdade, em verdade, eu vos digo, se algu\u00e9m guardar a minha palavra, jamais ver\u00e1 a morte. - Pastoral Universit\u00e1ria UniSALESIANO\",\"isPartOf\":{\"@id\":\"https:\\\/\\\/unisale.com.br\\\/pastoral\\\/#website\"},\"primaryImageOfPage\":{\"@id\":\"https:\\\/\\\/unisale.com.br\\\/novo\\\/21-03-em-verdade-em-verdade-eu-vos-digo-se-alguem-guardar-a-minha-palavra-jamais-vera-a-morte\\\/#primaryimage\"},\"image\":{\"@id\":\"https:\\\/\\\/unisale.com.br\\\/novo\\\/21-03-em-verdade-em-verdade-eu-vos-digo-se-alguem-guardar-a-minha-palavra-jamais-vera-a-morte\\\/#primaryimage\"},\"thumbnailUrl\":\"https:\\\/\\\/unisale.com.br\\\/pastoral\\\/wp-content\\\/uploads\\\/2024\\\/03\\\/lapidar.jpg\",\"datePublished\":\"2024-03-18T10:58:33+00:00\",\"author\":{\"@id\":\"https:\\\/\\\/unisale.com.br\\\/pastoral\\\/#\\\/schema\\\/person\\\/a16ba711a0f7dec9cb6b44563144d5a3\"},\"inLanguage\":\"pt-BR\",\"potentialAction\":[{\"@type\":\"ReadAction\",\"target\":[\"https:\\\/\\\/unisale.com.br\\\/novo\\\/21-03-em-verdade-em-verdade-eu-vos-digo-se-alguem-guardar-a-minha-palavra-jamais-vera-a-morte\\\/\"]}]},{\"@type\":\"ImageObject\",\"inLanguage\":\"pt-BR\",\"@id\":\"https:\\\/\\\/unisale.com.br\\\/novo\\\/21-03-em-verdade-em-verdade-eu-vos-digo-se-alguem-guardar-a-minha-palavra-jamais-vera-a-morte\\\/#primaryimage\",\"url\":\"https:\\\/\\\/unisale.com.br\\\/pastoral\\\/wp-content\\\/uploads\\\/2024\\\/03\\\/lapidar.jpg\",\"contentUrl\":\"https:\\\/\\\/unisale.com.br\\\/pastoral\\\/wp-content\\\/uploads\\\/2024\\\/03\\\/lapidar.jpg\",\"width\":275,\"height\":183},{\"@type\":\"WebSite\",\"@id\":\"https:\\\/\\\/unisale.com.br\\\/pastoral\\\/#website\",\"url\":\"https:\\\/\\\/unisale.com.br\\\/pastoral\\\/\",\"name\":\"Pastoral Universit\u00e1ria UniSALESIANO\",\"description\":\"Site da Pastoral Universit\u00e1ria do UniSALESIANO\",\"potentialAction\":[{\"@type\":\"SearchAction\",\"target\":{\"@type\":\"EntryPoint\",\"urlTemplate\":\"https:\\\/\\\/unisale.com.br\\\/pastoral\\\/?s={search_term_string}\"},\"query-input\":{\"@type\":\"PropertyValueSpecification\",\"valueRequired\":true,\"valueName\":\"search_term_string\"}}],\"inLanguage\":\"pt-BR\"},{\"@type\":\"Person\",\"@id\":\"https:\\\/\\\/unisale.com.br\\\/pastoral\\\/#\\\/schema\\\/person\\\/a16ba711a0f7dec9cb6b44563144d5a3\",\"name\":\"pastoral\",\"url\":\"https:\\\/\\\/unisale.com.br\\\/pastoral\\\/author\\\/pastoral\\\/\"}]}<\/script>\n<!-- \/ Yoast SEO plugin. -->","yoast_head_json":{"title":"21\/03 - Em verdade, em verdade, eu vos digo, se algu\u00e9m guardar a minha palavra, jamais ver\u00e1 a morte. - Pastoral Universit\u00e1ria UniSALESIANO","robots":{"index":"index","follow":"follow","max-snippet":"max-snippet:-1","max-image-preview":"max-image-preview:large","max-video-preview":"max-video-preview:-1"},"canonical":"https:\/\/unisale.com.br\/novo\/21-03-em-verdade-em-verdade-eu-vos-digo-se-alguem-guardar-a-minha-palavra-jamais-vera-a-morte\/","og_locale":"pt_BR","og_type":"article","og_title":"21\/03 - Em verdade, em verdade, eu vos digo, se algu\u00e9m guardar a minha palavra, jamais ver\u00e1 a morte. - Pastoral Universit\u00e1ria UniSALESIANO","og_description":"Quinta-feira, 21 de mar\u00e7o de 2024. &nbsp; Evangelho (Jo 8,51-59) &nbsp; \u201cEm verdade, em verdade, eu vos digo, se algu\u00e9m guardar a minha palavra, jamais...","og_url":"https:\/\/unisale.com.br\/novo\/21-03-em-verdade-em-verdade-eu-vos-digo-se-alguem-guardar-a-minha-palavra-jamais-vera-a-morte\/","og_site_name":"Pastoral Universit\u00e1ria UniSALESIANO","article_published_time":"2024-03-18T10:58:33+00:00","author":"pastoral","twitter_card":"summary_large_image","twitter_misc":{"Escrito por":"pastoral","Est. tempo de leitura":"3 minutos"},"schema":{"@context":"https:\/\/schema.org","@graph":[{"@type":"Article","@id":"https:\/\/unisale.com.br\/novo\/21-03-em-verdade-em-verdade-eu-vos-digo-se-alguem-guardar-a-minha-palavra-jamais-vera-a-morte\/#article","isPartOf":{"@id":"https:\/\/unisale.com.br\/novo\/21-03-em-verdade-em-verdade-eu-vos-digo-se-alguem-guardar-a-minha-palavra-jamais-vera-a-morte\/"},"author":{"name":"pastoral","@id":"https:\/\/unisale.com.br\/pastoral\/#\/schema\/person\/a16ba711a0f7dec9cb6b44563144d5a3"},"headline":"21\/03 &#8211; Em verdade, em verdade, eu vos digo, se algu\u00e9m guardar a minha palavra, jamais ver\u00e1 a morte.","datePublished":"2024-03-18T10:58:33+00:00","mainEntityOfPage":{"@id":"https:\/\/unisale.com.br\/novo\/21-03-em-verdade-em-verdade-eu-vos-digo-se-alguem-guardar-a-minha-palavra-jamais-vera-a-morte\/"},"wordCount":603,"image":{"@id":"https:\/\/unisale.com.br\/novo\/21-03-em-verdade-em-verdade-eu-vos-digo-se-alguem-guardar-a-minha-palavra-jamais-vera-a-morte\/#primaryimage"},"thumbnailUrl":"https:\/\/unisale.com.br\/pastoral\/wp-content\/uploads\/2024\/03\/lapidar.jpg","articleSection":["Reflex\u00e3o do Evangelho"],"inLanguage":"pt-BR"},{"@type":"WebPage","@id":"https:\/\/unisale.com.br\/novo\/21-03-em-verdade-em-verdade-eu-vos-digo-se-alguem-guardar-a-minha-palavra-jamais-vera-a-morte\/","url":"https:\/\/unisale.com.br\/novo\/21-03-em-verdade-em-verdade-eu-vos-digo-se-alguem-guardar-a-minha-palavra-jamais-vera-a-morte\/","name":"21\/03 - Em verdade, em verdade, eu vos digo, se algu\u00e9m guardar a minha palavra, jamais ver\u00e1 a morte. - Pastoral Universit\u00e1ria UniSALESIANO","isPartOf":{"@id":"https:\/\/unisale.com.br\/pastoral\/#website"},"primaryImageOfPage":{"@id":"https:\/\/unisale.com.br\/novo\/21-03-em-verdade-em-verdade-eu-vos-digo-se-alguem-guardar-a-minha-palavra-jamais-vera-a-morte\/#primaryimage"},"image":{"@id":"https:\/\/unisale.com.br\/novo\/21-03-em-verdade-em-verdade-eu-vos-digo-se-alguem-guardar-a-minha-palavra-jamais-vera-a-morte\/#primaryimage"},"thumbnailUrl":"https:\/\/unisale.com.br\/pastoral\/wp-content\/uploads\/2024\/03\/lapidar.jpg","datePublished":"2024-03-18T10:58:33+00:00","author":{"@id":"https:\/\/unisale.com.br\/pastoral\/#\/schema\/person\/a16ba711a0f7dec9cb6b44563144d5a3"},"inLanguage":"pt-BR","potentialAction":[{"@type":"ReadAction","target":["https:\/\/unisale.com.br\/novo\/21-03-em-verdade-em-verdade-eu-vos-digo-se-alguem-guardar-a-minha-palavra-jamais-vera-a-morte\/"]}]},{"@type":"ImageObject","inLanguage":"pt-BR","@id":"https:\/\/unisale.com.br\/novo\/21-03-em-verdade-em-verdade-eu-vos-digo-se-alguem-guardar-a-minha-palavra-jamais-vera-a-morte\/#primaryimage","url":"https:\/\/unisale.com.br\/pastoral\/wp-content\/uploads\/2024\/03\/lapidar.jpg","contentUrl":"https:\/\/unisale.com.br\/pastoral\/wp-content\/uploads\/2024\/03\/lapidar.jpg","width":275,"height":183},{"@type":"WebSite","@id":"https:\/\/unisale.com.br\/pastoral\/#website","url":"https:\/\/unisale.com.br\/pastoral\/","name":"Pastoral Universit\u00e1ria UniSALESIANO","description":"Site da Pastoral Universit\u00e1ria do UniSALESIANO","potentialAction":[{"@type":"SearchAction","target":{"@type":"EntryPoint","urlTemplate":"https:\/\/unisale.com.br\/pastoral\/?s={search_term_string}"},"query-input":{"@type":"PropertyValueSpecification","valueRequired":true,"valueName":"search_term_string"}}],"inLanguage":"pt-BR"},{"@type":"Person","@id":"https:\/\/unisale.com.br\/pastoral\/#\/schema\/person\/a16ba711a0f7dec9cb6b44563144d5a3","name":"pastoral","url":"https:\/\/unisale.com.br\/pastoral\/author\/pastoral\/"}]}},"_links":{"self":[{"href":"https:\/\/unisale.com.br\/pastoral\/wp-json\/wp\/v2\/posts\/8986","targetHints":{"allow":["GET"]}}],"collection":[{"href":"https:\/\/unisale.com.br\/pastoral\/wp-json\/wp\/v2\/posts"}],"about":[{"href":"https:\/\/unisale.com.br\/pastoral\/wp-json\/wp\/v2\/types\/post"}],"author":[{"embeddable":true,"href":"https:\/\/unisale.com.br\/pastoral\/wp-json\/wp\/v2\/users\/1"}],"replies":[{"embeddable":true,"href":"https:\/\/unisale.com.br\/pastoral\/wp-json\/wp\/v2\/comments?post=8986"}],"version-history":[{"count":0,"href":"https:\/\/unisale.com.br\/pastoral\/wp-json\/wp\/v2\/posts\/8986\/revisions"}],"wp:featuredmedia":[{"embeddable":true,"href":"https:\/\/unisale.com.br\/pastoral\/wp-json\/wp\/v2\/media\/8987"}],"wp:attachment":[{"href":"https:\/\/unisale.com.br\/pastoral\/wp-json\/wp\/v2\/media?parent=8986"}],"wp:term":[{"taxonomy":"category","embeddable":true,"href":"https:\/\/unisale.com.br\/pastoral\/wp-json\/wp\/v2\/categories?post=8986"},{"taxonomy":"post_tag","embeddable":true,"href":"https:\/\/unisale.com.br\/pastoral\/wp-json\/wp\/v2\/tags?post=8986"}],"curies":[{"name":"wp","href":"https:\/\/api.w.org\/{rel}","templated":true}]}}