{"id":9019,"date":"2024-03-25T10:40:35","date_gmt":"2024-03-25T10:40:35","guid":{"rendered":"https:\/\/unisale.com.br\/pastoral\/?p=9019"},"modified":"2024-03-25T10:40:35","modified_gmt":"2024-03-25T10:40:35","slug":"26-03-em-verdade-em-verdade-vos-digo-um-de-vos-me-entregara","status":"publish","type":"post","link":"https:\/\/unisale.com.br\/pastoral\/26-03-em-verdade-em-verdade-vos-digo-um-de-vos-me-entregara\/","title":{"rendered":"26\/03 &#8211; Em verdade, em verdade vos digo, um de v\u00f3s me entregar\u00e1."},"content":{"rendered":"<p>Ter\u00e7a-feira, 26 de mar\u00e7o de 2024.<\/p>\n<p>&nbsp;<\/p>\n<p>Evangelho (Jo 13,21-33.36-38)<\/p>\n<p>&nbsp;<\/p>\n<p><strong>\u201cEm verdade, em verdade vos digo, um de v\u00f3s me entregar\u00e1\u201d<\/strong><\/p>\n<p>&nbsp;<\/p>\n<p>Naquele tempo, estando \u00e0 mesa com seus disc\u00edpulos, <sup>21<\/sup>Jesus ficou profundamente comovido e testemunhou: \u201cEm verdade, em verdade vos digo, um de v\u00f3s me entregar\u00e1\u201d. <sup>22<\/sup>Desconcertados, os disc\u00edpulos olhavam uns para os outros, pois n\u00e3o sabiam de quem Jesus estava falando. <sup>23<\/sup>Um deles, a quem Jesus amava, estava recostado ao lado de Jesus. <sup>24<\/sup>Sim\u00e3o Pedro fez-lhe um sinal para que ele procurasse saber de quem Jesus estava falando. <sup>25<\/sup>Ent\u00e3o, o disc\u00edpulo, reclinando-se sobre o peito de Jesus, perguntou-lhe: \u201cSenhor, quem \u00e9?\u201d <sup>26<\/sup>Jesus respondeu: \u201c\u00c9 aquele a quem eu der o peda\u00e7o de p\u00e3o passado no molho\u201d. Ent\u00e3o Jesus molhou um peda\u00e7o de p\u00e3o e deu-o a Judas, filho de Sim\u00e3o Iscariotes. <sup>27<\/sup>Depois do peda\u00e7o de p\u00e3o, Satan\u00e1s entrou em Judas. Ent\u00e3o Jesus lhe disse: \u201cO que tens a fazer, executa-o depressa\u201d. <sup>28<\/sup>Nenhum dos presentes compreendeu por que Jesus lhe disse isso. <sup>29<\/sup>Como Judas guardava a bolsa, alguns pensavam que Jesus lhe queria dizer: \u2018Compra o que precisamos para a festa\u2019, ou que desse alguma coisa aos pobres. <sup>30<\/sup>Depois de receber o peda\u00e7o de p\u00e3o, Judas saiu imediatamente. Era noite. <sup>31<\/sup>Depois que Judas saiu, disse Jesus: \u201cAgora foi glorificado o Filho do Homem, e Deus foi glorificado nele. <sup>32<\/sup>Se Deus foi glorificado nele, tamb\u00e9m Deus o glorificar\u00e1 em si mesmo, e o glorificar\u00e1 logo. <sup>33<\/sup>Filhinhos, por pouco tempo estou ainda convosco. V\u00f3s me procurareis, e agora vos digo, como eu disse tamb\u00e9m aos judeus: \u2018Para onde eu vou, v\u00f3s n\u00e3o podeis ir\u2019\u201d. <sup>36<\/sup>Sim\u00e3o Pedro perguntou: \u201cSenhor, para onde vais?\u201d Jesus respondeu-lhe: \u201cPara onde eu vou, tu n\u00e3o me podes seguir agora, mas seguir\u00e1s mais tarde\u201d. <sup>37<\/sup>Pedro disse: \u201cSenhor, por que n\u00e3o posso seguir-te agora? Eu darei a minha vida por ti!\u201d <sup>38<\/sup>Respondeu Jesus: \u201cDar\u00e1s a tua vida por mim? Em verdade, em verdade te digo: o galo n\u00e3o cantar\u00e1 antes que me tenhas negado tr\u00eas vezes\u201d.<\/p>\n<p>&nbsp;<\/p>\n<p><strong>Reflex\u00e3o<\/strong><\/p>\n<p>&nbsp;<\/p>\n<p>Quando na par\u00f3quia se prepara as dramatiza\u00e7\u00f5es da semana santa, o papel que ningu\u00e9m quer assumir \u00e9 o de Judas. Ningu\u00e9m quer fazer o papel do \u201ctraidor\u201d. Ningu\u00e9m queria fazer o papel do \u201cculpado\u201d, o que causava um medo, pois ao final, todos saberiam que o culpado poderia ser cada um de n\u00f3s. Imagino que tenha sido isso a agu\u00e7ar a curiosidade dos ap\u00f3stolos em saber quem seria o traidor. Seria peso de consci\u00eancia de cada um? Mesmo j\u00e1 imaginando quem seria o culpado, os ap\u00f3stolos n\u00e3o titubearam em \u201cgastar o cartucho\u201d com o predileto: \u201cUm deles a quem Jesus amava, estava recostado ao lado de Jesus. Sim\u00e3o Pedro fez-lhe um sinal para que ele procurasse saber de quem jesus estava falando.\u00a0 Ent\u00e3o o disc\u00edpulo, reclinando-se sobre o peito de Jesus, perguntou-lhe: \u2018Senhor, quem \u00e9? Jesus respondeu: \u2018\u00c9 aquele a quem eu der o peda\u00e7o de p\u00e3o passado no molho\u201d. Com este gesto Jesus deixa claro quem seria o traidor. Sacramentalmente devemos dizer que Jesus realiza um gesto de intimidade, mas ao inv\u00e9s de ser um gesto de salva\u00e7\u00e3o, esta intimidade se tornar\u00e1 um abismo de escurid\u00e3o: \u201cEnt\u00e3o jesus molhou um peda\u00e7o de p\u00e3o e deu-o a Judas, filho de Sim\u00e3o Iscariotes. Depois do peda\u00e7o de p\u00e3o, satan\u00e1s entrou em Judas, ent\u00e3o Jesus lhe disse: \u2018O que tens a fazer, executa-o depressa\u201d.<\/p>\n<p>&nbsp;<\/p>\n<p>Muitas vezes nos sentimos seguros simplesmente porque conservamos uma pr\u00e1tica crist\u00e3 vivida mais como um \u2018amuleto\u2019 do que como reden\u00e7\u00e3o. Pensamos que porque recebemos a eucaristia todos os dias ou dizemos nossas ora\u00e7\u00f5es isto nos manter\u00e1 seguros e no lugar certo, ou seja, ao lado de Cristo. Mas o diabo n\u00e3o se amedronta com os sacramentos quando s\u00e3o recebidos sem que a pessoa se decida seriamente em converter-se. Antes, paradoxalmente aproximar-se dos sacramentos sem desejar de fato uma convers\u00e3o, n\u00e3o somente n\u00e3o nos mantem seguros, mas nos faz comer e beber a nossa pr\u00f3pria condena\u00e7\u00e3o, como nos diz S\u00e3o Paulo: &#8220;Todo aquele que comer do p\u00e3o ou beber do c\u00e1lice do Senhor indignadamente ser\u00e1 r\u00e9u do Corpo e do Sangue do Senhor. Por conseguinte, que cada um examine a si mesmo antes de comer desse p\u00e3o e beber desse c\u00e1lice, pois aquele que come e bebe sem discernir o Corpo, come e bebe a pr\u00f3pria condena\u00e7\u00e3o&#8221; (1 Cor 11,27-29)<\/p>\n<p><strong>Pe. Paulo Eduardo J\u00e1como, SDB.<\/strong><\/p>\n","protected":false},"excerpt":{"rendered":"<p>Ter\u00e7a-feira, 26 de mar\u00e7o de 2024. &nbsp; Evangelho (Jo 13,21-33.36-38) &nbsp; \u201cEm verdade, em verdade vos digo, um de v\u00f3s me entregar\u00e1\u201d &nbsp; Naquele tempo,&#8230;<\/p>\n","protected":false},"author":1,"featured_media":9020,"comment_status":"closed","ping_status":"closed","sticky":false,"template":"","format":"standard","meta":{"_acf_changed":false,"footnotes":""},"categories":[13],"tags":[],"class_list":["post-9019","post","type-post","status-publish","format-standard","has-post-thumbnail","hentry","category-reflexaodoevagelho"],"acf":[],"yoast_head":"<!-- This site is optimized with the Yoast SEO plugin v27.3 - https:\/\/yoast.com\/product\/yoast-seo-wordpress\/ -->\n<title>26\/03 - Em verdade, em verdade vos digo, um de v\u00f3s me entregar\u00e1. - Pastoral Universit\u00e1ria UniSALESIANO<\/title>\n<meta name=\"robots\" content=\"index, follow, max-snippet:-1, max-image-preview:large, max-video-preview:-1\" \/>\n<link rel=\"canonical\" href=\"https:\/\/unisale.com.br\/novo\/26-03-em-verdade-em-verdade-vos-digo-um-de-vos-me-entregara\/\" \/>\n<meta property=\"og:locale\" content=\"pt_BR\" \/>\n<meta property=\"og:type\" content=\"article\" \/>\n<meta property=\"og:title\" content=\"26\/03 - Em verdade, em verdade vos digo, um de v\u00f3s me entregar\u00e1. - Pastoral Universit\u00e1ria UniSALESIANO\" \/>\n<meta property=\"og:description\" content=\"Ter\u00e7a-feira, 26 de mar\u00e7o de 2024. &nbsp; Evangelho (Jo 13,21-33.36-38) &nbsp; \u201cEm verdade, em verdade vos digo, um de v\u00f3s me entregar\u00e1\u201d &nbsp; Naquele tempo,...\" \/>\n<meta property=\"og:url\" content=\"https:\/\/unisale.com.br\/novo\/26-03-em-verdade-em-verdade-vos-digo-um-de-vos-me-entregara\/\" \/>\n<meta property=\"og:site_name\" content=\"Pastoral Universit\u00e1ria UniSALESIANO\" \/>\n<meta property=\"article:published_time\" content=\"2024-03-25T10:40:35+00:00\" \/>\n<meta name=\"author\" content=\"pastoral\" \/>\n<meta name=\"twitter:card\" content=\"summary_large_image\" \/>\n<meta name=\"twitter:label1\" content=\"Escrito por\" \/>\n\t<meta name=\"twitter:data1\" content=\"pastoral\" \/>\n\t<meta name=\"twitter:label2\" content=\"Est. tempo de leitura\" \/>\n\t<meta name=\"twitter:data2\" content=\"4 minutos\" \/>\n<script type=\"application\/ld+json\" class=\"yoast-schema-graph\">{\"@context\":\"https:\\\/\\\/schema.org\",\"@graph\":[{\"@type\":\"Article\",\"@id\":\"https:\\\/\\\/unisale.com.br\\\/novo\\\/26-03-em-verdade-em-verdade-vos-digo-um-de-vos-me-entregara\\\/#article\",\"isPartOf\":{\"@id\":\"https:\\\/\\\/unisale.com.br\\\/novo\\\/26-03-em-verdade-em-verdade-vos-digo-um-de-vos-me-entregara\\\/\"},\"author\":{\"name\":\"pastoral\",\"@id\":\"https:\\\/\\\/unisale.com.br\\\/pastoral\\\/#\\\/schema\\\/person\\\/a16ba711a0f7dec9cb6b44563144d5a3\"},\"headline\":\"26\\\/03 &#8211; Em verdade, em verdade vos digo, um de v\u00f3s me entregar\u00e1.\",\"datePublished\":\"2024-03-25T10:40:35+00:00\",\"mainEntityOfPage\":{\"@id\":\"https:\\\/\\\/unisale.com.br\\\/novo\\\/26-03-em-verdade-em-verdade-vos-digo-um-de-vos-me-entregara\\\/\"},\"wordCount\":804,\"image\":{\"@id\":\"https:\\\/\\\/unisale.com.br\\\/novo\\\/26-03-em-verdade-em-verdade-vos-digo-um-de-vos-me-entregara\\\/#primaryimage\"},\"thumbnailUrl\":\"https:\\\/\\\/unisale.com.br\\\/pastoral\\\/wp-content\\\/uploads\\\/2024\\\/03\\\/images.jpg\",\"articleSection\":[\"Reflex\u00e3o do Evangelho\"],\"inLanguage\":\"pt-BR\"},{\"@type\":\"WebPage\",\"@id\":\"https:\\\/\\\/unisale.com.br\\\/novo\\\/26-03-em-verdade-em-verdade-vos-digo-um-de-vos-me-entregara\\\/\",\"url\":\"https:\\\/\\\/unisale.com.br\\\/novo\\\/26-03-em-verdade-em-verdade-vos-digo-um-de-vos-me-entregara\\\/\",\"name\":\"26\\\/03 - Em verdade, em verdade vos digo, um de v\u00f3s me entregar\u00e1. - Pastoral Universit\u00e1ria UniSALESIANO\",\"isPartOf\":{\"@id\":\"https:\\\/\\\/unisale.com.br\\\/pastoral\\\/#website\"},\"primaryImageOfPage\":{\"@id\":\"https:\\\/\\\/unisale.com.br\\\/novo\\\/26-03-em-verdade-em-verdade-vos-digo-um-de-vos-me-entregara\\\/#primaryimage\"},\"image\":{\"@id\":\"https:\\\/\\\/unisale.com.br\\\/novo\\\/26-03-em-verdade-em-verdade-vos-digo-um-de-vos-me-entregara\\\/#primaryimage\"},\"thumbnailUrl\":\"https:\\\/\\\/unisale.com.br\\\/pastoral\\\/wp-content\\\/uploads\\\/2024\\\/03\\\/images.jpg\",\"datePublished\":\"2024-03-25T10:40:35+00:00\",\"author\":{\"@id\":\"https:\\\/\\\/unisale.com.br\\\/pastoral\\\/#\\\/schema\\\/person\\\/a16ba711a0f7dec9cb6b44563144d5a3\"},\"inLanguage\":\"pt-BR\",\"potentialAction\":[{\"@type\":\"ReadAction\",\"target\":[\"https:\\\/\\\/unisale.com.br\\\/novo\\\/26-03-em-verdade-em-verdade-vos-digo-um-de-vos-me-entregara\\\/\"]}]},{\"@type\":\"ImageObject\",\"inLanguage\":\"pt-BR\",\"@id\":\"https:\\\/\\\/unisale.com.br\\\/novo\\\/26-03-em-verdade-em-verdade-vos-digo-um-de-vos-me-entregara\\\/#primaryimage\",\"url\":\"https:\\\/\\\/unisale.com.br\\\/pastoral\\\/wp-content\\\/uploads\\\/2024\\\/03\\\/images.jpg\",\"contentUrl\":\"https:\\\/\\\/unisale.com.br\\\/pastoral\\\/wp-content\\\/uploads\\\/2024\\\/03\\\/images.jpg\",\"width\":266,\"height\":189},{\"@type\":\"WebSite\",\"@id\":\"https:\\\/\\\/unisale.com.br\\\/pastoral\\\/#website\",\"url\":\"https:\\\/\\\/unisale.com.br\\\/pastoral\\\/\",\"name\":\"Pastoral Universit\u00e1ria UniSALESIANO\",\"description\":\"Site da Pastoral Universit\u00e1ria do UniSALESIANO\",\"potentialAction\":[{\"@type\":\"SearchAction\",\"target\":{\"@type\":\"EntryPoint\",\"urlTemplate\":\"https:\\\/\\\/unisale.com.br\\\/pastoral\\\/?s={search_term_string}\"},\"query-input\":{\"@type\":\"PropertyValueSpecification\",\"valueRequired\":true,\"valueName\":\"search_term_string\"}}],\"inLanguage\":\"pt-BR\"},{\"@type\":\"Person\",\"@id\":\"https:\\\/\\\/unisale.com.br\\\/pastoral\\\/#\\\/schema\\\/person\\\/a16ba711a0f7dec9cb6b44563144d5a3\",\"name\":\"pastoral\",\"url\":\"https:\\\/\\\/unisale.com.br\\\/pastoral\\\/author\\\/pastoral\\\/\"}]}<\/script>\n<!-- \/ Yoast SEO plugin. -->","yoast_head_json":{"title":"26\/03 - Em verdade, em verdade vos digo, um de v\u00f3s me entregar\u00e1. - Pastoral Universit\u00e1ria UniSALESIANO","robots":{"index":"index","follow":"follow","max-snippet":"max-snippet:-1","max-image-preview":"max-image-preview:large","max-video-preview":"max-video-preview:-1"},"canonical":"https:\/\/unisale.com.br\/novo\/26-03-em-verdade-em-verdade-vos-digo-um-de-vos-me-entregara\/","og_locale":"pt_BR","og_type":"article","og_title":"26\/03 - Em verdade, em verdade vos digo, um de v\u00f3s me entregar\u00e1. - Pastoral Universit\u00e1ria UniSALESIANO","og_description":"Ter\u00e7a-feira, 26 de mar\u00e7o de 2024. &nbsp; Evangelho (Jo 13,21-33.36-38) &nbsp; \u201cEm verdade, em verdade vos digo, um de v\u00f3s me entregar\u00e1\u201d &nbsp; Naquele tempo,...","og_url":"https:\/\/unisale.com.br\/novo\/26-03-em-verdade-em-verdade-vos-digo-um-de-vos-me-entregara\/","og_site_name":"Pastoral Universit\u00e1ria UniSALESIANO","article_published_time":"2024-03-25T10:40:35+00:00","author":"pastoral","twitter_card":"summary_large_image","twitter_misc":{"Escrito por":"pastoral","Est. tempo de leitura":"4 minutos"},"schema":{"@context":"https:\/\/schema.org","@graph":[{"@type":"Article","@id":"https:\/\/unisale.com.br\/novo\/26-03-em-verdade-em-verdade-vos-digo-um-de-vos-me-entregara\/#article","isPartOf":{"@id":"https:\/\/unisale.com.br\/novo\/26-03-em-verdade-em-verdade-vos-digo-um-de-vos-me-entregara\/"},"author":{"name":"pastoral","@id":"https:\/\/unisale.com.br\/pastoral\/#\/schema\/person\/a16ba711a0f7dec9cb6b44563144d5a3"},"headline":"26\/03 &#8211; Em verdade, em verdade vos digo, um de v\u00f3s me entregar\u00e1.","datePublished":"2024-03-25T10:40:35+00:00","mainEntityOfPage":{"@id":"https:\/\/unisale.com.br\/novo\/26-03-em-verdade-em-verdade-vos-digo-um-de-vos-me-entregara\/"},"wordCount":804,"image":{"@id":"https:\/\/unisale.com.br\/novo\/26-03-em-verdade-em-verdade-vos-digo-um-de-vos-me-entregara\/#primaryimage"},"thumbnailUrl":"https:\/\/unisale.com.br\/pastoral\/wp-content\/uploads\/2024\/03\/images.jpg","articleSection":["Reflex\u00e3o do Evangelho"],"inLanguage":"pt-BR"},{"@type":"WebPage","@id":"https:\/\/unisale.com.br\/novo\/26-03-em-verdade-em-verdade-vos-digo-um-de-vos-me-entregara\/","url":"https:\/\/unisale.com.br\/novo\/26-03-em-verdade-em-verdade-vos-digo-um-de-vos-me-entregara\/","name":"26\/03 - Em verdade, em verdade vos digo, um de v\u00f3s me entregar\u00e1. - Pastoral Universit\u00e1ria UniSALESIANO","isPartOf":{"@id":"https:\/\/unisale.com.br\/pastoral\/#website"},"primaryImageOfPage":{"@id":"https:\/\/unisale.com.br\/novo\/26-03-em-verdade-em-verdade-vos-digo-um-de-vos-me-entregara\/#primaryimage"},"image":{"@id":"https:\/\/unisale.com.br\/novo\/26-03-em-verdade-em-verdade-vos-digo-um-de-vos-me-entregara\/#primaryimage"},"thumbnailUrl":"https:\/\/unisale.com.br\/pastoral\/wp-content\/uploads\/2024\/03\/images.jpg","datePublished":"2024-03-25T10:40:35+00:00","author":{"@id":"https:\/\/unisale.com.br\/pastoral\/#\/schema\/person\/a16ba711a0f7dec9cb6b44563144d5a3"},"inLanguage":"pt-BR","potentialAction":[{"@type":"ReadAction","target":["https:\/\/unisale.com.br\/novo\/26-03-em-verdade-em-verdade-vos-digo-um-de-vos-me-entregara\/"]}]},{"@type":"ImageObject","inLanguage":"pt-BR","@id":"https:\/\/unisale.com.br\/novo\/26-03-em-verdade-em-verdade-vos-digo-um-de-vos-me-entregara\/#primaryimage","url":"https:\/\/unisale.com.br\/pastoral\/wp-content\/uploads\/2024\/03\/images.jpg","contentUrl":"https:\/\/unisale.com.br\/pastoral\/wp-content\/uploads\/2024\/03\/images.jpg","width":266,"height":189},{"@type":"WebSite","@id":"https:\/\/unisale.com.br\/pastoral\/#website","url":"https:\/\/unisale.com.br\/pastoral\/","name":"Pastoral Universit\u00e1ria UniSALESIANO","description":"Site da Pastoral Universit\u00e1ria do UniSALESIANO","potentialAction":[{"@type":"SearchAction","target":{"@type":"EntryPoint","urlTemplate":"https:\/\/unisale.com.br\/pastoral\/?s={search_term_string}"},"query-input":{"@type":"PropertyValueSpecification","valueRequired":true,"valueName":"search_term_string"}}],"inLanguage":"pt-BR"},{"@type":"Person","@id":"https:\/\/unisale.com.br\/pastoral\/#\/schema\/person\/a16ba711a0f7dec9cb6b44563144d5a3","name":"pastoral","url":"https:\/\/unisale.com.br\/pastoral\/author\/pastoral\/"}]}},"_links":{"self":[{"href":"https:\/\/unisale.com.br\/pastoral\/wp-json\/wp\/v2\/posts\/9019","targetHints":{"allow":["GET"]}}],"collection":[{"href":"https:\/\/unisale.com.br\/pastoral\/wp-json\/wp\/v2\/posts"}],"about":[{"href":"https:\/\/unisale.com.br\/pastoral\/wp-json\/wp\/v2\/types\/post"}],"author":[{"embeddable":true,"href":"https:\/\/unisale.com.br\/pastoral\/wp-json\/wp\/v2\/users\/1"}],"replies":[{"embeddable":true,"href":"https:\/\/unisale.com.br\/pastoral\/wp-json\/wp\/v2\/comments?post=9019"}],"version-history":[{"count":0,"href":"https:\/\/unisale.com.br\/pastoral\/wp-json\/wp\/v2\/posts\/9019\/revisions"}],"wp:featuredmedia":[{"embeddable":true,"href":"https:\/\/unisale.com.br\/pastoral\/wp-json\/wp\/v2\/media\/9020"}],"wp:attachment":[{"href":"https:\/\/unisale.com.br\/pastoral\/wp-json\/wp\/v2\/media?parent=9019"}],"wp:term":[{"taxonomy":"category","embeddable":true,"href":"https:\/\/unisale.com.br\/pastoral\/wp-json\/wp\/v2\/categories?post=9019"},{"taxonomy":"post_tag","embeddable":true,"href":"https:\/\/unisale.com.br\/pastoral\/wp-json\/wp\/v2\/tags?post=9019"}],"curies":[{"name":"wp","href":"https:\/\/api.w.org\/{rel}","templated":true}]}}