{"id":9031,"date":"2024-03-25T10:58:22","date_gmt":"2024-03-25T10:58:22","guid":{"rendered":"https:\/\/unisale.com.br\/pastoral\/?p=9031"},"modified":"2024-03-25T10:58:22","modified_gmt":"2024-03-25T10:58:22","slug":"29-03-pai-em-tuas-maos-entrego-o-meu-espirito","status":"publish","type":"post","link":"https:\/\/unisale.com.br\/pastoral\/29-03-pai-em-tuas-maos-entrego-o-meu-espirito\/","title":{"rendered":"29\/03 &#8211; Pai, em tuas m\u00e3os entrego o meu esp\u00edrito."},"content":{"rendered":"<p>Sexta-feira, 29 de mar\u00e7o de 2024.<\/p>\n<p>&nbsp;<\/p>\n<p>Evangelho (Jo 18,1-19,42)<\/p>\n<p>&nbsp;<\/p>\n<p><strong>\u201cPai, em tuas m\u00e3os entrego o meu esp\u00edrito\u201d<\/strong><\/p>\n<p><strong>\u00a0<\/strong><\/p>\n<p>Evangelho da paix\u00e3o de Jesus.<\/p>\n<p>&nbsp;<\/p>\n<p><strong>Reflex\u00e3o<\/strong><\/p>\n<p>&nbsp;<\/p>\n<p>Se formos a uma loja de objetos religiosos para comprar uma cruz, verificaremos uma diversidade de modelos que apresentam o Cristo sofredor ou o Cristo glorificado. Mas porque tantas imagens diferentes explicando uma mesma coisa? A resposta \u00e9 f\u00e1cil. A cruz \u00e9 um profundo mist\u00e9rio da revela\u00e7\u00e3o de Cristo. Os artistas e os te\u00f3logos sabem muito bem interpretar isso. Nos primeiros tempos crist\u00e3os, a cruz era considerada segundo o seu valor na hist\u00f3ria da humanidade. Segundo um ponto de vista, a cruz \u00e9 o sinal da reden\u00e7\u00e3o, da vit\u00f3ria sobre o mal e sobre a morte. \u00c9, portanto, sinal do triunfo. Cristo nos libertou da efic\u00e1cia dos instrumentos de morte com o dom da ressurrei\u00e7\u00e3o, da vida eterna. Sobre as igrejas se colocam cruzes douradas e sobre os t\u00famulos a cruz \u00e9 como a promessa da vida eterna. Este significado \u00e9 justo, mas existe outro significado que pode passar despercebido, o significado psicol\u00f3gico, isto \u00e9, a experi\u00eancia da cruz na nossa vida. A cruz \u00e9 dourada, mas ao pre\u00e7o do sofrimento. Assim foi na vida de Jesus e assim a experimentamos tamb\u00e9m n\u00f3s. Por este motivo na arte crist\u00e3 come\u00e7aram a aparecer novos tipos de cruzes, sobretudo na idade m\u00e9dia. Cristo nos \u00e9 apresentado como um homem imensamente sofredor. Sobre a influ\u00eancia das devo\u00e7\u00f5es francesas na Terra Santa, se multiplicavam as Vias Sacras, se veneravam rel\u00edquias da paix\u00e3o de Cristo, da coroa de espinhos, etc. Este \u00e9, portanto, um outro aspecto do mist\u00e9rio. Mas isso tamb\u00e9m \u00e9 parcial. \u00c9 muito dif\u00edcil experimentar o que estava no cora\u00e7\u00e3o de Cristo. Penetrar o mist\u00e9rio da cruz \u00e9 um grande desafio. Ficamos admirados pelo incompreens\u00edvel mist\u00e9rio de um Deus que entra no mundo tamb\u00e9m atrav\u00e9s da cruz: com a morte destruiu a morte e cruz, sinal de opr\u00f3bio, se torna sinal de gl\u00f3ria e de vit\u00f3ria.<\/p>\n<p>&nbsp;<\/p>\n<p><strong>Pe. Paulo Eduardo J\u00e1como, SDB.<\/strong><\/p>\n","protected":false},"excerpt":{"rendered":"<p>Sexta-feira, 29 de mar\u00e7o de 2024. &nbsp; Evangelho (Jo 18,1-19,42) &nbsp; \u201cPai, em tuas m\u00e3os entrego o meu esp\u00edrito\u201d \u00a0 Evangelho da paix\u00e3o de Jesus&#8230;.<\/p>\n","protected":false},"author":1,"featured_media":9032,"comment_status":"closed","ping_status":"closed","sticky":false,"template":"","format":"standard","meta":{"_acf_changed":false,"footnotes":""},"categories":[13],"tags":[],"class_list":["post-9031","post","type-post","status-publish","format-standard","has-post-thumbnail","hentry","category-reflexaodoevagelho"],"acf":[],"yoast_head":"<!-- This site is optimized with the Yoast SEO plugin v27.3 - https:\/\/yoast.com\/product\/yoast-seo-wordpress\/ -->\n<title>29\/03 - Pai, em tuas m\u00e3os entrego o meu esp\u00edrito. - Pastoral Universit\u00e1ria UniSALESIANO<\/title>\n<meta name=\"robots\" content=\"index, follow, max-snippet:-1, max-image-preview:large, max-video-preview:-1\" \/>\n<link rel=\"canonical\" href=\"https:\/\/unisale.com.br\/novo\/29-03-pai-em-tuas-maos-entrego-o-meu-espirito\/\" \/>\n<meta property=\"og:locale\" content=\"pt_BR\" \/>\n<meta property=\"og:type\" content=\"article\" \/>\n<meta property=\"og:title\" content=\"29\/03 - Pai, em tuas m\u00e3os entrego o meu esp\u00edrito. - Pastoral Universit\u00e1ria UniSALESIANO\" \/>\n<meta property=\"og:description\" content=\"Sexta-feira, 29 de mar\u00e7o de 2024. &nbsp; Evangelho (Jo 18,1-19,42) &nbsp; \u201cPai, em tuas m\u00e3os entrego o meu esp\u00edrito\u201d \u00a0 Evangelho da paix\u00e3o de Jesus....\" \/>\n<meta property=\"og:url\" content=\"https:\/\/unisale.com.br\/novo\/29-03-pai-em-tuas-maos-entrego-o-meu-espirito\/\" \/>\n<meta property=\"og:site_name\" content=\"Pastoral Universit\u00e1ria UniSALESIANO\" \/>\n<meta property=\"article:published_time\" content=\"2024-03-25T10:58:22+00:00\" \/>\n<meta name=\"author\" content=\"pastoral\" \/>\n<meta name=\"twitter:card\" content=\"summary_large_image\" \/>\n<meta name=\"twitter:label1\" content=\"Escrito por\" \/>\n\t<meta name=\"twitter:data1\" content=\"pastoral\" \/>\n\t<meta name=\"twitter:label2\" content=\"Est. tempo de leitura\" \/>\n\t<meta name=\"twitter:data2\" content=\"2 minutos\" \/>\n<script type=\"application\/ld+json\" class=\"yoast-schema-graph\">{\"@context\":\"https:\\\/\\\/schema.org\",\"@graph\":[{\"@type\":\"Article\",\"@id\":\"https:\\\/\\\/unisale.com.br\\\/novo\\\/29-03-pai-em-tuas-maos-entrego-o-meu-espirito\\\/#article\",\"isPartOf\":{\"@id\":\"https:\\\/\\\/unisale.com.br\\\/novo\\\/29-03-pai-em-tuas-maos-entrego-o-meu-espirito\\\/\"},\"author\":{\"name\":\"pastoral\",\"@id\":\"https:\\\/\\\/unisale.com.br\\\/pastoral\\\/#\\\/schema\\\/person\\\/a16ba711a0f7dec9cb6b44563144d5a3\"},\"headline\":\"29\\\/03 &#8211; Pai, em tuas m\u00e3os entrego o meu esp\u00edrito.\",\"datePublished\":\"2024-03-25T10:58:22+00:00\",\"mainEntityOfPage\":{\"@id\":\"https:\\\/\\\/unisale.com.br\\\/novo\\\/29-03-pai-em-tuas-maos-entrego-o-meu-espirito\\\/\"},\"wordCount\":372,\"image\":{\"@id\":\"https:\\\/\\\/unisale.com.br\\\/novo\\\/29-03-pai-em-tuas-maos-entrego-o-meu-espirito\\\/#primaryimage\"},\"thumbnailUrl\":\"https:\\\/\\\/unisale.com.br\\\/pastoral\\\/wp-content\\\/uploads\\\/2024\\\/03\\\/formacao_1600x1200-o-mundo-continua-atualizando-a-paixao-de-jesus-cristo.jpg\",\"articleSection\":[\"Reflex\u00e3o do Evangelho\"],\"inLanguage\":\"pt-BR\"},{\"@type\":\"WebPage\",\"@id\":\"https:\\\/\\\/unisale.com.br\\\/novo\\\/29-03-pai-em-tuas-maos-entrego-o-meu-espirito\\\/\",\"url\":\"https:\\\/\\\/unisale.com.br\\\/novo\\\/29-03-pai-em-tuas-maos-entrego-o-meu-espirito\\\/\",\"name\":\"29\\\/03 - Pai, em tuas m\u00e3os entrego o meu esp\u00edrito. - Pastoral Universit\u00e1ria UniSALESIANO\",\"isPartOf\":{\"@id\":\"https:\\\/\\\/unisale.com.br\\\/pastoral\\\/#website\"},\"primaryImageOfPage\":{\"@id\":\"https:\\\/\\\/unisale.com.br\\\/novo\\\/29-03-pai-em-tuas-maos-entrego-o-meu-espirito\\\/#primaryimage\"},\"image\":{\"@id\":\"https:\\\/\\\/unisale.com.br\\\/novo\\\/29-03-pai-em-tuas-maos-entrego-o-meu-espirito\\\/#primaryimage\"},\"thumbnailUrl\":\"https:\\\/\\\/unisale.com.br\\\/pastoral\\\/wp-content\\\/uploads\\\/2024\\\/03\\\/formacao_1600x1200-o-mundo-continua-atualizando-a-paixao-de-jesus-cristo.jpg\",\"datePublished\":\"2024-03-25T10:58:22+00:00\",\"author\":{\"@id\":\"https:\\\/\\\/unisale.com.br\\\/pastoral\\\/#\\\/schema\\\/person\\\/a16ba711a0f7dec9cb6b44563144d5a3\"},\"inLanguage\":\"pt-BR\",\"potentialAction\":[{\"@type\":\"ReadAction\",\"target\":[\"https:\\\/\\\/unisale.com.br\\\/novo\\\/29-03-pai-em-tuas-maos-entrego-o-meu-espirito\\\/\"]}]},{\"@type\":\"ImageObject\",\"inLanguage\":\"pt-BR\",\"@id\":\"https:\\\/\\\/unisale.com.br\\\/novo\\\/29-03-pai-em-tuas-maos-entrego-o-meu-espirito\\\/#primaryimage\",\"url\":\"https:\\\/\\\/unisale.com.br\\\/pastoral\\\/wp-content\\\/uploads\\\/2024\\\/03\\\/formacao_1600x1200-o-mundo-continua-atualizando-a-paixao-de-jesus-cristo.jpg\",\"contentUrl\":\"https:\\\/\\\/unisale.com.br\\\/pastoral\\\/wp-content\\\/uploads\\\/2024\\\/03\\\/formacao_1600x1200-o-mundo-continua-atualizando-a-paixao-de-jesus-cristo.jpg\",\"width\":667,\"height\":500},{\"@type\":\"WebSite\",\"@id\":\"https:\\\/\\\/unisale.com.br\\\/pastoral\\\/#website\",\"url\":\"https:\\\/\\\/unisale.com.br\\\/pastoral\\\/\",\"name\":\"Pastoral Universit\u00e1ria UniSALESIANO\",\"description\":\"Site da Pastoral Universit\u00e1ria do UniSALESIANO\",\"potentialAction\":[{\"@type\":\"SearchAction\",\"target\":{\"@type\":\"EntryPoint\",\"urlTemplate\":\"https:\\\/\\\/unisale.com.br\\\/pastoral\\\/?s={search_term_string}\"},\"query-input\":{\"@type\":\"PropertyValueSpecification\",\"valueRequired\":true,\"valueName\":\"search_term_string\"}}],\"inLanguage\":\"pt-BR\"},{\"@type\":\"Person\",\"@id\":\"https:\\\/\\\/unisale.com.br\\\/pastoral\\\/#\\\/schema\\\/person\\\/a16ba711a0f7dec9cb6b44563144d5a3\",\"name\":\"pastoral\",\"url\":\"https:\\\/\\\/unisale.com.br\\\/pastoral\\\/author\\\/pastoral\\\/\"}]}<\/script>\n<!-- \/ Yoast SEO plugin. -->","yoast_head_json":{"title":"29\/03 - Pai, em tuas m\u00e3os entrego o meu esp\u00edrito. - Pastoral Universit\u00e1ria UniSALESIANO","robots":{"index":"index","follow":"follow","max-snippet":"max-snippet:-1","max-image-preview":"max-image-preview:large","max-video-preview":"max-video-preview:-1"},"canonical":"https:\/\/unisale.com.br\/novo\/29-03-pai-em-tuas-maos-entrego-o-meu-espirito\/","og_locale":"pt_BR","og_type":"article","og_title":"29\/03 - Pai, em tuas m\u00e3os entrego o meu esp\u00edrito. - Pastoral Universit\u00e1ria UniSALESIANO","og_description":"Sexta-feira, 29 de mar\u00e7o de 2024. &nbsp; Evangelho (Jo 18,1-19,42) &nbsp; \u201cPai, em tuas m\u00e3os entrego o meu esp\u00edrito\u201d \u00a0 Evangelho da paix\u00e3o de Jesus....","og_url":"https:\/\/unisale.com.br\/novo\/29-03-pai-em-tuas-maos-entrego-o-meu-espirito\/","og_site_name":"Pastoral Universit\u00e1ria UniSALESIANO","article_published_time":"2024-03-25T10:58:22+00:00","author":"pastoral","twitter_card":"summary_large_image","twitter_misc":{"Escrito por":"pastoral","Est. tempo de leitura":"2 minutos"},"schema":{"@context":"https:\/\/schema.org","@graph":[{"@type":"Article","@id":"https:\/\/unisale.com.br\/novo\/29-03-pai-em-tuas-maos-entrego-o-meu-espirito\/#article","isPartOf":{"@id":"https:\/\/unisale.com.br\/novo\/29-03-pai-em-tuas-maos-entrego-o-meu-espirito\/"},"author":{"name":"pastoral","@id":"https:\/\/unisale.com.br\/pastoral\/#\/schema\/person\/a16ba711a0f7dec9cb6b44563144d5a3"},"headline":"29\/03 &#8211; Pai, em tuas m\u00e3os entrego o meu esp\u00edrito.","datePublished":"2024-03-25T10:58:22+00:00","mainEntityOfPage":{"@id":"https:\/\/unisale.com.br\/novo\/29-03-pai-em-tuas-maos-entrego-o-meu-espirito\/"},"wordCount":372,"image":{"@id":"https:\/\/unisale.com.br\/novo\/29-03-pai-em-tuas-maos-entrego-o-meu-espirito\/#primaryimage"},"thumbnailUrl":"https:\/\/unisale.com.br\/pastoral\/wp-content\/uploads\/2024\/03\/formacao_1600x1200-o-mundo-continua-atualizando-a-paixao-de-jesus-cristo.jpg","articleSection":["Reflex\u00e3o do Evangelho"],"inLanguage":"pt-BR"},{"@type":"WebPage","@id":"https:\/\/unisale.com.br\/novo\/29-03-pai-em-tuas-maos-entrego-o-meu-espirito\/","url":"https:\/\/unisale.com.br\/novo\/29-03-pai-em-tuas-maos-entrego-o-meu-espirito\/","name":"29\/03 - Pai, em tuas m\u00e3os entrego o meu esp\u00edrito. - Pastoral Universit\u00e1ria UniSALESIANO","isPartOf":{"@id":"https:\/\/unisale.com.br\/pastoral\/#website"},"primaryImageOfPage":{"@id":"https:\/\/unisale.com.br\/novo\/29-03-pai-em-tuas-maos-entrego-o-meu-espirito\/#primaryimage"},"image":{"@id":"https:\/\/unisale.com.br\/novo\/29-03-pai-em-tuas-maos-entrego-o-meu-espirito\/#primaryimage"},"thumbnailUrl":"https:\/\/unisale.com.br\/pastoral\/wp-content\/uploads\/2024\/03\/formacao_1600x1200-o-mundo-continua-atualizando-a-paixao-de-jesus-cristo.jpg","datePublished":"2024-03-25T10:58:22+00:00","author":{"@id":"https:\/\/unisale.com.br\/pastoral\/#\/schema\/person\/a16ba711a0f7dec9cb6b44563144d5a3"},"inLanguage":"pt-BR","potentialAction":[{"@type":"ReadAction","target":["https:\/\/unisale.com.br\/novo\/29-03-pai-em-tuas-maos-entrego-o-meu-espirito\/"]}]},{"@type":"ImageObject","inLanguage":"pt-BR","@id":"https:\/\/unisale.com.br\/novo\/29-03-pai-em-tuas-maos-entrego-o-meu-espirito\/#primaryimage","url":"https:\/\/unisale.com.br\/pastoral\/wp-content\/uploads\/2024\/03\/formacao_1600x1200-o-mundo-continua-atualizando-a-paixao-de-jesus-cristo.jpg","contentUrl":"https:\/\/unisale.com.br\/pastoral\/wp-content\/uploads\/2024\/03\/formacao_1600x1200-o-mundo-continua-atualizando-a-paixao-de-jesus-cristo.jpg","width":667,"height":500},{"@type":"WebSite","@id":"https:\/\/unisale.com.br\/pastoral\/#website","url":"https:\/\/unisale.com.br\/pastoral\/","name":"Pastoral Universit\u00e1ria UniSALESIANO","description":"Site da Pastoral Universit\u00e1ria do UniSALESIANO","potentialAction":[{"@type":"SearchAction","target":{"@type":"EntryPoint","urlTemplate":"https:\/\/unisale.com.br\/pastoral\/?s={search_term_string}"},"query-input":{"@type":"PropertyValueSpecification","valueRequired":true,"valueName":"search_term_string"}}],"inLanguage":"pt-BR"},{"@type":"Person","@id":"https:\/\/unisale.com.br\/pastoral\/#\/schema\/person\/a16ba711a0f7dec9cb6b44563144d5a3","name":"pastoral","url":"https:\/\/unisale.com.br\/pastoral\/author\/pastoral\/"}]}},"_links":{"self":[{"href":"https:\/\/unisale.com.br\/pastoral\/wp-json\/wp\/v2\/posts\/9031","targetHints":{"allow":["GET"]}}],"collection":[{"href":"https:\/\/unisale.com.br\/pastoral\/wp-json\/wp\/v2\/posts"}],"about":[{"href":"https:\/\/unisale.com.br\/pastoral\/wp-json\/wp\/v2\/types\/post"}],"author":[{"embeddable":true,"href":"https:\/\/unisale.com.br\/pastoral\/wp-json\/wp\/v2\/users\/1"}],"replies":[{"embeddable":true,"href":"https:\/\/unisale.com.br\/pastoral\/wp-json\/wp\/v2\/comments?post=9031"}],"version-history":[{"count":0,"href":"https:\/\/unisale.com.br\/pastoral\/wp-json\/wp\/v2\/posts\/9031\/revisions"}],"wp:featuredmedia":[{"embeddable":true,"href":"https:\/\/unisale.com.br\/pastoral\/wp-json\/wp\/v2\/media\/9032"}],"wp:attachment":[{"href":"https:\/\/unisale.com.br\/pastoral\/wp-json\/wp\/v2\/media?parent=9031"}],"wp:term":[{"taxonomy":"category","embeddable":true,"href":"https:\/\/unisale.com.br\/pastoral\/wp-json\/wp\/v2\/categories?post=9031"},{"taxonomy":"post_tag","embeddable":true,"href":"https:\/\/unisale.com.br\/pastoral\/wp-json\/wp\/v2\/tags?post=9031"}],"curies":[{"name":"wp","href":"https:\/\/api.w.org\/{rel}","templated":true}]}}