{"id":9075,"date":"2024-04-01T11:17:03","date_gmt":"2024-04-01T11:17:03","guid":{"rendered":"https:\/\/unisale.com.br\/pastoral\/?p=9075"},"modified":"2024-04-01T11:17:03","modified_gmt":"2024-04-01T11:17:03","slug":"09-04-vos-deveis-nascer-do-alto","status":"publish","type":"post","link":"https:\/\/unisale.com.br\/pastoral\/09-04-vos-deveis-nascer-do-alto\/","title":{"rendered":"09\/04 &#8211; V\u00f3s deveis nascer do alto."},"content":{"rendered":"<p>Ter\u00e7a-feira, 09 de abril de 2024.<\/p>\n<p>&nbsp;<\/p>\n<p>Evangelho (Jo 3,7-15)<\/p>\n<p>&nbsp;<\/p>\n<p><strong>\u201cV\u00f3s deveis nascer do alto\u201d<\/strong><\/p>\n<p>&nbsp;<\/p>\n<p>Naquele tempo, disse Jesus a Nicodemos: <sup>7b<\/sup>\u201cV\u00f3s deveis nascer do alto. <sup>8<\/sup>O vento sopra onde quer e tu podes ouvir o seu ru\u00eddo, mas n\u00e3o sabes de onde vem, nem para onde vai. Assim acontece a todo aquele que nasceu do Esp\u00edrito\u201d. <sup>9<\/sup>Nicodemos perguntou: \u201cComo \u00e9 que isso pode acontecer?\u201d <sup>10<\/sup>Respondeu-lhe Jesus: \u201cTu \u00e9s mestre em Israel, mas n\u00e3o sabes estas coisas? <sup>11<\/sup>Em verdade, em verdade, te digo, n\u00f3s falamos daquilo que sabemos e damos testemunho daquilo que temos visto, mas v\u00f3s n\u00e3o aceitais o nosso testemunho. <sup>12<\/sup>Se n\u00e3o acreditais, quando vos falo das coisas da terra, como acreditareis se vos falar das coisas do c\u00e9u? <sup>13<\/sup>E ningu\u00e9m subiu ao c\u00e9u, a n\u00e3o ser aquele que desceu do c\u00e9u, o Filho do Homem. <sup>14<\/sup>Do mesmo modo como Mois\u00e9s levantou a serpente no deserto, assim \u00e9 necess\u00e1rio que o Filho do Homem seja levantado, <sup>15<\/sup>para que todos os que nele crerem tenham a vida eterna\u201d.<\/p>\n<p>&nbsp;<\/p>\n<p><strong>Reflex\u00e3o<\/strong><\/p>\n<p>&nbsp;<\/p>\n<p>Tu \u00e9s mestre em Israel e n\u00e3o conhece estas coisas?\u201d repreende Jesus a Nicodemos no Evangelho de Hoje, desmascarando a ideia de fundo que as nossas abordagens religiosas t\u00eam a capacidade de entender do Mist\u00e9rio de Deus. A verdade e que se n\u00e3o \u00e9 Ele a revelar-nos as coisas, n\u00f3s permanecemos aprisionados nos nossos esquemas mentais. N\u00f3s somos feitos do barro. N\u00e3o \u00e9 um \u201cdiminuir\u201d, mas consagrar a profunda rela\u00e7\u00e3o com a mat\u00e9ria. N\u00f3s entendemos as coisas justamente porque somos \u201ctoc\u00e1veis\u201d, somos barro. De fato, Jesus para fazer-se entender utilizou-se sempre da experi\u00eancia. Os fatos para n\u00f3s s\u00e3o mais claros do que as argumenta\u00e7\u00f5es. Potencialmente n\u00f3s temos a capacidade de intuir as coisas e as verdades da nossa experi\u00eancia. Esta \u00e9 a experi\u00eancia do sentido da vida. Isso n\u00e3o coincide jamais com uma coisa ou uma pessoa, \u00e9 muito mais do que isso. \u00c9 Deus mesmo. No entanto, Jesus continua o seu di\u00e1logo com Nicodemos dizendo: \u201cSe n\u00e3o acreditais quando vos falo das coisas da terra, como acreditareis se vos falar das coisas do c\u00e9u? E tem perfeitamente raz\u00e3o porque deseja fazer com que Nicodemos entenda que crer em Deus n\u00e3o \u00e9 antes de tudo crer no absurdo, mas crer na realidade que nos circunda e ali intuir que existe muito mais. Mas o nosso problema \u00e9 estar com os p\u00e9s na realidade que nos circunda. Preferimos a nossa maneira de pensar \u00e0 realidade e assim n\u00e3o entendemos nem mesmo Deus. Crer significa aprender a abrir os olhos e n\u00e3o os fechar. Porque s\u00f3 com os olhos abertos nasce em n\u00f3s a intui\u00e7\u00e3o que \u00e9 muito mais do que conseguimos tocar, ver e imaginar. S\u00f3 assim se intui a vida olhando Jesus Crucificado. Tem mais verdade no escutar assoviar o vento durante a noite, assim como Jesus pede a Nicodemos de fazer, que raciocinar colocando juntos conceitos abstratos que n\u00e3o conseguem conter o mist\u00e9rio da vida. \u00c9 paradoxal, mas a maior experi\u00eancia da vida espiritual se manifesta sempre como um sald\u00e1vel realismo capaz de levar-nos ao cora\u00e7\u00e3o das coisas. \u00c9 o realismo da cruz.<\/p>\n<p><strong>Pe. Paulo Eduardo J\u00e1como, SDB.<\/strong><\/p>\n","protected":false},"excerpt":{"rendered":"<p>Ter\u00e7a-feira, 09 de abril de 2024. &nbsp; Evangelho (Jo 3,7-15) &nbsp; \u201cV\u00f3s deveis nascer do alto\u201d &nbsp; Naquele tempo, disse Jesus a Nicodemos: 7b\u201cV\u00f3s deveis&#8230;<\/p>\n","protected":false},"author":1,"featured_media":9076,"comment_status":"closed","ping_status":"closed","sticky":false,"template":"","format":"standard","meta":{"_acf_changed":false,"footnotes":""},"categories":[13],"tags":[],"class_list":["post-9075","post","type-post","status-publish","format-standard","has-post-thumbnail","hentry","category-reflexaodoevagelho"],"acf":[],"yoast_head":"<!-- This site is optimized with the Yoast SEO plugin v27.3 - https:\/\/yoast.com\/product\/yoast-seo-wordpress\/ -->\n<title>09\/04 - V\u00f3s deveis nascer do alto. - Pastoral Universit\u00e1ria UniSALESIANO<\/title>\n<meta name=\"robots\" content=\"index, follow, max-snippet:-1, max-image-preview:large, max-video-preview:-1\" \/>\n<link rel=\"canonical\" href=\"https:\/\/unisale.com.br\/novo\/09-04-vos-deveis-nascer-do-alto\/\" \/>\n<meta property=\"og:locale\" content=\"pt_BR\" \/>\n<meta property=\"og:type\" content=\"article\" \/>\n<meta property=\"og:title\" content=\"09\/04 - V\u00f3s deveis nascer do alto. - Pastoral Universit\u00e1ria UniSALESIANO\" \/>\n<meta property=\"og:description\" content=\"Ter\u00e7a-feira, 09 de abril de 2024. &nbsp; Evangelho (Jo 3,7-15) &nbsp; \u201cV\u00f3s deveis nascer do alto\u201d &nbsp; Naquele tempo, disse Jesus a Nicodemos: 7b\u201cV\u00f3s deveis...\" \/>\n<meta property=\"og:url\" content=\"https:\/\/unisale.com.br\/novo\/09-04-vos-deveis-nascer-do-alto\/\" \/>\n<meta property=\"og:site_name\" content=\"Pastoral Universit\u00e1ria UniSALESIANO\" \/>\n<meta property=\"article:published_time\" content=\"2024-04-01T11:17:03+00:00\" \/>\n<meta name=\"author\" content=\"pastoral\" \/>\n<meta name=\"twitter:card\" content=\"summary_large_image\" \/>\n<meta name=\"twitter:label1\" content=\"Escrito por\" \/>\n\t<meta name=\"twitter:data1\" content=\"pastoral\" \/>\n\t<meta name=\"twitter:label2\" content=\"Est. tempo de leitura\" \/>\n\t<meta name=\"twitter:data2\" content=\"3 minutos\" \/>\n<script type=\"application\/ld+json\" class=\"yoast-schema-graph\">{\"@context\":\"https:\\\/\\\/schema.org\",\"@graph\":[{\"@type\":\"Article\",\"@id\":\"https:\\\/\\\/unisale.com.br\\\/novo\\\/09-04-vos-deveis-nascer-do-alto\\\/#article\",\"isPartOf\":{\"@id\":\"https:\\\/\\\/unisale.com.br\\\/novo\\\/09-04-vos-deveis-nascer-do-alto\\\/\"},\"author\":{\"name\":\"pastoral\",\"@id\":\"https:\\\/\\\/unisale.com.br\\\/pastoral\\\/#\\\/schema\\\/person\\\/a16ba711a0f7dec9cb6b44563144d5a3\"},\"headline\":\"09\\\/04 &#8211; V\u00f3s deveis nascer do alto.\",\"datePublished\":\"2024-04-01T11:17:03+00:00\",\"mainEntityOfPage\":{\"@id\":\"https:\\\/\\\/unisale.com.br\\\/novo\\\/09-04-vos-deveis-nascer-do-alto\\\/\"},\"wordCount\":570,\"image\":{\"@id\":\"https:\\\/\\\/unisale.com.br\\\/novo\\\/09-04-vos-deveis-nascer-do-alto\\\/#primaryimage\"},\"thumbnailUrl\":\"https:\\\/\\\/unisale.com.br\\\/pastoral\\\/wp-content\\\/uploads\\\/2024\\\/04\\\/pngbase642502bef1dcb6f9e8.png\",\"articleSection\":[\"Reflex\u00e3o do Evangelho\"],\"inLanguage\":\"pt-BR\"},{\"@type\":\"WebPage\",\"@id\":\"https:\\\/\\\/unisale.com.br\\\/novo\\\/09-04-vos-deveis-nascer-do-alto\\\/\",\"url\":\"https:\\\/\\\/unisale.com.br\\\/novo\\\/09-04-vos-deveis-nascer-do-alto\\\/\",\"name\":\"09\\\/04 - V\u00f3s deveis nascer do alto. - Pastoral Universit\u00e1ria UniSALESIANO\",\"isPartOf\":{\"@id\":\"https:\\\/\\\/unisale.com.br\\\/pastoral\\\/#website\"},\"primaryImageOfPage\":{\"@id\":\"https:\\\/\\\/unisale.com.br\\\/novo\\\/09-04-vos-deveis-nascer-do-alto\\\/#primaryimage\"},\"image\":{\"@id\":\"https:\\\/\\\/unisale.com.br\\\/novo\\\/09-04-vos-deveis-nascer-do-alto\\\/#primaryimage\"},\"thumbnailUrl\":\"https:\\\/\\\/unisale.com.br\\\/pastoral\\\/wp-content\\\/uploads\\\/2024\\\/04\\\/pngbase642502bef1dcb6f9e8.png\",\"datePublished\":\"2024-04-01T11:17:03+00:00\",\"author\":{\"@id\":\"https:\\\/\\\/unisale.com.br\\\/pastoral\\\/#\\\/schema\\\/person\\\/a16ba711a0f7dec9cb6b44563144d5a3\"},\"inLanguage\":\"pt-BR\",\"potentialAction\":[{\"@type\":\"ReadAction\",\"target\":[\"https:\\\/\\\/unisale.com.br\\\/novo\\\/09-04-vos-deveis-nascer-do-alto\\\/\"]}]},{\"@type\":\"ImageObject\",\"inLanguage\":\"pt-BR\",\"@id\":\"https:\\\/\\\/unisale.com.br\\\/novo\\\/09-04-vos-deveis-nascer-do-alto\\\/#primaryimage\",\"url\":\"https:\\\/\\\/unisale.com.br\\\/pastoral\\\/wp-content\\\/uploads\\\/2024\\\/04\\\/pngbase642502bef1dcb6f9e8.png\",\"contentUrl\":\"https:\\\/\\\/unisale.com.br\\\/pastoral\\\/wp-content\\\/uploads\\\/2024\\\/04\\\/pngbase642502bef1dcb6f9e8.png\",\"width\":400,\"height\":288},{\"@type\":\"WebSite\",\"@id\":\"https:\\\/\\\/unisale.com.br\\\/pastoral\\\/#website\",\"url\":\"https:\\\/\\\/unisale.com.br\\\/pastoral\\\/\",\"name\":\"Pastoral Universit\u00e1ria UniSALESIANO\",\"description\":\"Site da Pastoral Universit\u00e1ria do UniSALESIANO\",\"potentialAction\":[{\"@type\":\"SearchAction\",\"target\":{\"@type\":\"EntryPoint\",\"urlTemplate\":\"https:\\\/\\\/unisale.com.br\\\/pastoral\\\/?s={search_term_string}\"},\"query-input\":{\"@type\":\"PropertyValueSpecification\",\"valueRequired\":true,\"valueName\":\"search_term_string\"}}],\"inLanguage\":\"pt-BR\"},{\"@type\":\"Person\",\"@id\":\"https:\\\/\\\/unisale.com.br\\\/pastoral\\\/#\\\/schema\\\/person\\\/a16ba711a0f7dec9cb6b44563144d5a3\",\"name\":\"pastoral\",\"url\":\"https:\\\/\\\/unisale.com.br\\\/pastoral\\\/author\\\/pastoral\\\/\"}]}<\/script>\n<!-- \/ Yoast SEO plugin. -->","yoast_head_json":{"title":"09\/04 - V\u00f3s deveis nascer do alto. - Pastoral Universit\u00e1ria UniSALESIANO","robots":{"index":"index","follow":"follow","max-snippet":"max-snippet:-1","max-image-preview":"max-image-preview:large","max-video-preview":"max-video-preview:-1"},"canonical":"https:\/\/unisale.com.br\/novo\/09-04-vos-deveis-nascer-do-alto\/","og_locale":"pt_BR","og_type":"article","og_title":"09\/04 - V\u00f3s deveis nascer do alto. - Pastoral Universit\u00e1ria UniSALESIANO","og_description":"Ter\u00e7a-feira, 09 de abril de 2024. &nbsp; Evangelho (Jo 3,7-15) &nbsp; \u201cV\u00f3s deveis nascer do alto\u201d &nbsp; Naquele tempo, disse Jesus a Nicodemos: 7b\u201cV\u00f3s deveis...","og_url":"https:\/\/unisale.com.br\/novo\/09-04-vos-deveis-nascer-do-alto\/","og_site_name":"Pastoral Universit\u00e1ria UniSALESIANO","article_published_time":"2024-04-01T11:17:03+00:00","author":"pastoral","twitter_card":"summary_large_image","twitter_misc":{"Escrito por":"pastoral","Est. tempo de leitura":"3 minutos"},"schema":{"@context":"https:\/\/schema.org","@graph":[{"@type":"Article","@id":"https:\/\/unisale.com.br\/novo\/09-04-vos-deveis-nascer-do-alto\/#article","isPartOf":{"@id":"https:\/\/unisale.com.br\/novo\/09-04-vos-deveis-nascer-do-alto\/"},"author":{"name":"pastoral","@id":"https:\/\/unisale.com.br\/pastoral\/#\/schema\/person\/a16ba711a0f7dec9cb6b44563144d5a3"},"headline":"09\/04 &#8211; V\u00f3s deveis nascer do alto.","datePublished":"2024-04-01T11:17:03+00:00","mainEntityOfPage":{"@id":"https:\/\/unisale.com.br\/novo\/09-04-vos-deveis-nascer-do-alto\/"},"wordCount":570,"image":{"@id":"https:\/\/unisale.com.br\/novo\/09-04-vos-deveis-nascer-do-alto\/#primaryimage"},"thumbnailUrl":"https:\/\/unisale.com.br\/pastoral\/wp-content\/uploads\/2024\/04\/pngbase642502bef1dcb6f9e8.png","articleSection":["Reflex\u00e3o do Evangelho"],"inLanguage":"pt-BR"},{"@type":"WebPage","@id":"https:\/\/unisale.com.br\/novo\/09-04-vos-deveis-nascer-do-alto\/","url":"https:\/\/unisale.com.br\/novo\/09-04-vos-deveis-nascer-do-alto\/","name":"09\/04 - V\u00f3s deveis nascer do alto. - Pastoral Universit\u00e1ria UniSALESIANO","isPartOf":{"@id":"https:\/\/unisale.com.br\/pastoral\/#website"},"primaryImageOfPage":{"@id":"https:\/\/unisale.com.br\/novo\/09-04-vos-deveis-nascer-do-alto\/#primaryimage"},"image":{"@id":"https:\/\/unisale.com.br\/novo\/09-04-vos-deveis-nascer-do-alto\/#primaryimage"},"thumbnailUrl":"https:\/\/unisale.com.br\/pastoral\/wp-content\/uploads\/2024\/04\/pngbase642502bef1dcb6f9e8.png","datePublished":"2024-04-01T11:17:03+00:00","author":{"@id":"https:\/\/unisale.com.br\/pastoral\/#\/schema\/person\/a16ba711a0f7dec9cb6b44563144d5a3"},"inLanguage":"pt-BR","potentialAction":[{"@type":"ReadAction","target":["https:\/\/unisale.com.br\/novo\/09-04-vos-deveis-nascer-do-alto\/"]}]},{"@type":"ImageObject","inLanguage":"pt-BR","@id":"https:\/\/unisale.com.br\/novo\/09-04-vos-deveis-nascer-do-alto\/#primaryimage","url":"https:\/\/unisale.com.br\/pastoral\/wp-content\/uploads\/2024\/04\/pngbase642502bef1dcb6f9e8.png","contentUrl":"https:\/\/unisale.com.br\/pastoral\/wp-content\/uploads\/2024\/04\/pngbase642502bef1dcb6f9e8.png","width":400,"height":288},{"@type":"WebSite","@id":"https:\/\/unisale.com.br\/pastoral\/#website","url":"https:\/\/unisale.com.br\/pastoral\/","name":"Pastoral Universit\u00e1ria UniSALESIANO","description":"Site da Pastoral Universit\u00e1ria do UniSALESIANO","potentialAction":[{"@type":"SearchAction","target":{"@type":"EntryPoint","urlTemplate":"https:\/\/unisale.com.br\/pastoral\/?s={search_term_string}"},"query-input":{"@type":"PropertyValueSpecification","valueRequired":true,"valueName":"search_term_string"}}],"inLanguage":"pt-BR"},{"@type":"Person","@id":"https:\/\/unisale.com.br\/pastoral\/#\/schema\/person\/a16ba711a0f7dec9cb6b44563144d5a3","name":"pastoral","url":"https:\/\/unisale.com.br\/pastoral\/author\/pastoral\/"}]}},"_links":{"self":[{"href":"https:\/\/unisale.com.br\/pastoral\/wp-json\/wp\/v2\/posts\/9075","targetHints":{"allow":["GET"]}}],"collection":[{"href":"https:\/\/unisale.com.br\/pastoral\/wp-json\/wp\/v2\/posts"}],"about":[{"href":"https:\/\/unisale.com.br\/pastoral\/wp-json\/wp\/v2\/types\/post"}],"author":[{"embeddable":true,"href":"https:\/\/unisale.com.br\/pastoral\/wp-json\/wp\/v2\/users\/1"}],"replies":[{"embeddable":true,"href":"https:\/\/unisale.com.br\/pastoral\/wp-json\/wp\/v2\/comments?post=9075"}],"version-history":[{"count":0,"href":"https:\/\/unisale.com.br\/pastoral\/wp-json\/wp\/v2\/posts\/9075\/revisions"}],"wp:featuredmedia":[{"embeddable":true,"href":"https:\/\/unisale.com.br\/pastoral\/wp-json\/wp\/v2\/media\/9076"}],"wp:attachment":[{"href":"https:\/\/unisale.com.br\/pastoral\/wp-json\/wp\/v2\/media?parent=9075"}],"wp:term":[{"taxonomy":"category","embeddable":true,"href":"https:\/\/unisale.com.br\/pastoral\/wp-json\/wp\/v2\/categories?post=9075"},{"taxonomy":"post_tag","embeddable":true,"href":"https:\/\/unisale.com.br\/pastoral\/wp-json\/wp\/v2\/tags?post=9075"}],"curies":[{"name":"wp","href":"https:\/\/api.w.org\/{rel}","templated":true}]}}