{"id":9103,"date":"2024-04-08T14:58:14","date_gmt":"2024-04-08T14:58:14","guid":{"rendered":"https:\/\/unisale.com.br\/pastoral\/?p=9103"},"modified":"2024-04-08T14:58:14","modified_gmt":"2024-04-08T14:58:14","slug":"13-04-mas-jesus-disse-sou-eu-nao-tenhais-medo","status":"publish","type":"post","link":"https:\/\/unisale.com.br\/pastoral\/13-04-mas-jesus-disse-sou-eu-nao-tenhais-medo\/","title":{"rendered":"13\/04 &#8211; Mas Jesus disse: \u201cSou eu. N\u00e3o tenhais medo.&#8221;"},"content":{"rendered":"<p>S\u00e1bado, 13 de abril de 2024.<\/p>\n<p>&nbsp;<\/p>\n<p>Evangelho (Jo 6,16-21)<\/p>\n<p>&nbsp;<\/p>\n<p><strong>\u201cMas Jesus disse: \u201cSou eu. N\u00e3o tenhais medo\u201d<\/strong><\/p>\n<p>&nbsp;<\/p>\n<p><sup>16<\/sup>Ao cair da tarde, os disc\u00edpulos desceram ao mar. <sup>17<\/sup>Entraram na barca e foram em dire\u00e7\u00e3o a Cafarnaum, do outro lado do mar. J\u00e1 estava escuro, e Jesus ainda n\u00e3o tinha vindo ao encontro deles. <sup>18<\/sup>Soprava um vento forte e o mar estava agitado. <sup>19<\/sup>Os disc\u00edpulos tinham remado mais ou menos cinco quil\u00f4metros, quando enxergaram Jesus, andando sobre as \u00e1guas e aproximando-se da barca. E ficaram com medo. <sup>20<\/sup>Mas Jesus disse: \u201cSou eu. N\u00e3o tenhais medo\u201d. <sup>21<\/sup>Quiseram, ent\u00e3o, recolher Jesus na barca, mas imediatamente a barca chegou \u00e0 margem para onde estavam indo.<\/p>\n<p>&nbsp;<\/p>\n<p><strong>Reflex\u00e3o<\/strong><\/p>\n<p>&nbsp;<\/p>\n<p>Certa vez foi pedido a um estudioso de m\u00edstica de exprimir um ju\u00edzo sobre as revela\u00e7\u00f5es. Era uma provoca\u00e7\u00e3o; o mundo est\u00e1 cheio de c\u00e9ticos, para os quais \u00e9 dificilmente cred\u00edvel pensar que as coisas sejam realmente como os m\u00edsticos as viram. O estudioso respondeu simplesmente que, se as pessoas que falaram fossem equilibradas e dignas de f\u00e9, ent\u00e3o \u00e9 sensato crer naquilo que afirmaram. E n\u00f3s, cremos naquilo que dizem os m\u00edsticos? Os m\u00edsticos, se diz, \u201cviram\u201d. Mas \u00e9 de fato importante o que viram? Se se trata de pessoas verdadeiramente espirituais, sabem que n\u00e3o \u00e9 importante ver, mas compreender aquilo que Deus deseja dizer com a vis\u00e3o, o sentido da vis\u00e3o. O que Jesus queria dizer aos ap\u00f3stolos caminhando sobre o lago? Este era perigoso devido a for\u00e7a das ondas e do vento, mas n\u00e3o deviam ter medo da for\u00e7a dos elementos, que est\u00e3o sob o seu poder. Mas aquele gesto era tamb\u00e9m a prepara\u00e7\u00e3o ao discurso sobre a eucaristia que deveria pronunciar no dia seguinte a Cafarnaum, o supremo mist\u00e9rio da consagra\u00e7\u00e3o do mundo vis\u00edvel que se tornar\u00e1 o seu corpo e o seu sangue. Quem sabe podemos afirmar com seguran\u00e7a de acreditar somente naquilo que vemos com olhos e tocamos com as m\u00e3es, e depois temos medo de qualquer manifesta\u00e7\u00e3o inexplic\u00e1vel. As f\u00e1bulas personificavam no misterioso \u201chomem das \u00e1guas\u201d a for\u00e7a obscura da profundeza dos lagos, na atra\u00e7\u00e3o dos perigosos bosques. Ver algo desconhecido, que supera a normalidade das coisas conhecidas, desperta este medo voraz. \u00c9 o mesmo medo dos ap\u00f3stolos, que Jesus causa com a sua presen\u00e7a. \u00c9 como um novo grau de revela\u00e7\u00e3o. Os hebreus encontravam Deus na hist\u00f3ria do seu povo, na interpreta\u00e7\u00e3o dos acontecimentos. Os gregos viam Deus na observa\u00e7\u00e3o do cosmo e das suas for\u00e7as. Agora Cristo indica o sentido de todo o vis\u00edvel: \u00c9 ele o sentido da hist\u00f3ria, e o cosmos \u00e9 como um livro de revela\u00e7\u00f5es escritos pelas m\u00e3os de Deus. Dificilmente se discerne a verdadeira vis\u00e3o das ilus\u00f5es. Os elementos pera distinguir, por\u00e9m existem, e um, certamente \u00e9 este: uma pessoa v\u00edtima de uma ilus\u00e3o perde o interesse pela realidade concreta, come\u00e7a a desenvolver com neglig\u00eancia os pr\u00f3prios deves e o pr\u00f3prio trabalho. A verdadeira vis\u00e3o, ao contr\u00e1rio, o torna mais \u00e1gil. Os ap\u00f3stolos devem chegar \u00e0 margem oposta do lago. A vis\u00e3o n\u00e3o provoca um atraso, antes, chegam mais r\u00e1pido do que o previsto \u00e0 outra margem. Quantas cartas escrevia Dom Bosco por dia! As verdadeiras vis\u00f5es oferecem uma melhor compreens\u00e3o da realidade e ajudam a cumprir os deveres concretos.<\/p>\n<p><strong>Pe. Paulo Eduardo J\u00e1como, SDB.\u00a0<\/strong><\/p>\n","protected":false},"excerpt":{"rendered":"<p>S\u00e1bado, 13 de abril de 2024. &nbsp; Evangelho (Jo 6,16-21) &nbsp; \u201cMas Jesus disse: \u201cSou eu. N\u00e3o tenhais medo\u201d &nbsp; 16Ao cair da tarde, os&#8230;<\/p>\n","protected":false},"author":1,"featured_media":9104,"comment_status":"closed","ping_status":"closed","sticky":false,"template":"","format":"standard","meta":{"_acf_changed":false,"footnotes":""},"categories":[13],"tags":[],"class_list":["post-9103","post","type-post","status-publish","format-standard","has-post-thumbnail","hentry","category-reflexaodoevagelho"],"acf":[],"yoast_head":"<!-- This site is optimized with the Yoast SEO plugin v27.3 - https:\/\/yoast.com\/product\/yoast-seo-wordpress\/ -->\n<title>13\/04 - Mas Jesus disse: \u201cSou eu. N\u00e3o tenhais medo.&quot; - Pastoral Universit\u00e1ria UniSALESIANO<\/title>\n<meta name=\"robots\" content=\"index, follow, max-snippet:-1, max-image-preview:large, max-video-preview:-1\" \/>\n<link rel=\"canonical\" href=\"https:\/\/unisale.com.br\/novo\/13-04-mas-jesus-disse-sou-eu-nao-tenhais-medo\/\" \/>\n<meta property=\"og:locale\" content=\"pt_BR\" \/>\n<meta property=\"og:type\" content=\"article\" \/>\n<meta property=\"og:title\" content=\"13\/04 - Mas Jesus disse: \u201cSou eu. N\u00e3o tenhais medo.&quot; - Pastoral Universit\u00e1ria UniSALESIANO\" \/>\n<meta property=\"og:description\" content=\"S\u00e1bado, 13 de abril de 2024. &nbsp; Evangelho (Jo 6,16-21) &nbsp; \u201cMas Jesus disse: \u201cSou eu. N\u00e3o tenhais medo\u201d &nbsp; 16Ao cair da tarde, os...\" \/>\n<meta property=\"og:url\" content=\"https:\/\/unisale.com.br\/novo\/13-04-mas-jesus-disse-sou-eu-nao-tenhais-medo\/\" \/>\n<meta property=\"og:site_name\" content=\"Pastoral Universit\u00e1ria UniSALESIANO\" \/>\n<meta property=\"article:published_time\" content=\"2024-04-08T14:58:14+00:00\" \/>\n<meta name=\"author\" content=\"pastoral\" \/>\n<meta name=\"twitter:card\" content=\"summary_large_image\" \/>\n<meta name=\"twitter:label1\" content=\"Escrito por\" \/>\n\t<meta name=\"twitter:data1\" content=\"pastoral\" \/>\n\t<meta name=\"twitter:label2\" content=\"Est. tempo de leitura\" \/>\n\t<meta name=\"twitter:data2\" content=\"3 minutos\" \/>\n<script type=\"application\/ld+json\" class=\"yoast-schema-graph\">{\"@context\":\"https:\\\/\\\/schema.org\",\"@graph\":[{\"@type\":\"Article\",\"@id\":\"https:\\\/\\\/unisale.com.br\\\/novo\\\/13-04-mas-jesus-disse-sou-eu-nao-tenhais-medo\\\/#article\",\"isPartOf\":{\"@id\":\"https:\\\/\\\/unisale.com.br\\\/novo\\\/13-04-mas-jesus-disse-sou-eu-nao-tenhais-medo\\\/\"},\"author\":{\"name\":\"pastoral\",\"@id\":\"https:\\\/\\\/unisale.com.br\\\/pastoral\\\/#\\\/schema\\\/person\\\/a16ba711a0f7dec9cb6b44563144d5a3\"},\"headline\":\"13\\\/04 &#8211; Mas Jesus disse: \u201cSou eu. N\u00e3o tenhais medo.&#8221;\",\"datePublished\":\"2024-04-08T14:58:14+00:00\",\"mainEntityOfPage\":{\"@id\":\"https:\\\/\\\/unisale.com.br\\\/novo\\\/13-04-mas-jesus-disse-sou-eu-nao-tenhais-medo\\\/\"},\"wordCount\":611,\"image\":{\"@id\":\"https:\\\/\\\/unisale.com.br\\\/novo\\\/13-04-mas-jesus-disse-sou-eu-nao-tenhais-medo\\\/#primaryimage\"},\"thumbnailUrl\":\"https:\\\/\\\/unisale.com.br\\\/pastoral\\\/wp-content\\\/uploads\\\/2024\\\/04\\\/37-Creditos-Ryan-Rad-by-Getty-Images.jpg\",\"articleSection\":[\"Reflex\u00e3o do Evangelho\"],\"inLanguage\":\"pt-BR\"},{\"@type\":\"WebPage\",\"@id\":\"https:\\\/\\\/unisale.com.br\\\/novo\\\/13-04-mas-jesus-disse-sou-eu-nao-tenhais-medo\\\/\",\"url\":\"https:\\\/\\\/unisale.com.br\\\/novo\\\/13-04-mas-jesus-disse-sou-eu-nao-tenhais-medo\\\/\",\"name\":\"13\\\/04 - Mas Jesus disse: \u201cSou eu. N\u00e3o tenhais medo.\\\" - Pastoral Universit\u00e1ria UniSALESIANO\",\"isPartOf\":{\"@id\":\"https:\\\/\\\/unisale.com.br\\\/pastoral\\\/#website\"},\"primaryImageOfPage\":{\"@id\":\"https:\\\/\\\/unisale.com.br\\\/novo\\\/13-04-mas-jesus-disse-sou-eu-nao-tenhais-medo\\\/#primaryimage\"},\"image\":{\"@id\":\"https:\\\/\\\/unisale.com.br\\\/novo\\\/13-04-mas-jesus-disse-sou-eu-nao-tenhais-medo\\\/#primaryimage\"},\"thumbnailUrl\":\"https:\\\/\\\/unisale.com.br\\\/pastoral\\\/wp-content\\\/uploads\\\/2024\\\/04\\\/37-Creditos-Ryan-Rad-by-Getty-Images.jpg\",\"datePublished\":\"2024-04-08T14:58:14+00:00\",\"author\":{\"@id\":\"https:\\\/\\\/unisale.com.br\\\/pastoral\\\/#\\\/schema\\\/person\\\/a16ba711a0f7dec9cb6b44563144d5a3\"},\"inLanguage\":\"pt-BR\",\"potentialAction\":[{\"@type\":\"ReadAction\",\"target\":[\"https:\\\/\\\/unisale.com.br\\\/novo\\\/13-04-mas-jesus-disse-sou-eu-nao-tenhais-medo\\\/\"]}]},{\"@type\":\"ImageObject\",\"inLanguage\":\"pt-BR\",\"@id\":\"https:\\\/\\\/unisale.com.br\\\/novo\\\/13-04-mas-jesus-disse-sou-eu-nao-tenhais-medo\\\/#primaryimage\",\"url\":\"https:\\\/\\\/unisale.com.br\\\/pastoral\\\/wp-content\\\/uploads\\\/2024\\\/04\\\/37-Creditos-Ryan-Rad-by-Getty-Images.jpg\",\"contentUrl\":\"https:\\\/\\\/unisale.com.br\\\/pastoral\\\/wp-content\\\/uploads\\\/2024\\\/04\\\/37-Creditos-Ryan-Rad-by-Getty-Images.jpg\",\"width\":667,\"height\":500},{\"@type\":\"WebSite\",\"@id\":\"https:\\\/\\\/unisale.com.br\\\/pastoral\\\/#website\",\"url\":\"https:\\\/\\\/unisale.com.br\\\/pastoral\\\/\",\"name\":\"Pastoral Universit\u00e1ria UniSALESIANO\",\"description\":\"Site da Pastoral Universit\u00e1ria do UniSALESIANO\",\"potentialAction\":[{\"@type\":\"SearchAction\",\"target\":{\"@type\":\"EntryPoint\",\"urlTemplate\":\"https:\\\/\\\/unisale.com.br\\\/pastoral\\\/?s={search_term_string}\"},\"query-input\":{\"@type\":\"PropertyValueSpecification\",\"valueRequired\":true,\"valueName\":\"search_term_string\"}}],\"inLanguage\":\"pt-BR\"},{\"@type\":\"Person\",\"@id\":\"https:\\\/\\\/unisale.com.br\\\/pastoral\\\/#\\\/schema\\\/person\\\/a16ba711a0f7dec9cb6b44563144d5a3\",\"name\":\"pastoral\",\"url\":\"https:\\\/\\\/unisale.com.br\\\/pastoral\\\/author\\\/pastoral\\\/\"}]}<\/script>\n<!-- \/ Yoast SEO plugin. -->","yoast_head_json":{"title":"13\/04 - Mas Jesus disse: \u201cSou eu. N\u00e3o tenhais medo.\" - Pastoral Universit\u00e1ria UniSALESIANO","robots":{"index":"index","follow":"follow","max-snippet":"max-snippet:-1","max-image-preview":"max-image-preview:large","max-video-preview":"max-video-preview:-1"},"canonical":"https:\/\/unisale.com.br\/novo\/13-04-mas-jesus-disse-sou-eu-nao-tenhais-medo\/","og_locale":"pt_BR","og_type":"article","og_title":"13\/04 - Mas Jesus disse: \u201cSou eu. N\u00e3o tenhais medo.\" - Pastoral Universit\u00e1ria UniSALESIANO","og_description":"S\u00e1bado, 13 de abril de 2024. &nbsp; Evangelho (Jo 6,16-21) &nbsp; \u201cMas Jesus disse: \u201cSou eu. N\u00e3o tenhais medo\u201d &nbsp; 16Ao cair da tarde, os...","og_url":"https:\/\/unisale.com.br\/novo\/13-04-mas-jesus-disse-sou-eu-nao-tenhais-medo\/","og_site_name":"Pastoral Universit\u00e1ria UniSALESIANO","article_published_time":"2024-04-08T14:58:14+00:00","author":"pastoral","twitter_card":"summary_large_image","twitter_misc":{"Escrito por":"pastoral","Est. tempo de leitura":"3 minutos"},"schema":{"@context":"https:\/\/schema.org","@graph":[{"@type":"Article","@id":"https:\/\/unisale.com.br\/novo\/13-04-mas-jesus-disse-sou-eu-nao-tenhais-medo\/#article","isPartOf":{"@id":"https:\/\/unisale.com.br\/novo\/13-04-mas-jesus-disse-sou-eu-nao-tenhais-medo\/"},"author":{"name":"pastoral","@id":"https:\/\/unisale.com.br\/pastoral\/#\/schema\/person\/a16ba711a0f7dec9cb6b44563144d5a3"},"headline":"13\/04 &#8211; Mas Jesus disse: \u201cSou eu. N\u00e3o tenhais medo.&#8221;","datePublished":"2024-04-08T14:58:14+00:00","mainEntityOfPage":{"@id":"https:\/\/unisale.com.br\/novo\/13-04-mas-jesus-disse-sou-eu-nao-tenhais-medo\/"},"wordCount":611,"image":{"@id":"https:\/\/unisale.com.br\/novo\/13-04-mas-jesus-disse-sou-eu-nao-tenhais-medo\/#primaryimage"},"thumbnailUrl":"https:\/\/unisale.com.br\/pastoral\/wp-content\/uploads\/2024\/04\/37-Creditos-Ryan-Rad-by-Getty-Images.jpg","articleSection":["Reflex\u00e3o do Evangelho"],"inLanguage":"pt-BR"},{"@type":"WebPage","@id":"https:\/\/unisale.com.br\/novo\/13-04-mas-jesus-disse-sou-eu-nao-tenhais-medo\/","url":"https:\/\/unisale.com.br\/novo\/13-04-mas-jesus-disse-sou-eu-nao-tenhais-medo\/","name":"13\/04 - Mas Jesus disse: \u201cSou eu. N\u00e3o tenhais medo.\" - Pastoral Universit\u00e1ria UniSALESIANO","isPartOf":{"@id":"https:\/\/unisale.com.br\/pastoral\/#website"},"primaryImageOfPage":{"@id":"https:\/\/unisale.com.br\/novo\/13-04-mas-jesus-disse-sou-eu-nao-tenhais-medo\/#primaryimage"},"image":{"@id":"https:\/\/unisale.com.br\/novo\/13-04-mas-jesus-disse-sou-eu-nao-tenhais-medo\/#primaryimage"},"thumbnailUrl":"https:\/\/unisale.com.br\/pastoral\/wp-content\/uploads\/2024\/04\/37-Creditos-Ryan-Rad-by-Getty-Images.jpg","datePublished":"2024-04-08T14:58:14+00:00","author":{"@id":"https:\/\/unisale.com.br\/pastoral\/#\/schema\/person\/a16ba711a0f7dec9cb6b44563144d5a3"},"inLanguage":"pt-BR","potentialAction":[{"@type":"ReadAction","target":["https:\/\/unisale.com.br\/novo\/13-04-mas-jesus-disse-sou-eu-nao-tenhais-medo\/"]}]},{"@type":"ImageObject","inLanguage":"pt-BR","@id":"https:\/\/unisale.com.br\/novo\/13-04-mas-jesus-disse-sou-eu-nao-tenhais-medo\/#primaryimage","url":"https:\/\/unisale.com.br\/pastoral\/wp-content\/uploads\/2024\/04\/37-Creditos-Ryan-Rad-by-Getty-Images.jpg","contentUrl":"https:\/\/unisale.com.br\/pastoral\/wp-content\/uploads\/2024\/04\/37-Creditos-Ryan-Rad-by-Getty-Images.jpg","width":667,"height":500},{"@type":"WebSite","@id":"https:\/\/unisale.com.br\/pastoral\/#website","url":"https:\/\/unisale.com.br\/pastoral\/","name":"Pastoral Universit\u00e1ria UniSALESIANO","description":"Site da Pastoral Universit\u00e1ria do UniSALESIANO","potentialAction":[{"@type":"SearchAction","target":{"@type":"EntryPoint","urlTemplate":"https:\/\/unisale.com.br\/pastoral\/?s={search_term_string}"},"query-input":{"@type":"PropertyValueSpecification","valueRequired":true,"valueName":"search_term_string"}}],"inLanguage":"pt-BR"},{"@type":"Person","@id":"https:\/\/unisale.com.br\/pastoral\/#\/schema\/person\/a16ba711a0f7dec9cb6b44563144d5a3","name":"pastoral","url":"https:\/\/unisale.com.br\/pastoral\/author\/pastoral\/"}]}},"_links":{"self":[{"href":"https:\/\/unisale.com.br\/pastoral\/wp-json\/wp\/v2\/posts\/9103","targetHints":{"allow":["GET"]}}],"collection":[{"href":"https:\/\/unisale.com.br\/pastoral\/wp-json\/wp\/v2\/posts"}],"about":[{"href":"https:\/\/unisale.com.br\/pastoral\/wp-json\/wp\/v2\/types\/post"}],"author":[{"embeddable":true,"href":"https:\/\/unisale.com.br\/pastoral\/wp-json\/wp\/v2\/users\/1"}],"replies":[{"embeddable":true,"href":"https:\/\/unisale.com.br\/pastoral\/wp-json\/wp\/v2\/comments?post=9103"}],"version-history":[{"count":0,"href":"https:\/\/unisale.com.br\/pastoral\/wp-json\/wp\/v2\/posts\/9103\/revisions"}],"wp:featuredmedia":[{"embeddable":true,"href":"https:\/\/unisale.com.br\/pastoral\/wp-json\/wp\/v2\/media\/9104"}],"wp:attachment":[{"href":"https:\/\/unisale.com.br\/pastoral\/wp-json\/wp\/v2\/media?parent=9103"}],"wp:term":[{"taxonomy":"category","embeddable":true,"href":"https:\/\/unisale.com.br\/pastoral\/wp-json\/wp\/v2\/categories?post=9103"},{"taxonomy":"post_tag","embeddable":true,"href":"https:\/\/unisale.com.br\/pastoral\/wp-json\/wp\/v2\/tags?post=9103"}],"curies":[{"name":"wp","href":"https:\/\/api.w.org\/{rel}","templated":true}]}}