{"id":9136,"date":"2024-04-17T13:04:39","date_gmt":"2024-04-17T13:04:39","guid":{"rendered":"https:\/\/unisale.com.br\/pastoral\/?p=9136"},"modified":"2024-04-17T13:04:39","modified_gmt":"2024-04-17T13:04:39","slug":"20-04-a-quem-iremos-senhor-tu-tens-palavras-de-vida-eterna","status":"publish","type":"post","link":"https:\/\/unisale.com.br\/pastoral\/20-04-a-quem-iremos-senhor-tu-tens-palavras-de-vida-eterna\/","title":{"rendered":"20\/04 &#8211; A quem iremos, Senhor? Tu tens palavras de vida eterna."},"content":{"rendered":"<p>S\u00e1bado, 20 de abril de 2024.<\/p>\n<p>&nbsp;<\/p>\n<p>Evangelho (Jo 6,60-69)<\/p>\n<p>&nbsp;<\/p>\n<p><strong>\u201cA quem iremos, Senhor? Tu tens palavras de vida eterna\u201d<\/strong><\/p>\n<p>&nbsp;<\/p>\n<p>Naquele tempo, 60muitos dos disc\u00edpulos de Jesus, que o escutaram, disseram: \u201cEsta palavra \u00e9 dura. Quem consegue escut\u00e1-la?\u201d 61Sabendo que seus disc\u00edpulos estavam murmurando por causa disso mesmo, Jesus perguntou: \u201cIsto vos escandaliza? 62E quando virdes o Filho do Homem subindo para onde estava antes? 63O Esp\u00edrito \u00e9 que d\u00e1 vida, a carne n\u00e3o adianta nada. As palavras que vos falei s\u00e3o esp\u00edrito e vida. 64Mas entre v\u00f3s h\u00e1 alguns que n\u00e3o creem\u201d. Jesus sabia, desde o in\u00edcio, quem eram os que n\u00e3o tinham f\u00e9 e quem havia de entreg\u00e1-lo. 65E acrescentou: \u201c\u00c9 por isso que vos disse: ningu\u00e9m pode vir a mim a n\u00e3o ser que lhe seja concedido pelo Pai\u201d. 66A partir daquele momento, muitos disc\u00edpulos voltaram atr\u00e1s e n\u00e3o andavam mais com ele. 67Ent\u00e3o, Jesus disse aos doze: \u201cV\u00f3s tamb\u00e9m vos quereis ir embora?\u201d 68Sim\u00e3o Pedro respondeu: \u201cA quem iremos, Senhor? Tu tens palavras de vida eterna. 69N\u00f3s cremos firmemente e reconhecemos que tu \u00e9s o Santo de Deus\u201d.<\/p>\n<p>&nbsp;<\/p>\n<p><strong>Reflex\u00e3o<\/strong><\/p>\n<p>&nbsp;<\/p>\n<p>\u201cEsta palavra \u00e9 dura. Quem consegue escut\u00e1-la?\u201d. Por que estamos dispostos a aceitar uma coisa como verdadeira e outras n\u00e3o? Porque uma corresponde ao nosso modo de pensar e a outra n\u00e3o. A palavra \u201clouco\u201d \u00e9 relativa. O que normal e o que, n\u00e3o \u00e9? Hoje seria considerado \u201clouco\u201d um que anda por a\u00ed vestido de Napole\u00e3o, mas no tempo de Napole\u00e3o isso seria considerado a m\u00e1xima eleg\u00e2ncia. Por isso se aconselha aos pregadores que desejam sucesso de dirigirem-se aos seus interlocutores tendo em conta os tipos de pessoas, come\u00e7ando em dizer algo que com certeza desejaria ouvir. Somente depois que o \u201cgelo \u00e9 quebrado\u201d \u00e9 que se estabelece a comunica\u00e7\u00e3o, propondo algo mais s\u00e9rio, que se tive sido dito por primeiro, certamente teria sido rejeitado. Este \u00e9 um bom conselho usado tamb\u00e9m na pedagogia divina. Mas n\u00e3o \u00e9 um conselho infal\u00edvel. As verdades fundamentais de Cristo est\u00e3o muitas vezes em oposi\u00e7\u00e3o radical \u00e0 mentalidade do mundo. Por isso muitas pessoas rejeitam a f\u00e9 crist\u00e3, tamb\u00e9m se no in\u00edcio podem parecer dispostas ao an\u00fancio do evangelho. \u201cV\u00f3s tamb\u00e9m vos quereis ir embora?\u201d. N\u00e3o \u00e9 gratificante ser um orador ou um professor de sucesso que a um certo ponto perde a gra\u00e7a com o p\u00fablico e v\u00ea distanciarem-se todos, tamb\u00e9m os mais pr\u00f3ximos. Na pol\u00edtica, para garantir o consenso, se muda radicalmente o pr\u00f3prio programa. A acusa\u00e7\u00e3o que se faz \u00e0 Igreja ao inv\u00e9s \u00e9, que esta se rejeita a mudar e que com a imobilidade arrisca de perder o povo. Se pode responder com um exemplo usado pelos professores do semin\u00e1rio. Um sacerdote est\u00e1 na porta da igreja e fora tem muita gente. Ningu\u00e9m pode entrar, porque entre as pessoas e a porta tem um buraco. Agora o sacerdote come\u00e7a a trabalhar para encher o buraco com tudo aquilo que encontra na igreja: imagens, bancos, objetos. Ao final o buraco \u00e9 tampado e as pessoas entram na igreja com alegria. Mas na igreja n\u00e3o tem mais o sacr\u00e1rio. A pergunta dirigida por Jesus aos ap\u00f3stolos n\u00e3o seguia certamente esta t\u00e1tica. \u201cA quem iremos, Senhor?\u201d. Jesus faz uma pergunta direta que arrisca de receber uma resposta dolorosa. Os ap\u00f3stolos s\u00e3o livres para ir embora, ao inv\u00e9s, permanecem. Pedro, destinado com o nome a refor\u00e7ar a f\u00e9 dos outros, explica a verdadeira raz\u00e3o. Ele acreditou nas palavras de Cristo n\u00e3o porque eram compreens\u00edveis, \u00fateis; n\u00e3o refletiu nem muito sobre o significado delas. Mas agora est\u00e1 claro que Cristo e as suas palavras s\u00e3o uma \u00fanica coisa e, se se rejeita a sua palavra, se separa d\u2019Ele. Na f\u00e9 de fato existem dois aspectos: Crer em algo e crer em algu\u00e9m. Para crer em algo n\u00e3o \u00e9 necess\u00e1rio amar, mas para crer em algu\u00e9m precisa primeiro am\u00e1-lo. De outra parte a confian\u00e7a aumenta e fortifica o amor. Eis porque a f\u00e9, no fundo, n\u00e3o aprisiona mist\u00e9rios incompreens\u00edveis. Se tem a confian\u00e7a, tem o amor que tudo cr\u00ea e tudo espera.<\/p>\n<p><strong>Pe. Paulo Eduardo J\u00e1como, SDB.<\/strong><\/p>\n","protected":false},"excerpt":{"rendered":"<p>S\u00e1bado, 20 de abril de 2024. &nbsp; Evangelho (Jo 6,60-69) &nbsp; \u201cA quem iremos, Senhor? Tu tens palavras de vida eterna\u201d &nbsp; Naquele tempo, 60muitos&#8230;<\/p>\n","protected":false},"author":1,"featured_media":9140,"comment_status":"closed","ping_status":"closed","sticky":false,"template":"","format":"standard","meta":{"_acf_changed":false,"footnotes":""},"categories":[13],"tags":[],"class_list":["post-9136","post","type-post","status-publish","format-standard","has-post-thumbnail","hentry","category-reflexaodoevagelho"],"acf":[],"yoast_head":"<!-- This site is optimized with the Yoast SEO plugin v27.3 - https:\/\/yoast.com\/product\/yoast-seo-wordpress\/ -->\n<title>20\/04 - A quem iremos, Senhor? Tu tens palavras de vida eterna. - Pastoral Universit\u00e1ria UniSALESIANO<\/title>\n<meta name=\"robots\" content=\"index, follow, max-snippet:-1, max-image-preview:large, max-video-preview:-1\" \/>\n<link rel=\"canonical\" href=\"https:\/\/unisale.com.br\/novo\/20-04-a-quem-iremos-senhor-tu-tens-palavras-de-vida-eterna\/\" \/>\n<meta property=\"og:locale\" content=\"pt_BR\" \/>\n<meta property=\"og:type\" content=\"article\" \/>\n<meta property=\"og:title\" content=\"20\/04 - A quem iremos, Senhor? Tu tens palavras de vida eterna. - Pastoral Universit\u00e1ria UniSALESIANO\" \/>\n<meta property=\"og:description\" content=\"S\u00e1bado, 20 de abril de 2024. &nbsp; Evangelho (Jo 6,60-69) &nbsp; \u201cA quem iremos, Senhor? Tu tens palavras de vida eterna\u201d &nbsp; Naquele tempo, 60muitos...\" \/>\n<meta property=\"og:url\" content=\"https:\/\/unisale.com.br\/novo\/20-04-a-quem-iremos-senhor-tu-tens-palavras-de-vida-eterna\/\" \/>\n<meta property=\"og:site_name\" content=\"Pastoral Universit\u00e1ria UniSALESIANO\" \/>\n<meta property=\"article:published_time\" content=\"2024-04-17T13:04:39+00:00\" \/>\n<meta name=\"author\" content=\"pastoral\" \/>\n<meta name=\"twitter:card\" content=\"summary_large_image\" \/>\n<meta name=\"twitter:label1\" content=\"Escrito por\" \/>\n\t<meta name=\"twitter:data1\" content=\"pastoral\" \/>\n\t<meta name=\"twitter:label2\" content=\"Est. tempo de leitura\" \/>\n\t<meta name=\"twitter:data2\" content=\"4 minutos\" \/>\n<script type=\"application\/ld+json\" class=\"yoast-schema-graph\">{\"@context\":\"https:\\\/\\\/schema.org\",\"@graph\":[{\"@type\":\"Article\",\"@id\":\"https:\\\/\\\/unisale.com.br\\\/novo\\\/20-04-a-quem-iremos-senhor-tu-tens-palavras-de-vida-eterna\\\/#article\",\"isPartOf\":{\"@id\":\"https:\\\/\\\/unisale.com.br\\\/novo\\\/20-04-a-quem-iremos-senhor-tu-tens-palavras-de-vida-eterna\\\/\"},\"author\":{\"name\":\"pastoral\",\"@id\":\"https:\\\/\\\/unisale.com.br\\\/pastoral\\\/#\\\/schema\\\/person\\\/a16ba711a0f7dec9cb6b44563144d5a3\"},\"headline\":\"20\\\/04 &#8211; A quem iremos, Senhor? Tu tens palavras de vida eterna.\",\"datePublished\":\"2024-04-17T13:04:39+00:00\",\"mainEntityOfPage\":{\"@id\":\"https:\\\/\\\/unisale.com.br\\\/novo\\\/20-04-a-quem-iremos-senhor-tu-tens-palavras-de-vida-eterna\\\/\"},\"wordCount\":755,\"image\":{\"@id\":\"https:\\\/\\\/unisale.com.br\\\/novo\\\/20-04-a-quem-iremos-senhor-tu-tens-palavras-de-vida-eterna\\\/#primaryimage\"},\"thumbnailUrl\":\"https:\\\/\\\/unisale.com.br\\\/pastoral\\\/wp-content\\\/uploads\\\/2024\\\/04\\\/101892785_foto_03.jpg\",\"articleSection\":[\"Reflex\u00e3o do Evangelho\"],\"inLanguage\":\"pt-BR\"},{\"@type\":\"WebPage\",\"@id\":\"https:\\\/\\\/unisale.com.br\\\/novo\\\/20-04-a-quem-iremos-senhor-tu-tens-palavras-de-vida-eterna\\\/\",\"url\":\"https:\\\/\\\/unisale.com.br\\\/novo\\\/20-04-a-quem-iremos-senhor-tu-tens-palavras-de-vida-eterna\\\/\",\"name\":\"20\\\/04 - A quem iremos, Senhor? Tu tens palavras de vida eterna. - Pastoral Universit\u00e1ria UniSALESIANO\",\"isPartOf\":{\"@id\":\"https:\\\/\\\/unisale.com.br\\\/pastoral\\\/#website\"},\"primaryImageOfPage\":{\"@id\":\"https:\\\/\\\/unisale.com.br\\\/novo\\\/20-04-a-quem-iremos-senhor-tu-tens-palavras-de-vida-eterna\\\/#primaryimage\"},\"image\":{\"@id\":\"https:\\\/\\\/unisale.com.br\\\/novo\\\/20-04-a-quem-iremos-senhor-tu-tens-palavras-de-vida-eterna\\\/#primaryimage\"},\"thumbnailUrl\":\"https:\\\/\\\/unisale.com.br\\\/pastoral\\\/wp-content\\\/uploads\\\/2024\\\/04\\\/101892785_foto_03.jpg\",\"datePublished\":\"2024-04-17T13:04:39+00:00\",\"author\":{\"@id\":\"https:\\\/\\\/unisale.com.br\\\/pastoral\\\/#\\\/schema\\\/person\\\/a16ba711a0f7dec9cb6b44563144d5a3\"},\"inLanguage\":\"pt-BR\",\"potentialAction\":[{\"@type\":\"ReadAction\",\"target\":[\"https:\\\/\\\/unisale.com.br\\\/novo\\\/20-04-a-quem-iremos-senhor-tu-tens-palavras-de-vida-eterna\\\/\"]}]},{\"@type\":\"ImageObject\",\"inLanguage\":\"pt-BR\",\"@id\":\"https:\\\/\\\/unisale.com.br\\\/novo\\\/20-04-a-quem-iremos-senhor-tu-tens-palavras-de-vida-eterna\\\/#primaryimage\",\"url\":\"https:\\\/\\\/unisale.com.br\\\/pastoral\\\/wp-content\\\/uploads\\\/2024\\\/04\\\/101892785_foto_03.jpg\",\"contentUrl\":\"https:\\\/\\\/unisale.com.br\\\/pastoral\\\/wp-content\\\/uploads\\\/2024\\\/04\\\/101892785_foto_03.jpg\",\"width\":889,\"height\":500},{\"@type\":\"WebSite\",\"@id\":\"https:\\\/\\\/unisale.com.br\\\/pastoral\\\/#website\",\"url\":\"https:\\\/\\\/unisale.com.br\\\/pastoral\\\/\",\"name\":\"Pastoral Universit\u00e1ria UniSALESIANO\",\"description\":\"Site da Pastoral Universit\u00e1ria do UniSALESIANO\",\"potentialAction\":[{\"@type\":\"SearchAction\",\"target\":{\"@type\":\"EntryPoint\",\"urlTemplate\":\"https:\\\/\\\/unisale.com.br\\\/pastoral\\\/?s={search_term_string}\"},\"query-input\":{\"@type\":\"PropertyValueSpecification\",\"valueRequired\":true,\"valueName\":\"search_term_string\"}}],\"inLanguage\":\"pt-BR\"},{\"@type\":\"Person\",\"@id\":\"https:\\\/\\\/unisale.com.br\\\/pastoral\\\/#\\\/schema\\\/person\\\/a16ba711a0f7dec9cb6b44563144d5a3\",\"name\":\"pastoral\",\"url\":\"https:\\\/\\\/unisale.com.br\\\/pastoral\\\/author\\\/pastoral\\\/\"}]}<\/script>\n<!-- \/ Yoast SEO plugin. -->","yoast_head_json":{"title":"20\/04 - A quem iremos, Senhor? Tu tens palavras de vida eterna. - Pastoral Universit\u00e1ria UniSALESIANO","robots":{"index":"index","follow":"follow","max-snippet":"max-snippet:-1","max-image-preview":"max-image-preview:large","max-video-preview":"max-video-preview:-1"},"canonical":"https:\/\/unisale.com.br\/novo\/20-04-a-quem-iremos-senhor-tu-tens-palavras-de-vida-eterna\/","og_locale":"pt_BR","og_type":"article","og_title":"20\/04 - A quem iremos, Senhor? Tu tens palavras de vida eterna. - Pastoral Universit\u00e1ria UniSALESIANO","og_description":"S\u00e1bado, 20 de abril de 2024. &nbsp; Evangelho (Jo 6,60-69) &nbsp; \u201cA quem iremos, Senhor? Tu tens palavras de vida eterna\u201d &nbsp; Naquele tempo, 60muitos...","og_url":"https:\/\/unisale.com.br\/novo\/20-04-a-quem-iremos-senhor-tu-tens-palavras-de-vida-eterna\/","og_site_name":"Pastoral Universit\u00e1ria UniSALESIANO","article_published_time":"2024-04-17T13:04:39+00:00","author":"pastoral","twitter_card":"summary_large_image","twitter_misc":{"Escrito por":"pastoral","Est. tempo de leitura":"4 minutos"},"schema":{"@context":"https:\/\/schema.org","@graph":[{"@type":"Article","@id":"https:\/\/unisale.com.br\/novo\/20-04-a-quem-iremos-senhor-tu-tens-palavras-de-vida-eterna\/#article","isPartOf":{"@id":"https:\/\/unisale.com.br\/novo\/20-04-a-quem-iremos-senhor-tu-tens-palavras-de-vida-eterna\/"},"author":{"name":"pastoral","@id":"https:\/\/unisale.com.br\/pastoral\/#\/schema\/person\/a16ba711a0f7dec9cb6b44563144d5a3"},"headline":"20\/04 &#8211; A quem iremos, Senhor? Tu tens palavras de vida eterna.","datePublished":"2024-04-17T13:04:39+00:00","mainEntityOfPage":{"@id":"https:\/\/unisale.com.br\/novo\/20-04-a-quem-iremos-senhor-tu-tens-palavras-de-vida-eterna\/"},"wordCount":755,"image":{"@id":"https:\/\/unisale.com.br\/novo\/20-04-a-quem-iremos-senhor-tu-tens-palavras-de-vida-eterna\/#primaryimage"},"thumbnailUrl":"https:\/\/unisale.com.br\/pastoral\/wp-content\/uploads\/2024\/04\/101892785_foto_03.jpg","articleSection":["Reflex\u00e3o do Evangelho"],"inLanguage":"pt-BR"},{"@type":"WebPage","@id":"https:\/\/unisale.com.br\/novo\/20-04-a-quem-iremos-senhor-tu-tens-palavras-de-vida-eterna\/","url":"https:\/\/unisale.com.br\/novo\/20-04-a-quem-iremos-senhor-tu-tens-palavras-de-vida-eterna\/","name":"20\/04 - A quem iremos, Senhor? Tu tens palavras de vida eterna. - Pastoral Universit\u00e1ria UniSALESIANO","isPartOf":{"@id":"https:\/\/unisale.com.br\/pastoral\/#website"},"primaryImageOfPage":{"@id":"https:\/\/unisale.com.br\/novo\/20-04-a-quem-iremos-senhor-tu-tens-palavras-de-vida-eterna\/#primaryimage"},"image":{"@id":"https:\/\/unisale.com.br\/novo\/20-04-a-quem-iremos-senhor-tu-tens-palavras-de-vida-eterna\/#primaryimage"},"thumbnailUrl":"https:\/\/unisale.com.br\/pastoral\/wp-content\/uploads\/2024\/04\/101892785_foto_03.jpg","datePublished":"2024-04-17T13:04:39+00:00","author":{"@id":"https:\/\/unisale.com.br\/pastoral\/#\/schema\/person\/a16ba711a0f7dec9cb6b44563144d5a3"},"inLanguage":"pt-BR","potentialAction":[{"@type":"ReadAction","target":["https:\/\/unisale.com.br\/novo\/20-04-a-quem-iremos-senhor-tu-tens-palavras-de-vida-eterna\/"]}]},{"@type":"ImageObject","inLanguage":"pt-BR","@id":"https:\/\/unisale.com.br\/novo\/20-04-a-quem-iremos-senhor-tu-tens-palavras-de-vida-eterna\/#primaryimage","url":"https:\/\/unisale.com.br\/pastoral\/wp-content\/uploads\/2024\/04\/101892785_foto_03.jpg","contentUrl":"https:\/\/unisale.com.br\/pastoral\/wp-content\/uploads\/2024\/04\/101892785_foto_03.jpg","width":889,"height":500},{"@type":"WebSite","@id":"https:\/\/unisale.com.br\/pastoral\/#website","url":"https:\/\/unisale.com.br\/pastoral\/","name":"Pastoral Universit\u00e1ria UniSALESIANO","description":"Site da Pastoral Universit\u00e1ria do UniSALESIANO","potentialAction":[{"@type":"SearchAction","target":{"@type":"EntryPoint","urlTemplate":"https:\/\/unisale.com.br\/pastoral\/?s={search_term_string}"},"query-input":{"@type":"PropertyValueSpecification","valueRequired":true,"valueName":"search_term_string"}}],"inLanguage":"pt-BR"},{"@type":"Person","@id":"https:\/\/unisale.com.br\/pastoral\/#\/schema\/person\/a16ba711a0f7dec9cb6b44563144d5a3","name":"pastoral","url":"https:\/\/unisale.com.br\/pastoral\/author\/pastoral\/"}]}},"_links":{"self":[{"href":"https:\/\/unisale.com.br\/pastoral\/wp-json\/wp\/v2\/posts\/9136","targetHints":{"allow":["GET"]}}],"collection":[{"href":"https:\/\/unisale.com.br\/pastoral\/wp-json\/wp\/v2\/posts"}],"about":[{"href":"https:\/\/unisale.com.br\/pastoral\/wp-json\/wp\/v2\/types\/post"}],"author":[{"embeddable":true,"href":"https:\/\/unisale.com.br\/pastoral\/wp-json\/wp\/v2\/users\/1"}],"replies":[{"embeddable":true,"href":"https:\/\/unisale.com.br\/pastoral\/wp-json\/wp\/v2\/comments?post=9136"}],"version-history":[{"count":0,"href":"https:\/\/unisale.com.br\/pastoral\/wp-json\/wp\/v2\/posts\/9136\/revisions"}],"wp:featuredmedia":[{"embeddable":true,"href":"https:\/\/unisale.com.br\/pastoral\/wp-json\/wp\/v2\/media\/9140"}],"wp:attachment":[{"href":"https:\/\/unisale.com.br\/pastoral\/wp-json\/wp\/v2\/media?parent=9136"}],"wp:term":[{"taxonomy":"category","embeddable":true,"href":"https:\/\/unisale.com.br\/pastoral\/wp-json\/wp\/v2\/categories?post=9136"},{"taxonomy":"post_tag","embeddable":true,"href":"https:\/\/unisale.com.br\/pastoral\/wp-json\/wp\/v2\/tags?post=9136"}],"curies":[{"name":"wp","href":"https:\/\/api.w.org\/{rel}","templated":true}]}}