{"id":9176,"date":"2024-04-19T15:45:27","date_gmt":"2024-04-19T15:45:27","guid":{"rendered":"https:\/\/unisale.com.br\/pastoral\/?p=9176"},"modified":"2024-04-19T15:45:27","modified_gmt":"2024-04-19T15:45:27","slug":"30-04-deixo-vos-a-paz-a-minha-paz-vos-dou","status":"publish","type":"post","link":"https:\/\/unisale.com.br\/pastoral\/30-04-deixo-vos-a-paz-a-minha-paz-vos-dou\/","title":{"rendered":"30\/04 &#8211; Deixo-vos a paz, a minha paz vos dou."},"content":{"rendered":"<p>Ter\u00e7a-feira, 30 de abril de 2024.<\/p>\n<p><strong>Evangelho (Jo 14,27-31a)<\/strong><\/p>\n<p><strong>\u00a0<\/strong><\/p>\n<p><strong><em>&#8220;Deixo-vos a paz, a minha paz vos dou&#8221;<\/em><\/strong><\/p>\n<p>Naquele tempo, disse Jesus a seus disc\u00edpulos: <sup>27<\/sup>\u201cDeixo-vos a paz, a minha paz vos dou; mas n\u00e3o a dou como o mundo. N\u00e3o se perturbe nem se intimide o vosso cora\u00e7\u00e3o. <sup>28<\/sup>Ouvistes que eu vos disse: \u2018Vou, mas voltarei a v\u00f3s\u2019. Se me am\u00e1sseis, ficar\u00edeis alegres porque vou para o Pai, pois o Pai \u00e9 maior do que eu. <sup>29<\/sup>Disse-vos isto, agora, antes que aconte\u00e7a, para que, quando acontecer, v\u00f3s acrediteis. <sup>30<\/sup>J\u00e1 n\u00e3o falarei muito convosco, pois o chefe deste mundo vem. Ele n\u00e3o tem poder sobre mim, <sup>31<\/sup>amas, para que o mundo reconhe\u00e7a que eu amo o Pai, eu procedo conforme o Pai me ordenou\u201d.<\/p>\n<p>&nbsp;<\/p>\n<p><strong>Reflex\u00e3o<\/strong><\/p>\n<p><strong>\u00a0<\/strong><\/p>\n<p>Hoje, Jesus nos fala indiretamente da Cruz: nos deixar\u00e1 a paz, mas ao pre\u00e7o da sua dolorosa partida deste mundo. Hoje lemos as suas palavras ditas antes de seu sacrif\u00edcio na cruz e que foram escritas posteriormente a sua ressurrei\u00e7\u00e3o. Sobre a cruz, com sua morte venceu a morte e o medo. N\u00e3o nos d\u00e1 a paz \u201ccomo o mundo a d\u00e1\u201d, mas o faz atrav\u00e9s da dor e da humilha\u00e7\u00e3o: assim mostrou o seu amor misericordioso ao ser humano.<\/p>\n<p>Na vida \u00e9 inevit\u00e1vel o sofrimento. Algumas vezes trata-se de seu sofrimento f\u00edsico; outras de sofrimento moral; em outras ocasi\u00f5es trata-se de uma dor espiritual&#8230;, e para todos chega a morte. Deus, por\u00e9m, no seu infinito amor, nos deu o rem\u00e9dio para haver paz na dor. Ele aceitou \u201cpartir\u201d deste mundo com uma \u201cpartida\u201d sofrida e envolto de serenidade.<\/p>\n<p>Por que Ele o fez assim? Porque deste modo a dor humana unida \u00e0quela de Cristo, se transformou em um sacrifico que salva do pecado. Na cruz de Cristo n\u00e3o somente se cumpriu a Reden\u00e7\u00e3o mediante o sofrimento, mas tamb\u00e9m o sofrimento humano foi redimido (S. Jo\u00e3o Paulo II).<\/p>\n<p>Em Auschwitz, no campo de concentra\u00e7\u00e3o, havia uma pris\u00e3o: o famigerado bloco II. H\u00e1, em uma cela subterr\u00e2nea s\u00e3o Maximiliano Kolbe foi morto por inani\u00e7\u00e3o depois de uma longa e penosa agonia, rodeado por todo tipo de tortura e mis\u00e9ria humana. Fora havia um p\u00e1tio no qual cerca de vinte mil homens foram assassinados; ao lado havia um hospital no qual se praticava experimentos com seres humanos; numa estrada ao fundo, se encontrava o forno cremat\u00f3rio. Mesmo assim, no cora\u00e7\u00e3o do padre Kolbe, minava aquela paz que Cristo havia prometido dar aos disc\u00edpulos que, seguindo o seu exemplo, ser\u00e3o mortos para dar vida a outros.<\/p>\n<p>&nbsp;<\/p>\n<p><strong>Pe. Paulo Eduardo J\u00e1como, SDB.<\/strong><\/p>\n","protected":false},"excerpt":{"rendered":"<p>Ter\u00e7a-feira, 30 de abril de 2024. Evangelho (Jo 14,27-31a) \u00a0 &#8220;Deixo-vos a paz, a minha paz vos dou&#8221; Naquele tempo, disse Jesus a seus disc\u00edpulos:&#8230;<\/p>\n","protected":false},"author":1,"featured_media":9177,"comment_status":"closed","ping_status":"closed","sticky":false,"template":"","format":"standard","meta":{"_acf_changed":false,"footnotes":""},"categories":[13],"tags":[],"class_list":["post-9176","post","type-post","status-publish","format-standard","has-post-thumbnail","hentry","category-reflexaodoevagelho"],"acf":[],"yoast_head":"<!-- This site is optimized with the Yoast SEO plugin v27.3 - https:\/\/yoast.com\/product\/yoast-seo-wordpress\/ -->\n<title>30\/04 - Deixo-vos a paz, a minha paz vos dou. - Pastoral Universit\u00e1ria UniSALESIANO<\/title>\n<meta name=\"robots\" content=\"index, follow, max-snippet:-1, max-image-preview:large, max-video-preview:-1\" \/>\n<link rel=\"canonical\" href=\"https:\/\/unisale.com.br\/novo\/30-04-deixo-vos-a-paz-a-minha-paz-vos-dou\/\" \/>\n<meta property=\"og:locale\" content=\"pt_BR\" \/>\n<meta property=\"og:type\" content=\"article\" \/>\n<meta property=\"og:title\" content=\"30\/04 - Deixo-vos a paz, a minha paz vos dou. - Pastoral Universit\u00e1ria UniSALESIANO\" \/>\n<meta property=\"og:description\" content=\"Ter\u00e7a-feira, 30 de abril de 2024. Evangelho (Jo 14,27-31a) \u00a0 &#8220;Deixo-vos a paz, a minha paz vos dou&#8221; Naquele tempo, disse Jesus a seus disc\u00edpulos:...\" \/>\n<meta property=\"og:url\" content=\"https:\/\/unisale.com.br\/novo\/30-04-deixo-vos-a-paz-a-minha-paz-vos-dou\/\" \/>\n<meta property=\"og:site_name\" content=\"Pastoral Universit\u00e1ria UniSALESIANO\" \/>\n<meta property=\"article:published_time\" content=\"2024-04-19T15:45:27+00:00\" \/>\n<meta name=\"author\" content=\"pastoral\" \/>\n<meta name=\"twitter:card\" content=\"summary_large_image\" \/>\n<meta name=\"twitter:label1\" content=\"Escrito por\" \/>\n\t<meta name=\"twitter:data1\" content=\"pastoral\" \/>\n\t<meta name=\"twitter:label2\" content=\"Est. tempo de leitura\" \/>\n\t<meta name=\"twitter:data2\" content=\"2 minutos\" \/>\n<script type=\"application\/ld+json\" class=\"yoast-schema-graph\">{\"@context\":\"https:\\\/\\\/schema.org\",\"@graph\":[{\"@type\":\"Article\",\"@id\":\"https:\\\/\\\/unisale.com.br\\\/novo\\\/30-04-deixo-vos-a-paz-a-minha-paz-vos-dou\\\/#article\",\"isPartOf\":{\"@id\":\"https:\\\/\\\/unisale.com.br\\\/novo\\\/30-04-deixo-vos-a-paz-a-minha-paz-vos-dou\\\/\"},\"author\":{\"name\":\"pastoral\",\"@id\":\"https:\\\/\\\/unisale.com.br\\\/pastoral\\\/#\\\/schema\\\/person\\\/a16ba711a0f7dec9cb6b44563144d5a3\"},\"headline\":\"30\\\/04 &#8211; Deixo-vos a paz, a minha paz vos dou.\",\"datePublished\":\"2024-04-19T15:45:27+00:00\",\"mainEntityOfPage\":{\"@id\":\"https:\\\/\\\/unisale.com.br\\\/novo\\\/30-04-deixo-vos-a-paz-a-minha-paz-vos-dou\\\/\"},\"wordCount\":471,\"image\":{\"@id\":\"https:\\\/\\\/unisale.com.br\\\/novo\\\/30-04-deixo-vos-a-paz-a-minha-paz-vos-dou\\\/#primaryimage\"},\"thumbnailUrl\":\"https:\\\/\\\/unisale.com.br\\\/pastoral\\\/wp-content\\\/uploads\\\/2024\\\/04\\\/images-1-1.jpeg\",\"articleSection\":[\"Reflex\u00e3o do Evangelho\"],\"inLanguage\":\"pt-BR\"},{\"@type\":\"WebPage\",\"@id\":\"https:\\\/\\\/unisale.com.br\\\/novo\\\/30-04-deixo-vos-a-paz-a-minha-paz-vos-dou\\\/\",\"url\":\"https:\\\/\\\/unisale.com.br\\\/novo\\\/30-04-deixo-vos-a-paz-a-minha-paz-vos-dou\\\/\",\"name\":\"30\\\/04 - Deixo-vos a paz, a minha paz vos dou. - Pastoral Universit\u00e1ria UniSALESIANO\",\"isPartOf\":{\"@id\":\"https:\\\/\\\/unisale.com.br\\\/pastoral\\\/#website\"},\"primaryImageOfPage\":{\"@id\":\"https:\\\/\\\/unisale.com.br\\\/novo\\\/30-04-deixo-vos-a-paz-a-minha-paz-vos-dou\\\/#primaryimage\"},\"image\":{\"@id\":\"https:\\\/\\\/unisale.com.br\\\/novo\\\/30-04-deixo-vos-a-paz-a-minha-paz-vos-dou\\\/#primaryimage\"},\"thumbnailUrl\":\"https:\\\/\\\/unisale.com.br\\\/pastoral\\\/wp-content\\\/uploads\\\/2024\\\/04\\\/images-1-1.jpeg\",\"datePublished\":\"2024-04-19T15:45:27+00:00\",\"author\":{\"@id\":\"https:\\\/\\\/unisale.com.br\\\/pastoral\\\/#\\\/schema\\\/person\\\/a16ba711a0f7dec9cb6b44563144d5a3\"},\"inLanguage\":\"pt-BR\",\"potentialAction\":[{\"@type\":\"ReadAction\",\"target\":[\"https:\\\/\\\/unisale.com.br\\\/novo\\\/30-04-deixo-vos-a-paz-a-minha-paz-vos-dou\\\/\"]}]},{\"@type\":\"ImageObject\",\"inLanguage\":\"pt-BR\",\"@id\":\"https:\\\/\\\/unisale.com.br\\\/novo\\\/30-04-deixo-vos-a-paz-a-minha-paz-vos-dou\\\/#primaryimage\",\"url\":\"https:\\\/\\\/unisale.com.br\\\/pastoral\\\/wp-content\\\/uploads\\\/2024\\\/04\\\/images-1-1.jpeg\",\"contentUrl\":\"https:\\\/\\\/unisale.com.br\\\/pastoral\\\/wp-content\\\/uploads\\\/2024\\\/04\\\/images-1-1.jpeg\",\"width\":275,\"height\":183},{\"@type\":\"WebSite\",\"@id\":\"https:\\\/\\\/unisale.com.br\\\/pastoral\\\/#website\",\"url\":\"https:\\\/\\\/unisale.com.br\\\/pastoral\\\/\",\"name\":\"Pastoral Universit\u00e1ria UniSALESIANO\",\"description\":\"Site da Pastoral Universit\u00e1ria do UniSALESIANO\",\"potentialAction\":[{\"@type\":\"SearchAction\",\"target\":{\"@type\":\"EntryPoint\",\"urlTemplate\":\"https:\\\/\\\/unisale.com.br\\\/pastoral\\\/?s={search_term_string}\"},\"query-input\":{\"@type\":\"PropertyValueSpecification\",\"valueRequired\":true,\"valueName\":\"search_term_string\"}}],\"inLanguage\":\"pt-BR\"},{\"@type\":\"Person\",\"@id\":\"https:\\\/\\\/unisale.com.br\\\/pastoral\\\/#\\\/schema\\\/person\\\/a16ba711a0f7dec9cb6b44563144d5a3\",\"name\":\"pastoral\",\"url\":\"https:\\\/\\\/unisale.com.br\\\/pastoral\\\/author\\\/pastoral\\\/\"}]}<\/script>\n<!-- \/ Yoast SEO plugin. -->","yoast_head_json":{"title":"30\/04 - Deixo-vos a paz, a minha paz vos dou. - Pastoral Universit\u00e1ria UniSALESIANO","robots":{"index":"index","follow":"follow","max-snippet":"max-snippet:-1","max-image-preview":"max-image-preview:large","max-video-preview":"max-video-preview:-1"},"canonical":"https:\/\/unisale.com.br\/novo\/30-04-deixo-vos-a-paz-a-minha-paz-vos-dou\/","og_locale":"pt_BR","og_type":"article","og_title":"30\/04 - Deixo-vos a paz, a minha paz vos dou. - Pastoral Universit\u00e1ria UniSALESIANO","og_description":"Ter\u00e7a-feira, 30 de abril de 2024. Evangelho (Jo 14,27-31a) \u00a0 &#8220;Deixo-vos a paz, a minha paz vos dou&#8221; Naquele tempo, disse Jesus a seus disc\u00edpulos:...","og_url":"https:\/\/unisale.com.br\/novo\/30-04-deixo-vos-a-paz-a-minha-paz-vos-dou\/","og_site_name":"Pastoral Universit\u00e1ria UniSALESIANO","article_published_time":"2024-04-19T15:45:27+00:00","author":"pastoral","twitter_card":"summary_large_image","twitter_misc":{"Escrito por":"pastoral","Est. tempo de leitura":"2 minutos"},"schema":{"@context":"https:\/\/schema.org","@graph":[{"@type":"Article","@id":"https:\/\/unisale.com.br\/novo\/30-04-deixo-vos-a-paz-a-minha-paz-vos-dou\/#article","isPartOf":{"@id":"https:\/\/unisale.com.br\/novo\/30-04-deixo-vos-a-paz-a-minha-paz-vos-dou\/"},"author":{"name":"pastoral","@id":"https:\/\/unisale.com.br\/pastoral\/#\/schema\/person\/a16ba711a0f7dec9cb6b44563144d5a3"},"headline":"30\/04 &#8211; Deixo-vos a paz, a minha paz vos dou.","datePublished":"2024-04-19T15:45:27+00:00","mainEntityOfPage":{"@id":"https:\/\/unisale.com.br\/novo\/30-04-deixo-vos-a-paz-a-minha-paz-vos-dou\/"},"wordCount":471,"image":{"@id":"https:\/\/unisale.com.br\/novo\/30-04-deixo-vos-a-paz-a-minha-paz-vos-dou\/#primaryimage"},"thumbnailUrl":"https:\/\/unisale.com.br\/pastoral\/wp-content\/uploads\/2024\/04\/images-1-1.jpeg","articleSection":["Reflex\u00e3o do Evangelho"],"inLanguage":"pt-BR"},{"@type":"WebPage","@id":"https:\/\/unisale.com.br\/novo\/30-04-deixo-vos-a-paz-a-minha-paz-vos-dou\/","url":"https:\/\/unisale.com.br\/novo\/30-04-deixo-vos-a-paz-a-minha-paz-vos-dou\/","name":"30\/04 - Deixo-vos a paz, a minha paz vos dou. - Pastoral Universit\u00e1ria UniSALESIANO","isPartOf":{"@id":"https:\/\/unisale.com.br\/pastoral\/#website"},"primaryImageOfPage":{"@id":"https:\/\/unisale.com.br\/novo\/30-04-deixo-vos-a-paz-a-minha-paz-vos-dou\/#primaryimage"},"image":{"@id":"https:\/\/unisale.com.br\/novo\/30-04-deixo-vos-a-paz-a-minha-paz-vos-dou\/#primaryimage"},"thumbnailUrl":"https:\/\/unisale.com.br\/pastoral\/wp-content\/uploads\/2024\/04\/images-1-1.jpeg","datePublished":"2024-04-19T15:45:27+00:00","author":{"@id":"https:\/\/unisale.com.br\/pastoral\/#\/schema\/person\/a16ba711a0f7dec9cb6b44563144d5a3"},"inLanguage":"pt-BR","potentialAction":[{"@type":"ReadAction","target":["https:\/\/unisale.com.br\/novo\/30-04-deixo-vos-a-paz-a-minha-paz-vos-dou\/"]}]},{"@type":"ImageObject","inLanguage":"pt-BR","@id":"https:\/\/unisale.com.br\/novo\/30-04-deixo-vos-a-paz-a-minha-paz-vos-dou\/#primaryimage","url":"https:\/\/unisale.com.br\/pastoral\/wp-content\/uploads\/2024\/04\/images-1-1.jpeg","contentUrl":"https:\/\/unisale.com.br\/pastoral\/wp-content\/uploads\/2024\/04\/images-1-1.jpeg","width":275,"height":183},{"@type":"WebSite","@id":"https:\/\/unisale.com.br\/pastoral\/#website","url":"https:\/\/unisale.com.br\/pastoral\/","name":"Pastoral Universit\u00e1ria UniSALESIANO","description":"Site da Pastoral Universit\u00e1ria do UniSALESIANO","potentialAction":[{"@type":"SearchAction","target":{"@type":"EntryPoint","urlTemplate":"https:\/\/unisale.com.br\/pastoral\/?s={search_term_string}"},"query-input":{"@type":"PropertyValueSpecification","valueRequired":true,"valueName":"search_term_string"}}],"inLanguage":"pt-BR"},{"@type":"Person","@id":"https:\/\/unisale.com.br\/pastoral\/#\/schema\/person\/a16ba711a0f7dec9cb6b44563144d5a3","name":"pastoral","url":"https:\/\/unisale.com.br\/pastoral\/author\/pastoral\/"}]}},"_links":{"self":[{"href":"https:\/\/unisale.com.br\/pastoral\/wp-json\/wp\/v2\/posts\/9176","targetHints":{"allow":["GET"]}}],"collection":[{"href":"https:\/\/unisale.com.br\/pastoral\/wp-json\/wp\/v2\/posts"}],"about":[{"href":"https:\/\/unisale.com.br\/pastoral\/wp-json\/wp\/v2\/types\/post"}],"author":[{"embeddable":true,"href":"https:\/\/unisale.com.br\/pastoral\/wp-json\/wp\/v2\/users\/1"}],"replies":[{"embeddable":true,"href":"https:\/\/unisale.com.br\/pastoral\/wp-json\/wp\/v2\/comments?post=9176"}],"version-history":[{"count":0,"href":"https:\/\/unisale.com.br\/pastoral\/wp-json\/wp\/v2\/posts\/9176\/revisions"}],"wp:featuredmedia":[{"embeddable":true,"href":"https:\/\/unisale.com.br\/pastoral\/wp-json\/wp\/v2\/media\/9177"}],"wp:attachment":[{"href":"https:\/\/unisale.com.br\/pastoral\/wp-json\/wp\/v2\/media?parent=9176"}],"wp:term":[{"taxonomy":"category","embeddable":true,"href":"https:\/\/unisale.com.br\/pastoral\/wp-json\/wp\/v2\/categories?post=9176"},{"taxonomy":"post_tag","embeddable":true,"href":"https:\/\/unisale.com.br\/pastoral\/wp-json\/wp\/v2\/tags?post=9176"}],"curies":[{"name":"wp","href":"https:\/\/api.w.org\/{rel}","templated":true}]}}