{"id":9192,"date":"2024-05-07T10:34:32","date_gmt":"2024-05-07T10:34:32","guid":{"rendered":"https:\/\/unisale.com.br\/pastoral\/?p=9192"},"modified":"2024-05-07T10:34:32","modified_gmt":"2024-05-07T10:34:32","slug":"02-05-permanecei-no-meu-amor","status":"publish","type":"post","link":"https:\/\/unisale.com.br\/pastoral\/02-05-permanecei-no-meu-amor\/","title":{"rendered":"02\/05 &#8211; Permanecei no meu amor."},"content":{"rendered":"<p>Quinta-feira, 02 de maio de 2024.<\/p>\n<p>&nbsp;<\/p>\n<p>Evangelho (Jo 15,9-11)<\/p>\n<p>&nbsp;<\/p>\n<p><strong>\u201cPermanecei no meu amor.\u201d<\/strong><\/p>\n<p>&nbsp;<\/p>\n<p>Naquele tempo, disse Jesus a seus disc\u00edpulos: <sup>9<\/sup>\u201cComo meu Pai me amou, assim tamb\u00e9m eu vos amei. Permanecei no meu amor. <sup>10<\/sup>Se guardardes os meus mandamentos, permanecereis no meu amor, assim como eu guardei os mandamentos do meu Pai e permane\u00e7o no seu amor. <sup>11<\/sup>Eu vos disse isto, para que a minha alegria esteja em v\u00f3s e a vossa alegria seja plena\u201d.<\/p>\n<p>&nbsp;<\/p>\n<p><strong>Reflex\u00e3o<\/strong><\/p>\n<p>&nbsp;<\/p>\n<p>\u201cComo meu Pai me amou, assim tamb\u00e9m eu vos amei. Permanecei no meu amor.\u201d<\/p>\n<p>&nbsp;<\/p>\n<p>Permanecer no amor talvez seja o programa de toda uma vida. N\u00f3s sabemos muito bem como a vida se torna imposs\u00edvel quando n\u00e3o se ama e nem se \u00e9 amado. Todas as vezes que n\u00e3o nos sentimos amados tudo perde o sabor, tamb\u00e9m as coisas mais belas, mais cintilantes. \u00c9 o amor que d\u00e1 colorido e significado \u00e0 vida. Permanecer no amor \u00e9 o que torna a vida digna e Jesus n\u00e3o se limita simplesmente a ser uma recorda\u00e7\u00e3o, mas oferta-nos o seu amor como lugar no qual permanecermos. A pergunta \u00e9: como fazer para permanecermos no seu amor? \u201cSe guardardes os meus mandamentos, permanecereis no meu amor, assim como eu guardei os mandamentos do meu Pai e permane\u00e7o no seu amor\u201d. Somente quando permanecemos nos seus mandamentos podemos dizer que o amamos. Mas isto n\u00e3o vai compreendido como uma condi\u00e7\u00e3o \u00e9tica ou moralista. Observar os mandamentos significar levar a s\u00e9rio o que o Senhor nos disse e nos indicou como um bem. Se amamos algu\u00e9m agora o que esta pessoa nos diz conta muito, tem um peso, \u00e9 decisivo. Se a palavra de quem disse de amar n\u00e3o \u00e9 decisiva, agora significa que n\u00e3o existe amor. Hoje devemos nos perguntar quanta import\u00e2ncia damos \u00e0 Palavra do Evangelho? Ler o Evangelho e procurar coloca-lo em pr\u00e1tica \u00e9 a condi\u00e7\u00e3o verdadeiro do amor a Cristo, mas muitas vezes n\u00f3s crist\u00e3os e cat\u00f3licos sobretudo, n\u00e3o sabemos nem mesmo como \u00e9 feito o Evangelho. Seria um bom prop\u00f3sito para hoje dar peso \u00e0 Palavra de Jesus e buscar coloca-la em pr\u00e1tica. Com isto permanecemos com os p\u00e9s firmes no seu amor. E o que nos recorda que isso \u00e9 verdadeiro? A alegria: <sup>\u201c<\/sup>Eu vos disse isto, para que a minha alegria esteja em v\u00f3s e a vossa alegria seja plena\u201d<\/p>\n<p><strong>Pe. Paulo Eduardo J\u00e1como, SDB.<\/strong><\/p>\n","protected":false},"excerpt":{"rendered":"<p>Quinta-feira, 02 de maio de 2024. &nbsp; Evangelho (Jo 15,9-11) &nbsp; \u201cPermanecei no meu amor.\u201d &nbsp; Naquele tempo, disse Jesus a seus disc\u00edpulos: 9\u201cComo meu&#8230;<\/p>\n","protected":false},"author":1,"featured_media":9204,"comment_status":"closed","ping_status":"closed","sticky":false,"template":"","format":"standard","meta":{"_acf_changed":false,"footnotes":""},"categories":[13],"tags":[],"class_list":["post-9192","post","type-post","status-publish","format-standard","has-post-thumbnail","hentry","category-reflexaodoevagelho"],"acf":[],"yoast_head":"<!-- This site is optimized with the Yoast SEO plugin v27.3 - https:\/\/yoast.com\/product\/yoast-seo-wordpress\/ -->\n<title>02\/05 - Permanecei no meu amor. - Pastoral Universit\u00e1ria UniSALESIANO<\/title>\n<meta name=\"robots\" content=\"index, follow, max-snippet:-1, max-image-preview:large, max-video-preview:-1\" \/>\n<link rel=\"canonical\" href=\"https:\/\/unisale.com.br\/novo\/02-05-permanecei-no-meu-amor\/\" \/>\n<meta property=\"og:locale\" content=\"pt_BR\" \/>\n<meta property=\"og:type\" content=\"article\" \/>\n<meta property=\"og:title\" content=\"02\/05 - Permanecei no meu amor. - Pastoral Universit\u00e1ria UniSALESIANO\" \/>\n<meta property=\"og:description\" content=\"Quinta-feira, 02 de maio de 2024. &nbsp; Evangelho (Jo 15,9-11) &nbsp; \u201cPermanecei no meu amor.\u201d &nbsp; Naquele tempo, disse Jesus a seus disc\u00edpulos: 9\u201cComo meu...\" \/>\n<meta property=\"og:url\" content=\"https:\/\/unisale.com.br\/novo\/02-05-permanecei-no-meu-amor\/\" \/>\n<meta property=\"og:site_name\" content=\"Pastoral Universit\u00e1ria UniSALESIANO\" \/>\n<meta property=\"article:published_time\" content=\"2024-05-07T10:34:32+00:00\" \/>\n<meta name=\"author\" content=\"pastoral\" \/>\n<meta name=\"twitter:card\" content=\"summary_large_image\" \/>\n<meta name=\"twitter:label1\" content=\"Escrito por\" \/>\n\t<meta name=\"twitter:data1\" content=\"pastoral\" \/>\n\t<meta name=\"twitter:label2\" content=\"Est. tempo de leitura\" \/>\n\t<meta name=\"twitter:data2\" content=\"2 minutos\" \/>\n<script type=\"application\/ld+json\" class=\"yoast-schema-graph\">{\"@context\":\"https:\\\/\\\/schema.org\",\"@graph\":[{\"@type\":\"Article\",\"@id\":\"https:\\\/\\\/unisale.com.br\\\/novo\\\/02-05-permanecei-no-meu-amor\\\/#article\",\"isPartOf\":{\"@id\":\"https:\\\/\\\/unisale.com.br\\\/novo\\\/02-05-permanecei-no-meu-amor\\\/\"},\"author\":{\"name\":\"pastoral\",\"@id\":\"https:\\\/\\\/unisale.com.br\\\/pastoral\\\/#\\\/schema\\\/person\\\/a16ba711a0f7dec9cb6b44563144d5a3\"},\"headline\":\"02\\\/05 &#8211; Permanecei no meu amor.\",\"datePublished\":\"2024-05-07T10:34:32+00:00\",\"mainEntityOfPage\":{\"@id\":\"https:\\\/\\\/unisale.com.br\\\/novo\\\/02-05-permanecei-no-meu-amor\\\/\"},\"wordCount\":421,\"image\":{\"@id\":\"https:\\\/\\\/unisale.com.br\\\/novo\\\/02-05-permanecei-no-meu-amor\\\/#primaryimage\"},\"thumbnailUrl\":\"https:\\\/\\\/unisale.com.br\\\/pastoral\\\/wp-content\\\/uploads\\\/2024\\\/04\\\/cruz-amor.jpg\",\"articleSection\":[\"Reflex\u00e3o do Evangelho\"],\"inLanguage\":\"pt-BR\"},{\"@type\":\"WebPage\",\"@id\":\"https:\\\/\\\/unisale.com.br\\\/novo\\\/02-05-permanecei-no-meu-amor\\\/\",\"url\":\"https:\\\/\\\/unisale.com.br\\\/novo\\\/02-05-permanecei-no-meu-amor\\\/\",\"name\":\"02\\\/05 - Permanecei no meu amor. - Pastoral Universit\u00e1ria UniSALESIANO\",\"isPartOf\":{\"@id\":\"https:\\\/\\\/unisale.com.br\\\/pastoral\\\/#website\"},\"primaryImageOfPage\":{\"@id\":\"https:\\\/\\\/unisale.com.br\\\/novo\\\/02-05-permanecei-no-meu-amor\\\/#primaryimage\"},\"image\":{\"@id\":\"https:\\\/\\\/unisale.com.br\\\/novo\\\/02-05-permanecei-no-meu-amor\\\/#primaryimage\"},\"thumbnailUrl\":\"https:\\\/\\\/unisale.com.br\\\/pastoral\\\/wp-content\\\/uploads\\\/2024\\\/04\\\/cruz-amor.jpg\",\"datePublished\":\"2024-05-07T10:34:32+00:00\",\"author\":{\"@id\":\"https:\\\/\\\/unisale.com.br\\\/pastoral\\\/#\\\/schema\\\/person\\\/a16ba711a0f7dec9cb6b44563144d5a3\"},\"inLanguage\":\"pt-BR\",\"potentialAction\":[{\"@type\":\"ReadAction\",\"target\":[\"https:\\\/\\\/unisale.com.br\\\/novo\\\/02-05-permanecei-no-meu-amor\\\/\"]}]},{\"@type\":\"ImageObject\",\"inLanguage\":\"pt-BR\",\"@id\":\"https:\\\/\\\/unisale.com.br\\\/novo\\\/02-05-permanecei-no-meu-amor\\\/#primaryimage\",\"url\":\"https:\\\/\\\/unisale.com.br\\\/pastoral\\\/wp-content\\\/uploads\\\/2024\\\/04\\\/cruz-amor.jpg\",\"contentUrl\":\"https:\\\/\\\/unisale.com.br\\\/pastoral\\\/wp-content\\\/uploads\\\/2024\\\/04\\\/cruz-amor.jpg\",\"width\":458,\"height\":450},{\"@type\":\"WebSite\",\"@id\":\"https:\\\/\\\/unisale.com.br\\\/pastoral\\\/#website\",\"url\":\"https:\\\/\\\/unisale.com.br\\\/pastoral\\\/\",\"name\":\"Pastoral Universit\u00e1ria UniSALESIANO\",\"description\":\"Site da Pastoral Universit\u00e1ria do UniSALESIANO\",\"potentialAction\":[{\"@type\":\"SearchAction\",\"target\":{\"@type\":\"EntryPoint\",\"urlTemplate\":\"https:\\\/\\\/unisale.com.br\\\/pastoral\\\/?s={search_term_string}\"},\"query-input\":{\"@type\":\"PropertyValueSpecification\",\"valueRequired\":true,\"valueName\":\"search_term_string\"}}],\"inLanguage\":\"pt-BR\"},{\"@type\":\"Person\",\"@id\":\"https:\\\/\\\/unisale.com.br\\\/pastoral\\\/#\\\/schema\\\/person\\\/a16ba711a0f7dec9cb6b44563144d5a3\",\"name\":\"pastoral\",\"url\":\"https:\\\/\\\/unisale.com.br\\\/pastoral\\\/author\\\/pastoral\\\/\"}]}<\/script>\n<!-- \/ Yoast SEO plugin. -->","yoast_head_json":{"title":"02\/05 - Permanecei no meu amor. - Pastoral Universit\u00e1ria UniSALESIANO","robots":{"index":"index","follow":"follow","max-snippet":"max-snippet:-1","max-image-preview":"max-image-preview:large","max-video-preview":"max-video-preview:-1"},"canonical":"https:\/\/unisale.com.br\/novo\/02-05-permanecei-no-meu-amor\/","og_locale":"pt_BR","og_type":"article","og_title":"02\/05 - Permanecei no meu amor. - Pastoral Universit\u00e1ria UniSALESIANO","og_description":"Quinta-feira, 02 de maio de 2024. &nbsp; Evangelho (Jo 15,9-11) &nbsp; \u201cPermanecei no meu amor.\u201d &nbsp; Naquele tempo, disse Jesus a seus disc\u00edpulos: 9\u201cComo meu...","og_url":"https:\/\/unisale.com.br\/novo\/02-05-permanecei-no-meu-amor\/","og_site_name":"Pastoral Universit\u00e1ria UniSALESIANO","article_published_time":"2024-05-07T10:34:32+00:00","author":"pastoral","twitter_card":"summary_large_image","twitter_misc":{"Escrito por":"pastoral","Est. tempo de leitura":"2 minutos"},"schema":{"@context":"https:\/\/schema.org","@graph":[{"@type":"Article","@id":"https:\/\/unisale.com.br\/novo\/02-05-permanecei-no-meu-amor\/#article","isPartOf":{"@id":"https:\/\/unisale.com.br\/novo\/02-05-permanecei-no-meu-amor\/"},"author":{"name":"pastoral","@id":"https:\/\/unisale.com.br\/pastoral\/#\/schema\/person\/a16ba711a0f7dec9cb6b44563144d5a3"},"headline":"02\/05 &#8211; Permanecei no meu amor.","datePublished":"2024-05-07T10:34:32+00:00","mainEntityOfPage":{"@id":"https:\/\/unisale.com.br\/novo\/02-05-permanecei-no-meu-amor\/"},"wordCount":421,"image":{"@id":"https:\/\/unisale.com.br\/novo\/02-05-permanecei-no-meu-amor\/#primaryimage"},"thumbnailUrl":"https:\/\/unisale.com.br\/pastoral\/wp-content\/uploads\/2024\/04\/cruz-amor.jpg","articleSection":["Reflex\u00e3o do Evangelho"],"inLanguage":"pt-BR"},{"@type":"WebPage","@id":"https:\/\/unisale.com.br\/novo\/02-05-permanecei-no-meu-amor\/","url":"https:\/\/unisale.com.br\/novo\/02-05-permanecei-no-meu-amor\/","name":"02\/05 - Permanecei no meu amor. - Pastoral Universit\u00e1ria UniSALESIANO","isPartOf":{"@id":"https:\/\/unisale.com.br\/pastoral\/#website"},"primaryImageOfPage":{"@id":"https:\/\/unisale.com.br\/novo\/02-05-permanecei-no-meu-amor\/#primaryimage"},"image":{"@id":"https:\/\/unisale.com.br\/novo\/02-05-permanecei-no-meu-amor\/#primaryimage"},"thumbnailUrl":"https:\/\/unisale.com.br\/pastoral\/wp-content\/uploads\/2024\/04\/cruz-amor.jpg","datePublished":"2024-05-07T10:34:32+00:00","author":{"@id":"https:\/\/unisale.com.br\/pastoral\/#\/schema\/person\/a16ba711a0f7dec9cb6b44563144d5a3"},"inLanguage":"pt-BR","potentialAction":[{"@type":"ReadAction","target":["https:\/\/unisale.com.br\/novo\/02-05-permanecei-no-meu-amor\/"]}]},{"@type":"ImageObject","inLanguage":"pt-BR","@id":"https:\/\/unisale.com.br\/novo\/02-05-permanecei-no-meu-amor\/#primaryimage","url":"https:\/\/unisale.com.br\/pastoral\/wp-content\/uploads\/2024\/04\/cruz-amor.jpg","contentUrl":"https:\/\/unisale.com.br\/pastoral\/wp-content\/uploads\/2024\/04\/cruz-amor.jpg","width":458,"height":450},{"@type":"WebSite","@id":"https:\/\/unisale.com.br\/pastoral\/#website","url":"https:\/\/unisale.com.br\/pastoral\/","name":"Pastoral Universit\u00e1ria UniSALESIANO","description":"Site da Pastoral Universit\u00e1ria do UniSALESIANO","potentialAction":[{"@type":"SearchAction","target":{"@type":"EntryPoint","urlTemplate":"https:\/\/unisale.com.br\/pastoral\/?s={search_term_string}"},"query-input":{"@type":"PropertyValueSpecification","valueRequired":true,"valueName":"search_term_string"}}],"inLanguage":"pt-BR"},{"@type":"Person","@id":"https:\/\/unisale.com.br\/pastoral\/#\/schema\/person\/a16ba711a0f7dec9cb6b44563144d5a3","name":"pastoral","url":"https:\/\/unisale.com.br\/pastoral\/author\/pastoral\/"}]}},"_links":{"self":[{"href":"https:\/\/unisale.com.br\/pastoral\/wp-json\/wp\/v2\/posts\/9192","targetHints":{"allow":["GET"]}}],"collection":[{"href":"https:\/\/unisale.com.br\/pastoral\/wp-json\/wp\/v2\/posts"}],"about":[{"href":"https:\/\/unisale.com.br\/pastoral\/wp-json\/wp\/v2\/types\/post"}],"author":[{"embeddable":true,"href":"https:\/\/unisale.com.br\/pastoral\/wp-json\/wp\/v2\/users\/1"}],"replies":[{"embeddable":true,"href":"https:\/\/unisale.com.br\/pastoral\/wp-json\/wp\/v2\/comments?post=9192"}],"version-history":[{"count":0,"href":"https:\/\/unisale.com.br\/pastoral\/wp-json\/wp\/v2\/posts\/9192\/revisions"}],"wp:featuredmedia":[{"embeddable":true,"href":"https:\/\/unisale.com.br\/pastoral\/wp-json\/wp\/v2\/media\/9204"}],"wp:attachment":[{"href":"https:\/\/unisale.com.br\/pastoral\/wp-json\/wp\/v2\/media?parent=9192"}],"wp:term":[{"taxonomy":"category","embeddable":true,"href":"https:\/\/unisale.com.br\/pastoral\/wp-json\/wp\/v2\/categories?post=9192"},{"taxonomy":"post_tag","embeddable":true,"href":"https:\/\/unisale.com.br\/pastoral\/wp-json\/wp\/v2\/tags?post=9192"}],"curies":[{"name":"wp","href":"https:\/\/api.w.org\/{rel}","templated":true}]}}