{"id":9206,"date":"2024-05-07T10:46:20","date_gmt":"2024-05-07T10:46:20","guid":{"rendered":"https:\/\/unisale.com.br\/pastoral\/?p=9206"},"modified":"2024-05-07T10:46:20","modified_gmt":"2024-05-07T10:46:20","slug":"03-05-jo-146-14","status":"publish","type":"post","link":"https:\/\/unisale.com.br\/pastoral\/03-05-jo-146-14\/","title":{"rendered":"03\/05 &#8211; Acreditai-me: eu estou no Pai e o Pai est\u00e1 em mim."},"content":{"rendered":"<p>Sexta-feira, 03 de maio de 2024.<\/p>\n<p>&nbsp;<\/p>\n<p>Evangelho (Jo 14,6-14)<\/p>\n<p>&nbsp;<\/p>\n<p><strong>\u201cAcreditai-me: eu estou no Pai e o Pai est\u00e1 em mim\u201d<\/strong><\/p>\n<p>&nbsp;<\/p>\n<p>Naquele tempo, Jesus disse a Tom\u00e9: <sup>6<\/sup>\u201cEu sou o Caminho, a Verdade e a Vida. Ningu\u00e9m vai ao Pai sen\u00e3o por mim. <sup>7<\/sup>Se v\u00f3s me conhec\u00easseis, conhecer\u00edeis tamb\u00e9m o meu Pai. E desde agora o conheceis e o vistes\u201d. <sup>8<\/sup>Disse Filipe: \u201cSenhor, mostra-nos o Pai, isso nos basta!\u201d <sup>9<\/sup>Jesus respondeu: \u201cH\u00e1 tanto tempo estou convosco, e n\u00e3o me conheces, Filipe? Quem me viu, viu o Pai. Como \u00e9 que tu dizes: \u2018Mostra-nos o Pai\u2019? <sup>10<\/sup>N\u00e3o acreditas que eu estou no Pai e o Pai est\u00e1 em mim? As palavras que eu vos digo, n\u00e3o as digo por mim mesmo, mas \u00e9 o Pai que, permanecendo em mim, realiza as suas obras. <sup>11<\/sup>Acreditai-me: eu estou no Pai e o Pai est\u00e1 em mim. Acreditai, ao menos, por causa destas mesmas obras. <sup>12<\/sup>Em verdade, em verdade vos digo, quem acredita em mim far\u00e1 as obras que eu fa\u00e7o, e far\u00e1 ainda maiores do que estas. Pois eu vou para o Pai, <sup>13<\/sup>e o que pedirdes em meu nome, eu o realizarei, a fim de que o Pai seja glorificado no Filho. <sup>14<\/sup>Se pedirdes algo em meu nome, eu o realizarei\u201d.<\/p>\n<p>&nbsp;<\/p>\n<p><strong>Reflex\u00e3o<\/strong><\/p>\n<p>&nbsp;<\/p>\n<p>Hoje celebramos a festa de S. Filipe e S. Tiago, ap\u00f3stolos. Penso que seria interessante iniciar a reflex\u00e3o do evangelho justamente com as palavras de Filipe: \u201cSenhor, mostra-nos o Pai, isso nos basta!\u201d. Se formos ver, no fundo Filipe tinha raz\u00e3o, pois todos n\u00f3s queremos conhecer e entender o verdadeiro motivo de tudo, aquilo que d\u00e1 raz\u00e3o \u00e0 nossa vida.\u00a0 aquilo que \u00e9 origem d\u00e1 sentido a todas as coisas, aquilo que enche de significado tamb\u00e9m as coisas mais absurdas da hist\u00f3ria. O Pai \u00e9 o segredo de Jesus, um segredo que Ele nos revelou na sua pr\u00f3pria pessoa. Assim, o pedido de Filipe pode se tornar a jaculat\u00f3ria para cada um de n\u00f3s. Mas a esta nossa ora\u00e7\u00e3o n\u00f3s precisamos somar as palavras de Jesus: \u201cJesus respondeu: \u201cH\u00e1 tanto tempo estou convosco, e n\u00e3o me conheces, Filipe? Quem me viu, viu o Pai. Como \u00e9 que tu dizes: \u2018Mostra-nos o Pai\u2019? N\u00e3o acreditas que eu estou no Pai e o Pai est\u00e1 em mim? As palavras que eu vos digo, n\u00e3o as digo por mim mesmo, mas \u00e9 o Pai que, permanecendo em mim, realiza as suas obras\u201d . Jesus disse a Filipe esta verdade incandescente: quem v\u00ea Jesus v\u00ea o Pai. \u00c9 Jesus a revela\u00e7\u00e3o deste segredo escondido. Quem encontra Jesus faz a experi\u00eancia deste segredo. Eis porque a vida crist\u00e3 n\u00e3o \u00e9 uma simples ilumina\u00e7\u00e3o. Jesus n\u00e3o traz somente informa\u00e7\u00f5es teologicamente corretas. Ele n\u00e3o nos fala do Pai como se fosse um manual de teologia. \u00c9 a Sua pessoa a mensagem, e s\u00f3 se pode entrar nesta revela\u00e7\u00e3o atrav\u00e9s da rela\u00e7\u00e3o com a Sua pessoa, a\u00ed sim se pode entrar numa rela\u00e7\u00e3o com o Pai. Aqui se entende o apego de n\u00f3s cat\u00f3licos aos Sacramentos. Eles de fato n\u00e3o s\u00e3o explica\u00e7\u00f5es, mas experi\u00eancia de Deus. A partir deles n\u00f3s podemos entrar em rela\u00e7\u00e3o com Jesus e, atrav\u00e9s d\u2019Ele, com o Pai. Mas a prova de que a experi\u00eancia que estamos fazendo \u00e9 real, \u00e9 a justa medida da nossa capacidade em amar os irm\u00e3os. Podemos quase dizer: \u201cdiga-me como amas e te direi como credes\u201d.<\/p>\n<p><strong>Pe. Paulo Eduardo J\u00e1como, SDB.<\/strong><\/p>\n","protected":false},"excerpt":{"rendered":"<p>Sexta-feira, 03 de maio de 2024. &nbsp; Evangelho (Jo 14,6-14) &nbsp; \u201cAcreditai-me: eu estou no Pai e o Pai est\u00e1 em mim\u201d &nbsp; Naquele tempo,&#8230;<\/p>\n","protected":false},"author":1,"featured_media":9207,"comment_status":"closed","ping_status":"closed","sticky":false,"template":"","format":"standard","meta":{"_acf_changed":false,"footnotes":""},"categories":[13],"tags":[],"class_list":["post-9206","post","type-post","status-publish","format-standard","has-post-thumbnail","hentry","category-reflexaodoevagelho"],"acf":[],"yoast_head":"<!-- This site is optimized with the Yoast SEO plugin v27.3 - https:\/\/yoast.com\/product\/yoast-seo-wordpress\/ -->\n<title>03\/05 - Acreditai-me: eu estou no Pai e o Pai est\u00e1 em mim. - Pastoral Universit\u00e1ria UniSALESIANO<\/title>\n<meta name=\"robots\" content=\"index, follow, max-snippet:-1, max-image-preview:large, max-video-preview:-1\" \/>\n<link rel=\"canonical\" href=\"https:\/\/unisale.com.br\/novo\/03-05-jo-146-14\/\" \/>\n<meta property=\"og:locale\" content=\"pt_BR\" \/>\n<meta property=\"og:type\" content=\"article\" \/>\n<meta property=\"og:title\" content=\"03\/05 - Acreditai-me: eu estou no Pai e o Pai est\u00e1 em mim. - Pastoral Universit\u00e1ria UniSALESIANO\" \/>\n<meta property=\"og:description\" content=\"Sexta-feira, 03 de maio de 2024. &nbsp; Evangelho (Jo 14,6-14) &nbsp; \u201cAcreditai-me: eu estou no Pai e o Pai est\u00e1 em mim\u201d &nbsp; Naquele tempo,...\" \/>\n<meta property=\"og:url\" content=\"https:\/\/unisale.com.br\/novo\/03-05-jo-146-14\/\" \/>\n<meta property=\"og:site_name\" content=\"Pastoral Universit\u00e1ria UniSALESIANO\" \/>\n<meta property=\"article:published_time\" content=\"2024-05-07T10:46:20+00:00\" \/>\n<meta name=\"author\" content=\"pastoral\" \/>\n<meta name=\"twitter:card\" content=\"summary_large_image\" \/>\n<meta name=\"twitter:label1\" content=\"Escrito por\" \/>\n\t<meta name=\"twitter:data1\" content=\"pastoral\" \/>\n\t<meta name=\"twitter:label2\" content=\"Est. tempo de leitura\" \/>\n\t<meta name=\"twitter:data2\" content=\"3 minutos\" \/>\n<script type=\"application\/ld+json\" class=\"yoast-schema-graph\">{\"@context\":\"https:\\\/\\\/schema.org\",\"@graph\":[{\"@type\":\"Article\",\"@id\":\"https:\\\/\\\/unisale.com.br\\\/novo\\\/03-05-jo-146-14\\\/#article\",\"isPartOf\":{\"@id\":\"https:\\\/\\\/unisale.com.br\\\/novo\\\/03-05-jo-146-14\\\/\"},\"author\":{\"name\":\"pastoral\",\"@id\":\"https:\\\/\\\/unisale.com.br\\\/pastoral\\\/#\\\/schema\\\/person\\\/a16ba711a0f7dec9cb6b44563144d5a3\"},\"headline\":\"03\\\/05 &#8211; Acreditai-me: eu estou no Pai e o Pai est\u00e1 em mim.\",\"datePublished\":\"2024-05-07T10:46:20+00:00\",\"mainEntityOfPage\":{\"@id\":\"https:\\\/\\\/unisale.com.br\\\/novo\\\/03-05-jo-146-14\\\/\"},\"wordCount\":614,\"image\":{\"@id\":\"https:\\\/\\\/unisale.com.br\\\/novo\\\/03-05-jo-146-14\\\/#primaryimage\"},\"thumbnailUrl\":\"https:\\\/\\\/unisale.com.br\\\/pastoral\\\/wp-content\\\/uploads\\\/2024\\\/05\\\/significado-e-importancia-da-oracao.jpg\",\"articleSection\":[\"Reflex\u00e3o do Evangelho\"],\"inLanguage\":\"pt-BR\"},{\"@type\":\"WebPage\",\"@id\":\"https:\\\/\\\/unisale.com.br\\\/novo\\\/03-05-jo-146-14\\\/\",\"url\":\"https:\\\/\\\/unisale.com.br\\\/novo\\\/03-05-jo-146-14\\\/\",\"name\":\"03\\\/05 - Acreditai-me: eu estou no Pai e o Pai est\u00e1 em mim. - Pastoral Universit\u00e1ria UniSALESIANO\",\"isPartOf\":{\"@id\":\"https:\\\/\\\/unisale.com.br\\\/pastoral\\\/#website\"},\"primaryImageOfPage\":{\"@id\":\"https:\\\/\\\/unisale.com.br\\\/novo\\\/03-05-jo-146-14\\\/#primaryimage\"},\"image\":{\"@id\":\"https:\\\/\\\/unisale.com.br\\\/novo\\\/03-05-jo-146-14\\\/#primaryimage\"},\"thumbnailUrl\":\"https:\\\/\\\/unisale.com.br\\\/pastoral\\\/wp-content\\\/uploads\\\/2024\\\/05\\\/significado-e-importancia-da-oracao.jpg\",\"datePublished\":\"2024-05-07T10:46:20+00:00\",\"author\":{\"@id\":\"https:\\\/\\\/unisale.com.br\\\/pastoral\\\/#\\\/schema\\\/person\\\/a16ba711a0f7dec9cb6b44563144d5a3\"},\"inLanguage\":\"pt-BR\",\"potentialAction\":[{\"@type\":\"ReadAction\",\"target\":[\"https:\\\/\\\/unisale.com.br\\\/novo\\\/03-05-jo-146-14\\\/\"]}]},{\"@type\":\"ImageObject\",\"inLanguage\":\"pt-BR\",\"@id\":\"https:\\\/\\\/unisale.com.br\\\/novo\\\/03-05-jo-146-14\\\/#primaryimage\",\"url\":\"https:\\\/\\\/unisale.com.br\\\/pastoral\\\/wp-content\\\/uploads\\\/2024\\\/05\\\/significado-e-importancia-da-oracao.jpg\",\"contentUrl\":\"https:\\\/\\\/unisale.com.br\\\/pastoral\\\/wp-content\\\/uploads\\\/2024\\\/05\\\/significado-e-importancia-da-oracao.jpg\",\"width\":667,\"height\":500},{\"@type\":\"WebSite\",\"@id\":\"https:\\\/\\\/unisale.com.br\\\/pastoral\\\/#website\",\"url\":\"https:\\\/\\\/unisale.com.br\\\/pastoral\\\/\",\"name\":\"Pastoral Universit\u00e1ria UniSALESIANO\",\"description\":\"Site da Pastoral Universit\u00e1ria do UniSALESIANO\",\"potentialAction\":[{\"@type\":\"SearchAction\",\"target\":{\"@type\":\"EntryPoint\",\"urlTemplate\":\"https:\\\/\\\/unisale.com.br\\\/pastoral\\\/?s={search_term_string}\"},\"query-input\":{\"@type\":\"PropertyValueSpecification\",\"valueRequired\":true,\"valueName\":\"search_term_string\"}}],\"inLanguage\":\"pt-BR\"},{\"@type\":\"Person\",\"@id\":\"https:\\\/\\\/unisale.com.br\\\/pastoral\\\/#\\\/schema\\\/person\\\/a16ba711a0f7dec9cb6b44563144d5a3\",\"name\":\"pastoral\",\"url\":\"https:\\\/\\\/unisale.com.br\\\/pastoral\\\/author\\\/pastoral\\\/\"}]}<\/script>\n<!-- \/ Yoast SEO plugin. -->","yoast_head_json":{"title":"03\/05 - Acreditai-me: eu estou no Pai e o Pai est\u00e1 em mim. - Pastoral Universit\u00e1ria UniSALESIANO","robots":{"index":"index","follow":"follow","max-snippet":"max-snippet:-1","max-image-preview":"max-image-preview:large","max-video-preview":"max-video-preview:-1"},"canonical":"https:\/\/unisale.com.br\/novo\/03-05-jo-146-14\/","og_locale":"pt_BR","og_type":"article","og_title":"03\/05 - Acreditai-me: eu estou no Pai e o Pai est\u00e1 em mim. - Pastoral Universit\u00e1ria UniSALESIANO","og_description":"Sexta-feira, 03 de maio de 2024. &nbsp; Evangelho (Jo 14,6-14) &nbsp; \u201cAcreditai-me: eu estou no Pai e o Pai est\u00e1 em mim\u201d &nbsp; Naquele tempo,...","og_url":"https:\/\/unisale.com.br\/novo\/03-05-jo-146-14\/","og_site_name":"Pastoral Universit\u00e1ria UniSALESIANO","article_published_time":"2024-05-07T10:46:20+00:00","author":"pastoral","twitter_card":"summary_large_image","twitter_misc":{"Escrito por":"pastoral","Est. tempo de leitura":"3 minutos"},"schema":{"@context":"https:\/\/schema.org","@graph":[{"@type":"Article","@id":"https:\/\/unisale.com.br\/novo\/03-05-jo-146-14\/#article","isPartOf":{"@id":"https:\/\/unisale.com.br\/novo\/03-05-jo-146-14\/"},"author":{"name":"pastoral","@id":"https:\/\/unisale.com.br\/pastoral\/#\/schema\/person\/a16ba711a0f7dec9cb6b44563144d5a3"},"headline":"03\/05 &#8211; Acreditai-me: eu estou no Pai e o Pai est\u00e1 em mim.","datePublished":"2024-05-07T10:46:20+00:00","mainEntityOfPage":{"@id":"https:\/\/unisale.com.br\/novo\/03-05-jo-146-14\/"},"wordCount":614,"image":{"@id":"https:\/\/unisale.com.br\/novo\/03-05-jo-146-14\/#primaryimage"},"thumbnailUrl":"https:\/\/unisale.com.br\/pastoral\/wp-content\/uploads\/2024\/05\/significado-e-importancia-da-oracao.jpg","articleSection":["Reflex\u00e3o do Evangelho"],"inLanguage":"pt-BR"},{"@type":"WebPage","@id":"https:\/\/unisale.com.br\/novo\/03-05-jo-146-14\/","url":"https:\/\/unisale.com.br\/novo\/03-05-jo-146-14\/","name":"03\/05 - Acreditai-me: eu estou no Pai e o Pai est\u00e1 em mim. - Pastoral Universit\u00e1ria UniSALESIANO","isPartOf":{"@id":"https:\/\/unisale.com.br\/pastoral\/#website"},"primaryImageOfPage":{"@id":"https:\/\/unisale.com.br\/novo\/03-05-jo-146-14\/#primaryimage"},"image":{"@id":"https:\/\/unisale.com.br\/novo\/03-05-jo-146-14\/#primaryimage"},"thumbnailUrl":"https:\/\/unisale.com.br\/pastoral\/wp-content\/uploads\/2024\/05\/significado-e-importancia-da-oracao.jpg","datePublished":"2024-05-07T10:46:20+00:00","author":{"@id":"https:\/\/unisale.com.br\/pastoral\/#\/schema\/person\/a16ba711a0f7dec9cb6b44563144d5a3"},"inLanguage":"pt-BR","potentialAction":[{"@type":"ReadAction","target":["https:\/\/unisale.com.br\/novo\/03-05-jo-146-14\/"]}]},{"@type":"ImageObject","inLanguage":"pt-BR","@id":"https:\/\/unisale.com.br\/novo\/03-05-jo-146-14\/#primaryimage","url":"https:\/\/unisale.com.br\/pastoral\/wp-content\/uploads\/2024\/05\/significado-e-importancia-da-oracao.jpg","contentUrl":"https:\/\/unisale.com.br\/pastoral\/wp-content\/uploads\/2024\/05\/significado-e-importancia-da-oracao.jpg","width":667,"height":500},{"@type":"WebSite","@id":"https:\/\/unisale.com.br\/pastoral\/#website","url":"https:\/\/unisale.com.br\/pastoral\/","name":"Pastoral Universit\u00e1ria UniSALESIANO","description":"Site da Pastoral Universit\u00e1ria do UniSALESIANO","potentialAction":[{"@type":"SearchAction","target":{"@type":"EntryPoint","urlTemplate":"https:\/\/unisale.com.br\/pastoral\/?s={search_term_string}"},"query-input":{"@type":"PropertyValueSpecification","valueRequired":true,"valueName":"search_term_string"}}],"inLanguage":"pt-BR"},{"@type":"Person","@id":"https:\/\/unisale.com.br\/pastoral\/#\/schema\/person\/a16ba711a0f7dec9cb6b44563144d5a3","name":"pastoral","url":"https:\/\/unisale.com.br\/pastoral\/author\/pastoral\/"}]}},"_links":{"self":[{"href":"https:\/\/unisale.com.br\/pastoral\/wp-json\/wp\/v2\/posts\/9206","targetHints":{"allow":["GET"]}}],"collection":[{"href":"https:\/\/unisale.com.br\/pastoral\/wp-json\/wp\/v2\/posts"}],"about":[{"href":"https:\/\/unisale.com.br\/pastoral\/wp-json\/wp\/v2\/types\/post"}],"author":[{"embeddable":true,"href":"https:\/\/unisale.com.br\/pastoral\/wp-json\/wp\/v2\/users\/1"}],"replies":[{"embeddable":true,"href":"https:\/\/unisale.com.br\/pastoral\/wp-json\/wp\/v2\/comments?post=9206"}],"version-history":[{"count":0,"href":"https:\/\/unisale.com.br\/pastoral\/wp-json\/wp\/v2\/posts\/9206\/revisions"}],"wp:featuredmedia":[{"embeddable":true,"href":"https:\/\/unisale.com.br\/pastoral\/wp-json\/wp\/v2\/media\/9207"}],"wp:attachment":[{"href":"https:\/\/unisale.com.br\/pastoral\/wp-json\/wp\/v2\/media?parent=9206"}],"wp:term":[{"taxonomy":"category","embeddable":true,"href":"https:\/\/unisale.com.br\/pastoral\/wp-json\/wp\/v2\/categories?post=9206"},{"taxonomy":"post_tag","embeddable":true,"href":"https:\/\/unisale.com.br\/pastoral\/wp-json\/wp\/v2\/tags?post=9206"}],"curies":[{"name":"wp","href":"https:\/\/api.w.org\/{rel}","templated":true}]}}