{"id":9212,"date":"2024-05-07T10:55:51","date_gmt":"2024-05-07T10:55:51","guid":{"rendered":"https:\/\/unisale.com.br\/pastoral\/?p=9212"},"modified":"2024-05-07T10:55:51","modified_gmt":"2024-05-07T10:55:51","slug":"05-05-eu-vos-chamo-amigos-porque-vos-dei-a-conhecer-tudo-o-que-ouvi-de-meu-pai","status":"publish","type":"post","link":"https:\/\/unisale.com.br\/pastoral\/05-05-eu-vos-chamo-amigos-porque-vos-dei-a-conhecer-tudo-o-que-ouvi-de-meu-pai\/","title":{"rendered":"05\/05 &#8211; Eu vos chamo amigos, porque vos dei a conhecer tudo o que ouvi de meu Pai."},"content":{"rendered":"<p>Domingo, 05 de maio de 2024.<\/p>\n<p>&nbsp;<\/p>\n<p>Evangelho (Jo 15,9-17)<\/p>\n<p>&nbsp;<\/p>\n<p><strong>\u201cEu vos chamo amigos, porque vos dei a conhecer tudo o que ouvi de meu Pai.\u201d<\/strong><\/p>\n<p>&nbsp;<\/p>\n<p>Naquele tempo, disse Jesus aos seus disc\u00edpulos: <sup>9<\/sup>Como meu Pai me amou, assim tamb\u00e9m eu vos amei. Permanecei no meu amor. <sup>10<\/sup>Se guardardes os meus mandamentos, permanecereis no meu amor, assim como eu guardei os mandamentos do meu Pai e permane\u00e7o no seu amor. <sup>11<\/sup>E eu vos disse isto, para que a minha alegria esteja em v\u00f3s e a vossa alegria seja plena. <sup>12<\/sup>Este \u00e9 o meu mandamento: amai-vos uns aos outros, assim como eu vos amei. <sup>13<\/sup>Ningu\u00e9m tem amor maior do que aquele que d\u00e1 sua vida pelos amigos. V\u00f3s sois meus amigos, se fizerdes o que eu vos mando. <sup>15<\/sup>J\u00e1 n\u00e3o vos chamo servos, pois o servo n\u00e3o sabe o que faz o seu senhor. Eu vos chamo amigos, porque vos dei a conhecer tudo o que ouvi de meu Pai. <sup>16<\/sup>N\u00e3o fostes v\u00f3s que me es\u00adcolhestes, mas fui eu que vos escolhi e vos designei para irdes e para que produzais fruto e o vosso fruto permane\u00e7a. O que ent\u00e3o pedirdes ao Pai em meu nome, ele vo-lo conceder\u00e1. <sup>17<\/sup>Isto \u00e9 o que vos ordeno: amai-vos uns aos outros.<\/p>\n<p>&nbsp;<\/p>\n<p><strong>Reflex\u00e3o<\/strong><\/p>\n<p>&nbsp;<\/p>\n<p><sup>\u201c<\/sup>E eu vos disse isto, para que a minha alegria esteja em v\u00f3s e a vossa alegria seja plena\u201d. A alegria \u00e9 a maior consequ\u00eancia que nasce da experi\u00eancia aut\u00eantica da f\u00e9. \u00c9 a alegria como sentido da plenitude, isto \u00e9, como algo que enche a vida e a resgata daquela sensa\u00e7\u00e3o de vazio que muitas vezes se apadroa de n\u00f3s. \u00c9 a alegria que nasce do saber-se amado de maneira definitiva e incondicionalmente. \u00c9 a alegria que se manifesta sobretudo nos momentos mais dif\u00edceis e mais fatigosos. \u00c9 a alegria de saber que n\u00e3o estamos jamais sozinhos, e que \u201cse o nosso cora\u00e7\u00e3o nos repreende sobre qualquer coisa, Deus \u00e9 maior do que o nosso cora\u00e7\u00e3o\u201d. \u00c9 a alegria que vem do perd\u00e3o, do ver-se dar a segunda oportunidade que nos faz colocar-nos de p\u00e9. \u00c9 a alegria que muda o olhar dos pobres. \u00c9 a alegria que nos torna aut\u00eanticos porque reconciliados com a nossa fraqueza. \u00c9 a alegria de ver crescer dentro de n\u00f3s a semente do reino de Deus que faz germinar flores entre as rochas. Um crist\u00e3o sem a experi\u00eancia da alegria n\u00e3o \u00e9 plenamente crist\u00e3o. Mas a alegria \u00e9 dom e escolha. \u00c9 dom porque nasce do dom de saber-se amado por Deus. \u00c9 escolha porque precisa escolher de viver na alegria e de come\u00e7ar a pensar e olhar a nossa vida de um ponto de vista radicalmente diferente. Eliminar o sofrimento da nossa vida depende muito de n\u00f3s, do nosso modo de reagir \u00e0s pessoas e \u00e0s situa\u00e7\u00f5es. \u00c9 preciso viver melhor o sofrimento que n\u00e3o podemos evitar, \u00e9 preciso dar-lhe um sentido para que cada dificuldade, cada cruz, possa transformar-se em uma nova importante oportunidade! Neste sentido a alegria crist\u00e3 transborda a simples emo\u00e7\u00e3o da alegria e se torna um empenho a assumir todos os dias. Mas ningu\u00e9m pode de fato assumir este empenho se antes de tudo n\u00e3o experimenta que ap\u00f3s Jesus, a alegria n\u00e3o \u00e9 mais uma promessa que diz respeito ao futuro, mas uma experi\u00eancia a se descobrir no presente.<\/p>\n<p><strong>Pe. Paulo Eduardo J\u00e1como, SDB.<\/strong><\/p>\n","protected":false},"excerpt":{"rendered":"<p>Domingo, 05 de maio de 2024. &nbsp; Evangelho (Jo 15,9-17) &nbsp; \u201cEu vos chamo amigos, porque vos dei a conhecer tudo o que ouvi de&#8230;<\/p>\n","protected":false},"author":1,"featured_media":9213,"comment_status":"closed","ping_status":"closed","sticky":false,"template":"","format":"standard","meta":{"_acf_changed":false,"footnotes":""},"categories":[13],"tags":[],"class_list":["post-9212","post","type-post","status-publish","format-standard","has-post-thumbnail","hentry","category-reflexaodoevagelho"],"acf":[],"yoast_head":"<!-- This site is optimized with the Yoast SEO plugin v27.3 - https:\/\/yoast.com\/product\/yoast-seo-wordpress\/ -->\n<title>05\/05 - Eu vos chamo amigos, porque vos dei a conhecer tudo o que ouvi de meu Pai. - Pastoral Universit\u00e1ria UniSALESIANO<\/title>\n<meta name=\"robots\" content=\"index, follow, max-snippet:-1, max-image-preview:large, max-video-preview:-1\" \/>\n<link rel=\"canonical\" href=\"https:\/\/unisale.com.br\/novo\/05-05-eu-vos-chamo-amigos-porque-vos-dei-a-conhecer-tudo-o-que-ouvi-de-meu-pai\/\" \/>\n<meta property=\"og:locale\" content=\"pt_BR\" \/>\n<meta property=\"og:type\" content=\"article\" \/>\n<meta property=\"og:title\" content=\"05\/05 - Eu vos chamo amigos, porque vos dei a conhecer tudo o que ouvi de meu Pai. - Pastoral Universit\u00e1ria UniSALESIANO\" \/>\n<meta property=\"og:description\" content=\"Domingo, 05 de maio de 2024. &nbsp; Evangelho (Jo 15,9-17) &nbsp; \u201cEu vos chamo amigos, porque vos dei a conhecer tudo o que ouvi de...\" \/>\n<meta property=\"og:url\" content=\"https:\/\/unisale.com.br\/novo\/05-05-eu-vos-chamo-amigos-porque-vos-dei-a-conhecer-tudo-o-que-ouvi-de-meu-pai\/\" \/>\n<meta property=\"og:site_name\" content=\"Pastoral Universit\u00e1ria UniSALESIANO\" \/>\n<meta property=\"article:published_time\" content=\"2024-05-07T10:55:51+00:00\" \/>\n<meta name=\"author\" content=\"pastoral\" \/>\n<meta name=\"twitter:card\" content=\"summary_large_image\" \/>\n<meta name=\"twitter:label1\" content=\"Escrito por\" \/>\n\t<meta name=\"twitter:data1\" content=\"pastoral\" \/>\n\t<meta name=\"twitter:label2\" content=\"Est. tempo de leitura\" \/>\n\t<meta name=\"twitter:data2\" content=\"3 minutos\" \/>\n<script type=\"application\/ld+json\" class=\"yoast-schema-graph\">{\"@context\":\"https:\\\/\\\/schema.org\",\"@graph\":[{\"@type\":\"Article\",\"@id\":\"https:\\\/\\\/unisale.com.br\\\/novo\\\/05-05-eu-vos-chamo-amigos-porque-vos-dei-a-conhecer-tudo-o-que-ouvi-de-meu-pai\\\/#article\",\"isPartOf\":{\"@id\":\"https:\\\/\\\/unisale.com.br\\\/novo\\\/05-05-eu-vos-chamo-amigos-porque-vos-dei-a-conhecer-tudo-o-que-ouvi-de-meu-pai\\\/\"},\"author\":{\"name\":\"pastoral\",\"@id\":\"https:\\\/\\\/unisale.com.br\\\/pastoral\\\/#\\\/schema\\\/person\\\/a16ba711a0f7dec9cb6b44563144d5a3\"},\"headline\":\"05\\\/05 &#8211; Eu vos chamo amigos, porque vos dei a conhecer tudo o que ouvi de meu Pai.\",\"datePublished\":\"2024-05-07T10:55:51+00:00\",\"mainEntityOfPage\":{\"@id\":\"https:\\\/\\\/unisale.com.br\\\/novo\\\/05-05-eu-vos-chamo-amigos-porque-vos-dei-a-conhecer-tudo-o-que-ouvi-de-meu-pai\\\/\"},\"wordCount\":596,\"image\":{\"@id\":\"https:\\\/\\\/unisale.com.br\\\/novo\\\/05-05-eu-vos-chamo-amigos-porque-vos-dei-a-conhecer-tudo-o-que-ouvi-de-meu-pai\\\/#primaryimage\"},\"thumbnailUrl\":\"https:\\\/\\\/unisale.com.br\\\/pastoral\\\/wp-content\\\/uploads\\\/2024\\\/05\\\/Comunidade-crista-aberta-e-acolhedora-deve-unir-se-em-comunhao-de-amizade-e-de-servico.jpg\",\"articleSection\":[\"Reflex\u00e3o do Evangelho\"],\"inLanguage\":\"pt-BR\"},{\"@type\":\"WebPage\",\"@id\":\"https:\\\/\\\/unisale.com.br\\\/novo\\\/05-05-eu-vos-chamo-amigos-porque-vos-dei-a-conhecer-tudo-o-que-ouvi-de-meu-pai\\\/\",\"url\":\"https:\\\/\\\/unisale.com.br\\\/novo\\\/05-05-eu-vos-chamo-amigos-porque-vos-dei-a-conhecer-tudo-o-que-ouvi-de-meu-pai\\\/\",\"name\":\"05\\\/05 - Eu vos chamo amigos, porque vos dei a conhecer tudo o que ouvi de meu Pai. - Pastoral Universit\u00e1ria UniSALESIANO\",\"isPartOf\":{\"@id\":\"https:\\\/\\\/unisale.com.br\\\/pastoral\\\/#website\"},\"primaryImageOfPage\":{\"@id\":\"https:\\\/\\\/unisale.com.br\\\/novo\\\/05-05-eu-vos-chamo-amigos-porque-vos-dei-a-conhecer-tudo-o-que-ouvi-de-meu-pai\\\/#primaryimage\"},\"image\":{\"@id\":\"https:\\\/\\\/unisale.com.br\\\/novo\\\/05-05-eu-vos-chamo-amigos-porque-vos-dei-a-conhecer-tudo-o-que-ouvi-de-meu-pai\\\/#primaryimage\"},\"thumbnailUrl\":\"https:\\\/\\\/unisale.com.br\\\/pastoral\\\/wp-content\\\/uploads\\\/2024\\\/05\\\/Comunidade-crista-aberta-e-acolhedora-deve-unir-se-em-comunhao-de-amizade-e-de-servico.jpg\",\"datePublished\":\"2024-05-07T10:55:51+00:00\",\"author\":{\"@id\":\"https:\\\/\\\/unisale.com.br\\\/pastoral\\\/#\\\/schema\\\/person\\\/a16ba711a0f7dec9cb6b44563144d5a3\"},\"inLanguage\":\"pt-BR\",\"potentialAction\":[{\"@type\":\"ReadAction\",\"target\":[\"https:\\\/\\\/unisale.com.br\\\/novo\\\/05-05-eu-vos-chamo-amigos-porque-vos-dei-a-conhecer-tudo-o-que-ouvi-de-meu-pai\\\/\"]}]},{\"@type\":\"ImageObject\",\"inLanguage\":\"pt-BR\",\"@id\":\"https:\\\/\\\/unisale.com.br\\\/novo\\\/05-05-eu-vos-chamo-amigos-porque-vos-dei-a-conhecer-tudo-o-que-ouvi-de-meu-pai\\\/#primaryimage\",\"url\":\"https:\\\/\\\/unisale.com.br\\\/pastoral\\\/wp-content\\\/uploads\\\/2024\\\/05\\\/Comunidade-crista-aberta-e-acolhedora-deve-unir-se-em-comunhao-de-amizade-e-de-servico.jpg\",\"contentUrl\":\"https:\\\/\\\/unisale.com.br\\\/pastoral\\\/wp-content\\\/uploads\\\/2024\\\/05\\\/Comunidade-crista-aberta-e-acolhedora-deve-unir-se-em-comunhao-de-amizade-e-de-servico.jpg\",\"width\":750,\"height\":431},{\"@type\":\"WebSite\",\"@id\":\"https:\\\/\\\/unisale.com.br\\\/pastoral\\\/#website\",\"url\":\"https:\\\/\\\/unisale.com.br\\\/pastoral\\\/\",\"name\":\"Pastoral Universit\u00e1ria UniSALESIANO\",\"description\":\"Site da Pastoral Universit\u00e1ria do UniSALESIANO\",\"potentialAction\":[{\"@type\":\"SearchAction\",\"target\":{\"@type\":\"EntryPoint\",\"urlTemplate\":\"https:\\\/\\\/unisale.com.br\\\/pastoral\\\/?s={search_term_string}\"},\"query-input\":{\"@type\":\"PropertyValueSpecification\",\"valueRequired\":true,\"valueName\":\"search_term_string\"}}],\"inLanguage\":\"pt-BR\"},{\"@type\":\"Person\",\"@id\":\"https:\\\/\\\/unisale.com.br\\\/pastoral\\\/#\\\/schema\\\/person\\\/a16ba711a0f7dec9cb6b44563144d5a3\",\"name\":\"pastoral\",\"url\":\"https:\\\/\\\/unisale.com.br\\\/pastoral\\\/author\\\/pastoral\\\/\"}]}<\/script>\n<!-- \/ Yoast SEO plugin. -->","yoast_head_json":{"title":"05\/05 - Eu vos chamo amigos, porque vos dei a conhecer tudo o que ouvi de meu Pai. - Pastoral Universit\u00e1ria UniSALESIANO","robots":{"index":"index","follow":"follow","max-snippet":"max-snippet:-1","max-image-preview":"max-image-preview:large","max-video-preview":"max-video-preview:-1"},"canonical":"https:\/\/unisale.com.br\/novo\/05-05-eu-vos-chamo-amigos-porque-vos-dei-a-conhecer-tudo-o-que-ouvi-de-meu-pai\/","og_locale":"pt_BR","og_type":"article","og_title":"05\/05 - Eu vos chamo amigos, porque vos dei a conhecer tudo o que ouvi de meu Pai. - Pastoral Universit\u00e1ria UniSALESIANO","og_description":"Domingo, 05 de maio de 2024. &nbsp; Evangelho (Jo 15,9-17) &nbsp; \u201cEu vos chamo amigos, porque vos dei a conhecer tudo o que ouvi de...","og_url":"https:\/\/unisale.com.br\/novo\/05-05-eu-vos-chamo-amigos-porque-vos-dei-a-conhecer-tudo-o-que-ouvi-de-meu-pai\/","og_site_name":"Pastoral Universit\u00e1ria UniSALESIANO","article_published_time":"2024-05-07T10:55:51+00:00","author":"pastoral","twitter_card":"summary_large_image","twitter_misc":{"Escrito por":"pastoral","Est. tempo de leitura":"3 minutos"},"schema":{"@context":"https:\/\/schema.org","@graph":[{"@type":"Article","@id":"https:\/\/unisale.com.br\/novo\/05-05-eu-vos-chamo-amigos-porque-vos-dei-a-conhecer-tudo-o-que-ouvi-de-meu-pai\/#article","isPartOf":{"@id":"https:\/\/unisale.com.br\/novo\/05-05-eu-vos-chamo-amigos-porque-vos-dei-a-conhecer-tudo-o-que-ouvi-de-meu-pai\/"},"author":{"name":"pastoral","@id":"https:\/\/unisale.com.br\/pastoral\/#\/schema\/person\/a16ba711a0f7dec9cb6b44563144d5a3"},"headline":"05\/05 &#8211; Eu vos chamo amigos, porque vos dei a conhecer tudo o que ouvi de meu Pai.","datePublished":"2024-05-07T10:55:51+00:00","mainEntityOfPage":{"@id":"https:\/\/unisale.com.br\/novo\/05-05-eu-vos-chamo-amigos-porque-vos-dei-a-conhecer-tudo-o-que-ouvi-de-meu-pai\/"},"wordCount":596,"image":{"@id":"https:\/\/unisale.com.br\/novo\/05-05-eu-vos-chamo-amigos-porque-vos-dei-a-conhecer-tudo-o-que-ouvi-de-meu-pai\/#primaryimage"},"thumbnailUrl":"https:\/\/unisale.com.br\/pastoral\/wp-content\/uploads\/2024\/05\/Comunidade-crista-aberta-e-acolhedora-deve-unir-se-em-comunhao-de-amizade-e-de-servico.jpg","articleSection":["Reflex\u00e3o do Evangelho"],"inLanguage":"pt-BR"},{"@type":"WebPage","@id":"https:\/\/unisale.com.br\/novo\/05-05-eu-vos-chamo-amigos-porque-vos-dei-a-conhecer-tudo-o-que-ouvi-de-meu-pai\/","url":"https:\/\/unisale.com.br\/novo\/05-05-eu-vos-chamo-amigos-porque-vos-dei-a-conhecer-tudo-o-que-ouvi-de-meu-pai\/","name":"05\/05 - Eu vos chamo amigos, porque vos dei a conhecer tudo o que ouvi de meu Pai. - Pastoral Universit\u00e1ria UniSALESIANO","isPartOf":{"@id":"https:\/\/unisale.com.br\/pastoral\/#website"},"primaryImageOfPage":{"@id":"https:\/\/unisale.com.br\/novo\/05-05-eu-vos-chamo-amigos-porque-vos-dei-a-conhecer-tudo-o-que-ouvi-de-meu-pai\/#primaryimage"},"image":{"@id":"https:\/\/unisale.com.br\/novo\/05-05-eu-vos-chamo-amigos-porque-vos-dei-a-conhecer-tudo-o-que-ouvi-de-meu-pai\/#primaryimage"},"thumbnailUrl":"https:\/\/unisale.com.br\/pastoral\/wp-content\/uploads\/2024\/05\/Comunidade-crista-aberta-e-acolhedora-deve-unir-se-em-comunhao-de-amizade-e-de-servico.jpg","datePublished":"2024-05-07T10:55:51+00:00","author":{"@id":"https:\/\/unisale.com.br\/pastoral\/#\/schema\/person\/a16ba711a0f7dec9cb6b44563144d5a3"},"inLanguage":"pt-BR","potentialAction":[{"@type":"ReadAction","target":["https:\/\/unisale.com.br\/novo\/05-05-eu-vos-chamo-amigos-porque-vos-dei-a-conhecer-tudo-o-que-ouvi-de-meu-pai\/"]}]},{"@type":"ImageObject","inLanguage":"pt-BR","@id":"https:\/\/unisale.com.br\/novo\/05-05-eu-vos-chamo-amigos-porque-vos-dei-a-conhecer-tudo-o-que-ouvi-de-meu-pai\/#primaryimage","url":"https:\/\/unisale.com.br\/pastoral\/wp-content\/uploads\/2024\/05\/Comunidade-crista-aberta-e-acolhedora-deve-unir-se-em-comunhao-de-amizade-e-de-servico.jpg","contentUrl":"https:\/\/unisale.com.br\/pastoral\/wp-content\/uploads\/2024\/05\/Comunidade-crista-aberta-e-acolhedora-deve-unir-se-em-comunhao-de-amizade-e-de-servico.jpg","width":750,"height":431},{"@type":"WebSite","@id":"https:\/\/unisale.com.br\/pastoral\/#website","url":"https:\/\/unisale.com.br\/pastoral\/","name":"Pastoral Universit\u00e1ria UniSALESIANO","description":"Site da Pastoral Universit\u00e1ria do UniSALESIANO","potentialAction":[{"@type":"SearchAction","target":{"@type":"EntryPoint","urlTemplate":"https:\/\/unisale.com.br\/pastoral\/?s={search_term_string}"},"query-input":{"@type":"PropertyValueSpecification","valueRequired":true,"valueName":"search_term_string"}}],"inLanguage":"pt-BR"},{"@type":"Person","@id":"https:\/\/unisale.com.br\/pastoral\/#\/schema\/person\/a16ba711a0f7dec9cb6b44563144d5a3","name":"pastoral","url":"https:\/\/unisale.com.br\/pastoral\/author\/pastoral\/"}]}},"_links":{"self":[{"href":"https:\/\/unisale.com.br\/pastoral\/wp-json\/wp\/v2\/posts\/9212","targetHints":{"allow":["GET"]}}],"collection":[{"href":"https:\/\/unisale.com.br\/pastoral\/wp-json\/wp\/v2\/posts"}],"about":[{"href":"https:\/\/unisale.com.br\/pastoral\/wp-json\/wp\/v2\/types\/post"}],"author":[{"embeddable":true,"href":"https:\/\/unisale.com.br\/pastoral\/wp-json\/wp\/v2\/users\/1"}],"replies":[{"embeddable":true,"href":"https:\/\/unisale.com.br\/pastoral\/wp-json\/wp\/v2\/comments?post=9212"}],"version-history":[{"count":0,"href":"https:\/\/unisale.com.br\/pastoral\/wp-json\/wp\/v2\/posts\/9212\/revisions"}],"wp:featuredmedia":[{"embeddable":true,"href":"https:\/\/unisale.com.br\/pastoral\/wp-json\/wp\/v2\/media\/9213"}],"wp:attachment":[{"href":"https:\/\/unisale.com.br\/pastoral\/wp-json\/wp\/v2\/media?parent=9212"}],"wp:term":[{"taxonomy":"category","embeddable":true,"href":"https:\/\/unisale.com.br\/pastoral\/wp-json\/wp\/v2\/categories?post=9212"},{"taxonomy":"post_tag","embeddable":true,"href":"https:\/\/unisale.com.br\/pastoral\/wp-json\/wp\/v2\/tags?post=9212"}],"curies":[{"name":"wp","href":"https:\/\/api.w.org\/{rel}","templated":true}]}}