{"id":9237,"date":"2024-05-08T10:36:12","date_gmt":"2024-05-08T10:36:12","guid":{"rendered":"https:\/\/unisale.com.br\/pastoral\/?p=9237"},"modified":"2024-05-08T10:36:12","modified_gmt":"2024-05-08T10:36:12","slug":"11-05-em-verdade-em-verdade-vos-digo-se-pedirdes-ao-pai-alguma-coisa-em-meu-nome-ele-vo-la-dara","status":"publish","type":"post","link":"https:\/\/unisale.com.br\/pastoral\/11-05-em-verdade-em-verdade-vos-digo-se-pedirdes-ao-pai-alguma-coisa-em-meu-nome-ele-vo-la-dara\/","title":{"rendered":"11\/05 &#8211; Em verdade, em verdade vos digo, se pedirdes ao Pai alguma coisa em meu nome, ele vo-la dar\u00e1."},"content":{"rendered":"<p>S\u00e1bado, 11 de maio de 2024.<\/p>\n<p>&nbsp;<\/p>\n<p>Evangelho (Jo 16,23-28)<\/p>\n<p>&nbsp;<\/p>\n<p><strong>\u201cEm verdade, em verdade vos digo, se pedirdes ao Pai alguma coisa em meu nome, ele vo-la dar\u00e1\u201d<\/strong><\/p>\n<p>&nbsp;<\/p>\n<p>Naquele tempo, disse Jesus aos seus disc\u00edpulos: <sup>23b<\/sup>\u201cEm verdade, em verdade vos digo: se pedirdes ao Pai alguma coisa em meu nome, ele vo-la dar\u00e1. <sup>24<\/sup>At\u00e9 agora nada pedistes em meu nome; pedi, e recebereis; para que a vossa alegria seja completa. <sup>25<\/sup>Disse-vos estas coisas em linguagem figurativa. Vem a hora em que n\u00e3o vos falarei mais em figuras, mas claramente vos falarei do Pai. <sup>26<\/sup>Naquele dia pedireis em meu nome, e n\u00e3o vos digo que vou pedir ao Pai por v\u00f3s, <sup>27<\/sup>pois o pr\u00f3prio Pai vos ama, porque v\u00f3s me amastes e acreditastes que eu vim da parte de Deus. <sup>28<\/sup>Eu sa\u00ed do Pai e vim ao mundo; e novamente parto do mundo e vou para o Pai\u201d.<\/p>\n<p>&nbsp;<\/p>\n<p><strong>Reflex\u00e3o<\/strong><\/p>\n<p>&nbsp;<\/p>\n<p>No evangelho de hoje nos \u00e9 revelado o segredo de toda ora\u00e7\u00e3o: \u201cEm verdade, em verdade vos digo: se pedirdes ao Pai alguma coisa em meu nome, ele vo-la dar\u00e1. At\u00e9 agora nada pedistes em meu nome; pedi, e recebereis; para que a vossa alegria seja completa\u201d. Cada ora\u00e7\u00e3o s\u00f3 \u00e9 ora\u00e7\u00e3o se \u00e9 ora\u00e7\u00e3o do Filho. Pedir em seu nome significa assumir diante de Deus a mesma posi\u00e7\u00e3o de Jesus. Deus n\u00e3o rejeita nada de bom ao Filho porque o ama. Jesus tornou cada um de n\u00f3s como Ele: filhos \u00fanicos. E basta recordar-se disto para entendermos que o objetivo de toda ora\u00e7\u00e3o \u00e9 nos dar a verdadeira alegria. Muitas vezes, no entanto, as nossas ora\u00e7\u00f5es parecem mais s\u00faplicas colocadas ali com a \u00e2nsia, o desespero de sermos escutados. N\u00e3o precisamos pensar jamais que Deus precisa ser convencido sobre o nosso bem, ao contr\u00e1rio, somos n\u00f3s que devemos nos convencer que somos amados em todos os detalhes por Ele. Nem sempre, por\u00e9m, aquilo que pensamos ser para n\u00f3s um bem n\u00f3s o recebemos. \u00c9 nesta hora que a nossa f\u00e9 deve se tornar mais decidida e forte. Tamb\u00e9m Jesus ora no Getsemani para ser libertado da morte, e parece que Deus n\u00e3o o escute. Mas Jesus confia no Pai, tamb\u00e9m se tem a sensa\u00e7\u00e3o de ter sido abandonado, e ao final, \u00e9 justamente esta confian\u00e7a que faz entender de ter recebido o melhor. Tamb\u00e9m n\u00f3s precisamos aprender este tipo de convers\u00e3o. Tamb\u00e9m n\u00f3s devemos deixar que Jesus nos fale claramente de Deus rompendo todas as imagens falsas que criamos Dele: <sup>\u201c<\/sup>Disse-vos estas coisas em linguagem figurativa. Vem a hora em que n\u00e3o vos falarei mais em figuras, mas claramente vos falarei do Pai. Naquele dia pedireis em meu nome, e n\u00e3o vos digo que vou pedir ao Pai por v\u00f3s, pois o pr\u00f3prio Pai vos ama, porque v\u00f3s me amastes e acreditastes que eu vim da parte de Deus\u201d. A vida espiritual e aprender a levantar o v\u00e9u que est\u00e1 sobre Deus e come\u00e7ar a falar com Ele e n\u00e3o mais simplesmente falar Dele na terceira pessoa. Jesus nos anuncia isto. Vir\u00e1 o dia no qual seremos convencidos de sermos amados e que n\u00e3o perguntaremos mais nada simplesmente porque o amor sabe de que coisa precisamos sem que precisemos abrir a boca.<\/p>\n<p><strong>Pe. Paulo Eduardo J\u00e1como, SDB.<\/strong><\/p>\n","protected":false},"excerpt":{"rendered":"<p>S\u00e1bado, 11 de maio de 2024. &nbsp; Evangelho (Jo 16,23-28) &nbsp; \u201cEm verdade, em verdade vos digo, se pedirdes ao Pai alguma coisa em meu&#8230;<\/p>\n","protected":false},"author":1,"featured_media":9238,"comment_status":"closed","ping_status":"closed","sticky":false,"template":"","format":"standard","meta":{"_acf_changed":false,"footnotes":""},"categories":[13],"tags":[],"class_list":["post-9237","post","type-post","status-publish","format-standard","has-post-thumbnail","hentry","category-reflexaodoevagelho"],"acf":[],"yoast_head":"<!-- This site is optimized with the Yoast SEO plugin v27.3 - https:\/\/yoast.com\/product\/yoast-seo-wordpress\/ -->\n<title>11\/05 - Em verdade, em verdade vos digo, se pedirdes ao Pai alguma coisa em meu nome, ele vo-la dar\u00e1. - Pastoral Universit\u00e1ria UniSALESIANO<\/title>\n<meta name=\"robots\" content=\"index, follow, max-snippet:-1, max-image-preview:large, max-video-preview:-1\" \/>\n<link rel=\"canonical\" href=\"https:\/\/unisale.com.br\/novo\/11-05-em-verdade-em-verdade-vos-digo-se-pedirdes-ao-pai-alguma-coisa-em-meu-nome-ele-vo-la-dara\/\" \/>\n<meta property=\"og:locale\" content=\"pt_BR\" \/>\n<meta property=\"og:type\" content=\"article\" \/>\n<meta property=\"og:title\" content=\"11\/05 - Em verdade, em verdade vos digo, se pedirdes ao Pai alguma coisa em meu nome, ele vo-la dar\u00e1. - Pastoral Universit\u00e1ria UniSALESIANO\" \/>\n<meta property=\"og:description\" content=\"S\u00e1bado, 11 de maio de 2024. &nbsp; Evangelho (Jo 16,23-28) &nbsp; \u201cEm verdade, em verdade vos digo, se pedirdes ao Pai alguma coisa em meu...\" \/>\n<meta property=\"og:url\" content=\"https:\/\/unisale.com.br\/novo\/11-05-em-verdade-em-verdade-vos-digo-se-pedirdes-ao-pai-alguma-coisa-em-meu-nome-ele-vo-la-dara\/\" \/>\n<meta property=\"og:site_name\" content=\"Pastoral Universit\u00e1ria UniSALESIANO\" \/>\n<meta property=\"article:published_time\" content=\"2024-05-08T10:36:12+00:00\" \/>\n<meta name=\"author\" content=\"pastoral\" \/>\n<meta name=\"twitter:card\" content=\"summary_large_image\" \/>\n<meta name=\"twitter:label1\" content=\"Escrito por\" \/>\n\t<meta name=\"twitter:data1\" content=\"pastoral\" \/>\n\t<meta name=\"twitter:label2\" content=\"Est. tempo de leitura\" \/>\n\t<meta name=\"twitter:data2\" content=\"3 minutos\" \/>\n<script type=\"application\/ld+json\" class=\"yoast-schema-graph\">{\"@context\":\"https:\\\/\\\/schema.org\",\"@graph\":[{\"@type\":\"Article\",\"@id\":\"https:\\\/\\\/unisale.com.br\\\/novo\\\/11-05-em-verdade-em-verdade-vos-digo-se-pedirdes-ao-pai-alguma-coisa-em-meu-nome-ele-vo-la-dara\\\/#article\",\"isPartOf\":{\"@id\":\"https:\\\/\\\/unisale.com.br\\\/novo\\\/11-05-em-verdade-em-verdade-vos-digo-se-pedirdes-ao-pai-alguma-coisa-em-meu-nome-ele-vo-la-dara\\\/\"},\"author\":{\"name\":\"pastoral\",\"@id\":\"https:\\\/\\\/unisale.com.br\\\/pastoral\\\/#\\\/schema\\\/person\\\/a16ba711a0f7dec9cb6b44563144d5a3\"},\"headline\":\"11\\\/05 &#8211; Em verdade, em verdade vos digo, se pedirdes ao Pai alguma coisa em meu nome, ele vo-la dar\u00e1.\",\"datePublished\":\"2024-05-08T10:36:12+00:00\",\"mainEntityOfPage\":{\"@id\":\"https:\\\/\\\/unisale.com.br\\\/novo\\\/11-05-em-verdade-em-verdade-vos-digo-se-pedirdes-ao-pai-alguma-coisa-em-meu-nome-ele-vo-la-dara\\\/\"},\"wordCount\":596,\"image\":{\"@id\":\"https:\\\/\\\/unisale.com.br\\\/novo\\\/11-05-em-verdade-em-verdade-vos-digo-se-pedirdes-ao-pai-alguma-coisa-em-meu-nome-ele-vo-la-dara\\\/#primaryimage\"},\"thumbnailUrl\":\"https:\\\/\\\/unisale.com.br\\\/pastoral\\\/wp-content\\\/uploads\\\/2024\\\/05\\\/artworks-000543414606-qvdhrd-t500x500.jpg\",\"articleSection\":[\"Reflex\u00e3o do Evangelho\"],\"inLanguage\":\"pt-BR\"},{\"@type\":\"WebPage\",\"@id\":\"https:\\\/\\\/unisale.com.br\\\/novo\\\/11-05-em-verdade-em-verdade-vos-digo-se-pedirdes-ao-pai-alguma-coisa-em-meu-nome-ele-vo-la-dara\\\/\",\"url\":\"https:\\\/\\\/unisale.com.br\\\/novo\\\/11-05-em-verdade-em-verdade-vos-digo-se-pedirdes-ao-pai-alguma-coisa-em-meu-nome-ele-vo-la-dara\\\/\",\"name\":\"11\\\/05 - Em verdade, em verdade vos digo, se pedirdes ao Pai alguma coisa em meu nome, ele vo-la dar\u00e1. - Pastoral Universit\u00e1ria UniSALESIANO\",\"isPartOf\":{\"@id\":\"https:\\\/\\\/unisale.com.br\\\/pastoral\\\/#website\"},\"primaryImageOfPage\":{\"@id\":\"https:\\\/\\\/unisale.com.br\\\/novo\\\/11-05-em-verdade-em-verdade-vos-digo-se-pedirdes-ao-pai-alguma-coisa-em-meu-nome-ele-vo-la-dara\\\/#primaryimage\"},\"image\":{\"@id\":\"https:\\\/\\\/unisale.com.br\\\/novo\\\/11-05-em-verdade-em-verdade-vos-digo-se-pedirdes-ao-pai-alguma-coisa-em-meu-nome-ele-vo-la-dara\\\/#primaryimage\"},\"thumbnailUrl\":\"https:\\\/\\\/unisale.com.br\\\/pastoral\\\/wp-content\\\/uploads\\\/2024\\\/05\\\/artworks-000543414606-qvdhrd-t500x500.jpg\",\"datePublished\":\"2024-05-08T10:36:12+00:00\",\"author\":{\"@id\":\"https:\\\/\\\/unisale.com.br\\\/pastoral\\\/#\\\/schema\\\/person\\\/a16ba711a0f7dec9cb6b44563144d5a3\"},\"inLanguage\":\"pt-BR\",\"potentialAction\":[{\"@type\":\"ReadAction\",\"target\":[\"https:\\\/\\\/unisale.com.br\\\/novo\\\/11-05-em-verdade-em-verdade-vos-digo-se-pedirdes-ao-pai-alguma-coisa-em-meu-nome-ele-vo-la-dara\\\/\"]}]},{\"@type\":\"ImageObject\",\"inLanguage\":\"pt-BR\",\"@id\":\"https:\\\/\\\/unisale.com.br\\\/novo\\\/11-05-em-verdade-em-verdade-vos-digo-se-pedirdes-ao-pai-alguma-coisa-em-meu-nome-ele-vo-la-dara\\\/#primaryimage\",\"url\":\"https:\\\/\\\/unisale.com.br\\\/pastoral\\\/wp-content\\\/uploads\\\/2024\\\/05\\\/artworks-000543414606-qvdhrd-t500x500.jpg\",\"contentUrl\":\"https:\\\/\\\/unisale.com.br\\\/pastoral\\\/wp-content\\\/uploads\\\/2024\\\/05\\\/artworks-000543414606-qvdhrd-t500x500.jpg\",\"width\":500,\"height\":500},{\"@type\":\"WebSite\",\"@id\":\"https:\\\/\\\/unisale.com.br\\\/pastoral\\\/#website\",\"url\":\"https:\\\/\\\/unisale.com.br\\\/pastoral\\\/\",\"name\":\"Pastoral Universit\u00e1ria UniSALESIANO\",\"description\":\"Site da Pastoral Universit\u00e1ria do UniSALESIANO\",\"potentialAction\":[{\"@type\":\"SearchAction\",\"target\":{\"@type\":\"EntryPoint\",\"urlTemplate\":\"https:\\\/\\\/unisale.com.br\\\/pastoral\\\/?s={search_term_string}\"},\"query-input\":{\"@type\":\"PropertyValueSpecification\",\"valueRequired\":true,\"valueName\":\"search_term_string\"}}],\"inLanguage\":\"pt-BR\"},{\"@type\":\"Person\",\"@id\":\"https:\\\/\\\/unisale.com.br\\\/pastoral\\\/#\\\/schema\\\/person\\\/a16ba711a0f7dec9cb6b44563144d5a3\",\"name\":\"pastoral\",\"url\":\"https:\\\/\\\/unisale.com.br\\\/pastoral\\\/author\\\/pastoral\\\/\"}]}<\/script>\n<!-- \/ Yoast SEO plugin. -->","yoast_head_json":{"title":"11\/05 - Em verdade, em verdade vos digo, se pedirdes ao Pai alguma coisa em meu nome, ele vo-la dar\u00e1. - Pastoral Universit\u00e1ria UniSALESIANO","robots":{"index":"index","follow":"follow","max-snippet":"max-snippet:-1","max-image-preview":"max-image-preview:large","max-video-preview":"max-video-preview:-1"},"canonical":"https:\/\/unisale.com.br\/novo\/11-05-em-verdade-em-verdade-vos-digo-se-pedirdes-ao-pai-alguma-coisa-em-meu-nome-ele-vo-la-dara\/","og_locale":"pt_BR","og_type":"article","og_title":"11\/05 - Em verdade, em verdade vos digo, se pedirdes ao Pai alguma coisa em meu nome, ele vo-la dar\u00e1. - Pastoral Universit\u00e1ria UniSALESIANO","og_description":"S\u00e1bado, 11 de maio de 2024. &nbsp; Evangelho (Jo 16,23-28) &nbsp; \u201cEm verdade, em verdade vos digo, se pedirdes ao Pai alguma coisa em meu...","og_url":"https:\/\/unisale.com.br\/novo\/11-05-em-verdade-em-verdade-vos-digo-se-pedirdes-ao-pai-alguma-coisa-em-meu-nome-ele-vo-la-dara\/","og_site_name":"Pastoral Universit\u00e1ria UniSALESIANO","article_published_time":"2024-05-08T10:36:12+00:00","author":"pastoral","twitter_card":"summary_large_image","twitter_misc":{"Escrito por":"pastoral","Est. tempo de leitura":"3 minutos"},"schema":{"@context":"https:\/\/schema.org","@graph":[{"@type":"Article","@id":"https:\/\/unisale.com.br\/novo\/11-05-em-verdade-em-verdade-vos-digo-se-pedirdes-ao-pai-alguma-coisa-em-meu-nome-ele-vo-la-dara\/#article","isPartOf":{"@id":"https:\/\/unisale.com.br\/novo\/11-05-em-verdade-em-verdade-vos-digo-se-pedirdes-ao-pai-alguma-coisa-em-meu-nome-ele-vo-la-dara\/"},"author":{"name":"pastoral","@id":"https:\/\/unisale.com.br\/pastoral\/#\/schema\/person\/a16ba711a0f7dec9cb6b44563144d5a3"},"headline":"11\/05 &#8211; Em verdade, em verdade vos digo, se pedirdes ao Pai alguma coisa em meu nome, ele vo-la dar\u00e1.","datePublished":"2024-05-08T10:36:12+00:00","mainEntityOfPage":{"@id":"https:\/\/unisale.com.br\/novo\/11-05-em-verdade-em-verdade-vos-digo-se-pedirdes-ao-pai-alguma-coisa-em-meu-nome-ele-vo-la-dara\/"},"wordCount":596,"image":{"@id":"https:\/\/unisale.com.br\/novo\/11-05-em-verdade-em-verdade-vos-digo-se-pedirdes-ao-pai-alguma-coisa-em-meu-nome-ele-vo-la-dara\/#primaryimage"},"thumbnailUrl":"https:\/\/unisale.com.br\/pastoral\/wp-content\/uploads\/2024\/05\/artworks-000543414606-qvdhrd-t500x500.jpg","articleSection":["Reflex\u00e3o do Evangelho"],"inLanguage":"pt-BR"},{"@type":"WebPage","@id":"https:\/\/unisale.com.br\/novo\/11-05-em-verdade-em-verdade-vos-digo-se-pedirdes-ao-pai-alguma-coisa-em-meu-nome-ele-vo-la-dara\/","url":"https:\/\/unisale.com.br\/novo\/11-05-em-verdade-em-verdade-vos-digo-se-pedirdes-ao-pai-alguma-coisa-em-meu-nome-ele-vo-la-dara\/","name":"11\/05 - Em verdade, em verdade vos digo, se pedirdes ao Pai alguma coisa em meu nome, ele vo-la dar\u00e1. - Pastoral Universit\u00e1ria UniSALESIANO","isPartOf":{"@id":"https:\/\/unisale.com.br\/pastoral\/#website"},"primaryImageOfPage":{"@id":"https:\/\/unisale.com.br\/novo\/11-05-em-verdade-em-verdade-vos-digo-se-pedirdes-ao-pai-alguma-coisa-em-meu-nome-ele-vo-la-dara\/#primaryimage"},"image":{"@id":"https:\/\/unisale.com.br\/novo\/11-05-em-verdade-em-verdade-vos-digo-se-pedirdes-ao-pai-alguma-coisa-em-meu-nome-ele-vo-la-dara\/#primaryimage"},"thumbnailUrl":"https:\/\/unisale.com.br\/pastoral\/wp-content\/uploads\/2024\/05\/artworks-000543414606-qvdhrd-t500x500.jpg","datePublished":"2024-05-08T10:36:12+00:00","author":{"@id":"https:\/\/unisale.com.br\/pastoral\/#\/schema\/person\/a16ba711a0f7dec9cb6b44563144d5a3"},"inLanguage":"pt-BR","potentialAction":[{"@type":"ReadAction","target":["https:\/\/unisale.com.br\/novo\/11-05-em-verdade-em-verdade-vos-digo-se-pedirdes-ao-pai-alguma-coisa-em-meu-nome-ele-vo-la-dara\/"]}]},{"@type":"ImageObject","inLanguage":"pt-BR","@id":"https:\/\/unisale.com.br\/novo\/11-05-em-verdade-em-verdade-vos-digo-se-pedirdes-ao-pai-alguma-coisa-em-meu-nome-ele-vo-la-dara\/#primaryimage","url":"https:\/\/unisale.com.br\/pastoral\/wp-content\/uploads\/2024\/05\/artworks-000543414606-qvdhrd-t500x500.jpg","contentUrl":"https:\/\/unisale.com.br\/pastoral\/wp-content\/uploads\/2024\/05\/artworks-000543414606-qvdhrd-t500x500.jpg","width":500,"height":500},{"@type":"WebSite","@id":"https:\/\/unisale.com.br\/pastoral\/#website","url":"https:\/\/unisale.com.br\/pastoral\/","name":"Pastoral Universit\u00e1ria UniSALESIANO","description":"Site da Pastoral Universit\u00e1ria do UniSALESIANO","potentialAction":[{"@type":"SearchAction","target":{"@type":"EntryPoint","urlTemplate":"https:\/\/unisale.com.br\/pastoral\/?s={search_term_string}"},"query-input":{"@type":"PropertyValueSpecification","valueRequired":true,"valueName":"search_term_string"}}],"inLanguage":"pt-BR"},{"@type":"Person","@id":"https:\/\/unisale.com.br\/pastoral\/#\/schema\/person\/a16ba711a0f7dec9cb6b44563144d5a3","name":"pastoral","url":"https:\/\/unisale.com.br\/pastoral\/author\/pastoral\/"}]}},"_links":{"self":[{"href":"https:\/\/unisale.com.br\/pastoral\/wp-json\/wp\/v2\/posts\/9237","targetHints":{"allow":["GET"]}}],"collection":[{"href":"https:\/\/unisale.com.br\/pastoral\/wp-json\/wp\/v2\/posts"}],"about":[{"href":"https:\/\/unisale.com.br\/pastoral\/wp-json\/wp\/v2\/types\/post"}],"author":[{"embeddable":true,"href":"https:\/\/unisale.com.br\/pastoral\/wp-json\/wp\/v2\/users\/1"}],"replies":[{"embeddable":true,"href":"https:\/\/unisale.com.br\/pastoral\/wp-json\/wp\/v2\/comments?post=9237"}],"version-history":[{"count":0,"href":"https:\/\/unisale.com.br\/pastoral\/wp-json\/wp\/v2\/posts\/9237\/revisions"}],"wp:featuredmedia":[{"embeddable":true,"href":"https:\/\/unisale.com.br\/pastoral\/wp-json\/wp\/v2\/media\/9238"}],"wp:attachment":[{"href":"https:\/\/unisale.com.br\/pastoral\/wp-json\/wp\/v2\/media?parent=9237"}],"wp:term":[{"taxonomy":"category","embeddable":true,"href":"https:\/\/unisale.com.br\/pastoral\/wp-json\/wp\/v2\/categories?post=9237"},{"taxonomy":"post_tag","embeddable":true,"href":"https:\/\/unisale.com.br\/pastoral\/wp-json\/wp\/v2\/tags?post=9237"}],"curies":[{"name":"wp","href":"https:\/\/api.w.org\/{rel}","templated":true}]}}