{"id":9253,"date":"2024-05-08T13:05:48","date_gmt":"2024-05-08T13:05:48","guid":{"rendered":"https:\/\/unisale.com.br\/pastoral\/?p=9253"},"modified":"2024-05-08T13:05:48","modified_gmt":"2024-05-08T13:05:48","slug":"15-05-como-tu-me-enviaste-ao-mundo-assim-tambem-eu-os-enviei-ao-mundo","status":"publish","type":"post","link":"https:\/\/unisale.com.br\/pastoral\/15-05-como-tu-me-enviaste-ao-mundo-assim-tambem-eu-os-enviei-ao-mundo\/","title":{"rendered":"15\/05 &#8211; Como tu me enviaste ao mundo, assim tamb\u00e9m eu os enviei ao mundo."},"content":{"rendered":"<p>Quarta-feira, 15 de maio de 2024.<\/p>\n<p><strong>Evangelho (Jo 17,11-19)<\/strong><\/p>\n<p><strong>\u00a0<\/strong><\/p>\n<p><strong><em>\u201cComo tu me enviaste ao mundo, assim tamb\u00e9m eu os enviei ao mundo.\u201d<\/em><\/strong><\/p>\n<p>Naquele tempo, Jesus ergueu os olhos para o c\u00e9u e rezou, dizendo: <sup>11b<\/sup>\u201cPai santo, guarda-os em teu nome, o nome que me deste, para que eles sejam um assim como n\u00f3s somos um. <sup>12<\/sup>Quando eu estava com eles, guardava-os em teu nome, o nome que me deste. Eu os guardei e nenhum deles se perdeu, a n\u00e3o ser o filho da perdi\u00e7\u00e3o, para se cumprir a Escritura. <sup>13<\/sup>Agora, eu vou para junto de ti, e digo estas coisas, estando ainda no mundo, para que eles tenham em si a minha alegria plenamente realizada. <sup>14<\/sup>Eu lhes dei a tua palavra, mas o mundo os rejeitou, porque n\u00e3o s\u00e3o do mundo, como eu n\u00e3o sou do mundo. <sup>15<\/sup>N\u00e3o te pe\u00e7o que os tires do mundo, mas que os guardes do Maligno. <sup>16<\/sup>Eles n\u00e3o s\u00e3o do mundo, como eu n\u00e3o sou do mundo. <sup>17<\/sup>Consagra-os na verdade; a tua palavra \u00e9 verdade. <sup>18<\/sup>Como tu me enviaste ao mundo, assim tamb\u00e9m eu os enviei ao mundo. <sup>19<\/sup>Eu me consagro por eles, a fim de que eles tamb\u00e9m sejam consagrados na verdade\u201d.<\/p>\n<p>&nbsp;<\/p>\n<p><strong>Reflex\u00e3o<\/strong><\/p>\n<p>No ontem e no hoje a humanidade vive esta busca pela felicidade verdadeira. Muito at\u00e9 vivem experi\u00eancias muito negativas achando que encontraram a felicidade e, por fim, passado tudo, descobrem-se ainda mais tristes e vazios, pois a tudo o que viveram se agregam o arrependimento e a incompreens\u00e3o por parte de outros. Buscar a felicidade sem trilhar o caminho e as condi\u00e7\u00f5es indicadas por Jesus s\u00f3 pode nos conduzir a uma infelicidade ainda mais profunda.<\/p>\n<p>Jesus se preocupa com o estado de \u00e2nimo que ficar\u00e3o os disc\u00edpulos quando \u201ctudo estiver consumado!\u201d. Ent\u00e3o, Ele eleva a sua prece ao Pai e pede pelos seus. Jesus quer que os disc\u00edpulos tenham em si a sua alegria que \u00e9 plena e verdadeira. Ele deseja tamb\u00e9m encher-nos de alegria, mas isso n\u00e3o significa que n\u00e3o teremos tamb\u00e9m as nossas \u201ccruzes\u201d, pois ele nos lembra que o mundo odeia o que vem Dele. Mas ele quer que \u201cpermane\u00e7amos na sua alegria\u201d, apesar de tudo, sem nos preocuparmos com o que o mundo possa pensar de n\u00f3s. A alegria de Jesus deve entrar no \u00edntimo do nosso ser, evitando que as realidades superficiais do mundo sem Deus nos conduza. Esta alegria duradoura e revitalizante nos vem do pr\u00f3prio Jesus. Ele \u00e9 o \u00fanico que nos pode dar a verdadeira felicidade.<\/p>\n<p>Jesus reza pelos seus disc\u00edpulos. Reza por todos que se consagram a Deus, ali\u00e1s, ele os transfere para a propriedade de Deus: \u201cPai Santo, guarda-os em teu nome&#8230;\u201d. Pr\u00f3ximo de viver o momento da sua paix\u00e3o e morte, n\u00e3o pensa em si mesmo, n\u00e3o se preocupa com o seu pr\u00f3prio destino, mas sua aten\u00e7\u00e3o \u00e9 toda para a vida e para a felicidade dos seus disc\u00edpulos. Eles se tornam o centro de seus pensamentos e de seus desejos. Ao Senhor que se prepara para o seu \u00faltimo combate contra o \u201cpoder das trevas\u201d (Lc 22,53) n\u00e3o lhe escapa o perigo que amea\u00e7a os seus disc\u00edpulos e que amea\u00e7a tamb\u00e9m a n\u00f3s. Por isso Jesus reza com confian\u00e7a: \u201cN\u00e3o te pe\u00e7o que os tire de mundo, mas que os guarde do maligno\u201d (Jo 17,15). O Senhor n\u00e3o nos tira fora da din\u00e2mica da hist\u00f3ria, nos d\u00e1 somente a possibilidade de vive-la como consagrados na verdade. Isto significa que somos chamados a estar na hist\u00f3ria mostrando uma l\u00f3gica diferente da que o mundo vive. Entender o que significa este \u201cestilo diferente\u201d do ser crist\u00e3o e aprender a viv\u00ea-lo com humildade, sem convardia ou fanatismo, \u00e9 o nosso verdadeiro empenho cotidiano.<\/p>\n<p>&nbsp;<\/p>\n<p>&nbsp;<\/p>\n<p><strong>Pe. Paulo Eduardo J\u00e1como, SDB.<\/strong><\/p>\n","protected":false},"excerpt":{"rendered":"<p>Quarta-feira, 15 de maio de 2024. Evangelho (Jo 17,11-19) \u00a0 \u201cComo tu me enviaste ao mundo, assim tamb\u00e9m eu os enviei ao mundo.\u201d Naquele tempo,&#8230;<\/p>\n","protected":false},"author":1,"featured_media":9254,"comment_status":"closed","ping_status":"closed","sticky":false,"template":"","format":"standard","meta":{"_acf_changed":false,"footnotes":""},"categories":[13],"tags":[],"class_list":["post-9253","post","type-post","status-publish","format-standard","has-post-thumbnail","hentry","category-reflexaodoevagelho"],"acf":[],"yoast_head":"<!-- This site is optimized with the Yoast SEO plugin v27.3 - https:\/\/yoast.com\/product\/yoast-seo-wordpress\/ -->\n<title>15\/05 - Como tu me enviaste ao mundo, assim tamb\u00e9m eu os enviei ao mundo. - Pastoral Universit\u00e1ria UniSALESIANO<\/title>\n<meta name=\"robots\" content=\"index, follow, max-snippet:-1, max-image-preview:large, max-video-preview:-1\" \/>\n<link rel=\"canonical\" href=\"https:\/\/unisale.com.br\/novo\/15-05-como-tu-me-enviaste-ao-mundo-assim-tambem-eu-os-enviei-ao-mundo\/\" \/>\n<meta property=\"og:locale\" content=\"pt_BR\" \/>\n<meta property=\"og:type\" content=\"article\" \/>\n<meta property=\"og:title\" content=\"15\/05 - Como tu me enviaste ao mundo, assim tamb\u00e9m eu os enviei ao mundo. - Pastoral Universit\u00e1ria UniSALESIANO\" \/>\n<meta property=\"og:description\" content=\"Quarta-feira, 15 de maio de 2024. Evangelho (Jo 17,11-19) \u00a0 \u201cComo tu me enviaste ao mundo, assim tamb\u00e9m eu os enviei ao mundo.\u201d Naquele tempo,...\" \/>\n<meta property=\"og:url\" content=\"https:\/\/unisale.com.br\/novo\/15-05-como-tu-me-enviaste-ao-mundo-assim-tambem-eu-os-enviei-ao-mundo\/\" \/>\n<meta property=\"og:site_name\" content=\"Pastoral Universit\u00e1ria UniSALESIANO\" \/>\n<meta property=\"article:published_time\" content=\"2024-05-08T13:05:48+00:00\" \/>\n<meta name=\"author\" content=\"pastoral\" \/>\n<meta name=\"twitter:card\" content=\"summary_large_image\" \/>\n<meta name=\"twitter:label1\" content=\"Escrito por\" \/>\n\t<meta name=\"twitter:data1\" content=\"pastoral\" \/>\n\t<meta name=\"twitter:label2\" content=\"Est. tempo de leitura\" \/>\n\t<meta name=\"twitter:data2\" content=\"3 minutos\" \/>\n<script type=\"application\/ld+json\" class=\"yoast-schema-graph\">{\"@context\":\"https:\\\/\\\/schema.org\",\"@graph\":[{\"@type\":\"Article\",\"@id\":\"https:\\\/\\\/unisale.com.br\\\/novo\\\/15-05-como-tu-me-enviaste-ao-mundo-assim-tambem-eu-os-enviei-ao-mundo\\\/#article\",\"isPartOf\":{\"@id\":\"https:\\\/\\\/unisale.com.br\\\/novo\\\/15-05-como-tu-me-enviaste-ao-mundo-assim-tambem-eu-os-enviei-ao-mundo\\\/\"},\"author\":{\"name\":\"pastoral\",\"@id\":\"https:\\\/\\\/unisale.com.br\\\/pastoral\\\/#\\\/schema\\\/person\\\/a16ba711a0f7dec9cb6b44563144d5a3\"},\"headline\":\"15\\\/05 &#8211; Como tu me enviaste ao mundo, assim tamb\u00e9m eu os enviei ao mundo.\",\"datePublished\":\"2024-05-08T13:05:48+00:00\",\"mainEntityOfPage\":{\"@id\":\"https:\\\/\\\/unisale.com.br\\\/novo\\\/15-05-como-tu-me-enviaste-ao-mundo-assim-tambem-eu-os-enviei-ao-mundo\\\/\"},\"wordCount\":682,\"image\":{\"@id\":\"https:\\\/\\\/unisale.com.br\\\/novo\\\/15-05-como-tu-me-enviaste-ao-mundo-assim-tambem-eu-os-enviei-ao-mundo\\\/#primaryimage\"},\"thumbnailUrl\":\"https:\\\/\\\/unisale.com.br\\\/pastoral\\\/wp-content\\\/uploads\\\/2024\\\/05\\\/download-3.jpeg\",\"articleSection\":[\"Reflex\u00e3o do Evangelho\"],\"inLanguage\":\"pt-BR\"},{\"@type\":\"WebPage\",\"@id\":\"https:\\\/\\\/unisale.com.br\\\/novo\\\/15-05-como-tu-me-enviaste-ao-mundo-assim-tambem-eu-os-enviei-ao-mundo\\\/\",\"url\":\"https:\\\/\\\/unisale.com.br\\\/novo\\\/15-05-como-tu-me-enviaste-ao-mundo-assim-tambem-eu-os-enviei-ao-mundo\\\/\",\"name\":\"15\\\/05 - Como tu me enviaste ao mundo, assim tamb\u00e9m eu os enviei ao mundo. - Pastoral Universit\u00e1ria UniSALESIANO\",\"isPartOf\":{\"@id\":\"https:\\\/\\\/unisale.com.br\\\/pastoral\\\/#website\"},\"primaryImageOfPage\":{\"@id\":\"https:\\\/\\\/unisale.com.br\\\/novo\\\/15-05-como-tu-me-enviaste-ao-mundo-assim-tambem-eu-os-enviei-ao-mundo\\\/#primaryimage\"},\"image\":{\"@id\":\"https:\\\/\\\/unisale.com.br\\\/novo\\\/15-05-como-tu-me-enviaste-ao-mundo-assim-tambem-eu-os-enviei-ao-mundo\\\/#primaryimage\"},\"thumbnailUrl\":\"https:\\\/\\\/unisale.com.br\\\/pastoral\\\/wp-content\\\/uploads\\\/2024\\\/05\\\/download-3.jpeg\",\"datePublished\":\"2024-05-08T13:05:48+00:00\",\"author\":{\"@id\":\"https:\\\/\\\/unisale.com.br\\\/pastoral\\\/#\\\/schema\\\/person\\\/a16ba711a0f7dec9cb6b44563144d5a3\"},\"inLanguage\":\"pt-BR\",\"potentialAction\":[{\"@type\":\"ReadAction\",\"target\":[\"https:\\\/\\\/unisale.com.br\\\/novo\\\/15-05-como-tu-me-enviaste-ao-mundo-assim-tambem-eu-os-enviei-ao-mundo\\\/\"]}]},{\"@type\":\"ImageObject\",\"inLanguage\":\"pt-BR\",\"@id\":\"https:\\\/\\\/unisale.com.br\\\/novo\\\/15-05-como-tu-me-enviaste-ao-mundo-assim-tambem-eu-os-enviei-ao-mundo\\\/#primaryimage\",\"url\":\"https:\\\/\\\/unisale.com.br\\\/pastoral\\\/wp-content\\\/uploads\\\/2024\\\/05\\\/download-3.jpeg\",\"contentUrl\":\"https:\\\/\\\/unisale.com.br\\\/pastoral\\\/wp-content\\\/uploads\\\/2024\\\/05\\\/download-3.jpeg\",\"width\":275,\"height\":183},{\"@type\":\"WebSite\",\"@id\":\"https:\\\/\\\/unisale.com.br\\\/pastoral\\\/#website\",\"url\":\"https:\\\/\\\/unisale.com.br\\\/pastoral\\\/\",\"name\":\"Pastoral Universit\u00e1ria UniSALESIANO\",\"description\":\"Site da Pastoral Universit\u00e1ria do UniSALESIANO\",\"potentialAction\":[{\"@type\":\"SearchAction\",\"target\":{\"@type\":\"EntryPoint\",\"urlTemplate\":\"https:\\\/\\\/unisale.com.br\\\/pastoral\\\/?s={search_term_string}\"},\"query-input\":{\"@type\":\"PropertyValueSpecification\",\"valueRequired\":true,\"valueName\":\"search_term_string\"}}],\"inLanguage\":\"pt-BR\"},{\"@type\":\"Person\",\"@id\":\"https:\\\/\\\/unisale.com.br\\\/pastoral\\\/#\\\/schema\\\/person\\\/a16ba711a0f7dec9cb6b44563144d5a3\",\"name\":\"pastoral\",\"url\":\"https:\\\/\\\/unisale.com.br\\\/pastoral\\\/author\\\/pastoral\\\/\"}]}<\/script>\n<!-- \/ Yoast SEO plugin. -->","yoast_head_json":{"title":"15\/05 - Como tu me enviaste ao mundo, assim tamb\u00e9m eu os enviei ao mundo. - Pastoral Universit\u00e1ria UniSALESIANO","robots":{"index":"index","follow":"follow","max-snippet":"max-snippet:-1","max-image-preview":"max-image-preview:large","max-video-preview":"max-video-preview:-1"},"canonical":"https:\/\/unisale.com.br\/novo\/15-05-como-tu-me-enviaste-ao-mundo-assim-tambem-eu-os-enviei-ao-mundo\/","og_locale":"pt_BR","og_type":"article","og_title":"15\/05 - Como tu me enviaste ao mundo, assim tamb\u00e9m eu os enviei ao mundo. - Pastoral Universit\u00e1ria UniSALESIANO","og_description":"Quarta-feira, 15 de maio de 2024. Evangelho (Jo 17,11-19) \u00a0 \u201cComo tu me enviaste ao mundo, assim tamb\u00e9m eu os enviei ao mundo.\u201d Naquele tempo,...","og_url":"https:\/\/unisale.com.br\/novo\/15-05-como-tu-me-enviaste-ao-mundo-assim-tambem-eu-os-enviei-ao-mundo\/","og_site_name":"Pastoral Universit\u00e1ria UniSALESIANO","article_published_time":"2024-05-08T13:05:48+00:00","author":"pastoral","twitter_card":"summary_large_image","twitter_misc":{"Escrito por":"pastoral","Est. tempo de leitura":"3 minutos"},"schema":{"@context":"https:\/\/schema.org","@graph":[{"@type":"Article","@id":"https:\/\/unisale.com.br\/novo\/15-05-como-tu-me-enviaste-ao-mundo-assim-tambem-eu-os-enviei-ao-mundo\/#article","isPartOf":{"@id":"https:\/\/unisale.com.br\/novo\/15-05-como-tu-me-enviaste-ao-mundo-assim-tambem-eu-os-enviei-ao-mundo\/"},"author":{"name":"pastoral","@id":"https:\/\/unisale.com.br\/pastoral\/#\/schema\/person\/a16ba711a0f7dec9cb6b44563144d5a3"},"headline":"15\/05 &#8211; Como tu me enviaste ao mundo, assim tamb\u00e9m eu os enviei ao mundo.","datePublished":"2024-05-08T13:05:48+00:00","mainEntityOfPage":{"@id":"https:\/\/unisale.com.br\/novo\/15-05-como-tu-me-enviaste-ao-mundo-assim-tambem-eu-os-enviei-ao-mundo\/"},"wordCount":682,"image":{"@id":"https:\/\/unisale.com.br\/novo\/15-05-como-tu-me-enviaste-ao-mundo-assim-tambem-eu-os-enviei-ao-mundo\/#primaryimage"},"thumbnailUrl":"https:\/\/unisale.com.br\/pastoral\/wp-content\/uploads\/2024\/05\/download-3.jpeg","articleSection":["Reflex\u00e3o do Evangelho"],"inLanguage":"pt-BR"},{"@type":"WebPage","@id":"https:\/\/unisale.com.br\/novo\/15-05-como-tu-me-enviaste-ao-mundo-assim-tambem-eu-os-enviei-ao-mundo\/","url":"https:\/\/unisale.com.br\/novo\/15-05-como-tu-me-enviaste-ao-mundo-assim-tambem-eu-os-enviei-ao-mundo\/","name":"15\/05 - Como tu me enviaste ao mundo, assim tamb\u00e9m eu os enviei ao mundo. - Pastoral Universit\u00e1ria UniSALESIANO","isPartOf":{"@id":"https:\/\/unisale.com.br\/pastoral\/#website"},"primaryImageOfPage":{"@id":"https:\/\/unisale.com.br\/novo\/15-05-como-tu-me-enviaste-ao-mundo-assim-tambem-eu-os-enviei-ao-mundo\/#primaryimage"},"image":{"@id":"https:\/\/unisale.com.br\/novo\/15-05-como-tu-me-enviaste-ao-mundo-assim-tambem-eu-os-enviei-ao-mundo\/#primaryimage"},"thumbnailUrl":"https:\/\/unisale.com.br\/pastoral\/wp-content\/uploads\/2024\/05\/download-3.jpeg","datePublished":"2024-05-08T13:05:48+00:00","author":{"@id":"https:\/\/unisale.com.br\/pastoral\/#\/schema\/person\/a16ba711a0f7dec9cb6b44563144d5a3"},"inLanguage":"pt-BR","potentialAction":[{"@type":"ReadAction","target":["https:\/\/unisale.com.br\/novo\/15-05-como-tu-me-enviaste-ao-mundo-assim-tambem-eu-os-enviei-ao-mundo\/"]}]},{"@type":"ImageObject","inLanguage":"pt-BR","@id":"https:\/\/unisale.com.br\/novo\/15-05-como-tu-me-enviaste-ao-mundo-assim-tambem-eu-os-enviei-ao-mundo\/#primaryimage","url":"https:\/\/unisale.com.br\/pastoral\/wp-content\/uploads\/2024\/05\/download-3.jpeg","contentUrl":"https:\/\/unisale.com.br\/pastoral\/wp-content\/uploads\/2024\/05\/download-3.jpeg","width":275,"height":183},{"@type":"WebSite","@id":"https:\/\/unisale.com.br\/pastoral\/#website","url":"https:\/\/unisale.com.br\/pastoral\/","name":"Pastoral Universit\u00e1ria UniSALESIANO","description":"Site da Pastoral Universit\u00e1ria do UniSALESIANO","potentialAction":[{"@type":"SearchAction","target":{"@type":"EntryPoint","urlTemplate":"https:\/\/unisale.com.br\/pastoral\/?s={search_term_string}"},"query-input":{"@type":"PropertyValueSpecification","valueRequired":true,"valueName":"search_term_string"}}],"inLanguage":"pt-BR"},{"@type":"Person","@id":"https:\/\/unisale.com.br\/pastoral\/#\/schema\/person\/a16ba711a0f7dec9cb6b44563144d5a3","name":"pastoral","url":"https:\/\/unisale.com.br\/pastoral\/author\/pastoral\/"}]}},"_links":{"self":[{"href":"https:\/\/unisale.com.br\/pastoral\/wp-json\/wp\/v2\/posts\/9253","targetHints":{"allow":["GET"]}}],"collection":[{"href":"https:\/\/unisale.com.br\/pastoral\/wp-json\/wp\/v2\/posts"}],"about":[{"href":"https:\/\/unisale.com.br\/pastoral\/wp-json\/wp\/v2\/types\/post"}],"author":[{"embeddable":true,"href":"https:\/\/unisale.com.br\/pastoral\/wp-json\/wp\/v2\/users\/1"}],"replies":[{"embeddable":true,"href":"https:\/\/unisale.com.br\/pastoral\/wp-json\/wp\/v2\/comments?post=9253"}],"version-history":[{"count":0,"href":"https:\/\/unisale.com.br\/pastoral\/wp-json\/wp\/v2\/posts\/9253\/revisions"}],"wp:featuredmedia":[{"embeddable":true,"href":"https:\/\/unisale.com.br\/pastoral\/wp-json\/wp\/v2\/media\/9254"}],"wp:attachment":[{"href":"https:\/\/unisale.com.br\/pastoral\/wp-json\/wp\/v2\/media?parent=9253"}],"wp:term":[{"taxonomy":"category","embeddable":true,"href":"https:\/\/unisale.com.br\/pastoral\/wp-json\/wp\/v2\/categories?post=9253"},{"taxonomy":"post_tag","embeddable":true,"href":"https:\/\/unisale.com.br\/pastoral\/wp-json\/wp\/v2\/tags?post=9253"}],"curies":[{"name":"wp","href":"https:\/\/api.w.org\/{rel}","templated":true}]}}