{"id":9256,"date":"2024-05-08T13:12:02","date_gmt":"2024-05-08T13:12:02","guid":{"rendered":"https:\/\/unisale.com.br\/pastoral\/?p=9256"},"modified":"2024-05-08T13:12:02","modified_gmt":"2024-05-08T13:12:02","slug":"9256-2","status":"publish","type":"post","link":"https:\/\/unisale.com.br\/pastoral\/9256-2\/","title":{"rendered":"16\/05 &#8211; &#8230;para que o amor com me amaste esteja neles e eu mesmo esteja neles."},"content":{"rendered":"<p>Quinta-feira, 16 de maio de 2024.<\/p>\n<p><strong>Evangelho (Jo 17,20-26)<\/strong><\/p>\n<p><strong><em>\u201c&#8230;para que o amor com me amaste esteja neles e eu mesmo esteja neles\u201d<\/em><\/strong><\/p>\n<p>Naquele tempo, Jesus ergueu os olhos ao c\u00e9u e rezou, dizendo: <sup>20<\/sup>\u201cPai santo, eu n\u00e3o te rogo somente por eles, mas tamb\u00e9m por aqueles que v\u00e3o crer em mim pela sua palavra; <sup>21<\/sup>para que todos sejam um como tu, Pai, est\u00e1s em mim e eu em ti, e para que eles estejam em n\u00f3s, a fim de que o mundo creia que tu me enviaste. <sup>22<\/sup>Eu dei-lhes a gl\u00f3ria que tu me deste, para que eles sejam um, como n\u00f3s somos um: <sup>23<\/sup>eu neles e tu em mim, para que assim eles cheguem \u00e0 unidade perfeita e o mundo reconhe\u00e7a que tu me enviaste e os amaste, como me amaste a mim. <sup>24<\/sup>Pai, aqueles que me deste, quero que estejam comigo onde eu estiver, para que eles contemplem a minha gl\u00f3ria, gl\u00f3ria que tu me deste porque me amaste antes da funda\u00e7\u00e3o do universo. <sup>25<\/sup>Pai justo, o mundo n\u00e3o te conheceu, mas eu te conheci, e estes tamb\u00e9m conheceram que tu me enviaste. <sup>26<\/sup>Eu lhes fiz conhecer o teu nome, e o tornarei conhecido ainda mais, para que o amor com que me amaste esteja neles, e eu mesmo esteja neles\u201d.<\/p>\n<p><strong>\u00a0<\/strong><\/p>\n<p><strong>Reflex\u00e3o<\/strong><\/p>\n<p>No evangelho de hoje n\u00f3s encontramos a base da nossa confian\u00e7a: \u201cPai santo, eu n\u00e3o te rogo somente por eles, mas tamb\u00e9m por aqueles que v\u00e3o crer em mim pela sua palavra&#8230;\u201d. Jesus abre aos disc\u00edpulos o seu cora\u00e7\u00e3o e lhes revela os tesouros inexaur\u00edveis do Seu Amor. \u00c9 a ora\u00e7\u00e3o de Jesus que vai ao Pai pedindo por eles. Ao longo da caminhada que se seguiu, certamente os disc\u00edpulos encontraram muita for\u00e7a e cora\u00e7\u00e3o ao se recordarem desta ora\u00e7\u00e3o de Jesus. Em meio a todas as dificuldades e perigos que dever\u00e3o enfrentar, esta ora\u00e7\u00e3o os acompanhar\u00e1 e ser\u00e1 fonte de firmeza e coragem para testemunhar com a oferta da pr\u00f3pria vida, a sua f\u00e9.<\/p>\n<p>Esta ora\u00e7\u00e3o de jesus deve chegar tamb\u00e9m at\u00e9 n\u00f3s: \u201cn\u00e3o rogo somente por eles, mas tamb\u00e9m por aqueles que v\u00e3o crer em mim&#8230;\u201d. Estas palavras atravessaram s\u00e9culos e chegam at\u00e9 n\u00f3s com a mesma for\u00e7a com a qual foram pronunciadas, achegando at\u00e9 o cora\u00e7\u00e3o de todos, a cada um de n\u00f3s que acreditamos.<\/p>\n<p>\u201c&#8230;eu neles e tu em mim, para que assim eles cheguem \u00e0 unidade perfeita e o mundo reconhe\u00e7a que tu me enviaste e os amaste como me amaste a mim\u201d. Onde est\u00e1 o Pai? O Pai est\u00e1 no Filho. E onde est\u00e1 o Filho? O Filho est\u00e1 em n\u00f3s. Qual \u00e9 a parte mais vis\u00edvel de Deus? N\u00f3s. Esta \u00e9 a grande responsabilidade que nos foi confiada, isto \u00e9, de sermos a visibilidade de Deus. E isso s\u00f3 \u00e9 poss\u00edvel atrav\u00e9s do amor, pois Deus \u00e9 Amor. Tudo aquilo que Jesus fez tornou vis\u00edvel o amor do Pai. E isto porque \u00e9 t\u00e3o forte e verdadeiro o amor que o Filho tem pelo Pai e que o Pai tem pelo Filho, que cada coisa que fez, o fez influenciado por este Amor. Do mesmo modo o amor de Cristo deve chegar t\u00e3o profundamente em n\u00f3s, de modo que influencie todo o nosso agir. Tudo o que fa\u00e7amos, fa\u00e7amos por amor a Cristo. Este \u00e9 o nosso testemunho: quem v\u00ea o que fazemos, de certo modo, v\u00ea o amor de Cristo, e quem v\u00ea o amor de Cristo, v\u00ea o amor do Pai. Evangelizar consiste nisso: permitir que o amor de Cristo passe atrav\u00e9s de n\u00f3s.<\/p>\n<p><strong>Pe. Paulo Eduardo J\u00e1como, SDB.<\/strong><\/p>\n","protected":false},"excerpt":{"rendered":"<p>Quinta-feira, 16 de maio de 2024. Evangelho (Jo 17,20-26) \u201c&#8230;para que o amor com me amaste esteja neles e eu mesmo esteja neles\u201d Naquele tempo,&#8230;<\/p>\n","protected":false},"author":1,"featured_media":9257,"comment_status":"closed","ping_status":"closed","sticky":false,"template":"","format":"standard","meta":{"_acf_changed":false,"footnotes":""},"categories":[13],"tags":[],"class_list":["post-9256","post","type-post","status-publish","format-standard","has-post-thumbnail","hentry","category-reflexaodoevagelho"],"acf":[],"yoast_head":"<!-- This site is optimized with the Yoast SEO plugin v27.3 - https:\/\/yoast.com\/product\/yoast-seo-wordpress\/ -->\n<title>16\/05 - ...para que o amor com me amaste esteja neles e eu mesmo esteja neles. - Pastoral Universit\u00e1ria UniSALESIANO<\/title>\n<meta name=\"robots\" content=\"index, follow, max-snippet:-1, max-image-preview:large, max-video-preview:-1\" \/>\n<link rel=\"canonical\" href=\"https:\/\/unisale.com.br\/novo\/9256-2\/\" \/>\n<meta property=\"og:locale\" content=\"pt_BR\" \/>\n<meta property=\"og:type\" content=\"article\" \/>\n<meta property=\"og:title\" content=\"16\/05 - ...para que o amor com me amaste esteja neles e eu mesmo esteja neles. - Pastoral Universit\u00e1ria UniSALESIANO\" \/>\n<meta property=\"og:description\" content=\"Quinta-feira, 16 de maio de 2024. Evangelho (Jo 17,20-26) \u201c&#8230;para que o amor com me amaste esteja neles e eu mesmo esteja neles\u201d Naquele tempo,...\" \/>\n<meta property=\"og:url\" content=\"https:\/\/unisale.com.br\/novo\/9256-2\/\" \/>\n<meta property=\"og:site_name\" content=\"Pastoral Universit\u00e1ria UniSALESIANO\" \/>\n<meta property=\"article:published_time\" content=\"2024-05-08T13:12:02+00:00\" \/>\n<meta name=\"author\" content=\"pastoral\" \/>\n<meta name=\"twitter:card\" content=\"summary_large_image\" \/>\n<meta name=\"twitter:label1\" content=\"Escrito por\" \/>\n\t<meta name=\"twitter:data1\" content=\"pastoral\" \/>\n\t<meta name=\"twitter:label2\" content=\"Est. tempo de leitura\" \/>\n\t<meta name=\"twitter:data2\" content=\"3 minutos\" \/>\n<script type=\"application\/ld+json\" class=\"yoast-schema-graph\">{\"@context\":\"https:\\\/\\\/schema.org\",\"@graph\":[{\"@type\":\"Article\",\"@id\":\"https:\\\/\\\/unisale.com.br\\\/novo\\\/9256-2\\\/#article\",\"isPartOf\":{\"@id\":\"https:\\\/\\\/unisale.com.br\\\/novo\\\/9256-2\\\/\"},\"author\":{\"name\":\"pastoral\",\"@id\":\"https:\\\/\\\/unisale.com.br\\\/pastoral\\\/#\\\/schema\\\/person\\\/a16ba711a0f7dec9cb6b44563144d5a3\"},\"headline\":\"16\\\/05 &#8211; &#8230;para que o amor com me amaste esteja neles e eu mesmo esteja neles.\",\"datePublished\":\"2024-05-08T13:12:02+00:00\",\"mainEntityOfPage\":{\"@id\":\"https:\\\/\\\/unisale.com.br\\\/novo\\\/9256-2\\\/\"},\"wordCount\":653,\"image\":{\"@id\":\"https:\\\/\\\/unisale.com.br\\\/novo\\\/9256-2\\\/#primaryimage\"},\"thumbnailUrl\":\"https:\\\/\\\/unisale.com.br\\\/pastoral\\\/wp-content\\\/uploads\\\/2024\\\/05\\\/coracao-biblia.jpg\",\"articleSection\":[\"Reflex\u00e3o do Evangelho\"],\"inLanguage\":\"pt-BR\"},{\"@type\":\"WebPage\",\"@id\":\"https:\\\/\\\/unisale.com.br\\\/novo\\\/9256-2\\\/\",\"url\":\"https:\\\/\\\/unisale.com.br\\\/novo\\\/9256-2\\\/\",\"name\":\"16\\\/05 - ...para que o amor com me amaste esteja neles e eu mesmo esteja neles. - Pastoral Universit\u00e1ria UniSALESIANO\",\"isPartOf\":{\"@id\":\"https:\\\/\\\/unisale.com.br\\\/pastoral\\\/#website\"},\"primaryImageOfPage\":{\"@id\":\"https:\\\/\\\/unisale.com.br\\\/novo\\\/9256-2\\\/#primaryimage\"},\"image\":{\"@id\":\"https:\\\/\\\/unisale.com.br\\\/novo\\\/9256-2\\\/#primaryimage\"},\"thumbnailUrl\":\"https:\\\/\\\/unisale.com.br\\\/pastoral\\\/wp-content\\\/uploads\\\/2024\\\/05\\\/coracao-biblia.jpg\",\"datePublished\":\"2024-05-08T13:12:02+00:00\",\"author\":{\"@id\":\"https:\\\/\\\/unisale.com.br\\\/pastoral\\\/#\\\/schema\\\/person\\\/a16ba711a0f7dec9cb6b44563144d5a3\"},\"inLanguage\":\"pt-BR\",\"potentialAction\":[{\"@type\":\"ReadAction\",\"target\":[\"https:\\\/\\\/unisale.com.br\\\/novo\\\/9256-2\\\/\"]}]},{\"@type\":\"ImageObject\",\"inLanguage\":\"pt-BR\",\"@id\":\"https:\\\/\\\/unisale.com.br\\\/novo\\\/9256-2\\\/#primaryimage\",\"url\":\"https:\\\/\\\/unisale.com.br\\\/pastoral\\\/wp-content\\\/uploads\\\/2024\\\/05\\\/coracao-biblia.jpg\",\"contentUrl\":\"https:\\\/\\\/unisale.com.br\\\/pastoral\\\/wp-content\\\/uploads\\\/2024\\\/05\\\/coracao-biblia.jpg\",\"width\":500,\"height\":322},{\"@type\":\"WebSite\",\"@id\":\"https:\\\/\\\/unisale.com.br\\\/pastoral\\\/#website\",\"url\":\"https:\\\/\\\/unisale.com.br\\\/pastoral\\\/\",\"name\":\"Pastoral Universit\u00e1ria UniSALESIANO\",\"description\":\"Site da Pastoral Universit\u00e1ria do UniSALESIANO\",\"potentialAction\":[{\"@type\":\"SearchAction\",\"target\":{\"@type\":\"EntryPoint\",\"urlTemplate\":\"https:\\\/\\\/unisale.com.br\\\/pastoral\\\/?s={search_term_string}\"},\"query-input\":{\"@type\":\"PropertyValueSpecification\",\"valueRequired\":true,\"valueName\":\"search_term_string\"}}],\"inLanguage\":\"pt-BR\"},{\"@type\":\"Person\",\"@id\":\"https:\\\/\\\/unisale.com.br\\\/pastoral\\\/#\\\/schema\\\/person\\\/a16ba711a0f7dec9cb6b44563144d5a3\",\"name\":\"pastoral\",\"url\":\"https:\\\/\\\/unisale.com.br\\\/pastoral\\\/author\\\/pastoral\\\/\"}]}<\/script>\n<!-- \/ Yoast SEO plugin. -->","yoast_head_json":{"title":"16\/05 - ...para que o amor com me amaste esteja neles e eu mesmo esteja neles. - Pastoral Universit\u00e1ria UniSALESIANO","robots":{"index":"index","follow":"follow","max-snippet":"max-snippet:-1","max-image-preview":"max-image-preview:large","max-video-preview":"max-video-preview:-1"},"canonical":"https:\/\/unisale.com.br\/novo\/9256-2\/","og_locale":"pt_BR","og_type":"article","og_title":"16\/05 - ...para que o amor com me amaste esteja neles e eu mesmo esteja neles. - Pastoral Universit\u00e1ria UniSALESIANO","og_description":"Quinta-feira, 16 de maio de 2024. Evangelho (Jo 17,20-26) \u201c&#8230;para que o amor com me amaste esteja neles e eu mesmo esteja neles\u201d Naquele tempo,...","og_url":"https:\/\/unisale.com.br\/novo\/9256-2\/","og_site_name":"Pastoral Universit\u00e1ria UniSALESIANO","article_published_time":"2024-05-08T13:12:02+00:00","author":"pastoral","twitter_card":"summary_large_image","twitter_misc":{"Escrito por":"pastoral","Est. tempo de leitura":"3 minutos"},"schema":{"@context":"https:\/\/schema.org","@graph":[{"@type":"Article","@id":"https:\/\/unisale.com.br\/novo\/9256-2\/#article","isPartOf":{"@id":"https:\/\/unisale.com.br\/novo\/9256-2\/"},"author":{"name":"pastoral","@id":"https:\/\/unisale.com.br\/pastoral\/#\/schema\/person\/a16ba711a0f7dec9cb6b44563144d5a3"},"headline":"16\/05 &#8211; &#8230;para que o amor com me amaste esteja neles e eu mesmo esteja neles.","datePublished":"2024-05-08T13:12:02+00:00","mainEntityOfPage":{"@id":"https:\/\/unisale.com.br\/novo\/9256-2\/"},"wordCount":653,"image":{"@id":"https:\/\/unisale.com.br\/novo\/9256-2\/#primaryimage"},"thumbnailUrl":"https:\/\/unisale.com.br\/pastoral\/wp-content\/uploads\/2024\/05\/coracao-biblia.jpg","articleSection":["Reflex\u00e3o do Evangelho"],"inLanguage":"pt-BR"},{"@type":"WebPage","@id":"https:\/\/unisale.com.br\/novo\/9256-2\/","url":"https:\/\/unisale.com.br\/novo\/9256-2\/","name":"16\/05 - ...para que o amor com me amaste esteja neles e eu mesmo esteja neles. - Pastoral Universit\u00e1ria UniSALESIANO","isPartOf":{"@id":"https:\/\/unisale.com.br\/pastoral\/#website"},"primaryImageOfPage":{"@id":"https:\/\/unisale.com.br\/novo\/9256-2\/#primaryimage"},"image":{"@id":"https:\/\/unisale.com.br\/novo\/9256-2\/#primaryimage"},"thumbnailUrl":"https:\/\/unisale.com.br\/pastoral\/wp-content\/uploads\/2024\/05\/coracao-biblia.jpg","datePublished":"2024-05-08T13:12:02+00:00","author":{"@id":"https:\/\/unisale.com.br\/pastoral\/#\/schema\/person\/a16ba711a0f7dec9cb6b44563144d5a3"},"inLanguage":"pt-BR","potentialAction":[{"@type":"ReadAction","target":["https:\/\/unisale.com.br\/novo\/9256-2\/"]}]},{"@type":"ImageObject","inLanguage":"pt-BR","@id":"https:\/\/unisale.com.br\/novo\/9256-2\/#primaryimage","url":"https:\/\/unisale.com.br\/pastoral\/wp-content\/uploads\/2024\/05\/coracao-biblia.jpg","contentUrl":"https:\/\/unisale.com.br\/pastoral\/wp-content\/uploads\/2024\/05\/coracao-biblia.jpg","width":500,"height":322},{"@type":"WebSite","@id":"https:\/\/unisale.com.br\/pastoral\/#website","url":"https:\/\/unisale.com.br\/pastoral\/","name":"Pastoral Universit\u00e1ria UniSALESIANO","description":"Site da Pastoral Universit\u00e1ria do UniSALESIANO","potentialAction":[{"@type":"SearchAction","target":{"@type":"EntryPoint","urlTemplate":"https:\/\/unisale.com.br\/pastoral\/?s={search_term_string}"},"query-input":{"@type":"PropertyValueSpecification","valueRequired":true,"valueName":"search_term_string"}}],"inLanguage":"pt-BR"},{"@type":"Person","@id":"https:\/\/unisale.com.br\/pastoral\/#\/schema\/person\/a16ba711a0f7dec9cb6b44563144d5a3","name":"pastoral","url":"https:\/\/unisale.com.br\/pastoral\/author\/pastoral\/"}]}},"_links":{"self":[{"href":"https:\/\/unisale.com.br\/pastoral\/wp-json\/wp\/v2\/posts\/9256","targetHints":{"allow":["GET"]}}],"collection":[{"href":"https:\/\/unisale.com.br\/pastoral\/wp-json\/wp\/v2\/posts"}],"about":[{"href":"https:\/\/unisale.com.br\/pastoral\/wp-json\/wp\/v2\/types\/post"}],"author":[{"embeddable":true,"href":"https:\/\/unisale.com.br\/pastoral\/wp-json\/wp\/v2\/users\/1"}],"replies":[{"embeddable":true,"href":"https:\/\/unisale.com.br\/pastoral\/wp-json\/wp\/v2\/comments?post=9256"}],"version-history":[{"count":0,"href":"https:\/\/unisale.com.br\/pastoral\/wp-json\/wp\/v2\/posts\/9256\/revisions"}],"wp:featuredmedia":[{"embeddable":true,"href":"https:\/\/unisale.com.br\/pastoral\/wp-json\/wp\/v2\/media\/9257"}],"wp:attachment":[{"href":"https:\/\/unisale.com.br\/pastoral\/wp-json\/wp\/v2\/media?parent=9256"}],"wp:term":[{"taxonomy":"category","embeddable":true,"href":"https:\/\/unisale.com.br\/pastoral\/wp-json\/wp\/v2\/categories?post=9256"},{"taxonomy":"post_tag","embeddable":true,"href":"https:\/\/unisale.com.br\/pastoral\/wp-json\/wp\/v2\/tags?post=9256"}],"curies":[{"name":"wp","href":"https:\/\/api.w.org\/{rel}","templated":true}]}}